{"id":1041,"date":"2012-03-21T13:53:15","date_gmt":"2012-03-21T12:53:15","guid":{"rendered":"http:\/\/www.internatura.org\/blog\/?p=1041"},"modified":"2014-11-11T08:18:58","modified_gmt":"2014-11-11T08:18:58","slug":"el-termet-centre-de-educacio-ambiental","status":"publish","type":"post","link":"https:\/\/internatura.org\/blog\/?p=1041","title":{"rendered":"El Termet. Centre de Educaci\u00f3 Ambiental. 21\/03\/2012"},"content":{"rendered":"<p style=\"text-align: justify;\"><a href=\"http:\/\/www.internatura.org\/blog\/wp-content\/uploads\/2012\/03\/Edifici-11-3-2012.jpg\" rel=\"lightbox\" data-rel=\"lightbox-image-0\" data-rl_title=\"\" data-rl_caption=\"\"><img decoding=\"async\" loading=\"lazy\" class=\"wp-image-1176 aligncenter\" title=\"\" src=\"http:\/\/www.internatura.org\/blog\/wp-content\/uploads\/2012\/03\/Edifici-11-3-2012.jpg\" alt=\"\" width=\"700\" height=\"417\" srcset=\"https:\/\/internatura.org\/blog\/wp-content\/uploads\/2012\/03\/Edifici-11-3-2012.jpg 700w, https:\/\/internatura.org\/blog\/wp-content\/uploads\/2012\/03\/Edifici-11-3-2012-300x178.jpg 300w\" sizes=\"(max-width: 700px) 100vw, 700px\" \/><\/a>El passat 21\/02\/2012, ens reunim al Centre d&#8217;Educaci\u00f3 Ambiental del Termet (CEA), a l&#8217;ermita de Vila-real, representants de diferents associacions de la localitat de Vila-real i Castell\u00f3. El motiu de la reuni\u00f3 era l&#8217;oferiment per part de l&#8217;Ajuntament de Vila-real de les instal \u00b7 lacions del Termet, per desenvolupar les diferents activitats que realitzem els grups ecologistes \/ conservacionistes \/ d&#8217;educaci\u00f3 ambiental \/ altres &#8230; (veure acta de la reuni\u00f3).<\/p>\n<p style=\"text-align: center;\"><a href=\"http:\/\/www.internatura.org\/blog\/wp-content\/uploads\/2012\/03\/Edifici-a-11-3-2012.jpg\" rel=\"lightbox\" data-rel=\"lightbox-image-1\" data-rl_title=\"\" data-rl_caption=\"\"><img decoding=\"async\" loading=\"lazy\" class=\"alignnone  wp-image-1178\" title=\"\" src=\"http:\/\/www.internatura.org\/blog\/wp-content\/uploads\/2012\/03\/Edifici-a-11-3-2012-150x150.jpg\" alt=\"\" width=\"151\" height=\"151\" \/><\/a>\u00a0 <a href=\"http:\/\/www.internatura.org\/blog\/wp-content\/uploads\/2012\/03\/Entorn-a-11-3-2012.jpg\" rel=\"lightbox\" data-rel=\"lightbox-image-2\" data-rl_title=\"\" data-rl_caption=\"\"><img decoding=\"async\" loading=\"lazy\" class=\"alignnone  wp-image-1177\" title=\"\" src=\"http:\/\/www.internatura.org\/blog\/wp-content\/uploads\/2012\/03\/Entorn-a-11-3-2012-150x150.jpg\" alt=\"\" width=\"124\" height=\"124\" \/><\/a>\u00a0 <a href=\"http:\/\/www.internatura.org\/blog\/wp-content\/uploads\/2012\/03\/Edifici-Regans-d-11-3-2012.jpg\" rel=\"lightbox\" data-rel=\"lightbox-image-3\" data-rl_title=\"\" data-rl_caption=\"\"><img decoding=\"async\" loading=\"lazy\" class=\"alignnone  wp-image-1190\" title=\"\" src=\"http:\/\/www.internatura.org\/blog\/wp-content\/uploads\/2012\/03\/Edifici-Regans-d-11-3-2012-150x150.jpg\" alt=\"\" width=\"102\" height=\"102\" \/><\/a><\/p>\n<h5 style=\"text-align: center;\"><em>Edifici del Termet. Ubicaci\u00f3 del Centre d&#8217;Educaci\u00f3 Ambiental. 11\/03\/2012<\/em><\/h5>\n<p style=\"text-align: justify;\">Des del GER-EA, es va comentar que la nostra associaci\u00f3 s&#8217;incorporaria a aquesta proposta i col\u00b7laboraria, en la mesura del possible, amb propostes i activitats juns l&#8217;altres grups de forma rec\u00edproca.<\/p>\n<p style=\"text-align: justify;\">Despr\u00e9s de la reuni\u00f3, Vicent Vicent i Josep Carda ens van ensenyar les instal\u00b7lacions que, al nostre entendre, s\u00f3n d&#8217;una gran qualitat i que satisfacen les necessitats del grup pel que fa a desenvolupar congressos, jornades, confer\u00e8ncies, tallers a l&#8217;interior o en plena natura, reunions, exposicions tan de fotografia o d&#8217;un altre tipus, itineraris, rutes, caminates per la senda que voreja el riu Millars (ruta Bot\u00e0nic Calduch), cens d&#8217;aus i altres vertebrats en aquesta part del riu Millars, tant di\u00fcrnes com nocturnes, inventari de vegetaci\u00f3 i flora, mamifers voladors, etc.<\/p>\n<p style=\"text-align: justify;\">De forma breu per al qual no coneguen el lloc es presenten diverses fotos de les instal\u00b7lacions i els voltants.<\/p>\n<h5 style=\"text-align: center;\"><a href=\"http:\/\/www.internatura.org\/blog\/wp-content\/uploads\/2012\/03\/Edifici-Regans-b11-3-2012.jpg\" rel=\"lightbox\" data-rel=\"lightbox-image-4\" data-rl_title=\"\" data-rl_caption=\"\"><img decoding=\"async\" loading=\"lazy\" class=\"alignnone size-thumbnail wp-image-1180\" title=\"\" src=\"http:\/\/www.internatura.org\/blog\/wp-content\/uploads\/2012\/03\/Edifici-Regans-b11-3-2012-150x150.jpg\" alt=\"\" width=\"150\" height=\"150\" \/><\/a>\u00a0 <a href=\"http:\/\/www.internatura.org\/blog\/wp-content\/uploads\/2012\/03\/Edifici-Regans-a-11-3-2012.jpg\" rel=\"lightbox\" data-rel=\"lightbox-image-5\" data-rl_title=\"\" data-rl_caption=\"\"><img decoding=\"async\" loading=\"lazy\" class=\"alignnone  wp-image-1181\" title=\"\" src=\"http:\/\/www.internatura.org\/blog\/wp-content\/uploads\/2012\/03\/Edifici-Regans-a-11-3-2012-150x150.jpg\" alt=\"\" width=\"131\" height=\"131\" \/><\/a>\u00a0\u00a0 <a href=\"http:\/\/www.internatura.org\/blog\/wp-content\/uploads\/2012\/03\/Edifici-Regans-f-11-3-2012.jpg\" rel=\"lightbox\" data-rel=\"lightbox-image-6\" data-rl_title=\"\" data-rl_caption=\"\"><img decoding=\"async\" loading=\"lazy\" title=\"\" src=\"http:\/\/www.internatura.org\/blog\/wp-content\/uploads\/2012\/03\/Edifici-Regans-f-11-3-2012-150x150.jpg\" alt=\"\" width=\"150\" height=\"150\" \/><\/a><\/h5>\n<h5 style=\"text-align: center;\"><em>Edifici de la Comunitat de Regans. Riu Millars<\/em><\/h5>\n<p align=\"center\"><a href=\"http:\/\/www.internatura.org\/blog\/wp-content\/uploads\/2012\/03\/Ermitori-a-11-3-12-.jpg\" rel=\"lightbox\" data-rel=\"lightbox-image-7\" data-rl_title=\"\" data-rl_caption=\"\"><img decoding=\"async\" loading=\"lazy\" class=\"size-thumbnail wp-image-1182\" title=\"\" src=\"http:\/\/www.internatura.org\/blog\/wp-content\/uploads\/2012\/03\/Ermitori-a-11-3-12--150x150.jpg\" alt=\"\" width=\"150\" height=\"150\" \/><\/a>\u00a0 <a href=\"http:\/\/www.internatura.org\/blog\/wp-content\/uploads\/2012\/03\/Ermitori-b-11-3-12-.jpg\" rel=\"lightbox\" data-rel=\"lightbox-image-8\" data-rl_title=\"\" data-rl_caption=\"\"><img decoding=\"async\" loading=\"lazy\" class=\"wp-image-1183\" title=\"\" src=\"http:\/\/www.internatura.org\/blog\/wp-content\/uploads\/2012\/03\/Ermitori-b-11-3-12--150x150.jpg\" alt=\"\" width=\"180\" height=\"180\" \/><\/a> <a href=\"http:\/\/www.internatura.org\/blog\/wp-content\/uploads\/2012\/03\/Ermitori-c-11-3-12-.jpg\" rel=\"lightbox\" data-rel=\"lightbox-image-9\" data-rl_title=\"\" data-rl_caption=\"\"><img decoding=\"async\" loading=\"lazy\" class=\"wp-image-1184\" title=\"\" src=\"http:\/\/www.internatura.org\/blog\/wp-content\/uploads\/2012\/03\/Ermitori-c-11-3-12--150x150.jpg\" alt=\"\" width=\"158\" height=\"158\" \/><\/a><\/p>\n<h5 style=\"text-align: center;\"><em>Edifici de l&#8217;ermita de la Mare de D\u00e9u de Gr\u00e0cia. 11\/03\/2012<\/em><\/h5>\n<p style=\"text-align: justify;\"><span style=\"font-size: 14px;\">\u00a0<strong><em>ACTA REUNI\u00d3.\u00a0<\/em><\/strong><\/span><\/p>\n<p style=\"text-align: justify;\"><span style=\"font-size: 14px;\"><em style=\"font-weight: bold;\">PROJECTE AMBIENTAL <a href=\"http:\/\/www.cma.gva.es\/web\/indice.aspx?nodo=2302&amp;idioma=C\">EL TERMET<\/a>.<\/em><strong><em>\u00a0LLOC: CEA Termet.<\/em><\/strong><\/span><\/p>\n<p style=\"text-align: justify;\"><span style=\"font-size: 12px;\"><em>DATA: 21 febrer 2012.\u00a0 HORA: 17,30 h.<\/em><\/span><\/p>\n<p style=\"text-align: justify;\"><span style=\"font-size: 12px;\"><em>Participants:<\/em><\/span><\/p>\n<p style=\"text-align: justify;\"><span style=\"font-size: 12px;\"><em>\u2022 Josep Llu\u00eds Ruiz (AVEADS)<\/em><\/span><br \/>\n<span style=\"font-size: 12px;\"> <em> \u2022 Esther Sabio (AVEADS)<\/em><\/span><br \/>\n<span style=\"font-size: 12px;\"> <em> \u2022 Santi (Educador Ambiental)<\/em><\/span><br \/>\n<span style=\"font-size: 12px;\"> <em> \u2022Tom\u00e1s de la Vega (Kaiac Club Millars)<\/em><\/span><br \/>\n<span style=\"font-size: 12px;\"> <em> \u2022 Alberto (Kaiac Club Millars)<\/em><\/span><br \/>\n<span style=\"font-size: 12px;\"> <em> \u2022 Joan Castany (Grup AU)<\/em><\/span><br \/>\n<span style=\"font-size: 12px;\"> <em> \u2022 Josep Bort (Grup GER-EA)<\/em><\/span><br \/>\n<span style=\"font-size: 12px;\"> <em> \u2022 Abel Campos (Periodista Ambiental)<\/em><\/span><br \/>\n<span style=\"font-size: 12px;\"> <em> \u2022 Rogeli Santamar\u00eda (Inspector d\u2019Educaci\u00f3)<\/em><\/span><br \/>\n<span style=\"font-size: 12px;\"> <em> \u2022 Josep Carda (CEA Termet)<\/em><\/span><br \/>\n<span style=\"font-size: 12px;\"> <em> \u2022 Vicent Vicent (CEA Termet)<\/em><\/span><\/p>\n<p style=\"text-align: justify;\"><span style=\"font-size: 12px;\"><em>Excusen:<\/em><\/span><\/p>\n<p style=\"text-align: justify;\"><span style=\"font-size: 12px;\"><em>\u2022 Rosario Royo (Regidora d\u2019Educaci\u00f3 de Vila-real)<\/em><\/span><br \/>\n<span style=\"font-size: 12px;\"> <em> \u2022Jos\u00e9 Antonio Montes (Centre Excursionista de Vila-real)<\/em><\/span><\/p>\n<p><span style=\"font-size: 12px;\"><strong><em>Orde del dia:<\/em><\/strong><\/span><\/p>\n<ul style=\"text-align: justify;\">\n<li>\n<address><span style=\"font-size: 12px;\"><em>Resum primera reuni\u00f3 desembre 2011.<\/em><\/span><\/address>\n<\/li>\n<li>\n<address><span style=\"font-size: 12px;\"><em>Estat actual disseny projecte Termet.<\/em><\/span><\/address>\n<\/li>\n<li>\n<address><span style=\"font-size: 12px;\"><em>Exposici\u00f3 activitats diferents grups.<\/em><\/span><\/address>\n<\/li>\n<li>\n<address><span style=\"font-size: 12px;\"><em>Propostes de futur.<\/em><\/span><\/address>\n<\/li>\n<\/ul>\n<p><span style=\"font-size: 12px;\"><strong><em>Assumptes tractats:<\/em><\/strong><\/span><\/p>\n<p style=\"text-align: justify;\"><span style=\"font-size: 12px;\"><em>Des de 1986 el CEA Termet ha estat dedicat a promoure activitats mediambientals entre la poblaci\u00f3n escolar; amb aquest nou projecte es pret\u00e9n obrir el centre a tota la poblaci\u00f3. \u00c9s necessita per tant, coordinar les diferents actuacions que s\u2019estan duent a cap o es pretenen dur en un futur immediat al voltant del paratge del Termet, oferint les instal\u00b7lacions del CEA als grups interessats per tal d\u2019arribar a constituir el paratge de l\u2019ermitori de la Mare de D\u00e9u de Gr\u00e0cia en un referent mediambiental per a tota la poblaci\u00f3.<\/em><\/span><\/p>\n<p style=\"text-align: justify;\"><span style=\"font-size: 12px;\"><em>Qu\u00e8 s&#8217;oferix ?<\/em><\/span><\/p>\n<p style=\"text-align: justify;\"><span style=\"font-size: 12px;\"><em>L\u2019Ajuntament de Vila-real oferix a tots els grups que treballen al voltant del medi ambient i l\u2019educaci\u00f3 ambiental, les seues instal\u00b7lacions del CEA \u201cEl Termet\u201d, per tal de\u2026<\/em><\/span><\/p>\n<p style=\"text-align: justify;\"><span style=\"font-size: 12px;\"><em>1. Formar part d\u2019un projecte com\u00fa, on grups mediambientals, culturals, educatius, esportius &#8230; queden units per un objectiu compartit com \u00e9s treballar pel medi ambient.<\/em><\/span><\/p>\n<p style=\"text-align: justify;\"><span style=\"font-size: 12px;\"><em>2. Ser el lloc d&#8217;encontre d\u2019aquells grups o associacions que s\u2019integren en la proposta, per poder celebrar les seues reunions.<\/em><\/span><\/p>\n<p style=\"text-align: justify;\"><span style=\"font-size: 12px;\"><em>3. Disposar d&#8217;unes instal\u00b7lacions on poder realitzar activitats dintre del marc general del projecte (xerrades, exposicions, activitats de camp, etc.).<\/em><\/span><\/p>\n<p style=\"text-align: justify;\"><span style=\"font-size: 12px;\"><em>Exposici\u00f3 activitats grups participants:<\/em><\/span><\/p>\n<p style=\"text-align: justify;\"><span style=\"font-size: 12px;\"><em>L\u2019AVEADS, el grup AU i El CEA Termet, comenten quin \u00e9s el tipus d\u2019activitat que realitzen en l\u2019actualitat o que proposen dur a terme en relaci\u00f3 al projecte en q\u00fcesti\u00f3. La resta queden empla\u00e7ats a enviar el m\u00eas aviat possible, el seu document.<\/em><\/span><\/p>\n<p style=\"text-align: justify;\"><span style=\"font-size: 12px;\"><strong><em>Acords:<\/em><\/strong><\/span><\/p>\n<p style=\"text-align: justify;\"><span style=\"font-size: 12px;\"><em>Tots els participants mostren el seu inter\u00e9s en formar part del projecte, sempre i quant quede ben explicitat el recolzament per part de l\u2019Ajuntament de Vila-real i el seu comprom\u00eds en canalitzar propostes, recolzar actuacions i servir de pont amb empreses, entitats o instituciones que puguen oferir alguna tipus de patrocini al projecte.<\/em><\/span><\/p>\n<p style=\"text-align: justify;\"><span style=\"font-size: 12px;\"><em>Queda ent\u00e9s que cada grup o associaci\u00f3 tindr\u00e0 la seua pr\u00f2pia din\u00e0mica i que el seu comprom\u00eds amb el projecte, queda circumscrit a anunciar les activitats que a nivell intern promou i a col\u00b7laborar en la mesura de les seues possibilitats en la redacci\u00f3 i ejecuci\u00f3 del pla anual que a partir de l\u2019aprovaci\u00f3 del projecte es realitzar\u00e0.<\/em><\/span><\/p>\n<p style=\"text-align: justify;\"><span style=\"font-size: 12px;\"><em>S\u2019expresa la necessitat de disposar d\u2019una plataforma digital per a donar a con\u00e8ixer el projecte i totes les iniciatives que es vagen generant.<\/em><\/span><\/p>\n<p style=\"text-align: justify;\"><span style=\"font-size: 12px;\"><em>S\u2019anuncia que la propera reuni\u00f3 es convocar\u00e0 en la segona quinzena del m\u00eas d\u2019abril, per tal de qu\u00e8 abans de concloure el present curs escolar, estiga embastat el projecte definitiu.<\/em><\/span><\/p>\n<p style=\"text-align: justify;\"><span style=\"font-size: 12px;\"><em>Sense m\u00e9s q\u00fcestions s\u2019al\u00e7a la sessi\u00f3 a les 20 hores<\/em><\/span><\/p>\n<p style=\"text-align: justify;\"><span style=\"font-size: 12px;\"><em>Josep Carda i Vicent Vicent<\/em><\/span><\/p>\n<p><strong style=\"text-align: justify;\"><em>Annexe a la reuni\u00f3.<\/em><\/strong><\/p>\n<p style=\"text-align: justify;\"><span style=\"font-size: 12px;\"><em>El dijous 22 a les 9,30 hores tinguerem Josep Carda i Vicent Vicent, una reuni\u00f3 de poc m\u00e9s de dues hores amb la regidora d\u2019educaci\u00f3 Rosario Royo, per tal de donar-li a con\u00e8ixer el contingut de la reuni\u00f3 del dimarts.<\/em>\u00a0<em>Accepta totalment la idea i els acords presos a la reuni\u00f3 i demana s\u2019estudie la possibilitat de redactar un projecte de futur, amb la participaci\u00f3 de tots els implicats i on s\u2019assenayalen les possibles activitats a realizar durant l\u2019any en curs.<\/em><\/span><br \/>\n<span style=\"font-size: 12px;\"> <em> Es compromet a recolzar institucionalment el projecte, indicant que sol\u00b7licitar\u00e0 a altres regidors i el propi alcalde, puguen assistir a la seg\u00fcent reuni\u00f3.<\/em>\u00a0<em>Analitzar\u00e0 la possibilitat d\u2019oferir dintre de la p\u00e1gina web de l\u2019ajuntament, un link per al<\/em>\u00a0<em>projecte.<\/em><\/span><\/p>\n<p style=\"text-align: center;\">\u00a0<a href=\"http:\/\/www.internatura.org\/blog\/wp-content\/uploads\/2012\/03\/Alberg-a-11-3-12-.jpg\" rel=\"lightbox\" data-rel=\"lightbox-image-10\" data-rl_title=\"\" data-rl_caption=\"\"><img decoding=\"async\" loading=\"lazy\" class=\"alignnone size-thumbnail wp-image-1185\" title=\"\" src=\"http:\/\/www.internatura.org\/blog\/wp-content\/uploads\/2012\/03\/Alberg-a-11-3-12--150x150.jpg\" alt=\"\" width=\"150\" height=\"150\" \/><\/a> \u00a0<a href=\"http:\/\/www.internatura.org\/blog\/wp-content\/uploads\/2012\/03\/Alberg-b-11-3-2012-.jpg\" rel=\"lightbox\" data-rel=\"lightbox-image-11\" data-rl_title=\"\" data-rl_caption=\"\"><img decoding=\"async\" loading=\"lazy\" class=\"alignnone  wp-image-1186\" title=\"\" src=\"http:\/\/www.internatura.org\/blog\/wp-content\/uploads\/2012\/03\/Alberg-b-11-3-2012--150x150.jpg\" alt=\"\" width=\"128\" height=\"128\" \/><\/a><\/p>\n<h5 style=\"text-align: center;\"><em>Alberg de la Mare de Deu de Gr\u00e0cia, situat al voltant 11\/03\/2012<\/em><\/h5>\n<p style=\"text-align: justify;\">Creiem que \u00e9s una oportunitat la que ens ofereix l&#8217;Ajuntament de Vila-real i els responsables del <a href=\"http:\/\/www.elperiodic.com\/vila-real\/noticias\/167695_ecomuseo-termet-pretende-referente-medioambiental-revulsivo-economico-para-ciudad.html\">Centre d&#8217;educaci\u00f3 ambiental El Termet<\/a>, Vicent Vicent i Josep Carda, a ells el nostre agra\u00efment.<\/p>\n<p>&nbsp;<\/p>\n","protected":false},"excerpt":{"rendered":"<p>El passat 21\/02\/2012, ens reunim al Centre d&#8217;Educaci\u00f3 Ambiental del Termet (CEA), a l&#8217;ermita de Vila-real, representants de diferents associacions de la localitat de Vila-real i Castell\u00f3. El motiu de la reuni\u00f3 era l&#8217;oferiment per part de l&#8217;Ajuntament de Vila-real de les instal \u00b7 lacions del Termet, per desenvolupar les \u2026 <a class=\"continue-reading-link\" href=\"https:\/\/internatura.org\/blog\/?p=1041\"> Continuar leyendo <span class=\"meta-nav\">&rarr; <\/span><\/a><\/p>\n","protected":false},"author":1,"featured_media":0,"comment_status":"closed","ping_status":"closed","sticky":false,"template":"","format":"standard","meta":[],"categories":[40],"tags":[41],"_links":{"self":[{"href":"https:\/\/internatura.org\/blog\/index.php?rest_route=\/wp\/v2\/posts\/1041"}],"collection":[{"href":"https:\/\/internatura.org\/blog\/index.php?rest_route=\/wp\/v2\/posts"}],"about":[{"href":"https:\/\/internatura.org\/blog\/index.php?rest_route=\/wp\/v2\/types\/post"}],"author":[{"embeddable":true,"href":"https:\/\/internatura.org\/blog\/index.php?rest_route=\/wp\/v2\/users\/1"}],"replies":[{"embeddable":true,"href":"https:\/\/internatura.org\/blog\/index.php?rest_route=%2Fwp%2Fv2%2Fcomments&post=1041"}],"version-history":[{"count":29,"href":"https:\/\/internatura.org\/blog\/index.php?rest_route=\/wp\/v2\/posts\/1041\/revisions"}],"predecessor-version":[{"id":3390,"href":"https:\/\/internatura.org\/blog\/index.php?rest_route=\/wp\/v2\/posts\/1041\/revisions\/3390"}],"wp:attachment":[{"href":"https:\/\/internatura.org\/blog\/index.php?rest_route=%2Fwp%2Fv2%2Fmedia&parent=1041"}],"wp:term":[{"taxonomy":"category","embeddable":true,"href":"https:\/\/internatura.org\/blog\/index.php?rest_route=%2Fwp%2Fv2%2Fcategories&post=1041"},{"taxonomy":"post_tag","embeddable":true,"href":"https:\/\/internatura.org\/blog\/index.php?rest_route=%2Fwp%2Fv2%2Ftags&post=1041"}],"curies":[{"name":"wp","href":"https:\/\/api.w.org\/{rel}","templated":true}]}}