{"id":115,"date":"2012-01-11T12:11:52","date_gmt":"2012-01-11T11:11:52","guid":{"rendered":"http:\/\/www.internatura.org\/blog\/?p=115"},"modified":"2014-11-11T08:19:11","modified_gmt":"2014-11-11T08:19:11","slug":"una-setmana-censant-al-voltant-de-laeroport-de-castello-4012012","status":"publish","type":"post","link":"https:\/\/internatura.org\/blog\/?p=115","title":{"rendered":"Tres dies de gener 2012 censant al voltant de l&#8217;aeroport de Castell\u00f3. Un lloc molt important com a font d&#8217;aliment per a les aus rapinyaires."},"content":{"rendered":"<p>&nbsp;<\/p>\n<p><a href=\"http:\/\/www.internatura.org\/blog\/wp-content\/uploads\/2012\/02\/Aeroport-4-1-2012IMG_86142.jpg\" rel=\"lightbox\" data-rel=\"lightbox-image-0\" data-rl_title=\"\" data-rl_caption=\"\"><img decoding=\"async\" loading=\"lazy\" class=\"alignnone size-medium wp-image-174\" title=\"\" src=\"http:\/\/www.internatura.org\/blog\/wp-content\/uploads\/2012\/02\/Aeroport-4-1-2012IMG_86142-300x112.jpg\" alt=\"\" width=\"300\" height=\"112\" srcset=\"https:\/\/internatura.org\/blog\/wp-content\/uploads\/2012\/02\/Aeroport-4-1-2012IMG_86142-300x112.jpg 300w, https:\/\/internatura.org\/blog\/wp-content\/uploads\/2012\/02\/Aeroport-4-1-2012IMG_86142-1024x385.jpg 1024w, https:\/\/internatura.org\/blog\/wp-content\/uploads\/2012\/02\/Aeroport-4-1-2012IMG_86142.jpg 2000w\" sizes=\"(max-width: 300px) 100vw, 300px\" \/><\/a> <a href=\"http:\/\/www.internatura.org\/blog\/wp-content\/uploads\/2012\/02\/Fabra-14-01-2012-a-IMG_0096.jpg\" rel=\"lightbox\" data-rel=\"lightbox-image-1\" data-rl_title=\"\" data-rl_caption=\"\"><img decoding=\"async\" loading=\"lazy\" title=\"\" src=\"http:\/\/www.internatura.org\/blog\/wp-content\/uploads\/2012\/02\/Fabra-14-01-2012-a-IMG_0096-300x174.jpg\" alt=\"\" width=\"300\" height=\"174\" \/><\/a><\/p>\n<p style=\"text-align: center;\"><em>Visi\u00f3 del aeropuert: pista, torre de control i estatua de la entrada 4\/01\/2012<\/em><\/p>\n<p>Durant la primera quincena de gener 2012, membres del GER-EA ens desplacem a realitzar alguns recomptes d&#8217;aus i mam\u00edfers al voltant de l&#8217;aeroport de Castell\u00f3.<\/p>\n<p>Aquest recompte, que ja es va realitzar en anys anteriors, tenia com a objectiu detectar les aus rapinyaires hivernants en aquesta zona i constatar la abuncancia de conill que la <a href=\"http:\/\/www.elmundo.es\/elmundo\/2011\/12\/14\/castellon\/1323877164.html\">premsa local referia<\/a>.<\/p>\n<p>El m\u00e9s destacat van ser la detecci\u00f3 d&#8217;una parella d&#8217;\u00e0ligues reials, ja detectada en aquesta zona anteriorment, que utilitzava les torres el\u00e8ctriques com a observatori. En retirar la l\u00ednia el\u00e8ctrica la parella d&#8217;\u00e0guiles reials utilitza les pedres que estan al costat de la pista de l&#8217;aeroport.<\/p>\n<h5><a href=\"http:\/\/www.internatura.org\/blog\/wp-content\/uploads\/2012\/02\/Agui-rea-31-05-2010-aeroDSC.jpg\" rel=\"lightbox\" data-rel=\"lightbox-image-2\" data-rl_title=\"\" data-rl_caption=\"\"><img decoding=\"async\" loading=\"lazy\" title=\"\" src=\"http:\/\/www.internatura.org\/blog\/wp-content\/uploads\/2012\/02\/Agui-rea-31-05-2010-aeroDSC-300x198.jpg\" alt=\"\" width=\"152\" height=\"100\" \/> \u00a0 \u00a0 \u00a0 \u00a0 \u00a0 <\/a><a href=\"http:\/\/www.internatura.org\/blog\/wp-content\/uploads\/2012\/02\/Real-4-1-2012-IMG_8485.jpg\" rel=\"lightbox\" data-rel=\"lightbox-image-3\" data-rl_title=\"\" data-rl_caption=\"\"><img decoding=\"async\" loading=\"lazy\" class=\"alignnone  wp-image-151\" title=\"\" src=\"http:\/\/www.internatura.org\/blog\/wp-content\/uploads\/2012\/02\/Real-4-1-2012-IMG_8485-300x185.jpg\" alt=\"\" width=\"200\" height=\"123\" srcset=\"https:\/\/internatura.org\/blog\/wp-content\/uploads\/2012\/02\/Real-4-1-2012-IMG_8485-300x185.jpg 300w, https:\/\/internatura.org\/blog\/wp-content\/uploads\/2012\/02\/Real-4-1-2012-IMG_8485.jpg 1000w\" sizes=\"(max-width: 200px) 100vw, 200px\" \/><\/a><a href=\"http:\/\/www.internatura.org\/blog\/wp-content\/uploads\/2012\/02\/Agui-rea-31-05-2010-aeroDSC.jpg\" data-rel=\"lightbox-image-4\" data-rl_title=\"\" data-rl_caption=\"\" title=\"\"> \u00a0 \u00a0 \u00a0 \u00a0 \u00a0 <em><\/em><\/a><em><\/em><a href=\"http:\/\/www.internatura.org\/blog\/wp-content\/uploads\/2012\/02\/Real-9-01-2012-aeroportIMG_.jpg\" rel=\"lightbox\" data-rel=\"lightbox-image-5\" data-rl_title=\"\" data-rl_caption=\"\"><img decoding=\"async\" loading=\"lazy\" title=\"\" src=\"http:\/\/www.internatura.org\/blog\/wp-content\/uploads\/2012\/02\/Real-9-01-2012-aeroportIMG_-300x203.jpg\" alt=\"\" width=\"201\" height=\"176\" \/><\/a><br \/>\n<em>\u00a0\u00a0\u00a0\u00a0\u00a0 A. reial\u00a0 en Torre \u00a0\u00a0\u00a0\u00a0\u00a0\u00a0\u00a0\u00a0\u00a0<\/em> \u00a0 \u00a0 \u00a0 \u00a0 \u00a0 \u00a0\u00a0 <em>Membres filman a\u00a0 les A. reials GER-EA \u00a0 \u00a0 \u00a0 \u00a0 \u00a0\u00a0 <em>A.reial ca\u00e7ant dalt l`aeroport <em><\/em><\/em><\/em><\/h5>\n<h5><em><em><em>\u00a0\u00a0\u00a0\u00a0\u00a0\u00a0\u00a0\u00a0\u00a0\u00a0\u00a0\u00a0 31\/05\/2010<\/em>\u00a0\u00a0\u00a0\u00a0 \u00a0\u00a0\u00a0\u00a0\u00a0\u00a0\u00a0\u00a0\u00a0\u00a0\u00a0\u00a0\u00a0\u00a0\u00a0\u00a0\u00a0\u00a0\u00a0\u00a0\u00a0\u00a0\u00a0\u00a0\u00a0\u00a0\u00a0\u00a0\u00a0\u00a0\u00a0\u00a0\u00a0\u00a0\u00a0\u00a0\u00a0\u00a0\u00a0\u00a0\u00a0\u00a0\u00a0\u00a0\u00a0\u00a0\u00a0\u00a0 <em>4\/01\/2012<\/em>\u00a0\u00a0\u00a0\u00a0\u00a0\u00a0\u00a0\u00a0\u00a0\u00a0\u00a0\u00a0\u00a0\u00a0\u00a0\u00a0\u00a0\u00a0\u00a0\u00a0\u00a0\u00a0\u00a0\u00a0\u00a0\u00a0\u00a0\u00a0\u00a0\u00a0\u00a0\u00a0\u00a0\u00a0\u00a0\u00a0\u00a0\u00a0\u00a0\u00a0\u00a0\u00a0\u00a0\u00a0\u00a0\u00a0\u00a0\u00a0\u00a0\u00a0\u00a0\u00a0\u00a0\u00a0\u00a0\u00a0\u00a0\u00a0\u00a0\u00a0\u00a0 9\/01\/2012<\/em><\/em><\/h5>\n<p>Els resultats obtinguts s\u00f3n:<\/p>\n<p><strong>4\/01\/2012<\/strong><\/p>\n<table width=\"160\" border=\"0\" cellspacing=\"0\" cellpadding=\"0\">\n<colgroup>\n<col width=\"80\" \/>\n<col width=\"80\" \/> <\/colgroup>\n<tbody>\n<tr>\n<td width=\"80\" height=\"17\"><em>Upupa epops<\/em><\/td>\n<td width=\"80\">1<\/td>\n<\/tr>\n<tr>\n<td height=\"17\"><em>Buteo buteo<\/em><\/td>\n<td>6<\/td>\n<\/tr>\n<tr>\n<td height=\"17\"><em>Sturnus vulgaris<\/em><\/td>\n<td>600<\/td>\n<\/tr>\n<tr>\n<td height=\"17\"><em>Falco tinnunculus<\/em><\/td>\n<td>2<\/td>\n<\/tr>\n<tr>\n<td height=\"17\"><em>Aquila chrysaetos<\/em><\/td>\n<td>2<\/td>\n<\/tr>\n<tr>\n<td height=\"17\"><em>Pica pica<\/em><\/td>\n<td>3<\/td>\n<\/tr>\n<tr>\n<td height=\"17\"><em>Alectoris rufa<\/em><\/td>\n<td>6<\/td>\n<\/tr>\n<tr>\n<td height=\"17\"><em>Saxicola torquatus<\/em><\/td>\n<td>7<\/td>\n<\/tr>\n<tr>\n<td height=\"17\"><em>Cisticola juncidis<\/em><\/td>\n<td>5<\/td>\n<\/tr>\n<tr>\n<td height=\"17\"><em>Fringilla coelebs<\/em><\/td>\n<td>57<\/td>\n<\/tr>\n<tr>\n<td height=\"17\"><em>Serinus serinus<\/em><\/td>\n<td>11<\/td>\n<\/tr>\n<tr>\n<td height=\"17\"><em>Corvus corax<\/em><\/td>\n<td>3<\/td>\n<\/tr>\n<tr>\n<td height=\"17\"><em>Emberiza calandra<\/em><\/td>\n<td>33<\/td>\n<\/tr>\n<tr>\n<td height=\"17\"><em>Phoenicurus ochruros<\/em><\/td>\n<td>2<\/td>\n<\/tr>\n<tr>\n<td height=\"17\"><em>Upupa epops<\/em><\/td>\n<td>1<\/td>\n<\/tr>\n<tr>\n<td height=\"17\"><em>Sylvia melanocephala<\/em><\/td>\n<td>2<\/td>\n<\/tr>\n<tr>\n<td height=\"17\"><em>Turdus philomelos<\/em><\/td>\n<td>1<\/td>\n<\/tr>\n<tr>\n<td height=\"17\"><em>Anthus pratensis<\/em><\/td>\n<td>31<\/td>\n<\/tr>\n<tr>\n<td height=\"17\"><em>Motacilla alba<\/em><\/td>\n<td>1<\/td>\n<\/tr>\n<tr>\n<td height=\"17\"><em>Columba livia<\/em><\/td>\n<td>18<\/td>\n<\/tr>\n<tr>\n<td height=\"17\"><em>Motacilla cinerea<\/em><\/td>\n<td>1<\/td>\n<\/tr>\n<tr>\n<td height=\"17\"><em>Vanellus vanellus<\/em><\/td>\n<td>20<\/td>\n<\/tr>\n<tr>\n<td height=\"17\"><em>Circus aeruginosus<\/em><\/td>\n<td>1<\/td>\n<\/tr>\n<tr>\n<td height=\"17\"><em>Fringilla coelebs<\/em><\/td>\n<td>12<\/td>\n<\/tr>\n<tr>\n<td height=\"17\"><em>Carduelis carduelis<\/em><\/td>\n<td>2<\/td>\n<\/tr>\n<tr>\n<td height=\"17\"><em>Saxicola torquatus<\/em><\/td>\n<td>1<\/td>\n<\/tr>\n<\/tbody>\n<\/table>\n<p><strong>9\/01\/2012<\/strong><\/p>\n<table width=\"160\" border=\"0\" cellspacing=\"0\" cellpadding=\"0\">\n<colgroup>\n<col width=\"80\" \/>\n<col width=\"80\" \/> <\/colgroup>\n<tbody>\n<tr>\n<td width=\"80\" height=\"17\"><em>Buteo buteo<\/em><\/td>\n<td width=\"80\">9<\/td>\n<\/tr>\n<tr>\n<td height=\"17\"><em>Saxicola torquatus<\/em><\/td>\n<td>6<\/td>\n<\/tr>\n<tr>\n<td height=\"17\"><em>Turdus merula<\/em><\/td>\n<td>3<\/td>\n<\/tr>\n<tr>\n<td height=\"17\"><em>Vanellus vanellus<\/em><\/td>\n<td>2<\/td>\n<\/tr>\n<tr>\n<td height=\"17\"><em>Alectoris rufa<\/em><\/td>\n<td>6<\/td>\n<\/tr>\n<tr>\n<td height=\"17\"><em>Turdus philomelos<\/em><\/td>\n<td>21<\/td>\n<\/tr>\n<tr>\n<td height=\"17\"><em>Sylvia melanocephala<\/em><\/td>\n<td>3<\/td>\n<\/tr>\n<tr>\n<td height=\"17\"><em>Fringilla coelebs<\/em><\/td>\n<td>7<\/td>\n<\/tr>\n<tr>\n<td height=\"17\"><em>Carduelis chloris<\/em><\/td>\n<td>2<\/td>\n<\/tr>\n<tr>\n<td height=\"17\"><em>Falco tinnunculus<\/em><\/td>\n<td>6<\/td>\n<\/tr>\n<tr>\n<td height=\"17\"><em>Aquila chrysaetos<\/em><\/td>\n<td>2<\/td>\n<\/tr>\n<tr>\n<td height=\"17\"><em>Carduelis cannabina<\/em><\/td>\n<td>1<\/td>\n<\/tr>\n<tr>\n<td height=\"17\"><em>Erithacus rubecula<\/em><\/td>\n<td>4<\/td>\n<\/tr>\n<tr>\n<td height=\"17\"><em>Fringilla coelebs<\/em><\/td>\n<td>45<\/td>\n<\/tr>\n<tr>\n<td height=\"17\"><em>Phoenicurus ochruros<\/em><\/td>\n<td>2<\/td>\n<\/tr>\n<tr>\n<td height=\"17\"><em>Serinus serinus<\/em><\/td>\n<td>7<\/td>\n<\/tr>\n<tr>\n<td height=\"17\"><em>Carduelis carduelis<\/em><\/td>\n<td>2<\/td>\n<\/tr>\n<tr>\n<td height=\"17\"><em>Sylvia melanocephala<\/em><\/td>\n<td>3<\/td>\n<\/tr>\n<tr>\n<td height=\"17\"><em>Accipiter nisus<\/em><\/td>\n<td>1<\/td>\n<\/tr>\n<\/tbody>\n<\/table>\n<p><strong>11\/01\/2012<\/strong><\/p>\n<table width=\"160\" border=\"0\" cellspacing=\"0\" cellpadding=\"0\">\n<colgroup>\n<col width=\"80\" \/>\n<col width=\"80\" \/> <\/colgroup>\n<tbody>\n<tr>\n<td width=\"80\" height=\"17\"><em>Turdus philomelos<\/em><\/td>\n<td width=\"80\">48<\/td>\n<\/tr>\n<tr>\n<td height=\"17\"><em>Turdus merula<\/em><\/td>\n<td>2<\/td>\n<\/tr>\n<tr>\n<td height=\"17\"><em>Galerida cristata<\/em><\/td>\n<td>4<\/td>\n<\/tr>\n<tr>\n<td height=\"17\"><em>Carduelis carduelis<\/em><\/td>\n<td>3<\/td>\n<\/tr>\n<tr>\n<td height=\"17\"><em>Pica pica<\/em><\/td>\n<td>13<\/td>\n<\/tr>\n<tr>\n<td height=\"17\"><em>Fringilla coelebs<\/em><\/td>\n<td>165<\/td>\n<\/tr>\n<tr>\n<td height=\"17\"><em>Anthus pratensis<\/em><\/td>\n<td>98<\/td>\n<\/tr>\n<tr>\n<td height=\"17\"><em>Saxicola torquatus<\/em><\/td>\n<td>7<\/td>\n<\/tr>\n<tr>\n<td height=\"17\"><em>Lanius meridionalis<\/em><\/td>\n<td>3<\/td>\n<\/tr>\n<tr>\n<td height=\"17\"><em>Alectoris rufa<\/em><\/td>\n<td>7<\/td>\n<\/tr>\n<tr>\n<td height=\"17\"><em>Corvus corax<\/em><\/td>\n<td>1<\/td>\n<\/tr>\n<tr>\n<td height=\"17\"><em>Ptyonoprogne rupestris<\/em><\/td>\n<td>30<\/td>\n<\/tr>\n<tr>\n<td height=\"17\"><em>Vanellus vanellus<\/em><\/td>\n<td>9<\/td>\n<\/tr>\n<tr>\n<td height=\"17\"><em>Motacilla alba<\/em><\/td>\n<td>8<\/td>\n<\/tr>\n<tr>\n<td height=\"17\"><em>Phoenicurus ochruros<\/em><\/td>\n<td>2<\/td>\n<\/tr>\n<tr>\n<td height=\"17\"><em>Phoenicurus ochruros<\/em><\/td>\n<td>2<\/td>\n<\/tr>\n<tr>\n<td height=\"17\"><em>Serinus serinus<\/em><\/td>\n<td>16<\/td>\n<\/tr>\n<tr>\n<td height=\"17\"><em>Erithacus rubecula<\/em><\/td>\n<td>8<\/td>\n<\/tr>\n<tr>\n<td height=\"17\"><em>Columba palumbus<\/em><\/td>\n<td>18<\/td>\n<\/tr>\n<tr>\n<td height=\"17\"><em>Columba livia<\/em><\/td>\n<td>12<\/td>\n<\/tr>\n<tr>\n<td height=\"17\"><em>Falco tinnunculus<\/em><\/td>\n<td>1<\/td>\n<\/tr>\n<tr>\n<td height=\"17\"><em>Buteo buteo<\/em><\/td>\n<td>9<\/td>\n<\/tr>\n<tr>\n<td height=\"17\"><em>Accipiter gentilis<\/em><\/td>\n<td>2 (ad + jov.)<\/td>\n<\/tr>\n<tr>\n<td height=\"17\"><em>Emberiza cirlus<\/em><\/td>\n<td>2<\/td>\n<\/tr>\n<tr>\n<td height=\"17\"><em>Phoenicurus ochruros<\/em><\/td>\n<td>2<\/td>\n<\/tr>\n<tr>\n<td height=\"17\"><em>Sylvia melanocephala<\/em><\/td>\n<td>5<\/td>\n<\/tr>\n<tr>\n<td height=\"17\"><em>Sturnus vulgaris<\/em><\/td>\n<td>2000<\/td>\n<\/tr>\n<tr>\n<td height=\"17\"><em>Circus aeruginosus<\/em><\/td>\n<td>1 macho<\/td>\n<\/tr>\n<tr>\n<td height=\"17\"><em>Turdus philomelos<\/em><\/td>\n<td>43<\/td>\n<\/tr>\n<tr>\n<td height=\"17\"><em>Fringilla coelebs<\/em><\/td>\n<td>35<\/td>\n<\/tr>\n<tr>\n<td height=\"17\"><em>Serinus serinus<\/em><\/td>\n<td>3<\/td>\n<\/tr>\n<tr>\n<td height=\"17\"><em>Fringilla coelebs<\/em><\/td>\n<td>25<\/td>\n<\/tr>\n<tr>\n<td height=\"17\"><em>Erithacus rubecula<\/em><\/td>\n<td>9<\/td>\n<\/tr>\n<tr>\n<td height=\"17\"><em>Ptyonoprogne rupestris<\/em><\/td>\n<td>12<\/td>\n<\/tr>\n<tr>\n<td height=\"17\"><em>Sylvia melanocephala<\/em><\/td>\n<td>1<\/td>\n<\/tr>\n<tr>\n<td height=\"17\"><em>Accipiter nisus<\/em><\/td>\n<td>1<\/td>\n<\/tr>\n<tr>\n<td height=\"17\"><em>Falco tinnunculus<\/em><\/td>\n<td>1<\/td>\n<\/tr>\n<tr>\n<td height=\"17\"><em>Turdus merula<\/em><\/td>\n<td>2<\/td>\n<\/tr>\n<tr>\n<td height=\"17\"><em>Sylvia atricapilla<\/em><\/td>\n<td>2<\/td>\n<\/tr>\n<tr>\n<td height=\"17\"><em>Carduelis chloris<\/em><\/td>\n<td>2<\/td>\n<\/tr>\n<tr>\n<td height=\"17\"><em>Corvus corax<\/em><\/td>\n<td>2<\/td>\n<\/tr>\n<tr>\n<td height=\"17\"><em>Fringilla coelebs<\/em><\/td>\n<td>34<\/td>\n<\/tr>\n<tr>\n<td height=\"17\"><em>Phoenicurus ochruros<\/em><\/td>\n<td>2<\/td>\n<\/tr>\n<tr>\n<td height=\"17\"><em>Saxicola torquatus<\/em><\/td>\n<td>2<\/td>\n<\/tr>\n<tr>\n<td height=\"17\"><em>Sylvia melanocephala<\/em><\/td>\n<td>3<\/td>\n<\/tr>\n<tr>\n<td height=\"17\"><em>Parus major<\/em><\/td>\n<td>1<\/td>\n<\/tr>\n<tr>\n<td height=\"17\"><em>Monticola solitarius<\/em><\/td>\n<td>1<\/td>\n<\/tr>\n<tr>\n<td height=\"17\"><em>Erithacus rubecula<\/em><\/td>\n<td>5<\/td>\n<\/tr>\n<\/tbody>\n<\/table>\n<p style=\"text-align: justify;\">\u00a0Del conill (<em>Oryctolagus cuniculus<\/em>), vam detectar el primer d\u00eda 4 ex, el segon 6 ex. (\u00fa atropellat a la pista asfalta), el tercer d\u00eda 8 ex. Sembla ser que aquests conills entren per l&#8217;aeroport per sota de la tanca, on es refugien i s&#8217;alimenten de les zones de cultiu que envolten l&#8217;aeroport.<\/p>\n<p style=\"text-align: justify;\">Encara que el nombre de conills observat directament, \u00e9s una xifra important. A m\u00e9s es van detectar nombroses zones amb excrements fresques de conills i forats o caus. Com signes indirectes de la pres\u00e8ncia d&#8217;important quantitat de conill, s\u00f3n la pres\u00e8ncia de diverses esp\u00e8cies de rapinyaires, tant de grans dimensions, com l&#8217;\u00e0guila real o de mida mitjana com el aligot, el azor.Otros predadors de petit i mitjana grand\u00e0ria com els arpelles, aguilons p\u00e0l \u00b7 lids, i petites rapinyaires com l&#8217;esparver i el xoriguer com\u00fa s\u00f3n indicatiu \u00e9s la gran quantitat d&#8217;aliment que pot ser utilitzat per les rapinyaires. S&#8217;observen grups de perdius, de coloms salvatges, i centenars d&#8217;aus fring\u00edl \u00b7 lids com els torts, sense comptabilitzar altres esp\u00e8cies com els micromam\u00edfers, amfibis i r\u00e8ptils. Tota una explosi\u00f3 de fauna que col \u00b7 loca a l&#8217;aeroport de Castell\u00f3 com un dels millors llocs com font d&#8217;alimentaci\u00f3 d&#8217;esp\u00e8cies en perill d&#8217;extinci\u00f3 o vulnerables com les aus rapinyaires.<\/p>\n<p style=\"text-align: justify;\">Un bon lloc per als observadors d&#8217;aus.<\/p>\n<p><a href=\"http:\/\/www.internatura.org\/blog\/wp-content\/uploads\/2012\/02\/Ratonero-9-01-2012-a-aeropo.jpg\" rel=\"lightbox\" data-rel=\"lightbox-image-6\" data-rl_title=\"\" data-rl_caption=\"\"><img decoding=\"async\" loading=\"lazy\" class=\"alignnone  wp-image-163\" title=\"\" src=\"http:\/\/www.internatura.org\/blog\/wp-content\/uploads\/2012\/02\/Ratonero-9-01-2012-a-aeropo-250x300.jpg\" alt=\"\" width=\"140\" height=\"168\" srcset=\"https:\/\/internatura.org\/blog\/wp-content\/uploads\/2012\/02\/Ratonero-9-01-2012-a-aeropo-250x300.jpg 250w, https:\/\/internatura.org\/blog\/wp-content\/uploads\/2012\/02\/Ratonero-9-01-2012-a-aeropo.jpg 585w\" sizes=\"(max-width: 140px) 100vw, 140px\" \/><\/a>\u00a0 <em><a href=\"http:\/\/www.internatura.org\/blog\/wp-content\/uploads\/2012\/02\/Zorzal-com\u00fa-11-01-2012-IMG_.jpg\" rel=\"lightbox\" data-rel=\"lightbox-image-7\" data-rl_title=\"\" data-rl_caption=\"\"><img decoding=\"async\" loading=\"lazy\" title=\"\" src=\"http:\/\/www.internatura.org\/blog\/wp-content\/uploads\/2012\/02\/Zorzal-com\u00fa-11-01-2012-IMG_-300x198.jpg\" alt=\"\" width=\"151\" height=\"99\" \/><\/a><\/em>\u00a0 <a href=\"http:\/\/www.internatura.org\/blog\/wp-content\/uploads\/2012\/02\/Merita-4-01-2012-aeroportIM.jpg\" rel=\"lightbox\" data-rel=\"lightbox-image-8\" data-rl_title=\"\" data-rl_caption=\"\"><img decoding=\"async\" loading=\"lazy\" title=\"\" src=\"http:\/\/www.internatura.org\/blog\/wp-content\/uploads\/2012\/02\/Merita-4-01-2012-aeroportIM-300x220.jpg\" alt=\"\" width=\"171\" height=\"126\" \/><\/a>\u00a0 <a href=\"http:\/\/www.internatura.org\/blog\/wp-content\/uploads\/2012\/02\/conill-a-11-1-2012-aeroport1.jpg\" rel=\"lightbox\" data-rel=\"lightbox-image-9\" data-rl_title=\"\" data-rl_caption=\"\"><img decoding=\"async\" loading=\"lazy\" class=\"alignnone  wp-image-187\" title=\"\" src=\"http:\/\/www.internatura.org\/blog\/wp-content\/uploads\/2012\/02\/conill-a-11-1-2012-aeroport1-168x300.jpg\" alt=\"\" width=\"102\" height=\"183\" srcset=\"https:\/\/internatura.org\/blog\/wp-content\/uploads\/2012\/02\/conill-a-11-1-2012-aeroport1-168x300.jpg 168w, https:\/\/internatura.org\/blog\/wp-content\/uploads\/2012\/02\/conill-a-11-1-2012-aeroport1.jpg 392w\" sizes=\"(max-width: 102px) 100vw, 102px\" \/><\/a><\/p>\n<h5 style=\"text-align: center;\"><em>\u00a0Aligot 9\/01\/2012\u00a0\u00a0\u00a0\u00a0\u00a0\u00a0\u00a0\u00a0\u00a0\u00a0\u00a0\u00a0\u00a0\u00a0\u00a0\u00a0\u00a0\u00a0 Tort com\u00fa 11\/01\/2012\u00a0\u00a0 \u00a0 \u00a0 \u00a0 \u00a0 \u00a0 \u00a0 \u00a0 \u00a0 \u00a0 Merita 4\/01\/2012\u00a0\u00a0\u00a0\u00a0\u00a0\u00a0\u00a0\u00a0 Conill 11\/01\/2012<br \/>\n<\/em><\/h5>\n<h5><em>Totes les fotos d&#8217;aquest article s\u00f3n de Josep Bort.<\/em><\/h5>\n<p>&nbsp;<\/p>\n<p style=\"text-align: center;\"><strong><em>\u00a0En tots els articles s&#8217;exposen les fotos obtingudes en aquest dia i en aquest lloc. En cas contrari es refer\u00e8ncia la data de realitzaci\u00f3 de la foto.<\/em><\/strong><\/p>\n<p style=\"text-align: center;\"><strong><em>Els textos i les fotografies s\u00f3n propietat dels seus autors i del GER-EA, no est\u00e0 permesa la seva reproducci\u00f3 total o parcial sense el consentiment expr\u00e9s d&#8217;aquestos i del grup.<\/em><\/strong><\/p>\n","protected":false},"excerpt":{"rendered":"<p>&nbsp; Visi\u00f3 del aeropuert: pista, torre de control i estatua de la entrada 4\/01\/2012 Durant la primera quincena de gener 2012, membres del GER-EA ens desplacem a realitzar alguns recomptes d&#8217;aus i mam\u00edfers al voltant de l&#8217;aeroport de Castell\u00f3. Aquest recompte, que ja es va realitzar en anys anteriors, tenia \u2026 <a class=\"continue-reading-link\" href=\"https:\/\/internatura.org\/blog\/?p=115\"> Continuar leyendo <span class=\"meta-nav\">&rarr; <\/span><\/a><\/p>\n","protected":false},"author":1,"featured_media":0,"comment_status":"closed","ping_status":"open","sticky":false,"template":"","format":"standard","meta":[],"categories":[7],"tags":[],"_links":{"self":[{"href":"https:\/\/internatura.org\/blog\/index.php?rest_route=\/wp\/v2\/posts\/115"}],"collection":[{"href":"https:\/\/internatura.org\/blog\/index.php?rest_route=\/wp\/v2\/posts"}],"about":[{"href":"https:\/\/internatura.org\/blog\/index.php?rest_route=\/wp\/v2\/types\/post"}],"author":[{"embeddable":true,"href":"https:\/\/internatura.org\/blog\/index.php?rest_route=\/wp\/v2\/users\/1"}],"replies":[{"embeddable":true,"href":"https:\/\/internatura.org\/blog\/index.php?rest_route=%2Fwp%2Fv2%2Fcomments&post=115"}],"version-history":[{"count":39,"href":"https:\/\/internatura.org\/blog\/index.php?rest_route=\/wp\/v2\/posts\/115\/revisions"}],"predecessor-version":[{"id":3402,"href":"https:\/\/internatura.org\/blog\/index.php?rest_route=\/wp\/v2\/posts\/115\/revisions\/3402"}],"wp:attachment":[{"href":"https:\/\/internatura.org\/blog\/index.php?rest_route=%2Fwp%2Fv2%2Fmedia&parent=115"}],"wp:term":[{"taxonomy":"category","embeddable":true,"href":"https:\/\/internatura.org\/blog\/index.php?rest_route=%2Fwp%2Fv2%2Fcategories&post=115"},{"taxonomy":"post_tag","embeddable":true,"href":"https:\/\/internatura.org\/blog\/index.php?rest_route=%2Fwp%2Fv2%2Ftags&post=115"}],"curies":[{"name":"wp","href":"https:\/\/api.w.org\/{rel}","templated":true}]}}