{"id":1169,"date":"2012-03-13T11:34:31","date_gmt":"2012-03-13T10:34:31","guid":{"rendered":"http:\/\/www.internatura.org\/blog\/?p=1169"},"modified":"2014-11-11T08:18:58","modified_gmt":"2014-11-11T08:18:58","slug":"passejant-pel-riu-millars-13032012","status":"publish","type":"post","link":"https:\/\/internatura.org\/blog\/?p=1169","title":{"rendered":"Itinerari pel riu Millars. Senda del Botanic Calduch 13\/03\/2012"},"content":{"rendered":"<h5 style=\"text-align: center;\"><em><a href=\"http:\/\/www.internatura.org\/blog\/wp-content\/uploads\/2012\/03\/Ruta-Botanic-a-11-3-12-.jpg\" rel=\"lightbox\" data-rel=\"lightbox-image-0\" data-rl_title=\"\" data-rl_caption=\"\"><img decoding=\"async\" loading=\"lazy\" class=\"alignnone  wp-image-1222\" title=\"\" src=\"http:\/\/www.internatura.org\/blog\/wp-content\/uploads\/2012\/03\/Ruta-Botanic-a-11-3-12-.jpg\" alt=\"\" width=\"229\" height=\"275\" \/><\/a>\u00a0 <a href=\"http:\/\/www.internatura.org\/blog\/wp-content\/uploads\/2012\/03\/Ruta-Botanic-11-3-12-DSCF54.jpg\" rel=\"lightbox\" data-rel=\"lightbox-image-1\" data-rl_title=\"\" data-rl_caption=\"\"><img decoding=\"async\" loading=\"lazy\" title=\"\" src=\"http:\/\/www.internatura.org\/blog\/wp-content\/uploads\/2012\/03\/Ruta-Botanic-11-3-12-DSCF54.jpg\" alt=\"\" width=\"252\" height=\"188\" \/><\/a>\u00a0\u00a0 <\/em><\/h5>\n<h5 style=\"text-align: center;\"><em>Inici de la senda des de l&#8217;ermita de la Mare de D\u00e9u de Gr\u00e0cia.<\/em><\/h5>\n<p style=\"text-align: justify;\">Una vegada m\u00e9s membres del GER-EA han realitzat un itinerari per la vora del riu Millars. Per a aquest itinerari s&#8217;ha eligida la ruta bot\u00e0nica denominada Bot\u00e0nic Calduch.<\/p>\n<p style=\"text-align: justify;\">L&#8217;itinerari tenia com a objectiu recollir informaci\u00f3 i imatges d&#8217;aquesta ruta per fer-les p\u00fabliques al blog i identificar els vertebrats observats en el transecte.<\/p>\n<p style=\"text-align: justify;\">L&#8217;itinerari va comen\u00e7ar a les 16:30 i vam acabar a les 17:15 h.<\/p>\n<p style=\"text-align: justify;\">Les dades obtingudes s&#8217;exposen en la taula seg\u00fcent:<\/p>\n<p style=\"text-align: justify;\">\u00a0\u00a0\u00a0\u00a0\u00a0\u00a0\u00a0\u00a0\u00a0\u00a0<em>\u00a0\u00a0\u00a0\u00a0\u00a0\u00a0\u00a0\u00a0\u00a0\u00a0 Especies\u00a0\u00a0\u00a0\u00a0<\/em>\u00a0\u00a0\u00a0\u00a0\u00a0\u00a0\u00a0\u00a0\u00a0\u00a0\u00a0\u00a0\u00a0\u00a0\u00a0\u00a0\u00a0\u00a0\u00a0\u00a0\u00a0\u00a0\u00a0\u00a0\u00a0\u00a0\u00a0\u00a0\u00a0\u00a0\u00a0\u00a0\u00a0\u00a0\u00a0\u00a0\u00a0\u00a0\u00a0\u00a0\u00a0\u00a0\u00a0\u00a0\u00a0\u00a0\u00a0\u00a0\u00a0\u00a0\u00a0<em>\u00a0\u00a0\u00a0\u00a0\u00a0\u00a0\u00a0\u00a0\u00a0\u00a0\u00a0 Indivius<\/em><\/p>\n<table width=\"220\" border=\"0\" cellspacing=\"0\" cellpadding=\"0\">\n<colgroup>\n<col width=\"140\" \/>\n<col width=\"80\" \/> <\/colgroup>\n<tbody>\n<tr>\n<td width=\"140\" height=\"17\"><em>Parus major<\/em><\/td>\n<td width=\"80\"><em>3<\/em><\/td>\n<\/tr>\n<tr>\n<td height=\"17\"><em>Erithacus rubecula<\/em><\/td>\n<td><em>1<\/em><\/td>\n<\/tr>\n<tr>\n<td height=\"17\"><em>Phylloscopus collybita<\/em><\/td>\n<td><em>8<\/em><\/td>\n<\/tr>\n<tr>\n<td height=\"17\"><em>Pica pica<\/em><\/td>\n<td><em>3<\/em><\/td>\n<\/tr>\n<tr>\n<td height=\"17\"><em>Phoenicurus ochruros<\/em><\/td>\n<td><em>2<\/em><\/td>\n<\/tr>\n<tr>\n<td height=\"17\"><em>Fringilla coelebs<\/em><\/td>\n<td><em>3<\/em><\/td>\n<\/tr>\n<tr>\n<td height=\"17\"><em>Ptyonoprogne rupestris<\/em><\/td>\n<td><em>7<\/em><\/td>\n<\/tr>\n<tr>\n<td height=\"17\"><em>Phalacrocorax carbo<\/em><\/td>\n<td><em>4<\/em><\/td>\n<\/tr>\n<tr>\n<td height=\"17\"><em>Motacilla alba<\/em><\/td>\n<td><em>8<\/em><\/td>\n<\/tr>\n<tr>\n<td height=\"17\"><em>Motacilla cinerea<\/em><\/td>\n<td><em>2<\/em><\/td>\n<\/tr>\n<tr>\n<td height=\"17\"><em>Carduelis carduelis<\/em><\/td>\n<td><em>3<\/em><\/td>\n<\/tr>\n<tr>\n<td height=\"17\"><em>Falco tinnunculus<\/em><\/td>\n<td><em>1<\/em><\/td>\n<\/tr>\n<tr>\n<td height=\"17\"><em>Tachybaptus ruficollis<\/em><\/td>\n<td><em>1<\/em><\/td>\n<\/tr>\n<tr>\n<td height=\"17\"><em>Serinus serinus<\/em><\/td>\n<td><em>5<\/em><\/td>\n<\/tr>\n<tr>\n<td height=\"17\"><em>Turdus merula<\/em><\/td>\n<td><em>7<\/em><\/td>\n<\/tr>\n<tr>\n<td height=\"17\"><em>Passer domesticus<\/em><\/td>\n<td><em>40<\/em><\/td>\n<\/tr>\n<tr>\n<td height=\"17\"><em>Sturnus unicolor<\/em><\/td>\n<td><em>8<\/em><\/td>\n<\/tr>\n<tr>\n<td height=\"17\"><em>Columba livia<\/em><\/td>\n<td><em>3<\/em><\/td>\n<\/tr>\n<tr>\n<td height=\"17\"><em>Psittacula krameri<\/em><\/td>\n<td><em>1<\/em><\/td>\n<\/tr>\n<tr>\n<td height=\"17\"><em>Hirundo rustica<\/em><\/td>\n<td><em>8<\/em><\/td>\n<\/tr>\n<\/tbody>\n<\/table>\n<p style=\"text-align: justify;\">Iniciem l&#8217;itinerari des de l&#8217;ermita de la Mare de D\u00e9u de Gr\u00e0cia, baixant pel cam\u00ed cap al mar per la part sud del riu Millars.<\/p>\n<p>La senda o <a href=\"http:\/\/www.vila-realturistic.es\/index.php?option=com_content&amp;task=view&amp;id=57&amp;Itemid=126\">passeig del bot\u00e0nic Calduch<\/a> ha estat descrita en multitud d&#8217;ocasions per professionals del medi ambient (bi\u00f2legs, farmac\u00e8utics) o per simpatitzants.<\/p>\n<p style=\"text-align: center;\"><a href=\"http:\/\/www.internatura.org\/blog\/wp-content\/uploads\/2012\/03\/Ruta-Botanic-t-11-3-12-.jpg\" rel=\"lightbox\" data-rel=\"lightbox-image-2\" data-rl_title=\"\" data-rl_caption=\"\"><img decoding=\"async\" loading=\"lazy\" class=\"alignnone  wp-image-1225\" title=\"\" src=\"http:\/\/www.internatura.org\/blog\/wp-content\/uploads\/2012\/03\/Ruta-Botanic-t-11-3-12-.jpg\" alt=\"\" width=\"168\" height=\"118\" \/><\/a> <a href=\"http:\/\/www.internatura.org\/blog\/wp-content\/uploads\/2012\/03\/Ruta-Botanic-i-11-3-12-.jpg\" rel=\"lightbox\" data-rel=\"lightbox-image-3\" data-rl_title=\"\" data-rl_caption=\"\"><img decoding=\"async\" loading=\"lazy\" class=\"alignnone  wp-image-1242\" title=\"\" src=\"http:\/\/www.internatura.org\/blog\/wp-content\/uploads\/2012\/03\/Ruta-Botanic-i-11-3-12-.jpg\" alt=\"\" width=\"115\" height=\"96\" \/><\/a>\u00a0 <a href=\"http:\/\/www.internatura.org\/blog\/wp-content\/uploads\/2012\/03\/Ruta-Botanic-d-11-3-12-.jpg\" rel=\"lightbox\" data-rel=\"lightbox-image-4\" data-rl_title=\"\" data-rl_caption=\"\"><img decoding=\"async\" loading=\"lazy\" class=\"alignnone  wp-image-1243\" title=\"\" src=\"http:\/\/www.internatura.org\/blog\/wp-content\/uploads\/2012\/03\/Ruta-Botanic-d-11-3-12-.jpg\" alt=\"\" width=\"112\" height=\"85\" \/><\/a> <a href=\"http:\/\/www.internatura.org\/blog\/wp-content\/uploads\/2012\/03\/Ruta-Botanic-j-11-3-12-.jpg\" rel=\"lightbox\" data-rel=\"lightbox-image-5\" data-rl_title=\"\" data-rl_caption=\"\"><img decoding=\"async\" loading=\"lazy\" class=\"alignnone  wp-image-1244\" title=\"\" src=\"http:\/\/www.internatura.org\/blog\/wp-content\/uploads\/2012\/03\/Ruta-Botanic-j-11-3-12-.jpg\" alt=\"\" width=\"126\" height=\"100\" \/><\/a><\/p>\n<h5 style=\"text-align: center;\"><em>Un dels cartells situat a la part m\u00e9s al sud de la ruta ens defineix qui era el Bot\u00e0nic Calduch. Col \u00b7 loquem la foto del cartell on s&#8217;informa de qui era <a href=\"http:\/\/www.vila-real.info\/vilapedia\/index.php?title=Calduch_Almela%2C_Manuel\">Manuel Calduch Almela<\/a>, protagonista del relat. Al mateix temps i durant tot el recorregut hi ha diferents cartells informatius tant de la vegetaci\u00f3 que anem observant com de les construccions humanes.<\/em><\/h5>\n<p><a href=\"http:\/\/www.internatura.org\/blog\/wp-content\/uploads\/2012\/03\/Ruta-Botanic-aa-11-3-12-.jpg\" rel=\"lightbox\" data-rel=\"lightbox-image-6\" data-rl_title=\"\" data-rl_caption=\"\"><img decoding=\"async\" loading=\"lazy\" class=\"alignnone  wp-image-1227\" title=\"\" src=\"http:\/\/www.internatura.org\/blog\/wp-content\/uploads\/2012\/03\/Ruta-Botanic-aa-11-3-12-.jpg\" alt=\"\" width=\"125\" height=\"91\" srcset=\"https:\/\/internatura.org\/blog\/wp-content\/uploads\/2012\/03\/Ruta-Botanic-aa-11-3-12-.jpg 400w, https:\/\/internatura.org\/blog\/wp-content\/uploads\/2012\/03\/Ruta-Botanic-aa-11-3-12--300x219.jpg 300w\" sizes=\"(max-width: 125px) 100vw, 125px\" \/><\/a>\u00a0 <a href=\"http:\/\/www.internatura.org\/blog\/wp-content\/uploads\/2012\/03\/Ruta-Botanic-aaa-11-3-12-.jpg\" rel=\"lightbox\" data-rel=\"lightbox-image-7\" data-rl_title=\"\" data-rl_caption=\"\"><img decoding=\"async\" loading=\"lazy\" class=\"alignnone  wp-image-1228\" title=\"\" src=\"http:\/\/www.internatura.org\/blog\/wp-content\/uploads\/2012\/03\/Ruta-Botanic-aaa-11-3-12-.jpg\" alt=\"\" width=\"101\" height=\"139\" srcset=\"https:\/\/internatura.org\/blog\/wp-content\/uploads\/2012\/03\/Ruta-Botanic-aaa-11-3-12-.jpg 292w, https:\/\/internatura.org\/blog\/wp-content\/uploads\/2012\/03\/Ruta-Botanic-aaa-11-3-12--219x300.jpg 219w\" sizes=\"(max-width: 101px) 100vw, 101px\" \/><\/a>\u00a0 <a href=\"http:\/\/www.internatura.org\/blog\/wp-content\/uploads\/2012\/03\/Ruta-Botanic-b-11-3-12-.jpg\" rel=\"lightbox\" data-rel=\"lightbox-image-8\" data-rl_title=\"\" data-rl_caption=\"\"><img decoding=\"async\" loading=\"lazy\" class=\"alignnone  wp-image-1229\" title=\"\" src=\"http:\/\/www.internatura.org\/blog\/wp-content\/uploads\/2012\/03\/Ruta-Botanic-b-11-3-12-.jpg\" alt=\"\" width=\"125\" height=\"181\" \/><\/a>\u00a0 <a href=\"http:\/\/www.internatura.org\/blog\/wp-content\/uploads\/2012\/03\/Ruta-Botanic-bb-11-3-12-.jpg\" rel=\"lightbox\" data-rel=\"lightbox-image-9\" data-rl_title=\"\" data-rl_caption=\"\"><img decoding=\"async\" loading=\"lazy\" class=\"alignnone  wp-image-1231\" title=\"\" src=\"http:\/\/www.internatura.org\/blog\/wp-content\/uploads\/2012\/03\/Ruta-Botanic-bb-11-3-12-.jpg\" alt=\"\" width=\"171\" height=\"228\" \/><\/a><\/p>\n<p><a href=\"http:\/\/www.internatura.org\/blog\/wp-content\/uploads\/2012\/03\/Ruta-Botanic-bbb-11-3-12-.jpg\" rel=\"lightbox\" data-rel=\"lightbox-image-10\" data-rl_title=\"\" data-rl_caption=\"\"><img decoding=\"async\" loading=\"lazy\" class=\"alignnone  wp-image-1232\" title=\"\" src=\"http:\/\/www.internatura.org\/blog\/wp-content\/uploads\/2012\/03\/Ruta-Botanic-bbb-11-3-12-.jpg\" alt=\"\" width=\"130\" height=\"98\" \/><\/a> <a href=\"http:\/\/www.internatura.org\/blog\/wp-content\/uploads\/2012\/03\/Ruta-Botanic-f-11-3-12-.jpg\" rel=\"lightbox\" data-rel=\"lightbox-image-11\" data-rl_title=\"\" data-rl_caption=\"\"><img decoding=\"async\" loading=\"lazy\" class=\"alignnone  wp-image-1233\" title=\"\" src=\"http:\/\/www.internatura.org\/blog\/wp-content\/uploads\/2012\/03\/Ruta-Botanic-f-11-3-12-.jpg\" alt=\"\" width=\"168\" height=\"131\" \/><\/a>\u00a0 <a href=\"http:\/\/www.internatura.org\/blog\/wp-content\/uploads\/2012\/03\/Ruta-Botanic-g-11-3-12-.jpg\" rel=\"lightbox\" data-rel=\"lightbox-image-12\" data-rl_title=\"\" data-rl_caption=\"\"><img decoding=\"async\" loading=\"lazy\" class=\"alignnone  wp-image-1234\" title=\"\" src=\"http:\/\/www.internatura.org\/blog\/wp-content\/uploads\/2012\/03\/Ruta-Botanic-g-11-3-12-.jpg\" alt=\"\" width=\"132\" height=\"176\" \/><\/a>\u00a0 <a href=\"http:\/\/www.internatura.org\/blog\/wp-content\/uploads\/2012\/03\/Ruta-Botanic-m-11-3-12-.jpg\" rel=\"lightbox\" data-rel=\"lightbox-image-13\" data-rl_title=\"\" data-rl_caption=\"\"><img decoding=\"async\" loading=\"lazy\" class=\"alignnone  wp-image-1235\" title=\"\" src=\"http:\/\/www.internatura.org\/blog\/wp-content\/uploads\/2012\/03\/Ruta-Botanic-m-11-3-12-.jpg\" alt=\"\" width=\"153\" height=\"134\" \/><\/a><\/p>\n<p><a href=\"http:\/\/www.internatura.org\/blog\/wp-content\/uploads\/2012\/03\/Ruta-Botanic-\u00f1-11-3-12-.jpg\" rel=\"lightbox\" data-rel=\"lightbox-image-14\" data-rl_title=\"\" data-rl_caption=\"\"><img decoding=\"async\" loading=\"lazy\" class=\"alignnone  wp-image-1236\" title=\"\" src=\"http:\/\/www.internatura.org\/blog\/wp-content\/uploads\/2012\/03\/Ruta-Botanic-\u00f1-11-3-12-.jpg\" alt=\"\" width=\"98\" height=\"131\" \/>\u00a0<\/a><a href=\"http:\/\/www.internatura.org\/blog\/wp-content\/uploads\/2012\/03\/Ruta-Botanic-p-11-3-12-.jpg\" rel=\"lightbox\" data-rel=\"lightbox-image-15\" data-rl_title=\"\" data-rl_caption=\"\"><img decoding=\"async\" loading=\"lazy\" class=\"alignnone  wp-image-1237\" title=\"\" src=\"http:\/\/www.internatura.org\/blog\/wp-content\/uploads\/2012\/03\/Ruta-Botanic-p-11-3-12-.jpg\" alt=\"\" width=\"130\" height=\"177\" srcset=\"https:\/\/internatura.org\/blog\/wp-content\/uploads\/2012\/03\/Ruta-Botanic-p-11-3-12-.jpg 296w, https:\/\/internatura.org\/blog\/wp-content\/uploads\/2012\/03\/Ruta-Botanic-p-11-3-12--222x300.jpg 222w\" sizes=\"(max-width: 130px) 100vw, 130px\" \/><\/a> <a href=\"http:\/\/www.internatura.org\/blog\/wp-content\/uploads\/2012\/03\/Ruta-Botanic-q-11-3-12-.jpg\" rel=\"lightbox\" data-rel=\"lightbox-image-16\" data-rl_title=\"\" data-rl_caption=\"\"><img decoding=\"async\" loading=\"lazy\" class=\"alignnone  wp-image-1238\" title=\"\" src=\"http:\/\/www.internatura.org\/blog\/wp-content\/uploads\/2012\/03\/Ruta-Botanic-q-11-3-12-.jpg\" alt=\"\" width=\"155\" height=\"116\" \/><\/a> <a href=\"http:\/\/www.internatura.org\/blog\/wp-content\/uploads\/2012\/03\/Ruta-Botanic-r-11-3-12-.jpg\" rel=\"lightbox\" data-rel=\"lightbox-image-17\" data-rl_title=\"\" data-rl_caption=\"\"><img decoding=\"async\" loading=\"lazy\" class=\"alignnone  wp-image-1239\" title=\"\" src=\"http:\/\/www.internatura.org\/blog\/wp-content\/uploads\/2012\/03\/Ruta-Botanic-r-11-3-12-.jpg\" alt=\"\" width=\"117\" height=\"91\" \/><\/a> <a href=\"http:\/\/www.internatura.org\/blog\/wp-content\/uploads\/2012\/03\/Ruta-Botanic-rr-11-3-12-.jpg\" rel=\"lightbox\" data-rel=\"lightbox-image-18\" data-rl_title=\"\" data-rl_caption=\"\"><img decoding=\"async\" loading=\"lazy\" class=\"alignnone  wp-image-1240\" title=\"\" src=\"http:\/\/www.internatura.org\/blog\/wp-content\/uploads\/2012\/03\/Ruta-Botanic-rr-11-3-12-.jpg\" alt=\"\" width=\"93\" height=\"70\" \/><\/a><\/p>\n<h5 style=\"text-align: center;\">\u00a0<em>Observem la ruta des d&#8217;un punt de vista paisatg\u00edstic i basat en imatges de la mateixa, la natura.<\/em><\/h5>\n<h5 style=\"text-align: center;\"><em>Hi ha moltes m\u00e9s fotos interessants en aquest itinerari que per falta d&#8217;espai no podem exposar, el que ens porta a convidar la gent a gaudir d&#8217;aquest passeig com un component m\u00e9s de la natura, i concretament del riu Millars.<\/em><\/h5>\n<p>Des del punt de vista del GER-EA, destaquen gran quantitat de buits, coves i lleixes que s\u00f3n lloc de nidificacn\u00f3n de rapinyaires di\u00fcrnes com el Xoriguer vulgar (<em>Falco tinnunculus<\/em>), com rapinyaires noturns, mussol com\u00fa, \u00f2liba, xot i podria ser el duc. Lo que d\u00f3na peu a proposar un nou itinerari nocturn, aquest cop aprofitant la ruta del Botanico Calduch.<\/p>\n<p>La pres\u00e8ncia de mam\u00edfers terrestres com la rabossa, o voladors com els ratpenats, molt importants per la seva tasca ecol\u00f2gica, s\u00f3n altres esp\u00e8cies a tenir present en aquest lloc.<\/p>\n<p>&nbsp;<\/p>\n","protected":false},"excerpt":{"rendered":"<p>\u00a0 \u00a0\u00a0 Inici de la senda des de l&#8217;ermita de la Mare de D\u00e9u de Gr\u00e0cia. Una vegada m\u00e9s membres del GER-EA han realitzat un itinerari per la vora del riu Millars. Per a aquest itinerari s&#8217;ha eligida la ruta bot\u00e0nica denominada Bot\u00e0nic Calduch. L&#8217;itinerari tenia com a objectiu recollir \u2026 <a class=\"continue-reading-link\" href=\"https:\/\/internatura.org\/blog\/?p=1169\"> Continuar leyendo <span class=\"meta-nav\">&rarr; <\/span><\/a><\/p>\n","protected":false},"author":1,"featured_media":0,"comment_status":"closed","ping_status":"closed","sticky":false,"template":"","format":"standard","meta":[],"categories":[40],"tags":[19,42],"_links":{"self":[{"href":"https:\/\/internatura.org\/blog\/index.php?rest_route=\/wp\/v2\/posts\/1169"}],"collection":[{"href":"https:\/\/internatura.org\/blog\/index.php?rest_route=\/wp\/v2\/posts"}],"about":[{"href":"https:\/\/internatura.org\/blog\/index.php?rest_route=\/wp\/v2\/types\/post"}],"author":[{"embeddable":true,"href":"https:\/\/internatura.org\/blog\/index.php?rest_route=\/wp\/v2\/users\/1"}],"replies":[{"embeddable":true,"href":"https:\/\/internatura.org\/blog\/index.php?rest_route=%2Fwp%2Fv2%2Fcomments&post=1169"}],"version-history":[{"count":20,"href":"https:\/\/internatura.org\/blog\/index.php?rest_route=\/wp\/v2\/posts\/1169\/revisions"}],"predecessor-version":[{"id":3391,"href":"https:\/\/internatura.org\/blog\/index.php?rest_route=\/wp\/v2\/posts\/1169\/revisions\/3391"}],"wp:attachment":[{"href":"https:\/\/internatura.org\/blog\/index.php?rest_route=%2Fwp%2Fv2%2Fmedia&parent=1169"}],"wp:term":[{"taxonomy":"category","embeddable":true,"href":"https:\/\/internatura.org\/blog\/index.php?rest_route=%2Fwp%2Fv2%2Fcategories&post=1169"},{"taxonomy":"post_tag","embeddable":true,"href":"https:\/\/internatura.org\/blog\/index.php?rest_route=%2Fwp%2Fv2%2Ftags&post=1169"}],"curies":[{"name":"wp","href":"https:\/\/api.w.org\/{rel}","templated":true}]}}