{"id":1217,"date":"2012-03-24T13:29:14","date_gmt":"2012-03-24T12:29:14","guid":{"rendered":"http:\/\/www.internatura.org\/blog\/?p=1217"},"modified":"2014-11-11T08:18:58","modified_gmt":"2014-11-11T08:18:58","slug":"penyagolosa-i-el-riu-montlleo-24032012","status":"publish","type":"post","link":"https:\/\/internatura.org\/blog\/?p=1217","title":{"rendered":"Penyagolosa i el Riu Montlle\u00f3 24\/03\/2012"},"content":{"rendered":"<p><a href=\"http:\/\/www.internatura.org\/blog\/wp-content\/uploads\/2012\/04\/Penya-24-3-12IMG_2774.jpg\" rel=\"lightbox\" data-rel=\"lightbox-image-0\" data-rl_title=\"\" data-rl_caption=\"\"><img decoding=\"async\" loading=\"lazy\" class=\"alignnone size-full wp-image-1267\" title=\"\" src=\"http:\/\/www.internatura.org\/blog\/wp-content\/uploads\/2012\/04\/Penya-24-3-12IMG_2774.jpg\" alt=\"\" width=\"600\" height=\"363\" srcset=\"https:\/\/internatura.org\/blog\/wp-content\/uploads\/2012\/04\/Penya-24-3-12IMG_2774.jpg 600w, https:\/\/internatura.org\/blog\/wp-content\/uploads\/2012\/04\/Penya-24-3-12IMG_2774-300x181.jpg 300w\" sizes=\"(max-width: 600px) 100vw, 600px\" \/><\/a><\/p>\n<p style=\"text-align: justify;\">El dia 2012.03.24, membres del GER-EA, ens desplacem al Mass\u00eds del Penyagolosa i al Riu Montlle\u00f3 amb l&#8217;objectiu de controlar a les parelles d&#8217;\u00e0guila real i de voltor com\u00fa.<br \/>\nAprofitem el dia per despla\u00e7ar-nos per diverses zones del Penyagolosa, del Pla de Vistabella i del Riu Montlle\u00f3 (veure mapa). El que m\u00e9s ens va sorprendre en arribar, va ser la gran quantitat de neu que encara quedava acumulada en molts llocs de la zona, trobant en algun punt un meravell\u00f3s paisatge hivern-primaveral.<\/p>\n<p>Encara que la quantitat d&#8217;aus va ser esc\u00e0s i al final no vam poder observar a les \u00e0guiles reals, gaudim d&#8217;altres esp\u00e8cies de la zona.<\/p>\n<p>El la taula seg\u00fcent s&#8217;exposen les aus observades en els diferents punts de control.<\/p>\n<table width=\"160\" border=\"0\" cellspacing=\"0\" cellpadding=\"0\">\n<colgroup>\n<col span=\"2\" width=\"80\" \/> <\/colgroup>\n<tbody>\n<tr>\n<td width=\"80\" height=\"17\"><em>Nom cientific<\/em><\/td>\n<td width=\"80\"><em>Individuos<\/em><\/td>\n<\/tr>\n<tr>\n<td height=\"17\"><em>Corvus corax<\/em><\/td>\n<td>3<\/td>\n<\/tr>\n<tr>\n<td height=\"17\"><em>Gyps fulvus<\/em><\/td>\n<td>3<\/td>\n<\/tr>\n<tr>\n<td height=\"17\">Phoenicurus ochruros<\/td>\n<td>3<\/td>\n<\/tr>\n<tr>\n<td height=\"17\"><em>Corvus corone<\/em><\/td>\n<td>28<\/td>\n<\/tr>\n<tr>\n<td height=\"17\"><em>Sylvia melanocephala<\/em><\/td>\n<td>1<\/td>\n<\/tr>\n<tr>\n<td height=\"17\"><em>Parus ater<\/em><\/td>\n<td>4<\/td>\n<\/tr>\n<tr>\n<td height=\"17\"><em>Picus viridis<\/em><\/td>\n<td>1<\/td>\n<\/tr>\n<tr>\n<td height=\"17\"><em>Fringilla coelebs<\/em><\/td>\n<td>24<\/td>\n<\/tr>\n<tr>\n<td height=\"17\"><em>Serinus serinus<\/em><\/td>\n<td>2<\/td>\n<\/tr>\n<tr>\n<td height=\"17\"><em>Falco tinnunculus<\/em><\/td>\n<td>1<\/td>\n<\/tr>\n<tr>\n<td height=\"17\"><em>Saxicola torquatus<\/em><\/td>\n<td>9<\/td>\n<\/tr>\n<tr>\n<td height=\"17\"><em>Carduelis cannabina<\/em><\/td>\n<td>4<\/td>\n<\/tr>\n<tr>\n<td height=\"17\"><em>Lanius meridionalis<\/em><\/td>\n<td>1<\/td>\n<\/tr>\n<tr>\n<td height=\"17\"><em>Carduelis carduelis<\/em><\/td>\n<td>4<\/td>\n<\/tr>\n<tr>\n<td height=\"17\"><em>Columba oenas<\/em><\/td>\n<td>7<\/td>\n<\/tr>\n<tr>\n<td height=\"17\"><em>Turdus viscivorus<\/em><\/td>\n<td>12<\/td>\n<\/tr>\n<tr>\n<td height=\"17\"><em>Circaetus gallicus<\/em><\/td>\n<td>1<\/td>\n<\/tr>\n<tr>\n<td height=\"17\"><em>Emberiza cirlus<\/em><\/td>\n<td>1<\/td>\n<\/tr>\n<tr>\n<td height=\"17\"><em>Buteo buteo<\/em><\/td>\n<td>1<\/td>\n<\/tr>\n<\/tbody>\n<\/table>\n<p><a href=\"http:\/\/www.internatura.org\/blog\/wp-content\/uploads\/2012\/04\/Penyagolosa-f-24-3-12.jpg\" rel=\"lightbox\" data-rel=\"lightbox-image-1\" data-rl_title=\"\" data-rl_caption=\"\"><img decoding=\"async\" loading=\"lazy\" class=\"alignnone  wp-image-1284\" title=\"\" src=\"http:\/\/www.internatura.org\/blog\/wp-content\/uploads\/2012\/04\/Penyagolosa-f-24-3-12.jpg\" alt=\"\" width=\"103\" height=\"73\" \/>\u00a0<\/a><a href=\"http:\/\/www.internatura.org\/blog\/wp-content\/uploads\/2012\/04\/Penyagolosa-ee24-3-12.jpg\" rel=\"lightbox\" data-rel=\"lightbox-image-2\" data-rl_title=\"\" data-rl_caption=\"\"><img decoding=\"async\" loading=\"lazy\" class=\"alignnone  wp-image-1285\" title=\"\" src=\"http:\/\/www.internatura.org\/blog\/wp-content\/uploads\/2012\/04\/Penyagolosa-ee24-3-12.jpg\" alt=\"\" width=\"99\" height=\"132\" \/><\/a> <a href=\"http:\/\/www.internatura.org\/blog\/wp-content\/uploads\/2012\/04\/Pla-Vistabella-a-24-3-12.jpg\" rel=\"lightbox\" data-rel=\"lightbox-image-3\" data-rl_title=\"\" data-rl_caption=\"\"><img decoding=\"async\" loading=\"lazy\" class=\"alignnone  wp-image-1286\" title=\"\" src=\"http:\/\/www.internatura.org\/blog\/wp-content\/uploads\/2012\/04\/Pla-Vistabella-a-24-3-12.jpg\" alt=\"\" width=\"138\" height=\"92\" \/><\/a> <a href=\"http:\/\/www.internatura.org\/blog\/wp-content\/uploads\/2012\/04\/Pla-Vistabella-b-24-3-12.jpg\" rel=\"lightbox\" data-rel=\"lightbox-image-4\" data-rl_title=\"\" data-rl_caption=\"\"><img decoding=\"async\" loading=\"lazy\" class=\"alignnone  wp-image-1287\" title=\"\" src=\"http:\/\/www.internatura.org\/blog\/wp-content\/uploads\/2012\/04\/Pla-Vistabella-b-24-3-12.jpg\" alt=\"\" width=\"112\" height=\"110\" \/><\/a> <a href=\"http:\/\/www.internatura.org\/blog\/wp-content\/uploads\/2012\/04\/Pla-Vistabella-c-24-3-12.jpg\" rel=\"lightbox\" data-rel=\"lightbox-image-5\" data-rl_title=\"\" data-rl_caption=\"\"><img decoding=\"async\" loading=\"lazy\" class=\"alignnone  wp-image-1288\" title=\"\" src=\"http:\/\/www.internatura.org\/blog\/wp-content\/uploads\/2012\/04\/Pla-Vistabella-c-24-3-12.jpg\" alt=\"\" width=\"112\" height=\"83\" \/><\/a><\/p>\n<p>Pins\u00e0 mascle i femella \u00a0\u00a0\u00a0\u00a0\u00a0\u00a0\u00a0\u00a0\u00a0\u00a0\u00a0\u00a0\u00a0\u00a0\u00a0\u00a0\u00a0\u00a0\u00a0\u00a0\u00a0\u00a0\u00a0\u00a0\u00a0\u00a0\u00a0\u00a0\u00a0\u00a0\u00a0\u00a0\u00a0\u00a0\u00a0\u00a0 Xixella\u00a0\u00a0\u00a0\u00a0\u00a0\u00a0\u00a0\u00a0\u00a0\u00a0\u00a0\u00a0\u00a0\u00a0\u00a0\u00a0\u00a0\u00a0\u00a0\u00a0\u00a0\u00a0\u00a0\u00a0\u00a0\u00a0\u00a0\u00a0\u00a0\u00a0 Cagam\u00e0necs<\/p>\n<p>&nbsp;<\/p>\n<p><a href=\"http:\/\/www.internatura.org\/blog\/wp-content\/uploads\/2012\/04\/Pla-Vistabella-cf-24-3-12.jpg\" rel=\"lightbox\" data-rel=\"lightbox-image-6\" data-rl_title=\"\" data-rl_caption=\"\"><img decoding=\"async\" loading=\"lazy\" class=\"alignnone  wp-image-1291\" title=\"\" src=\"http:\/\/www.internatura.org\/blog\/wp-content\/uploads\/2012\/04\/Pla-Vistabella-cf-24-3-12.jpg\" alt=\"\" width=\"128\" height=\"135\" srcset=\"https:\/\/internatura.org\/blog\/wp-content\/uploads\/2012\/04\/Pla-Vistabella-cf-24-3-12.jpg 376w, https:\/\/internatura.org\/blog\/wp-content\/uploads\/2012\/04\/Pla-Vistabella-cf-24-3-12-282x300.jpg 282w\" sizes=\"(max-width: 128px) 100vw, 128px\" \/><\/a>\u00a0\u00a0 <a href=\"http:\/\/www.internatura.org\/blog\/wp-content\/uploads\/2012\/04\/Pla-Vistabella-d-24-3-12.jpg\" rel=\"lightbox\" data-rel=\"lightbox-image-7\" data-rl_title=\"\" data-rl_caption=\"\"><img decoding=\"async\" loading=\"lazy\" title=\"\" src=\"http:\/\/www.internatura.org\/blog\/wp-content\/uploads\/2012\/04\/Pla-Vistabella-d-24-3-12.jpg\" alt=\"\" width=\"151\" height=\"146\" \/><\/a> <a href=\"http:\/\/www.internatura.org\/blog\/wp-content\/uploads\/2012\/04\/Pla-Vistabella-h24-3-12.jpg\" rel=\"lightbox\" data-rel=\"lightbox-image-8\" data-rl_title=\"\" data-rl_caption=\"\"><img decoding=\"async\" loading=\"lazy\" class=\"alignnone  wp-image-1292\" title=\"\" src=\"http:\/\/www.internatura.org\/blog\/wp-content\/uploads\/2012\/04\/Pla-Vistabella-h24-3-12.jpg\" alt=\"\" width=\"126\" height=\"78\" \/><\/a> <a href=\"http:\/\/www.internatura.org\/blog\/wp-content\/uploads\/2012\/04\/Pla-Vistabella-hh24-3-12.jpg\" rel=\"lightbox\" data-rel=\"lightbox-image-9\" data-rl_title=\"\" data-rl_caption=\"\"><img decoding=\"async\" loading=\"lazy\" class=\"alignnone  wp-image-1293\" title=\"\" src=\"http:\/\/www.internatura.org\/blog\/wp-content\/uploads\/2012\/04\/Pla-Vistabella-hh24-3-12.jpg\" alt=\"\" width=\"139\" height=\"101\" \/><\/a><\/p>\n<p>Corb\u00a0\u00a0\u00a0\u00a0\u00a0\u00a0\u00a0\u00a0\u00a0\u00a0\u00a0\u00a0\u00a0\u00a0\u00a0\u00a0\u00a0\u00a0\u00a0\u00a0\u00a0 \u00c0guila serpera\u00a0\u00a0\u00a0\u00a0\u00a0\u00a0\u00a0\u00a0\u00a0\u00a0\u00a0\u00a0\u00a0\u00a0\u00a0\u00a0\u00a0\u00a0\u00a0\u00a0\u00a0\u00a0\u00a0\u00a0\u00a0\u00a0\u00a0\u00a0\u00a0\u00a0\u00a0\u00a0\u00a0\u00a0\u00a0\u00a0\u00a0\u00a0 Passerell<\/p>\n<p>Al mateix temps que anavem intentant identificar el m\u00e0xim nombre d&#8217;aus, contempl\u00e0vem l&#8217;extens\u00edssima arquitectura rural, des de les cabanes o refugis de pedra, fins a les diferents tipus de masies o coberts. Una riqu\u00edssima arquitectura dels pobles confosos entre la natura, al costat dels seus i les gents d&#8217;aquests.<\/p>\n<p><a href=\"http:\/\/www.internatura.org\/blog\/wp-content\/uploads\/2012\/04\/Pla-Vistabella-ijkli24-3-12.jpg\" rel=\"lightbox\" data-rel=\"lightbox-image-10\" data-rl_title=\"\" data-rl_caption=\"\"><img decoding=\"async\" loading=\"lazy\" class=\"alignnone  wp-image-1296\" title=\"\" src=\"http:\/\/www.internatura.org\/blog\/wp-content\/uploads\/2012\/04\/Pla-Vistabella-ijkli24-3-12.jpg\" alt=\"\" width=\"100\" height=\"74\" \/><\/a> <a href=\"http:\/\/www.internatura.org\/blog\/wp-content\/uploads\/2012\/04\/Vistabella-24-3-12-IMG_2745.jpg\" rel=\"lightbox\" data-rel=\"lightbox-image-11\" data-rl_title=\"\" data-rl_caption=\"\"><img decoding=\"async\" loading=\"lazy\" class=\"alignnone  wp-image-1297\" title=\"\" src=\"http:\/\/www.internatura.org\/blog\/wp-content\/uploads\/2012\/04\/Vistabella-24-3-12-IMG_2745.jpg\" alt=\"\" width=\"77\" height=\"109\" \/><\/a> <a href=\"http:\/\/www.internatura.org\/blog\/wp-content\/uploads\/2012\/04\/Vistabella-a-24-3-12-IMG_27.jpg\" rel=\"lightbox\" data-rel=\"lightbox-image-12\" data-rl_title=\"\" data-rl_caption=\"\"><img decoding=\"async\" loading=\"lazy\" class=\"alignnone  wp-image-1298\" title=\"\" src=\"http:\/\/www.internatura.org\/blog\/wp-content\/uploads\/2012\/04\/Vistabella-a-24-3-12-IMG_27.jpg\" alt=\"\" width=\"128\" height=\"96\" srcset=\"https:\/\/internatura.org\/blog\/wp-content\/uploads\/2012\/04\/Vistabella-a-24-3-12-IMG_27.jpg 400w, https:\/\/internatura.org\/blog\/wp-content\/uploads\/2012\/04\/Vistabella-a-24-3-12-IMG_27-300x225.jpg 300w\" sizes=\"(max-width: 128px) 100vw, 128px\" \/><\/a>\u00a0 <a href=\"http:\/\/www.internatura.org\/blog\/wp-content\/uploads\/2012\/04\/Pla-Vistabella-ili24-3-12.jpg\" rel=\"lightbox\" data-rel=\"lightbox-image-13\" data-rl_title=\"\" data-rl_caption=\"\"><img decoding=\"async\" loading=\"lazy\" class=\"alignnone  wp-image-1299\" title=\"\" src=\"http:\/\/www.internatura.org\/blog\/wp-content\/uploads\/2012\/04\/Pla-Vistabella-ili24-3-12.jpg\" alt=\"\" width=\"145\" height=\"71\" \/><\/a> <a href=\"http:\/\/www.internatura.org\/blog\/wp-content\/uploads\/2012\/04\/Penyagolosa-c-24-3-12.jpg\" rel=\"lightbox\" data-rel=\"lightbox-image-14\" data-rl_title=\"\" data-rl_caption=\"\"><img decoding=\"async\" loading=\"lazy\" class=\"alignnone  wp-image-1306\" title=\"\" src=\"http:\/\/www.internatura.org\/blog\/wp-content\/uploads\/2012\/04\/Penyagolosa-c-24-3-12.jpg\" alt=\"\" width=\"140\" height=\"94\" srcset=\"https:\/\/internatura.org\/blog\/wp-content\/uploads\/2012\/04\/Penyagolosa-c-24-3-12.jpg 400w, https:\/\/internatura.org\/blog\/wp-content\/uploads\/2012\/04\/Penyagolosa-c-24-3-12-300x202.jpg 300w\" sizes=\"(max-width: 140px) 100vw, 140px\" \/><\/a><\/p>\n<p>Unit a l&#8217;aprofitament forestala l&#8217;agricultura, ramaderia i altres. Que en aquesta zona detectem amplis cultius destinats a aquesta activitat.<\/p>\n<p><a href=\"http:\/\/www.internatura.org\/blog\/wp-content\/uploads\/2012\/04\/Pla-Vistabella-hji24-3-12.jpg\" rel=\"lightbox\" data-rel=\"lightbox-image-15\" data-rl_title=\"\" data-rl_caption=\"\"><img decoding=\"async\" loading=\"lazy\" class=\"alignnone  wp-image-1300\" title=\"\" src=\"http:\/\/www.internatura.org\/blog\/wp-content\/uploads\/2012\/04\/Pla-Vistabella-hji24-3-12.jpg\" alt=\"\" width=\"120\" height=\"81\" \/><\/a>\u00a0 <a href=\"http:\/\/www.internatura.org\/blog\/wp-content\/uploads\/2012\/04\/Pla-Vistabella-ii24-3-12.jpg\" rel=\"lightbox\" data-rel=\"lightbox-image-16\" data-rl_title=\"\" data-rl_caption=\"\"><img decoding=\"async\" loading=\"lazy\" class=\"alignnone  wp-image-1302\" title=\"\" src=\"http:\/\/www.internatura.org\/blog\/wp-content\/uploads\/2012\/04\/Pla-Vistabella-ii24-3-12.jpg\" alt=\"\" width=\"122\" height=\"81\" \/><\/a> <a href=\"http:\/\/www.internatura.org\/blog\/wp-content\/uploads\/2012\/04\/Pla-Vistabella-g-24-3-12.jpg\" rel=\"lightbox\" data-rel=\"lightbox-image-17\" data-rl_title=\"\" data-rl_caption=\"\"><img decoding=\"async\" loading=\"lazy\" class=\"alignnone  wp-image-1303\" title=\"\" src=\"http:\/\/www.internatura.org\/blog\/wp-content\/uploads\/2012\/04\/Pla-Vistabella-g-24-3-12.jpg\" alt=\"\" width=\"149\" height=\"99\" \/><\/a>\u00a0 <a href=\"http:\/\/www.internatura.org\/blog\/wp-content\/uploads\/2012\/04\/Pla-Vistabella-e-24-3-12.jpg\" rel=\"lightbox\" data-rel=\"lightbox-image-18\" data-rl_title=\"\" data-rl_caption=\"\"><img decoding=\"async\" loading=\"lazy\" class=\"alignnone  wp-image-1305\" title=\"\" src=\"http:\/\/www.internatura.org\/blog\/wp-content\/uploads\/2012\/04\/Pla-Vistabella-e-24-3-12.jpg\" alt=\"\" width=\"193\" height=\"133\" srcset=\"https:\/\/internatura.org\/blog\/wp-content\/uploads\/2012\/04\/Pla-Vistabella-e-24-3-12.jpg 500w, https:\/\/internatura.org\/blog\/wp-content\/uploads\/2012\/04\/Pla-Vistabella-e-24-3-12-300x208.jpg 300w\" sizes=\"(max-width: 193px) 100vw, 193px\" \/><\/a><\/p>\n<p style=\"text-align: justify;\">La gran riquesa natural i humana que caracter\u00edza aquesta zona, es resite a cedir terreny davant algunes agressions que es van produint a la zona, algunes potenciades per la pr\u00f2pia Conselleria de Medi Ambient, com la tala d&#8217;arbres o pins vells, que s\u00f3n importants per la instal \u00b7 laci\u00f3 de nius de rapinyaires forestals, l&#8217;eliminaci\u00f3 de gran quantitat de pins amb l&#8217;objectiu d&#8217;eliminar el vesc, la lluita NO biol\u00f2gica contra la procession\u00e0ria, o la instal \u00b7 laci\u00f3 de l\u00ednies el\u00e8ctriques sense les mesures o disseny necessaris per evitar la mort d&#8217;aus per electrocuci\u00f3 o col \u00b7 lisi\u00f3 o el filferro espin\u00f3s per separar finques o perqu\u00e8 els animals dom\u00e8stics desapareguen, sense oblidar la sobre ca\u00e7a o ca\u00e7a il \u00b7 legal.<\/p>\n<p style=\"text-align: center;\"><a href=\"http:\/\/www.internatura.org\/blog\/wp-content\/uploads\/2012\/04\/Pla-Vistabella-i24-3-12.jpg\" rel=\"lightbox\" data-rel=\"lightbox-image-19\" data-rl_title=\"\" data-rl_caption=\"\"><img decoding=\"async\" loading=\"lazy\" title=\"\" src=\"http:\/\/www.internatura.org\/blog\/wp-content\/uploads\/2012\/04\/Pla-Vistabella-i24-3-12.jpg\" alt=\"\" width=\"133\" height=\"88\" \/><\/a> <a href=\"http:\/\/www.internatura.org\/blog\/wp-content\/uploads\/2012\/04\/Pla-Vistabella-li24-3-12.jpg\" rel=\"lightbox\" data-rel=\"lightbox-image-20\" data-rl_title=\"\" data-rl_caption=\"\"><img decoding=\"async\" loading=\"lazy\" class=\"alignnone  wp-image-1309\" title=\"\" src=\"http:\/\/www.internatura.org\/blog\/wp-content\/uploads\/2012\/04\/Pla-Vistabella-li24-3-12.jpg\" alt=\"\" width=\"107\" height=\"162\" \/><\/a> <a href=\"http:\/\/www.internatura.org\/blog\/wp-content\/uploads\/2012\/04\/Pla-Vistabella-ililk24-3-12.jpg\" rel=\"lightbox\" data-rel=\"lightbox-image-21\" data-rl_title=\"\" data-rl_caption=\"\"><img decoding=\"async\" loading=\"lazy\" class=\"alignnone  wp-image-1310\" title=\"\" src=\"http:\/\/www.internatura.org\/blog\/wp-content\/uploads\/2012\/04\/Pla-Vistabella-ililk24-3-12.jpg\" alt=\"\" width=\"135\" height=\"201\" \/><\/a>\u00a0 <a href=\"http:\/\/www.internatura.org\/blog\/wp-content\/uploads\/2012\/04\/Pla-Vistabella-ilipo24-3-12.jpg\" rel=\"lightbox\" data-rel=\"lightbox-image-22\" data-rl_title=\"\" data-rl_caption=\"\"><img decoding=\"async\" loading=\"lazy\" class=\"alignnone  wp-image-1312\" title=\"\" src=\"http:\/\/www.internatura.org\/blog\/wp-content\/uploads\/2012\/04\/Pla-Vistabella-ilipo24-3-12.jpg\" alt=\"\" width=\"215\" height=\"107\" \/><\/a><\/p>\n<p style=\"text-align: center;\">\u00a0<a href=\"http:\/\/www.internatura.org\/blog\/wp-content\/uploads\/2012\/04\/Pla-Vistabella-f-24-3-12.jpg\" rel=\"lightbox\" data-rel=\"lightbox-image-23\" data-rl_title=\"\" data-rl_caption=\"\"><img decoding=\"async\" loading=\"lazy\" title=\"\" src=\"http:\/\/www.internatura.org\/blog\/wp-content\/uploads\/2012\/04\/Pla-Vistabella-f-24-3-12.jpg\" alt=\"\" width=\"176\" height=\"117\" \/> \u00a0<\/a><a href=\"http:\/\/www.internatura.org\/blog\/wp-content\/uploads\/2012\/04\/Pla-Vistabella-Ft24-3-12.jpg\" rel=\"lightbox\" data-rel=\"lightbox-image-24\" data-rl_title=\"\" data-rl_caption=\"\"><img decoding=\"async\" loading=\"lazy\" title=\"\" src=\"http:\/\/www.internatura.org\/blog\/wp-content\/uploads\/2012\/04\/Pla-Vistabella-Ft24-3-12.jpg\" alt=\"\" width=\"178\" height=\"178\" \/><\/a><\/p>\n<p>&nbsp;<\/p>\n<p>&nbsp;<\/p>\n<p>&nbsp;<\/p>\n","protected":false},"excerpt":{"rendered":"<p>El dia 2012.03.24, membres del GER-EA, ens desplacem al Mass\u00eds del Penyagolosa i al Riu Montlle\u00f3 amb l&#8217;objectiu de controlar a les parelles d&#8217;\u00e0guila real i de voltor com\u00fa. Aprofitem el dia per despla\u00e7ar-nos per diverses zones del Penyagolosa, del Pla de Vistabella i del Riu Montlle\u00f3 (veure mapa). El \u2026 <a class=\"continue-reading-link\" href=\"https:\/\/internatura.org\/blog\/?p=1217\"> Continuar leyendo <span class=\"meta-nav\">&rarr; <\/span><\/a><\/p>\n","protected":false},"author":1,"featured_media":0,"comment_status":"closed","ping_status":"closed","sticky":false,"template":"","format":"standard","meta":[],"categories":[25],"tags":[44,45],"_links":{"self":[{"href":"https:\/\/internatura.org\/blog\/index.php?rest_route=\/wp\/v2\/posts\/1217"}],"collection":[{"href":"https:\/\/internatura.org\/blog\/index.php?rest_route=\/wp\/v2\/posts"}],"about":[{"href":"https:\/\/internatura.org\/blog\/index.php?rest_route=\/wp\/v2\/types\/post"}],"author":[{"embeddable":true,"href":"https:\/\/internatura.org\/blog\/index.php?rest_route=\/wp\/v2\/users\/1"}],"replies":[{"embeddable":true,"href":"https:\/\/internatura.org\/blog\/index.php?rest_route=%2Fwp%2Fv2%2Fcomments&post=1217"}],"version-history":[{"count":12,"href":"https:\/\/internatura.org\/blog\/index.php?rest_route=\/wp\/v2\/posts\/1217\/revisions"}],"predecessor-version":[{"id":1403,"href":"https:\/\/internatura.org\/blog\/index.php?rest_route=\/wp\/v2\/posts\/1217\/revisions\/1403"}],"wp:attachment":[{"href":"https:\/\/internatura.org\/blog\/index.php?rest_route=%2Fwp%2Fv2%2Fmedia&parent=1217"}],"wp:term":[{"taxonomy":"category","embeddable":true,"href":"https:\/\/internatura.org\/blog\/index.php?rest_route=%2Fwp%2Fv2%2Fcategories&post=1217"},{"taxonomy":"post_tag","embeddable":true,"href":"https:\/\/internatura.org\/blog\/index.php?rest_route=%2Fwp%2Fv2%2Ftags&post=1217"}],"curies":[{"name":"wp","href":"https:\/\/api.w.org\/{rel}","templated":true}]}}