{"id":130,"date":"2012-01-10T00:55:50","date_gmt":"2012-01-10T23:55:50","guid":{"rendered":"http:\/\/www.internatura.org\/blog\/?p=130"},"modified":"2014-11-11T08:19:11","modified_gmt":"2014-11-11T08:19:11","slug":"cens-daus-a-la-marjal-de-la-llosa-i-xilxes-10012012","status":"publish","type":"post","link":"https:\/\/internatura.org\/blog\/?p=130","title":{"rendered":"Cens d&#8217;aus a la marjal de la Llosa i Xilxes. 10\/01\/2012"},"content":{"rendered":"<p>Membres del GER-EA inicien el recompte d&#8217;aus a la marjal de la Llosa i Xilxes en col \u00b7 laboraci\u00f3 dels membres del grup Acci\u00f3 Ecologista Agr\u00f3 (organitzador).<\/p>\n<p><strong>10\/01\/2012<\/strong><\/p>\n<p>Observadors: Josep Bort , Sergi Marza y J.Lluis Bort (GER-EA).<br \/>\nEls resultats obtinguts s\u00f3n:<\/p>\n<p><strong>Marjal de La Llosa:<\/strong><\/p>\n<table width=\"356\" border=\"0\" cellspacing=\"0\" cellpadding=\"0\">\n<colgroup>\n<col span=\"2\" width=\"178\" \/> <\/colgroup>\n<tbody>\n<tr>\n<td width=\"178\" height=\"17\"><em>Circus aeruginosus<\/em><\/td>\n<td width=\"178\">3<\/td>\n<\/tr>\n<tr>\n<td height=\"17\"><em>Bubulcus ibis<\/em><\/td>\n<td>48<\/td>\n<\/tr>\n<tr>\n<td height=\"17\"><em>Turdus merula<\/em><\/td>\n<td>1<\/td>\n<\/tr>\n<tr>\n<td height=\"17\"><em>Ardea cinerea<\/em><\/td>\n<td>68<\/td>\n<\/tr>\n<tr>\n<td height=\"17\"><em>Egretta garzetta<\/em><\/td>\n<td>194<\/td>\n<\/tr>\n<tr>\n<td height=\"17\"><em>Egretta alba<\/em><\/td>\n<td>2<\/td>\n<\/tr>\n<tr>\n<td height=\"17\"><em>Phalacrocorax carbo<\/em><\/td>\n<td>10<\/td>\n<\/tr>\n<tr>\n<td height=\"17\"><em>Lanius excubitor<\/em><\/td>\n<td>1<\/td>\n<\/tr>\n<tr>\n<td height=\"17\"><em>Phoenicurus ochruros<\/em><\/td>\n<td>3<\/td>\n<\/tr>\n<tr>\n<td height=\"17\"><em>Vanellus vanellus<\/em><\/td>\n<td>65<\/td>\n<\/tr>\n<tr>\n<td height=\"17\"><em>Cisticola juncidis<\/em><\/td>\n<td>3<\/td>\n<\/tr>\n<tr>\n<td height=\"17\"><em>Anthus pratensis<\/em><\/td>\n<td>50<\/td>\n<\/tr>\n<tr>\n<td height=\"17\"><em>Falco tinnunculus<\/em><\/td>\n<td>3<\/td>\n<\/tr>\n<tr>\n<td height=\"17\"><em>Buteo buteo<\/em><\/td>\n<td>3<\/td>\n<\/tr>\n<tr>\n<td height=\"17\"><em>Galerida cristata<\/em><\/td>\n<td>4<\/td>\n<\/tr>\n<tr>\n<td height=\"17\"><em>Fringilla coelebs<\/em><\/td>\n<td>75<\/td>\n<\/tr>\n<tr>\n<td height=\"17\"><em>Tringa ochropus<\/em><\/td>\n<td>1<\/td>\n<\/tr>\n<tr>\n<td height=\"17\"><em>Tringa ochropus<\/em><\/td>\n<td>1<\/td>\n<\/tr>\n<tr>\n<td height=\"17\"><em>Hieraaetus pennatus<\/em><\/td>\n<td>1<\/td>\n<\/tr>\n<tr>\n<td height=\"17\"><em>Luscinia svecica<\/em><\/td>\n<td>4<\/td>\n<\/tr>\n<tr>\n<td height=\"17\"><em>Emberiza schoeniclus<\/em><\/td>\n<td>7<\/td>\n<\/tr>\n<tr>\n<td height=\"17\"><em>Motacilla alba<\/em><\/td>\n<td>12<\/td>\n<\/tr>\n<tr>\n<td height=\"17\"><em>Larus ridibundus<\/em><\/td>\n<td>700<\/td>\n<\/tr>\n<tr>\n<td height=\"17\"><em>Larus fuscus<\/em><\/td>\n<td>42<\/td>\n<\/tr>\n<tr>\n<td height=\"17\"><em>Saxicola torquatus<\/em><\/td>\n<td>8<\/td>\n<\/tr>\n<\/tbody>\n<\/table>\n<p><em><a href=\"http:\/\/www.internatura.org\/blog\/wp-content\/uploads\/2012\/02\/marjal-19-01-2012IMG_0242.jpg\" rel=\"lightbox\" data-rel=\"lightbox-image-0\" data-rl_title=\"\" data-rl_caption=\"\"><img decoding=\"async\" loading=\"lazy\" class=\"alignnone  wp-image-144\" title=\"\" src=\"http:\/\/www.internatura.org\/blog\/wp-content\/uploads\/2012\/02\/marjal-19-01-2012IMG_0242-300x169.jpg\" alt=\"\" width=\"424\" height=\"238\" srcset=\"https:\/\/internatura.org\/blog\/wp-content\/uploads\/2012\/02\/marjal-19-01-2012IMG_0242-300x169.jpg 300w, https:\/\/internatura.org\/blog\/wp-content\/uploads\/2012\/02\/marjal-19-01-2012IMG_0242.jpg 1000w\" sizes=\"(max-width: 424px) 100vw, 424px\" \/><\/a><\/em><\/p>\n<p style=\"text-align: center;\"><em>Marjal de la Llosa, tractor movent la terra, envoltat per gavines vulgars. 10\/01\/2012<\/em><\/p>\n<p><strong>Marjal de Xilxes.<\/strong><\/p>\n<table width=\"429\" border=\"0\" cellspacing=\"0\" cellpadding=\"0\">\n<colgroup>\n<col span=\"2\" width=\"178\" \/> <\/colgroup>\n<tbody>\n<tr>\n<td width=\"178\" height=\"17\">Tetrax tetrax<\/td>\n<td width=\"178\">1<\/td>\n<\/tr>\n<tr>\n<td height=\"17\"><em>Phalacrocorax carbo<\/em><\/td>\n<td>6<\/td>\n<\/tr>\n<tr>\n<td height=\"17\"><em>Falco tinnunculus<\/em><\/td>\n<td>2<\/td>\n<\/tr>\n<tr>\n<td height=\"17\"><em>Egretta garzetta<\/em><\/td>\n<td>10<\/td>\n<\/tr>\n<tr>\n<td height=\"17\"><em>Fringilla coelebs<\/em><\/td>\n<td>50<\/td>\n<\/tr>\n<tr>\n<td height=\"17\"><em>Charadrius dubius<\/em><\/td>\n<td>6<\/td>\n<\/tr>\n<tr>\n<td height=\"17\"><em>Ardea cinerea<\/em><\/td>\n<td>1<\/td>\n<\/tr>\n<tr>\n<td height=\"17\"><em>Motacilla alba<\/em><\/td>\n<td>25<\/td>\n<\/tr>\n<tr>\n<td height=\"17\"><em>Anthus pratensis<\/em><\/td>\n<td>10<\/td>\n<\/tr>\n<tr>\n<td height=\"17\"><em>Anas platyrhynchos<\/em><\/td>\n<td>2<\/td>\n<\/tr>\n<tr>\n<td height=\"17\"><em>Circus aeruginosus<\/em><\/td>\n<td>2<\/td>\n<\/tr>\n<tr>\n<td height=\"17\"><em>Serinus serinus<\/em><\/td>\n<td>17<\/td>\n<\/tr>\n<tr>\n<td height=\"17\"><em>Vanellus vanellus<\/em><\/td>\n<td>2<\/td>\n<\/tr>\n<tr>\n<td height=\"17\"><em>Pica pica<\/em><\/td>\n<td>5<\/td>\n<\/tr>\n<tr>\n<td height=\"17\"><em>Upupa epops<\/em><\/td>\n<td>3<\/td>\n<\/tr>\n<tr>\n<td height=\"17\"><em>Gallinago gallinago<\/em><\/td>\n<td>3<\/td>\n<\/tr>\n<tr>\n<td height=\"17\"><em>Erithacus rubecula<\/em><\/td>\n<td>2<\/td>\n<\/tr>\n<tr>\n<td height=\"17\"><em>Egretta alba<\/em><\/td>\n<td>1<\/td>\n<\/tr>\n<tr>\n<td height=\"17\"><em>Bubulcus ibis<\/em><\/td>\n<td>3<\/td>\n<\/tr>\n<tr>\n<td height=\"17\"><em>Emberiza schoeniclus<\/em><\/td>\n<td>12<\/td>\n<\/tr>\n<tr>\n<td height=\"17\"><em>Saxicola torquatus<\/em><\/td>\n<td>4<\/td>\n<\/tr>\n<tr>\n<td height=\"17\"><em>Buteo buteo<\/em><\/td>\n<td>1<\/td>\n<\/tr>\n<tr>\n<td height=\"17\"><em>Luscinia svecica<\/em><\/td>\n<td>1<\/td>\n<\/tr>\n<\/tbody>\n<\/table>\n<p><a href=\"http:\/\/www.internatura.org\/blog\/wp-content\/uploads\/2012\/02\/Sison-a-10-01-2012-IMG_8770.jpg\" rel=\"lightbox\" data-rel=\"lightbox-image-1\" data-rl_title=\"\" data-rl_caption=\"\"><img decoding=\"async\" loading=\"lazy\" class=\"alignnone  wp-image-138\" title=\"\" src=\"http:\/\/www.internatura.org\/blog\/wp-content\/uploads\/2012\/02\/Sison-a-10-01-2012-IMG_8770-192x300.jpg\" alt=\"\" width=\"156\" height=\"245\" srcset=\"https:\/\/internatura.org\/blog\/wp-content\/uploads\/2012\/02\/Sison-a-10-01-2012-IMG_8770-192x300.jpg 192w, https:\/\/internatura.org\/blog\/wp-content\/uploads\/2012\/02\/Sison-a-10-01-2012-IMG_8770.jpg 448w\" sizes=\"(max-width: 156px) 100vw, 156px\" \/><\/a>\u00a0 <a href=\"http:\/\/www.internatura.org\/blog\/wp-content\/uploads\/2012\/02\/Sison-c-10-01-2012-IMG_8770.jpg\" rel=\"lightbox\" data-rel=\"lightbox-image-2\" data-rl_title=\"\" data-rl_caption=\"\"><img decoding=\"async\" loading=\"lazy\" class=\"alignnone size-medium wp-image-137\" title=\"\" src=\"http:\/\/www.internatura.org\/blog\/wp-content\/uploads\/2012\/02\/Sison-c-10-01-2012-IMG_8770-291x300.jpg\" alt=\"\" width=\"291\" height=\"300\" srcset=\"https:\/\/internatura.org\/blog\/wp-content\/uploads\/2012\/02\/Sison-c-10-01-2012-IMG_8770-291x300.jpg 291w, https:\/\/internatura.org\/blog\/wp-content\/uploads\/2012\/02\/Sison-c-10-01-2012-IMG_8770.jpg 389w\" sizes=\"(max-width: 291px) 100vw, 291px\" \/><\/a><\/p>\n<p style=\"text-align: center;\">\u00a0Sis\u00f3 ( <a href=\"..\/..\/aocv\/ficha.php?idesp=101\">Tetrax tetrax<\/a> ) vist a la marjal de Xilxes 10\/01\/2012<\/p>\n<p>&nbsp;<\/p>\n<p><strong>Marjal de Moncofar-Nules<\/strong><\/p>\n<table width=\"356\" border=\"0\" cellspacing=\"0\" cellpadding=\"0\">\n<colgroup>\n<col span=\"2\" width=\"178\" \/> <\/colgroup>\n<tbody>\n<tr>\n<td width=\"178\" height=\"17\"><em>Lanius senator<\/em><\/td>\n<td width=\"178\">1<\/td>\n<\/tr>\n<tr>\n<td height=\"17\"><em>Buteo buteo<\/em><\/td>\n<td>1<\/td>\n<\/tr>\n<tr>\n<td height=\"17\"><em>Phoenicurus ochruros<\/em><\/td>\n<td>2<\/td>\n<\/tr>\n<tr>\n<td height=\"17\"><em>Saxicola torquatus<\/em><\/td>\n<td>2<\/td>\n<\/tr>\n<tr>\n<td height=\"17\"><em>Egretta garzetta<\/em><\/td>\n<td>6<\/td>\n<\/tr>\n<tr>\n<td height=\"17\"><em>Carduelis carduelis<\/em><\/td>\n<td>6<\/td>\n<\/tr>\n<tr>\n<td height=\"17\"><em>Falco tinnunculus<\/em><\/td>\n<td>1<\/td>\n<\/tr>\n<tr>\n<td height=\"17\"><em>Upupa epops<\/em><\/td>\n<td>1<\/td>\n<\/tr>\n<tr>\n<td height=\"17\"><em>Erithacus rubecula<\/em><\/td>\n<td>1<\/td>\n<\/tr>\n<tr>\n<td height=\"17\"><em>Carduelis chloris<\/em><\/td>\n<td>1<\/td>\n<\/tr>\n<tr>\n<td height=\"17\"><em>Tringa ochropus<\/em><\/td>\n<td>1<\/td>\n<\/tr>\n<tr>\n<td height=\"17\"><em>Actitis hypoleucos<\/em><\/td>\n<td>1<\/td>\n<\/tr>\n<tr>\n<td height=\"17\"><em>Motacilla cinerea<\/em><\/td>\n<td>1<\/td>\n<\/tr>\n<tr>\n<td height=\"17\"><em>Motacilla alba<\/em><\/td>\n<td>8<\/td>\n<\/tr>\n<tr>\n<td height=\"17\"><em>Ptyonoprogne rupestris<\/em><\/td>\n<td>30<\/td>\n<\/tr>\n<\/tbody>\n<\/table>\n<p><strong>Estany de Nules &#8211; Marjal de Borriana<\/strong><\/p>\n<table width=\"640\" border=\"0\" cellspacing=\"0\" cellpadding=\"0\">\n<colgroup>\n<col span=\"2\" width=\"178\" \/> <\/colgroup>\n<tbody>\n<tr>\n<td width=\"178\" height=\"17\"><em>Fulica atra<\/em><\/td>\n<td width=\"178\">20<\/td>\n<\/tr>\n<tr>\n<td height=\"17\"><em>Falco tinnunculus<\/em><\/td>\n<td>1<\/td>\n<\/tr>\n<tr>\n<td height=\"17\"><em>Phalacrocorax carbo<\/em><\/td>\n<td>7<\/td>\n<\/tr>\n<tr>\n<td height=\"17\"><em>Tachybaptus ruficollis<\/em><\/td>\n<td>2<\/td>\n<\/tr>\n<\/tbody>\n<\/table>\n","protected":false},"excerpt":{"rendered":"<p>Membres del GER-EA inicien el recompte d&#8217;aus a la marjal de la Llosa i Xilxes en col \u00b7 laboraci\u00f3 dels membres del grup Acci\u00f3 Ecologista Agr\u00f3 (organitzador). 10\/01\/2012 Observadors: Josep Bort , Sergi Marza y J.Lluis Bort (GER-EA). Els resultats obtinguts s\u00f3n: Marjal de La Llosa: Circus aeruginosus 3 Bubulcus \u2026 <a class=\"continue-reading-link\" href=\"https:\/\/internatura.org\/blog\/?p=130\"> Continuar leyendo <span class=\"meta-nav\">&rarr; <\/span><\/a><\/p>\n","protected":false},"author":1,"featured_media":0,"comment_status":"closed","ping_status":"open","sticky":false,"template":"","format":"standard","meta":[],"categories":[7],"tags":[],"_links":{"self":[{"href":"https:\/\/internatura.org\/blog\/index.php?rest_route=\/wp\/v2\/posts\/130"}],"collection":[{"href":"https:\/\/internatura.org\/blog\/index.php?rest_route=\/wp\/v2\/posts"}],"about":[{"href":"https:\/\/internatura.org\/blog\/index.php?rest_route=\/wp\/v2\/types\/post"}],"author":[{"embeddable":true,"href":"https:\/\/internatura.org\/blog\/index.php?rest_route=\/wp\/v2\/users\/1"}],"replies":[{"embeddable":true,"href":"https:\/\/internatura.org\/blog\/index.php?rest_route=%2Fwp%2Fv2%2Fcomments&post=130"}],"version-history":[{"count":18,"href":"https:\/\/internatura.org\/blog\/index.php?rest_route=\/wp\/v2\/posts\/130\/revisions"}],"predecessor-version":[{"id":3403,"href":"https:\/\/internatura.org\/blog\/index.php?rest_route=\/wp\/v2\/posts\/130\/revisions\/3403"}],"wp:attachment":[{"href":"https:\/\/internatura.org\/blog\/index.php?rest_route=%2Fwp%2Fv2%2Fmedia&parent=130"}],"wp:term":[{"taxonomy":"category","embeddable":true,"href":"https:\/\/internatura.org\/blog\/index.php?rest_route=%2Fwp%2Fv2%2Fcategories&post=130"},{"taxonomy":"post_tag","embeddable":true,"href":"https:\/\/internatura.org\/blog\/index.php?rest_route=%2Fwp%2Fv2%2Ftags&post=130"}],"curies":[{"name":"wp","href":"https:\/\/api.w.org\/{rel}","templated":true}]}}