{"id":148,"date":"2012-02-01T16:41:10","date_gmt":"2012-02-01T15:41:10","guid":{"rendered":"http:\/\/www.internatura.org\/blog\/?p=148"},"modified":"2014-11-11T08:19:11","modified_gmt":"2014-11-11T08:19:11","slug":"el-ger-ea-inicia-el-control-reproductiu-de-laliga-cuabarrada-i-real-febrer-2012","status":"publish","type":"post","link":"https:\/\/internatura.org\/blog\/?p=148","title":{"rendered":"El GER-EA inicia el control reproductiu de l&#8217;\u00e0guila de panxa blanca i reial. Febrer-2012"},"content":{"rendered":"<p>Un any m\u00e9s membres del Grup d&#8217;Estudi i Protecci\u00f3 dels rapinyaires inicien el control reproductiu anual d&#8217;\u00e0guila de panxa blanca i real. El cens es fa a tota la prov\u00edncia de Castell\u00f3, concentrant els esfor\u00e7os principalment en els territoris ocupats en els \u00faltims cinc anys. Respecte a les dades de l&#8217;any passat, en alguns territori amb bones reproduccions, es van observar fracassos tant en \u00e0guila real com en \u00e0guila de panxa blanca, igual com van vore territoris on no es va poder detectar la reproducci\u00f3 en cap niu conegut. Aquest fet fa que no baixem la gu\u00e0rdia davant aquests moviments i davant possibles espolis com els ocorreguts al Baix Maestrat l&#8217;any passat.<a href=\"http:\/\/www.internatura.org\/blog\/wp-content\/uploads\/2012\/02\/ElsOrgensDSCN1707.jpg\" rel=\"lightbox\" data-rel=\"lightbox-image-0\" data-rl_title=\"\" data-rl_caption=\"\"><img decoding=\"async\" loading=\"lazy\" class=\"wp-image-206 aligncenter\" title=\"\" src=\"http:\/\/www.internatura.org\/blog\/wp-content\/uploads\/2012\/02\/ElsOrgensDSCN1707-300x274.jpg\" alt=\"\" width=\"237\" height=\"215\" \/><\/a>\u00a0\u00a0\u00a0 <a href=\"http:\/\/www.internatura.org\/blog\/wp-content\/uploads\/2012\/02\/Perdicera-Cedraman-ad-2-06-.jpg\" rel=\"lightbox\" data-rel=\"lightbox-image-1\" data-rl_title=\"\" data-rl_caption=\"\"><img decoding=\"async\" loading=\"lazy\" title=\"\" src=\"http:\/\/www.internatura.org\/blog\/wp-content\/uploads\/2012\/02\/Perdicera-Cedraman-ad-2-06--300x228.jpg\" alt=\"\" width=\"203\" height=\"154\" \/><\/a>\u00a0\u00a0\u00a0 <a href=\"http:\/\/www.internatura.org\/blog\/wp-content\/uploads\/2012\/02\/Perdi-Cedraman-2-06-2010-kj.jpg\" rel=\"lightbox\" data-rel=\"lightbox-image-2\" data-rl_title=\"\" data-rl_caption=\"\"><img decoding=\"async\" loading=\"lazy\" class=\"alignright\" title=\"\" src=\"http:\/\/www.internatura.org\/blog\/wp-content\/uploads\/2012\/02\/Perdi-Cedraman-2-06-2010-kj-300x280.jpg\" alt=\"\" width=\"167\" height=\"168\" \/><\/a><\/p>\n<h5 style=\"text-align: center;\"><em>Adults volan i posats a un lloc de descans d&#8217;\u00e0guila de panxa blanca. S\u00aa d&#8217;Espad\u00e0. Fotos Josep Bort<\/em><\/h5>\n<p style=\"text-align: justify;\">Per part del GER-EA, anem a enviar un escrit a la Direcci\u00f3 Territorial de la Conselleria de Medi Ambient, com altres anys, informant-los que anem a iniciar l control de les rapinyaires, on col \u00b7 loquem nom i DNI de les persones que realitzarem el cens.<\/p>\n<p style=\"text-align: justify;\">Per al control dels territoris i en el cas del cens d&#8217;\u00e0guila reial i \u00e0guila de panxa blanca, les visites es distribueixen de forma gen\u00e8rica a:<\/p>\n<p style=\"text-align: justify;\"><strong>Primeres visites<\/strong>: entre l&#8217;1 de gener i principi de mar\u00e7. Amb l&#8217;objectiu de la detecci\u00f3 de l&#8217;ocupaci\u00f3 o no, dels territoris i les zones de cria.<\/p>\n<p style=\"text-align: justify;\"><strong>Segones visites<\/strong>: Final de mar\u00e7 i tot abril, per detectar la pres\u00e8ncia dels rapinyaires en actitud d&#8217;incubaci\u00f3 o observaci\u00f3 de petits polls.<\/p>\n<p style=\"text-align: justify;\"><strong>Terceres visites<\/strong>: Durant el mes de maig &#8211; juny. Per comptabilitzar el nombre de polls grans al niu (polls supervivents).<\/p>\n<p style=\"text-align: justify;\"><strong>Quartes visites<\/strong>: Durant els mesos de juliol &#8211; agost. Per detectar pres\u00e8ncia de joves volanders que no hagin pogut ser detectats en les anteriors visites.<\/p>\n<p style=\"text-align: justify;\">La observaci\u00f3 i filmaci\u00f3 de les aus, amb telescopis ia gran dist\u00e0ncia, deu assegurant la NO interfer\u00e8ncia de la nostra pres\u00e8ncia amb l&#8217;activitat normal de les \u00e0guiles. De fet els nostres majors esfor\u00e7os se centren en parelles desconegudes o poc controlades per altres persones o organismes.<\/p>\n<p style=\"text-align: justify;\">A la vegada aquestes visites ens permeten tenir un coneixement millor de la zona i poden detectar possibles amenaces a les zones de cria, com les col \u00b7 locaci\u00f3 de piquetes i elements d&#8217;escalada en les proximitat dels nius, com les trobades a Montanejos (b \u00ba Maimona), Argelita (Font dels Ignacios), Ludiente (Salt del Cavall), Vilanova d&#8217;Alcolea, localitzaci\u00f3 de rapinyaires electrocutades (Segorbe, Vilanova d&#8217;Alcolea), ca\u00e7a furtiva, espolis (Xert), desaparici\u00f3 de pollets en el niu, o mol\u00e8sties per excursionistes o motos de trial a les voltants dels nius (Benitand\u00fas), aspectes que es comuniquen a la Conselleria directament o indirectament.<\/p>\n<p><a href=\"http:\/\/www.internatura.org\/blog\/wp-content\/uploads\/2012\/02\/Hf-Cova-Rates3.jpg\" rel=\"lightbox\" data-rel=\"lightbox-image-3\" data-rl_title=\"\" data-rl_caption=\"\"><img decoding=\"async\" loading=\"lazy\" title=\"\" src=\"http:\/\/www.internatura.org\/blog\/wp-content\/uploads\/2012\/02\/Hf-Cova-Rates3-240x300.jpg\" alt=\"\" width=\"240\" height=\"300\" \/><\/a>\u00a0 <a href=\"http:\/\/www.internatura.org\/blog\/wp-content\/uploads\/2012\/02\/Hf-territoriDSCN2145.jpg\" rel=\"lightbox\" data-rel=\"lightbox-image-4\" data-rl_title=\"\" data-rl_caption=\"\"><img decoding=\"async\" loading=\"lazy\" class=\"alignnone  wp-image-222\" title=\"\" src=\"http:\/\/www.internatura.org\/blog\/wp-content\/uploads\/2012\/02\/Hf-territoriDSCN2145-300x225.jpg\" alt=\"\" width=\"300\" height=\"225\" srcset=\"https:\/\/internatura.org\/blog\/wp-content\/uploads\/2012\/02\/Hf-territoriDSCN2145-300x225.jpg 300w, https:\/\/internatura.org\/blog\/wp-content\/uploads\/2012\/02\/Hf-territoriDSCN2145.jpg 700w\" sizes=\"(max-width: 300px) 100vw, 300px\" \/><\/a><\/p>\n<h5 style=\"text-align: center;\"><em>\u00a0\u00a0Control d&#8217;una zona d&#8217;\u00e0guila de panxa blanca. La dist\u00e0ncia element fonamental per evitar mol\u00e8sties.<br \/>\n<\/em><\/h5>\n","protected":false},"excerpt":{"rendered":"<p>Un any m\u00e9s membres del Grup d&#8217;Estudi i Protecci\u00f3 dels rapinyaires inicien el control reproductiu anual d&#8217;\u00e0guila de panxa blanca i real. El cens es fa a tota la prov\u00edncia de Castell\u00f3, concentrant els esfor\u00e7os principalment en els territoris ocupats en els \u00faltims cinc anys. Respecte a les dades de \u2026 <a class=\"continue-reading-link\" href=\"https:\/\/internatura.org\/blog\/?p=148\"> Continuar leyendo <span class=\"meta-nav\">&rarr; <\/span><\/a><\/p>\n","protected":false},"author":1,"featured_media":0,"comment_status":"closed","ping_status":"open","sticky":false,"template":"","format":"standard","meta":[],"categories":[12],"tags":[16,17],"_links":{"self":[{"href":"https:\/\/internatura.org\/blog\/index.php?rest_route=\/wp\/v2\/posts\/148"}],"collection":[{"href":"https:\/\/internatura.org\/blog\/index.php?rest_route=\/wp\/v2\/posts"}],"about":[{"href":"https:\/\/internatura.org\/blog\/index.php?rest_route=\/wp\/v2\/types\/post"}],"author":[{"embeddable":true,"href":"https:\/\/internatura.org\/blog\/index.php?rest_route=\/wp\/v2\/users\/1"}],"replies":[{"embeddable":true,"href":"https:\/\/internatura.org\/blog\/index.php?rest_route=%2Fwp%2Fv2%2Fcomments&post=148"}],"version-history":[{"count":21,"href":"https:\/\/internatura.org\/blog\/index.php?rest_route=\/wp\/v2\/posts\/148\/revisions"}],"predecessor-version":[{"id":3400,"href":"https:\/\/internatura.org\/blog\/index.php?rest_route=\/wp\/v2\/posts\/148\/revisions\/3400"}],"wp:attachment":[{"href":"https:\/\/internatura.org\/blog\/index.php?rest_route=%2Fwp%2Fv2%2Fmedia&parent=148"}],"wp:term":[{"taxonomy":"category","embeddable":true,"href":"https:\/\/internatura.org\/blog\/index.php?rest_route=%2Fwp%2Fv2%2Fcategories&post=148"},{"taxonomy":"post_tag","embeddable":true,"href":"https:\/\/internatura.org\/blog\/index.php?rest_route=%2Fwp%2Fv2%2Ftags&post=148"}],"curies":[{"name":"wp","href":"https:\/\/api.w.org\/{rel}","templated":true}]}}