{"id":1518,"date":"2012-03-03T23:51:55","date_gmt":"2012-03-03T22:51:55","guid":{"rendered":"http:\/\/www.internatura.org\/blog\/?p=1518"},"modified":"2014-11-11T08:18:58","modified_gmt":"2014-11-11T08:18:58","slug":"caminant-pel-penyagolosa-03032012","status":"publish","type":"post","link":"https:\/\/internatura.org\/blog\/?p=1518","title":{"rendered":"Caminant pel Penyagolosa 03\/03\/2012"},"content":{"rendered":"<p style=\"text-align: center;\"><a href=\"http:\/\/www.internatura.org\/blog\/wp-content\/uploads\/2012\/05\/Penyagolosa-d-3-3-12-Sergi.jpg\" rel=\"lightbox\" data-rel=\"lightbox-image-0\" data-rl_title=\"\" data-rl_caption=\"\"><img decoding=\"async\" loading=\"lazy\" title=\"\" alt=\"\" src=\"http:\/\/www.internatura.org\/blog\/wp-content\/uploads\/2012\/05\/Penyagolosa-d-3-3-12-Sergi-150x150.jpg\" width=\"150\" height=\"150\" \/><\/a>\u00a0 <a href=\"http:\/\/www.internatura.org\/blog\/wp-content\/uploads\/2012\/05\/Penyagolosa-c-3-3-12-Sergi.jpg\" rel=\"lightbox\" data-rel=\"lightbox-image-1\" data-rl_title=\"\" data-rl_caption=\"\"><img decoding=\"async\" loading=\"lazy\" title=\"\" alt=\"\" src=\"http:\/\/www.internatura.org\/blog\/wp-content\/uploads\/2012\/05\/Penyagolosa-c-3-3-12-Sergi-150x150.jpg\" width=\"150\" height=\"150\" \/><\/a>\u00a0 <a href=\"http:\/\/www.internatura.org\/blog\/wp-content\/uploads\/2012\/05\/Penyagolosa-a-3-3-12-Sergi.jpg\" rel=\"lightbox\" data-rel=\"lightbox-image-2\" data-rl_title=\"\" data-rl_caption=\"\"><img decoding=\"async\" loading=\"lazy\" title=\"\" alt=\"\" src=\"http:\/\/www.internatura.org\/blog\/wp-content\/uploads\/2012\/05\/Penyagolosa-a-3-3-12-Sergi-150x150.jpg\" width=\"150\" height=\"150\" \/><\/a><\/p>\n<p style=\"text-align: justify;\">El dissabte 3 de mar\u00e7 anem Marc, Jorge i Serg\u00ed a fer la ruta dels masos de Xodos. Arribant a sant Joan de Penyagolosa vem <span style=\"text-decoration: underline;\"><strong>2 cabirols<\/strong><\/span> que es posen a correr en veure-nos, un mascle i una femella.<br \/>\nDeixem el cotxe aparcat i comen\u00e7em la ruta pujant pel barranc de la Pegunta\u00a0 on encara queda neu de la darrera nevada i vem <strong>zorzals charlos.<\/strong> Arribem a\u00a0la Banyadera on agafem un sender que ens porta al Mas de Benages i d&#8217;ac\u00ed agafem un assegador que es canyada reial a Xodos en direcci\u00f3 al Mas de les Mallaes on parem a fer un mosset amb la panor\u00e0mica del Penyagolosa nevat i el barranc de Gargan all\u00e0 baix.<br \/>\nDespr\u00e9s seguim pel sender marcat com a PR baixant al Mas de Gargan on hi ha uns ginebres gegants (<strong><em>Juniperus oxcycedrus subs badia<\/em><\/strong>).<br \/>\nContinuem\u00a0pel Mas deCaix\u00f3 i camp a trav\u00e9s arribem finalment al Mas de Vela on ens espera un gos que no para de lladrar.<br \/>\nAra ja seguim el PR fins el Pl\u00e0 de la Creu i d&#8217;ac\u00ed agafen un altre sender i pugem al Tossal del Marinet on hi ha un poblat ib\u00e8ric i una vista espectacular. Finalment tornem pel cam\u00ed dels pelegrins a sant Joan.<\/p>\n<p style=\"text-align: justify;\">Seguidament exposem una s\u00e8rie de fotos que vam fer durant la ruta.<\/p>\n<p style=\"text-align: justify;\">\u00a0\u00a0 \u00a0\u00a0\u00a0\u00a0\u00a0\u00a0\u00a0 <a href=\"http:\/\/www.internatura.org\/blog\/wp-content\/uploads\/2012\/05\/Penyagolosa-b-3-3-12-Sergi.jpg\" rel=\"lightbox\" data-rel=\"lightbox-image-3\" data-rl_title=\"\" data-rl_caption=\"\"><img decoding=\"async\" loading=\"lazy\" title=\"\" alt=\"\" src=\"http:\/\/www.internatura.org\/blog\/wp-content\/uploads\/2012\/05\/Penyagolosa-b-3-3-12-Sergi-150x150.jpg\" width=\"88\" height=\"88\" \/><\/a> <a href=\"http:\/\/www.internatura.org\/blog\/wp-content\/uploads\/2012\/05\/Penyagolosa-f-3-3-12-Sergi.jpg\" rel=\"lightbox\" data-rel=\"lightbox-image-4\" data-rl_title=\"\" data-rl_caption=\"\"><img decoding=\"async\" loading=\"lazy\" title=\"\" alt=\"\" src=\"http:\/\/www.internatura.org\/blog\/wp-content\/uploads\/2012\/05\/Penyagolosa-f-3-3-12-Sergi-150x150.jpg\" width=\"119\" height=\"119\" \/><\/a> <a href=\"http:\/\/www.internatura.org\/blog\/wp-content\/uploads\/2012\/05\/Penyagolosa-e-3-3-12-Sergi.jpg\" rel=\"lightbox\" data-rel=\"lightbox-image-5\" data-rl_title=\"\" data-rl_caption=\"\"><img decoding=\"async\" loading=\"lazy\" title=\"\" alt=\"\" src=\"http:\/\/www.internatura.org\/blog\/wp-content\/uploads\/2012\/05\/Penyagolosa-e-3-3-12-Sergi-150x150.jpg\" width=\"150\" height=\"150\" \/><\/a> <a href=\"http:\/\/www.internatura.org\/blog\/wp-content\/uploads\/2012\/05\/Penyagolosa-g-3-3-12-Sergi.jpg\" rel=\"lightbox\" data-rel=\"lightbox-image-6\" data-rl_title=\"\" data-rl_caption=\"\"><img decoding=\"async\" loading=\"lazy\" title=\"\" alt=\"\" src=\"http:\/\/www.internatura.org\/blog\/wp-content\/uploads\/2012\/05\/Penyagolosa-g-3-3-12-Sergi-150x150.jpg\" width=\"110\" height=\"110\" \/><\/a> <a href=\"http:\/\/www.internatura.org\/blog\/wp-content\/uploads\/2012\/05\/Penyagolosa-h-3-3-12-Sergi.jpg\" rel=\"lightbox\" data-rel=\"lightbox-image-7\" data-rl_title=\"\" data-rl_caption=\"\"><img decoding=\"async\" loading=\"lazy\" title=\"\" alt=\"\" src=\"http:\/\/www.internatura.org\/blog\/wp-content\/uploads\/2012\/05\/Penyagolosa-h-3-3-12-Sergi-150x150.jpg\" width=\"78\" height=\"78\" \/><\/a><\/p>\n<p style=\"text-align: justify;\">\n","protected":false},"excerpt":{"rendered":"<p>\u00a0 \u00a0 El dissabte 3 de mar\u00e7 anem Marc, Jorge i Serg\u00ed a fer la ruta dels masos de Xodos. Arribant a sant Joan de Penyagolosa vem 2 cabirols que es posen a correr en veure-nos, un mascle i una femella. Deixem el cotxe aparcat i comen\u00e7em la ruta pujant \u2026 <a class=\"continue-reading-link\" href=\"https:\/\/internatura.org\/blog\/?p=1518\"> Continuar leyendo <span class=\"meta-nav\">&rarr; <\/span><\/a><\/p>\n","protected":false},"author":1,"featured_media":0,"comment_status":"closed","ping_status":"closed","sticky":false,"template":"","format":"standard","meta":[],"categories":[25],"tags":[44],"_links":{"self":[{"href":"https:\/\/internatura.org\/blog\/index.php?rest_route=\/wp\/v2\/posts\/1518"}],"collection":[{"href":"https:\/\/internatura.org\/blog\/index.php?rest_route=\/wp\/v2\/posts"}],"about":[{"href":"https:\/\/internatura.org\/blog\/index.php?rest_route=\/wp\/v2\/types\/post"}],"author":[{"embeddable":true,"href":"https:\/\/internatura.org\/blog\/index.php?rest_route=\/wp\/v2\/users\/1"}],"replies":[{"embeddable":true,"href":"https:\/\/internatura.org\/blog\/index.php?rest_route=%2Fwp%2Fv2%2Fcomments&post=1518"}],"version-history":[{"count":6,"href":"https:\/\/internatura.org\/blog\/index.php?rest_route=\/wp\/v2\/posts\/1518\/revisions"}],"predecessor-version":[{"id":2381,"href":"https:\/\/internatura.org\/blog\/index.php?rest_route=\/wp\/v2\/posts\/1518\/revisions\/2381"}],"wp:attachment":[{"href":"https:\/\/internatura.org\/blog\/index.php?rest_route=%2Fwp%2Fv2%2Fmedia&parent=1518"}],"wp:term":[{"taxonomy":"category","embeddable":true,"href":"https:\/\/internatura.org\/blog\/index.php?rest_route=%2Fwp%2Fv2%2Fcategories&post=1518"},{"taxonomy":"post_tag","embeddable":true,"href":"https:\/\/internatura.org\/blog\/index.php?rest_route=%2Fwp%2Fv2%2Ftags&post=1518"}],"curies":[{"name":"wp","href":"https:\/\/api.w.org\/{rel}","templated":true}]}}