{"id":1576,"date":"2012-06-02T22:23:05","date_gmt":"2012-06-02T21:23:05","guid":{"rendered":"http:\/\/www.internatura.org\/blog\/?p=1576"},"modified":"2014-11-11T08:18:16","modified_gmt":"2014-11-11T08:18:16","slug":"ram-port-borriana-02062012","status":"publish","type":"post","link":"https:\/\/internatura.org\/blog\/?p=1576","title":{"rendered":"RAM Port de Borriana. 02\/06\/2012"},"content":{"rendered":"<div id=\"attachment_1582\" style=\"width: 160px\" class=\"wp-caption alignleft\"><a href=\"http:\/\/www.internatura.org\/blog\/wp-content\/uploads\/2012\/06\/RAM-aa-2-6-12-DSCF8513.gif\" rel=\"lightbox\" data-rel=\"lightbox-image-0\" data-rl_title=\"\" data-rl_caption=\"\"><img aria-describedby=\"caption-attachment-1582\" decoding=\"async\" loading=\"lazy\" class=\"size-thumbnail wp-image-1582 \" title=\"\" src=\"http:\/\/www.internatura.org\/blog\/wp-content\/uploads\/2012\/06\/RAM-aa-2-6-12-DSCF8513-150x150.gif\" alt=\"Pepe, Bel\u00e9n i Juan Lluis 2\/06\/2012\" width=\"150\" height=\"150\" \/><\/a><p id=\"caption-attachment-1582\" class=\"wp-caption-text\">Cens RAM. Port Borriana 2\/06\/2012<\/p><\/div>\n<p style=\"text-align: justify;\">Un dissabte m\u00e9s s&#8217;ha realitzat el cens d&#8217;ocells marins dins del projecte RAM. En aquesta ocasi\u00f3 els observadors han estat Juan Luis Bort, Pepe Gre\u00f1o, Belen Fortea i Josep Bort. El cens es va iniciar amb l&#8217;horari d&#8217;estiu des de les 7:30 h. fins a les 10:30 h., tres hores de mirar i mirar el mar, amb un sol de just\u00edcia que ens donava en ple rostre.<\/p>\n<p style=\"text-align: justify;\">Meterolog\u00eda: assolellat, mar totalment ne calma, vent nul, visibilitat molt bona.<\/p>\n<p style=\"text-align: justify;\">A la taula seg\u00fcent s&#8217;exposen els resultats obtinguts:<\/p>\n<table width=\"425\" border=\"0\" cellspacing=\"0\" cellpadding=\"0\">\n<colgroup>\n<col width=\"295\" \/>\n<col width=\"130\" \/> <\/colgroup>\n<tbody>\n<tr>\n<td width=\"295\" height=\"20\"><span style=\"font-size: 14px;\"><em>Esp\u00e8cies<\/em><\/span><\/td>\n<td width=\"130\"><span style=\"font-size: 14px;\"><em>Nombre d&#8217;aus<\/em><\/span><\/td>\n<\/tr>\n<tr>\n<td height=\"20\"><\/td>\n<td><\/td>\n<\/tr>\n<tr>\n<td height=\"20\"><span style=\"font-size: 14px;\"><em>Puffinus mauretanicus<\/em><\/span><\/td>\n<td><span style=\"font-size: 14px;\"><em>45<\/em><\/span><\/td>\n<\/tr>\n<tr>\n<td height=\"20\"><span style=\"font-size: 14px;\"><em>Calonectris diomedea<\/em><\/span><\/td>\n<td><span style=\"font-size: 14px;\"><em>1<\/em><\/span><\/td>\n<\/tr>\n<tr>\n<td height=\"20\"><span style=\"font-size: 14px;\"><em>Larus ridibundus<\/em><\/span><\/td>\n<td><span style=\"font-size: 14px;\"><em>2<\/em><\/span><\/td>\n<\/tr>\n<tr>\n<td height=\"20\"><span style=\"font-size: 14px;\"><em>Larus audouinii<\/em><\/span><\/td>\n<td><span style=\"font-size: 14px;\"><em>72<\/em><\/span><\/td>\n<\/tr>\n<tr>\n<td height=\"20\"><span style=\"font-size: 14px;\"><em>Larus michahellis<\/em><\/span><\/td>\n<td><span style=\"font-size: 14px;\"><em>125<\/em><\/span><\/td>\n<\/tr>\n<tr>\n<td height=\"20\"><span style=\"font-size: 14px;\"><em>Morus bassanus<\/em><\/span><\/td>\n<td><span style=\"font-size: 14px;\"><em>10<\/em><\/span><\/td>\n<\/tr>\n<tr>\n<td height=\"20\"><span style=\"font-size: 14px;\"><em>Sterna sandvicensis<\/em><\/span><\/td>\n<td><span style=\"font-size: 14px;\"><em>60<\/em><\/span><\/td>\n<\/tr>\n<tr>\n<td height=\"20\"><span style=\"font-size: 14px;\"><em>Sterna hirundo<\/em><\/span><\/td>\n<td><span style=\"font-size: 14px;\"><em>23<\/em><\/span><\/td>\n<\/tr>\n<tr>\n<td height=\"20\"><span style=\"font-size: 14px;\"><em>Sterna albifrons<\/em><\/span><\/td>\n<td><span style=\"font-size: 14px;\"><em>9<\/em><\/span><\/td>\n<\/tr>\n<tr>\n<td height=\"20\"><span style=\"font-size: 14px; line-height: 21px;\"><em><em>Phalacrocorax aristotelis<\/em><br \/>\n<\/em><\/span><\/td>\n<td><span style=\"font-size: 14px; line-height: 21px;\"><em>2 <\/em><\/span><\/td>\n<\/tr>\n<tr>\n<td height=\"20\"><span style=\"font-size: 14px; line-height: 21px;\"><em><em>Ardea cinerea<\/em><\/em><\/span><\/td>\n<td><span style=\"font-size: 14px;\"><em>2<\/em><\/span><\/td>\n<\/tr>\n<tr>\n<td height=\"20\"><span style=\"font-size: 14px; line-height: 21px;\"><em><em>Egretta garzetta<\/em><\/em><\/span><\/td>\n<td><span style=\"font-size: 14px; line-height: 21px;\"><em>1<\/em><\/span><\/td>\n<\/tr>\n<tr>\n<td height=\"20\"><span style=\"font-size: 14px; line-height: 21px;\"><em><em>Bubulcus ibis<\/em><\/em><\/span><\/td>\n<td><span style=\"font-size: 14px; line-height: 21px;\"><em>9<\/em><\/span><\/td>\n<\/tr>\n<tr>\n<td height=\"20\"><span style=\"font-size: 14px; line-height: 21px;\"><em><em>Charadrius alexandrinus<\/em><\/em><\/span><\/td>\n<td><span style=\"font-size: 14px; line-height: 21px;\"><em>5<\/em><\/span><\/td>\n<\/tr>\n<tr>\n<td height=\"20\"><span style=\"font-size: 14px; line-height: 21px;\"><em><em>Motacilla alba<\/em><\/em><\/span><\/td>\n<td><span style=\"font-size: 14px; line-height: 21px;\"><em>2<\/em><\/span><\/td>\n<\/tr>\n<tr>\n<td height=\"20\"><span style=\"font-size: 14px; line-height: 21px;\"><em><em>Hydrobates pelagicus<\/em><\/em><\/span><\/td>\n<td><span style=\"font-size: 14px; line-height: 21px;\"><em>3<\/em><\/span><\/td>\n<\/tr>\n<tr>\n<td height=\"20\"><span style=\"font-size: 14px; line-height: 21px;\"><em><br \/>\n<\/em><\/span><\/td>\n<td><span style=\"font-size: 14px; line-height: 21px;\"><em><br \/>\n<\/em><\/span><\/td>\n<\/tr>\n<\/tbody>\n<\/table>\n<p align=\"center\"><a href=\"http:\/\/www.internatura.org\/blog\/wp-content\/uploads\/2012\/06\/RAM-c-2-6-12-DSCF8513.gif\" rel=\"lightbox\" data-rel=\"lightbox-image-1\" data-rl_title=\"\" data-rl_caption=\"\"><img decoding=\"async\" loading=\"lazy\" class=\"alignleft size-thumbnail wp-image-1587\" title=\"\" src=\"http:\/\/www.internatura.org\/blog\/wp-content\/uploads\/2012\/06\/RAM-c-2-6-12-DSCF8513-150x150.gif\" alt=\"\" width=\"150\" height=\"150\" \/><\/a><a href=\"http:\/\/www.internatura.org\/blog\/wp-content\/uploads\/2012\/06\/RAM-h-2-6-12-DSCF8513.gif\" rel=\"lightbox\" data-rel=\"lightbox-image-2\" data-rl_title=\"\" data-rl_caption=\"\"><img decoding=\"async\" loading=\"lazy\" class=\"alignleft size-thumbnail wp-image-1588\" title=\"'albufera\" src=\"http:\/\/www.internatura.org\/blog\/wp-content\/uploads\/2012\/06\/RAM-h-2-6-12-DSCF8513-150x150.gif\" alt=\"\" width=\"150\" height=\"150\" \/><\/a><a href=\"http:\/\/www.internatura.org\/blog\/wp-content\/uploads\/2012\/06\/RAM-g-2-6-12-DSCF8513.gif\" rel=\"lightbox\" data-rel=\"lightbox-image-3\" data-rl_title=\"\" data-rl_caption=\"\"><img decoding=\"async\" loading=\"lazy\" class=\"alignleft size-thumbnail wp-image-1586\" title=\"'albufera\" src=\"http:\/\/www.internatura.org\/blog\/wp-content\/uploads\/2012\/06\/RAM-g-2-6-12-DSCF8513-150x150.gif\" alt=\"\" width=\"150\" height=\"150\" \/><\/a><\/p>\n<p>&nbsp;<\/p>\n<p>&nbsp;<\/p>\n<p>&nbsp;<\/p>\n<p>&nbsp;<\/p>\n<p>Al mateix temps, els companys del grup <strong>APNAL-EA de Vinar\u00f2s<\/strong> tamb\u00e9 van realitzar el recompte de la <strong>RAM<\/strong>, des del punt d&#8217;observaci\u00f3 que tenen a <strong>Pe\u00f1iscola<\/strong>.<\/p>\n<p>Els Resultats han estat (es mantenen el missatge original):<\/p>\n<p>\u00bb Os adjunto copia de los resultados de la RAM de ayer s\u00e1bado en el Port de Pe\u00f1\u00edscola.<\/p>\n<div style=\"text-align: justify;\"><span style=\"font-size: 14px;\">Observadores: Enrique Luque L\u00f3pez y Antonio Martinez Serrano.<\/span><\/div>\n<div style=\"text-align: justify;\"><\/div>\n<div style=\"text-align: justify;\"><span style=\"font-size: 14px;\">Periodo control: De las 7:30 a las 10:30 h.<\/span><\/div>\n<div style=\"text-align: justify;\"><\/div>\n<div style=\"text-align: justify;\"><span style=\"font-size: 14px;\">Metero: \u00a0soleado, mar en calma, viento nulo, visibilidad muy buena y temperatura alta (inicio 18 \u00baC y final 26\u00baC).<\/span><\/div>\n<div style=\"text-align: justify;\"><\/div>\n<div style=\"text-align: justify;\"><span style=\"font-size: 14px;\">Resultados 02.06.12:<\/span><\/div>\n<div style=\"text-align: justify;\"><\/div>\n<ul>\n<li><span style=\"font-size: 14px;\">Gaviota reidora: 2 ex. al N<\/span><\/li>\n<li><span style=\"font-size: 14px;\">Gaviota audouin: 30 ex. residentes en el puerto y playa sur, y 66 en vuelo (23 al N, 37 al S, 3 al O y 3 al E)<\/span><\/li>\n<li><span style=\"font-size: 14px;\">Gaviota patiamarilla: 22 ex. residentes en puerto y playa sur, y 53 en vuelo (fundamentalmente al S)<\/span><\/li>\n<li><span style=\"font-size: 14px;\">Alcatraz: 1 al S (2\u00ba a\u00f1o) y a primera hora de la ma\u00f1ana<\/span><\/li>\n<li><span style=\"font-size: 14px;\">Charran patinegro: 64 ex. (31 al S, 31 al N, 1 al O y 1 al E). Continuamente pescando por los alrededores<\/span><\/li>\n<li><span style=\"font-size: 14px;\">Cormoran mo\u00f1udo: 26 (todos al N) y empiezan a divisarse a partir de las 8,30 h.<\/span><\/li>\n<li><span style=\"font-size: 14px;\">Vencejo com\u00fan: un centenar residentes y 30 volando por la zona<\/span><span style=\"font-size: 14px;\">Vencejo palido: 6 al S y siempre emparejados (podr\u00edan ser los mismos que entran y salen del casco urbano en diferentes franjas horarias)<\/span><\/li>\n<li><span style=\"font-size: 14px;\">Golondrina comun: 1 al S<\/span><\/li>\n<li><span style=\"font-size: 14px;\">Gorrion com\u00fan: 4 residentes por el puerto\u00bb<\/span><\/li>\n<\/ul>\n<p><a href=\"http:\/\/www.internatura.org\/blog\/wp-content\/uploads\/2012\/06\/RAM-e-2-6-12-DSCF8513.gif\" rel=\"lightbox\" data-rel=\"lightbox-image-4\" data-rl_title=\"\" data-rl_caption=\"\"><img decoding=\"async\" loading=\"lazy\" class=\"alignleft size-thumbnail wp-image-1636\" title=\"\" src=\"http:\/\/www.internatura.org\/blog\/wp-content\/uploads\/2012\/06\/RAM-e-2-6-12-DSCF8513-150x150.gif\" alt=\"\" width=\"150\" height=\"150\" \/><\/a><a href=\"http:\/\/www.internatura.org\/blog\/wp-content\/uploads\/2012\/06\/RAM-f-2-6-12-DSCF85131.gif\" rel=\"lightbox\" data-rel=\"lightbox-image-5\" data-rl_title=\"\" data-rl_caption=\"\"><img decoding=\"async\" loading=\"lazy\" class=\"alignleft size-thumbnail wp-image-1635\" title=\"\" src=\"http:\/\/www.internatura.org\/blog\/wp-content\/uploads\/2012\/06\/RAM-f-2-6-12-DSCF85131-150x150.gif\" alt=\"\" width=\"150\" height=\"150\" \/><\/a><\/p>\n<div>\n<p><a href=\"http:\/\/www.internatura.org\/blog\/wp-content\/uploads\/2012\/06\/RAM-iii-2-6-12-DSCF8513.gif\" rel=\"lightbox\" data-rel=\"lightbox-image-6\" data-rl_title=\"\" data-rl_caption=\"\"><img decoding=\"async\" loading=\"lazy\" class=\"alignleft size-thumbnail wp-image-1592\" style=\"line-height: 24px;\" title=\"\" src=\"http:\/\/www.internatura.org\/blog\/wp-content\/uploads\/2012\/06\/RAM-iii-2-6-12-DSCF8513-150x150.gif\" alt=\"\" width=\"150\" height=\"150\" \/><\/a><a href=\"http:\/\/www.internatura.org\/blog\/wp-content\/uploads\/2012\/06\/RAM-l-2-6-12-DSCF8513.gif\" rel=\"lightbox\" data-rel=\"lightbox-image-7\" data-rl_title=\"\" data-rl_caption=\"\"><img decoding=\"async\" loading=\"lazy\" class=\"alignleft size-thumbnail wp-image-1591\" title=\"\" src=\"http:\/\/www.internatura.org\/blog\/wp-content\/uploads\/2012\/06\/RAM-l-2-6-12-DSCF8513-150x150.gif\" alt=\"\" width=\"150\" height=\"150\" \/><\/a><a href=\"http:\/\/www.internatura.org\/blog\/wp-content\/uploads\/2012\/06\/RAM-i-2-6-12-DSCF8513.gif\" rel=\"lightbox\" data-rel=\"lightbox-image-8\" data-rl_title=\"\" data-rl_caption=\"\"><img decoding=\"async\" loading=\"lazy\" class=\"alignleft size-thumbnail wp-image-1590\" style=\"line-height: 24px; font-size: 16px;\" title=\"\" src=\"http:\/\/www.internatura.org\/blog\/wp-content\/uploads\/2012\/06\/RAM-i-2-6-12-DSCF8513-150x150.gif\" alt=\"\" width=\"150\" height=\"150\" \/><\/a><a href=\"http:\/\/www.internatura.org\/blog\/wp-content\/uploads\/2012\/06\/RAM-bb-2-6-12-DSCF8513.gif\" rel=\"lightbox\" data-rel=\"lightbox-image-9\" data-rl_title=\"\" data-rl_caption=\"\"><img decoding=\"async\" loading=\"lazy\" class=\"alignleft size-thumbnail wp-image-1600\" title=\"\" src=\"http:\/\/www.internatura.org\/blog\/wp-content\/uploads\/2012\/06\/RAM-bb-2-6-12-DSCF8513-150x150.gif\" alt=\"\" width=\"150\" height=\"150\" \/><\/a><\/p>\n<p><a href=\"http:\/\/www.internatura.org\/blog\/wp-content\/uploads\/2012\/06\/RAM-b-2-6-12-DSCF8513.gif\" rel=\"lightbox\" data-rel=\"lightbox-image-10\" data-rl_title=\"\" data-rl_caption=\"\"><img decoding=\"async\" loading=\"lazy\" class=\"alignleft size-thumbnail wp-image-1601\" title=\"\" src=\"http:\/\/www.internatura.org\/blog\/wp-content\/uploads\/2012\/06\/RAM-b-2-6-12-DSCF8513-150x150.gif\" alt=\"\" width=\"150\" height=\"150\" \/><\/a><\/p>\n<p><a href=\"http:\/\/www.internatura.org\/blog\/wp-content\/uploads\/2012\/06\/G-Audouin-colors-2-6-12-IMG.gif\" rel=\"lightbox\" data-rel=\"lightbox-image-11\" data-rl_title=\"\" data-rl_caption=\"\"><img decoding=\"async\" loading=\"lazy\" class=\"alignleft size-thumbnail wp-image-1595\" title=\"\" src=\"http:\/\/www.internatura.org\/blog\/wp-content\/uploads\/2012\/06\/G-Audouin-colors-2-6-12-IMG-150x150.gif\" alt=\"\" width=\"150\" height=\"150\" \/><\/a><\/p>\n<p><a href=\"http:\/\/www.internatura.org\/blog\/wp-content\/uploads\/2012\/06\/G-Audouin-ANOM-2-6-12-IMG_7.gif\" rel=\"lightbox\" data-rel=\"lightbox-image-12\" data-rl_title=\"\" data-rl_caption=\"\"><img decoding=\"async\" loading=\"lazy\" class=\"alignleft size-thumbnail wp-image-1594\" title=\"\" src=\"http:\/\/www.internatura.org\/blog\/wp-content\/uploads\/2012\/06\/G-Audouin-ANOM-2-6-12-IMG_7-150x150.gif\" alt=\"\" width=\"150\" height=\"150\" \/><\/a><\/p>\n<\/div>\n","protected":false},"excerpt":{"rendered":"<p>Un dissabte m\u00e9s s&#8217;ha realitzat el cens d&#8217;ocells marins dins del projecte RAM. En aquesta ocasi\u00f3 els observadors han estat Juan Luis Bort, Pepe Gre\u00f1o, Belen Fortea i Josep Bort. El cens es va iniciar amb l&#8217;horari d&#8217;estiu des de les 7:30 h. fins a les 10:30 h., tres hores \u2026 <a class=\"continue-reading-link\" href=\"https:\/\/internatura.org\/blog\/?p=1576\"> Continuar leyendo <span class=\"meta-nav\">&rarr; <\/span><\/a><\/p>\n","protected":false},"author":1,"featured_media":0,"comment_status":"closed","ping_status":"closed","sticky":false,"template":"","format":"standard","meta":[],"categories":[5],"tags":[6,87],"_links":{"self":[{"href":"https:\/\/internatura.org\/blog\/index.php?rest_route=\/wp\/v2\/posts\/1576"}],"collection":[{"href":"https:\/\/internatura.org\/blog\/index.php?rest_route=\/wp\/v2\/posts"}],"about":[{"href":"https:\/\/internatura.org\/blog\/index.php?rest_route=\/wp\/v2\/types\/post"}],"author":[{"embeddable":true,"href":"https:\/\/internatura.org\/blog\/index.php?rest_route=\/wp\/v2\/users\/1"}],"replies":[{"embeddable":true,"href":"https:\/\/internatura.org\/blog\/index.php?rest_route=%2Fwp%2Fv2%2Fcomments&post=1576"}],"version-history":[{"count":25,"href":"https:\/\/internatura.org\/blog\/index.php?rest_route=\/wp\/v2\/posts\/1576\/revisions"}],"predecessor-version":[{"id":3389,"href":"https:\/\/internatura.org\/blog\/index.php?rest_route=\/wp\/v2\/posts\/1576\/revisions\/3389"}],"wp:attachment":[{"href":"https:\/\/internatura.org\/blog\/index.php?rest_route=%2Fwp%2Fv2%2Fmedia&parent=1576"}],"wp:term":[{"taxonomy":"category","embeddable":true,"href":"https:\/\/internatura.org\/blog\/index.php?rest_route=%2Fwp%2Fv2%2Fcategories&post=1576"},{"taxonomy":"post_tag","embeddable":true,"href":"https:\/\/internatura.org\/blog\/index.php?rest_route=%2Fwp%2Fv2%2Ftags&post=1576"}],"curies":[{"name":"wp","href":"https:\/\/api.w.org\/{rel}","templated":true}]}}