{"id":1581,"date":"2012-06-02T00:37:06","date_gmt":"2012-06-02T23:37:06","guid":{"rendered":"http:\/\/www.internatura.org\/blog\/?p=1581"},"modified":"2014-11-11T08:18:16","modified_gmt":"2014-11-11T08:18:16","slug":"cens-corriolets-a-la-platja-dalmassora-2062012","status":"publish","type":"post","link":"https:\/\/internatura.org\/blog\/?p=1581","title":{"rendered":"Cens corriolets a la platja d&#8217;Almassora 2\/06\/2012"},"content":{"rendered":"<p><a href=\"http:\/\/www.internatura.org\/blog\/wp-content\/uploads\/2012\/06\/Almassora-a-2-6-12-IMG_7965.gif\" rel=\"lightbox\" data-rel=\"lightbox-image-0\" data-rl_title=\"\" data-rl_caption=\"\"><img decoding=\"async\" loading=\"lazy\" class=\"alignleft size-thumbnail wp-image-1607\" title=\"'Almassora-Refiner\u00eda\" alt=\"\" src=\"http:\/\/www.internatura.org\/blog\/wp-content\/uploads\/2012\/06\/Almassora-a-2-6-12-IMG_7965-150x150.gif\" width=\"150\" height=\"150\" \/><\/a><\/p>\n<p>Despr\u00e9s del cens d&#8217;aus marines al port de Borriana a les 11:00 h. iniciem un recompte de corriol camanegre a la platja d&#8217;Almassora.<\/p>\n<p style=\"text-align: justify;\">Per a aix\u00f2 com a metodologia va ser el recorregut a peu de tota la platja des de la refineria de Castell\u00f3 fins a la desembocadura del riu Millars. Vam fer dos equips, un Belen Fortea i Pepe Gre\u00f1o que des de la part sud de la platja es van despla\u00e7ar cap a nord i altre equip Lluis Bort i Josep Bort que van iniciar el transecte des de la refineria cap al sud. Els dos equips ens trobem en el punt mig de la platja on desemboca una de les s\u00e8quies que ho fa al llarg de la platja.<\/p>\n<p style=\"text-align: justify;\">Resultats:<\/p>\n<p style=\"text-align: justify;\">Com a resultat general va ser l&#8217;abs\u00e8ncia total de corriol camanegre en tot el recorregut de la platja, que d&#8217;altra banda era previsible.<\/p>\n<p style=\"text-align: justify;\"><a href=\"http:\/\/www.internatura.org\/blog\/wp-content\/uploads\/2012\/06\/Corriolet-b-ad-Almassora-.gif\" rel=\"lightbox\" data-rel=\"lightbox-image-1\" data-rl_title=\"\" data-rl_caption=\"\"><img decoding=\"async\" loading=\"lazy\" class=\"alignleft size-thumbnail wp-image-1608\" title=\"\" alt=\"\" src=\"http:\/\/www.internatura.org\/blog\/wp-content\/uploads\/2012\/06\/Corriolet-b-ad-Almassora--150x150.gif\" width=\"150\" height=\"150\" \/><\/a><\/p>\n<p style=\"text-align: justify;\"><a href=\"http:\/\/www.internatura.org\/blog\/wp-content\/uploads\/2012\/06\/Corriolet-a-ad-Almassora-.gif\" rel=\"lightbox\" data-rel=\"lightbox-image-2\" data-rl_title=\"\" data-rl_caption=\"\"><img decoding=\"async\" loading=\"lazy\" class=\"alignleft size-thumbnail wp-image-1609\" title=\"\" alt=\"\" src=\"http:\/\/www.internatura.org\/blog\/wp-content\/uploads\/2012\/06\/Corriolet-a-ad-Almassora--150x150.gif\" width=\"150\" height=\"150\" \/><\/a><\/p>\n<p style=\"text-align: justify;\"><a href=\"http:\/\/www.internatura.org\/blog\/wp-content\/uploads\/2012\/06\/Corriolet-ad-y-pollet-Alma.gif\" rel=\"lightbox\" data-rel=\"lightbox-image-3\" data-rl_title=\"\" data-rl_caption=\"\"><img decoding=\"async\" loading=\"lazy\" class=\"alignleft size-thumbnail wp-image-1610\" title=\"\" alt=\"\" src=\"http:\/\/www.internatura.org\/blog\/wp-content\/uploads\/2012\/06\/Corriolet-ad-y-pollet-Alma-150x150.gif\" width=\"150\" height=\"150\" \/><\/a><\/p>\n<p style=\"text-align: justify;\">Encara vam poder gaudir d&#8217;altres esp\u00e8cies de vertebrats i invertebrats. Destacant en gran pas de gavina corsa cap al nord, 72 exemplars, possiblement procedents del port de Borriana, on podrien alimentar-se i despla\u00e7ant a les col\u00f2nies de cria del port de Castell\u00f3, on comenta Pepe Gre\u00f1o que t\u00e9 comptabilitzades m\u00e9s de mil parelles. Es van comptabilitzar un m\u00ednim de 6 parelles de corriol petit, alguna vam poder veure fins als pollets intentant amagar de la nostra pres\u00e8ncia. I una quantitat important (13 ex.), gaireb\u00e9 vint exemplars de mongeta pescant a la vora de la platja.<\/p>\n<p style=\"text-align: justify;\">Altres esp\u00e8cies localitzades a la llera de les petites s\u00e8quies que desemboquen a la mar va ser la serp d&#8217;aigua (<em><a href=\"http:\/\/www.vertebradosibericos.org\/reptiles\/natmau.html\">Natrix maura<\/a><\/em>), a part d&#8217;invertebrats com les lib\u00e8l \u00b7 lules de color vermell intens (<em><a href=\"http:\/\/www.iberia-natur.com\/es\/insekten\/libellen-album.html\">Crocothemis erythraea<\/a><\/em>),\u00a0\u00a0que correspon als mascles sent les femelles de color marr\u00f3 o verd\u00f3s. \u00c9s una lib\u00e8l \u00b7 lula t\u00edpica de tolles estancades com les observades a la platja d&#8217;Almassora.<\/p>\n<p style=\"text-align: justify;\"><a href=\"http:\/\/www.internatura.org\/blog\/wp-content\/uploads\/2012\/06\/Pissavi-2-6-12-AlmassoraIMG.gif\" rel=\"lightbox\" data-rel=\"lightbox-image-4\" data-rl_title=\"\" data-rl_caption=\"\"><img decoding=\"async\" loading=\"lazy\" class=\"alignleft size-thumbnail wp-image-1613\" title=\"\" alt=\"\" src=\"http:\/\/www.internatura.org\/blog\/wp-content\/uploads\/2012\/06\/Pissavi-2-6-12-AlmassoraIMG-150x150.gif\" width=\"150\" height=\"150\" \/><\/a><\/p>\n<p style=\"text-align: justify;\"><a href=\"http:\/\/www.internatura.org\/blog\/wp-content\/uploads\/2012\/06\/Escur\u00e7o-2-06-12-AlmassoraIM.gif\" rel=\"lightbox\" data-rel=\"lightbox-image-5\" data-rl_title=\"\" data-rl_caption=\"\"><img decoding=\"async\" loading=\"lazy\" class=\"alignleft size-thumbnail wp-image-1612\" title=\"\" alt=\"\" src=\"http:\/\/www.internatura.org\/blog\/wp-content\/uploads\/2012\/06\/Escur\u00e7o-2-06-12-AlmassoraIM-150x150.gif\" width=\"150\" height=\"150\" \/><\/a><\/p>\n<p style=\"text-align: justify;\"><a href=\"http:\/\/www.internatura.org\/blog\/wp-content\/uploads\/2012\/06\/Almassora-2-6-12-IMG_7965.gif\" rel=\"lightbox\" data-rel=\"lightbox-image-6\" data-rl_title=\"\" data-rl_caption=\"\"><img decoding=\"async\" loading=\"lazy\" class=\"alignleft size-thumbnail wp-image-1611\" title=\"\" alt=\"\" src=\"http:\/\/www.internatura.org\/blog\/wp-content\/uploads\/2012\/06\/Almassora-2-6-12-IMG_7965-150x150.gif\" width=\"150\" height=\"150\" \/><\/a><\/p>\n","protected":false},"excerpt":{"rendered":"<p>Despr\u00e9s del cens d&#8217;aus marines al port de Borriana a les 11:00 h. iniciem un recompte de corriol camanegre a la platja d&#8217;Almassora. Per a aix\u00f2 com a metodologia va ser el recorregut a peu de tota la platja des de la refineria de Castell\u00f3 fins a la desembocadura del \u2026 <a class=\"continue-reading-link\" href=\"https:\/\/internatura.org\/blog\/?p=1581\"> Continuar leyendo <span class=\"meta-nav\">&rarr; <\/span><\/a><\/p>\n","protected":false},"author":1,"featured_media":0,"comment_status":"closed","ping_status":"closed","sticky":false,"template":"","format":"standard","meta":[],"categories":[7],"tags":[57],"_links":{"self":[{"href":"https:\/\/internatura.org\/blog\/index.php?rest_route=\/wp\/v2\/posts\/1581"}],"collection":[{"href":"https:\/\/internatura.org\/blog\/index.php?rest_route=\/wp\/v2\/posts"}],"about":[{"href":"https:\/\/internatura.org\/blog\/index.php?rest_route=\/wp\/v2\/types\/post"}],"author":[{"embeddable":true,"href":"https:\/\/internatura.org\/blog\/index.php?rest_route=\/wp\/v2\/users\/1"}],"replies":[{"embeddable":true,"href":"https:\/\/internatura.org\/blog\/index.php?rest_route=%2Fwp%2Fv2%2Fcomments&post=1581"}],"version-history":[{"count":13,"href":"https:\/\/internatura.org\/blog\/index.php?rest_route=\/wp\/v2\/posts\/1581\/revisions"}],"predecessor-version":[{"id":2370,"href":"https:\/\/internatura.org\/blog\/index.php?rest_route=\/wp\/v2\/posts\/1581\/revisions\/2370"}],"wp:attachment":[{"href":"https:\/\/internatura.org\/blog\/index.php?rest_route=%2Fwp%2Fv2%2Fmedia&parent=1581"}],"wp:term":[{"taxonomy":"category","embeddable":true,"href":"https:\/\/internatura.org\/blog\/index.php?rest_route=%2Fwp%2Fv2%2Fcategories&post=1581"},{"taxonomy":"post_tag","embeddable":true,"href":"https:\/\/internatura.org\/blog\/index.php?rest_route=%2Fwp%2Fv2%2Ftags&post=1581"}],"curies":[{"name":"wp","href":"https:\/\/api.w.org\/{rel}","templated":true}]}}