{"id":1605,"date":"2012-05-26T23:31:16","date_gmt":"2012-05-26T22:31:16","guid":{"rendered":"http:\/\/www.internatura.org\/blog\/?p=1605"},"modified":"2014-11-11T08:18:16","modified_gmt":"2014-11-11T08:18:16","slug":"pla-de-barracas-desaparece-la-zona-de-cria-de-aguilucho","status":"publish","type":"post","link":"https:\/\/internatura.org\/blog\/?p=1605","title":{"rendered":"Pla de Barraques. Desapareix la zona de cria de esparver cendr\u00f3s.26\/05\/2012"},"content":{"rendered":"<p style=\"text-align: justify;\"><a href=\"http:\/\/www.internatura.org\/blog\/wp-content\/uploads\/2012\/06\/MOli-IMG_7484.gif\" rel=\"lightbox\" data-rel=\"lightbox-image-0\" data-rl_title=\"\" data-rl_caption=\"\"><img decoding=\"async\" loading=\"lazy\" class=\"alignleft size-medium wp-image-1794\" title=\"\" alt=\"\" src=\"http:\/\/www.internatura.org\/blog\/wp-content\/uploads\/2012\/06\/MOli-IMG_7484-300x200.gif\" width=\"300\" height=\"200\" srcset=\"https:\/\/internatura.org\/blog\/wp-content\/uploads\/2012\/06\/MOli-IMG_7484-300x200.gif 300w, https:\/\/internatura.org\/blog\/wp-content\/uploads\/2012\/06\/MOli-IMG_7484.gif 700w\" sizes=\"(max-width: 300px) 100vw, 300px\" \/><\/a>Un any m\u00e9s membres del GER-EA, han censat les zones de cries d&#8217;esparver cendr\u00f3s (<em><a href=\"http:\/\/www.internatura.org\/aocv\/ficha.php?idesp=60\">Circus pygargus<\/a><\/em>), al terme del Toro, al Pla de Barraques, zona occidental de Viver i zona sud de Pina de Montalgrado. Els resultats han estat tots negatius, \u00e9s a dir, no s&#8217;ha observat cap esparver en gran part del mat\u00ed i la vesprada.<\/p>\n<p style=\"text-align: justify;\">L&#8217;\u00fanica zona de cria d&#8217;aquesta rapinyaire se situava entre el terme de Viver i Barraques, amb una poblaci\u00f3 entre 3 i 5 parelles.\u00a0Els plans de la Generalitat Valenciana sobre energia e\u00f2lica, nom\u00e9s ha tingut un objetiu, que ens sembla que, ha estat l&#8217;econ\u00f2mic. Res a veure amb els fins i motius del moviments ecologistes pel que fa d&#8217;anar augmentant les energies netes per disminuir l&#8217;energia nuclear, arribant al punt en qu\u00e8 tot tipus d&#8217;energies alternatives (e\u00f2lica, solar, biomassa, etc ..) suplissin en seva totalitat a l&#8217;energia nuclear, proveint a la poblaci\u00f3 i la ind\u00fastria amb la proced\u00e8ncia d&#8217;energies netes.<\/p>\n<p style=\"text-align: justify;\"><a href=\"http:\/\/www.internatura.org\/blog\/wp-content\/uploads\/2012\/06\/Molins-26-05-2012IMG_7415.gif\" rel=\"lightbox\" data-rel=\"lightbox-image-1\" data-rl_title=\"\" data-rl_caption=\"\"><img decoding=\"async\" loading=\"lazy\" class=\"alignleft size-medium wp-image-1795\" title=\"\" alt=\"\" src=\"http:\/\/www.internatura.org\/blog\/wp-content\/uploads\/2012\/06\/Molins-26-05-2012IMG_7415-300x176.gif\" width=\"300\" height=\"176\" srcset=\"https:\/\/internatura.org\/blog\/wp-content\/uploads\/2012\/06\/Molins-26-05-2012IMG_7415-300x176.gif 300w, https:\/\/internatura.org\/blog\/wp-content\/uploads\/2012\/06\/Molins-26-05-2012IMG_7415.gif 1000w\" sizes=\"(max-width: 300px) 100vw, 300px\" \/><\/a><\/p>\n<p style=\"text-align: justify;\">La realitat ha estat tot el contrari, \u00e9s a dir, les energies alternatives i especialment les e\u00f2liques, han estat un fil\u00f3 per a pol\u00edtic i empresaris, m\u00e9s que una alternativa. Els pol\u00edtics de torns han donat permisos i m\u00e9s permisos <a href=\"http:\/\/www.miliarium.com\/paginas\/leyes\/eia\/ccaa\/valencia\/resolucion21_9_2005.asp\">2005<\/a>, <a href=\"http:\/\/legislacion.derecho.com\/resolucion-2006-5-12-01-mayo-2008-conselleria-d-infraestructures-i-transport-1174026\">2006<\/a>, <a href=\"http:\/\/legislacion.derecho.com\/resolucion-2008-3097-20-febrero-2007-conselleria-de-medio-ambiente-agua-urbanismo-y-vivienda-876268\">2007<\/a> acceptant <a href=\"http:\/\/legislacion.derecho.com\/resolucion-04-diciembre-2008-conselleria-de-medio-ambiente-agua-urbanismo-y-vivienda-1637191\">estudis d&#8217;impacte<\/a> (DIA) amb poques restriccions, amb el nom\u00e9s fi <a href=\"http:\/\/www.internatura.org\/blog\/wp-content\/uploads\/2012\/06\/Molis-IMG_7524.gif\" rel=\"lightbox\" data-rel=\"lightbox-image-2\" data-rl_title=\"\" data-rl_caption=\"\"><img decoding=\"async\" loading=\"lazy\" class=\"alignleft size-medium wp-image-1796\" title=\"\" alt=\"\" src=\"http:\/\/www.internatura.org\/blog\/wp-content\/uploads\/2012\/06\/Molis-IMG_7524-200x300.gif\" width=\"200\" height=\"300\" srcset=\"https:\/\/internatura.org\/blog\/wp-content\/uploads\/2012\/06\/Molis-IMG_7524-200x300.gif 200w, https:\/\/internatura.org\/blog\/wp-content\/uploads\/2012\/06\/Molis-IMG_7524-682x1024.gif 682w, https:\/\/internatura.org\/blog\/wp-content\/uploads\/2012\/06\/Molis-IMG_7524.gif 700w\" sizes=\"(max-width: 200px) 100vw, 200px\" \/><\/a>d&#8217;aconseguir a curt termini el m\u00e0xim nombre de beneficis econ\u00f2mics, deixant de costat els impactes ambientals que propicien aquestes instal \u00b7 lacions de forma masia i descontrolada. De fet centenars d&#8217;hect\u00e0rees de terreny han estat destrossades per m\u00e0quines pesades per donar acc\u00e9s als immensos camions per transportar els tubs i elices dels aerogeneradors, milers de plantes i vegetaci\u00f3 aut\u00f2ctona, escassa i protegida han desaparegut al pas d&#8217;aquests monstres mec\u00e0nics i centenars d&#8217;aus i mam\u00edfers voladors morts en ser destrossats per les elices dels molins,\u00a0per\u00f2 aix\u00f2 no importa a ning\u00fa, fins i tot als t\u00e8cnics de la Conselleria.\u00a0El que ha portat a ser denunciat popr els <a href=\"http:\/\/stopzona9.blogspot.com.es\/2007\/04\/la-zona-6-afecta-nidos-de-aguilucho.html\">grups<\/a> i Coordinadores contra els abusos del Pla e\u00f2lic de la Comunitat Valenciana, havent de intervenir <a href=\"http:\/\/www.actualidadjuridicaambiental.com\/?p=4292\">els jutges<\/a>.<\/p>\n<p style=\"text-align: justify;\">Per\u00f2 no nom\u00e9s s\u00f3n centenars les esp\u00e8cies d&#8217;ocells que moren als parcs e\u00f2lics, sin\u00f3 fins i tot en la zona de l&#8217;Alt Pal\u00e0ncia, han fet desapar\u00e8ixer a l&#8217;\u00fanica col\u00f2nia de esparvers cendrosos de la comarca del sud-oest de la prov\u00edncia, per\u00f2 no passa res, ning\u00fa de la Conselleria de Medi Ambient ha dit o ha fet res. S&#8217;han limitat a dir que hi ha molts esparver cendrosos a la zona interior de Castell\u00f3 i que no estan en perill. Volem recordar que ja fa m\u00e9s de 10 anys van destrossar la millor col\u00f2nia d&#8217;esparver cendr\u00f3s de tot el Pa\u00eds Valenci\u00e0 i Catalunya que albergava el 60% de parelles nidificants, per col \u00b7 locar l&#8217;aeroport de Castell\u00f3. Dotze anys despr\u00e9s l&#8217;aeroport segueix sense avions i sense esparver cendrosos,\u00a0per\u00f2 estem conven\u00e7uts que aquests tornaran a poc a poc.<\/p>\n<p style=\"text-align: justify;\"><a href=\"http:\/\/www.internatura.org\/blog\/wp-content\/uploads\/2012\/06\/Massa-barraques-IMG_7549.gif\" rel=\"lightbox\" data-rel=\"lightbox-image-3\" data-rl_title=\"\" data-rl_caption=\"\"><img decoding=\"async\" loading=\"lazy\" class=\"alignleft  wp-image-1797\" title=\"\" alt=\"\" src=\"http:\/\/www.internatura.org\/blog\/wp-content\/uploads\/2012\/06\/Massa-barraques-IMG_7549-300x200.gif\" width=\"180\" height=\"120\" srcset=\"https:\/\/internatura.org\/blog\/wp-content\/uploads\/2012\/06\/Massa-barraques-IMG_7549-300x200.gif 300w, https:\/\/internatura.org\/blog\/wp-content\/uploads\/2012\/06\/Massa-barraques-IMG_7549.gif 700w\" sizes=\"(max-width: 180px) 100vw, 180px\" \/><\/a><\/p>\n<p style=\"text-align: justify;\">A la visita del 26\/05\/2012 destaco la gran abs\u00e8ncia d&#8217;aus, especialment de l&#8217;esparver cendr\u00f3s i de la c\u00f2lit ros, nidificants a la zona.<\/p>\n<p style=\"text-align: justify;\"><a href=\"http:\/\/www.internatura.org\/blog\/wp-content\/uploads\/2012\/06\/Moli-trencat-IMG_7529.gif\" rel=\"lightbox\" data-rel=\"lightbox-image-4\" data-rl_title=\"\" data-rl_caption=\"\"><img decoding=\"async\" loading=\"lazy\" class=\"alignleft size-medium wp-image-1798\" title=\"\" alt=\"\" src=\"http:\/\/www.internatura.org\/blog\/wp-content\/uploads\/2012\/06\/Moli-trencat-IMG_7529-188x300.gif\" width=\"188\" height=\"300\" srcset=\"https:\/\/internatura.org\/blog\/wp-content\/uploads\/2012\/06\/Moli-trencat-IMG_7529-188x300.gif 188w, https:\/\/internatura.org\/blog\/wp-content\/uploads\/2012\/06\/Moli-trencat-IMG_7529-643x1024.gif 643w, https:\/\/internatura.org\/blog\/wp-content\/uploads\/2012\/06\/Moli-trencat-IMG_7529.gif 700w\" sizes=\"(max-width: 188px) 100vw, 188px\" \/><\/a><\/p>\n<p style=\"text-align: justify;\"><a href=\"http:\/\/www.internatura.org\/blog\/wp-content\/uploads\/2012\/06\/coixinetIMG_7459.gif\" rel=\"lightbox\" data-rel=\"lightbox-image-5\" data-rl_title=\"\" data-rl_caption=\"\"><img decoding=\"async\" loading=\"lazy\" class=\"alignleft size-medium wp-image-1799\" title=\"\" alt=\"\" src=\"http:\/\/www.internatura.org\/blog\/wp-content\/uploads\/2012\/06\/coixinetIMG_7459-300x200.gif\" width=\"300\" height=\"200\" srcset=\"https:\/\/internatura.org\/blog\/wp-content\/uploads\/2012\/06\/coixinetIMG_7459-300x200.gif 300w, https:\/\/internatura.org\/blog\/wp-content\/uploads\/2012\/06\/coixinetIMG_7459.gif 600w\" sizes=\"(max-width: 300px) 100vw, 300px\" \/><\/a><\/p>\n<p style=\"text-align: justify;\">Les observacions realitzades es posen a la taula seg\u00fcent:<\/p>\n<table width=\"243\" border=\"0\" cellspacing=\"0\" cellpadding=\"0\">\n<colgroup>\n<col width=\"163\" \/>\n<col width=\"80\" \/> <\/colgroup>\n<tbody>\n<tr>\n<td width=\"163\" height=\"20\"><em>Especies<\/em><\/td>\n<td width=\"80\"><em>N\u00ba ex.<\/em><\/td>\n<\/tr>\n<tr>\n<td height=\"20\"><em>Petronia petronia<\/em><\/td>\n<td><em>5<\/em><\/td>\n<\/tr>\n<tr>\n<td height=\"20\"><em>Oenanthe oenanthe<\/em><\/td>\n<td><em>14<\/em><\/td>\n<\/tr>\n<tr>\n<td height=\"20\"><em>Gyps fulvus<\/em><\/td>\n<td><em>2<\/em><\/td>\n<\/tr>\n<tr>\n<td height=\"20\"><em>Corvus corone<\/em><\/td>\n<td><em>6<\/em><\/td>\n<\/tr>\n<tr>\n<td height=\"20\"><em>Oriolus oriolus<\/em><\/td>\n<td><em>1<\/em><\/td>\n<\/tr>\n<tr>\n<td height=\"20\"><em>Pica pica<\/em><\/td>\n<td><em>1<\/em><\/td>\n<\/tr>\n<tr>\n<td height=\"20\"><em>Gyps fulvus<\/em><\/td>\n<td><em>2<\/em><\/td>\n<\/tr>\n<tr>\n<td height=\"20\"><em>Falco tinnunculus<\/em><\/td>\n<td><em>1<\/em><\/td>\n<\/tr>\n<tr>\n<td height=\"20\"><em>Anthus campestris<\/em><\/td>\n<td><em>1<\/em><\/td>\n<\/tr>\n<tr>\n<td height=\"20\"><em>Upupa epops<\/em><\/td>\n<td><em>5<\/em><\/td>\n<\/tr>\n<tr>\n<td height=\"20\"><em>Emberiza calandra<\/em><\/td>\n<td><em>3<\/em><\/td>\n<\/tr>\n<tr>\n<td height=\"20\"><em>Corvus corax<\/em><\/td>\n<td><em>1<\/em><\/td>\n<\/tr>\n<tr>\n<td height=\"20\"><em>Saxicola torquatus<\/em><\/td>\n<td><em>1<\/em><\/td>\n<\/tr>\n<\/tbody>\n<\/table>\n<p style=\"text-align: justify;\"><a href=\"http:\/\/www.internatura.org\/blog\/wp-content\/uploads\/2012\/06\/Alcaudon-barraquesIMG_7426.gif\" rel=\"lightbox\" data-rel=\"lightbox-image-6\" data-rl_title=\"\" data-rl_caption=\"\"><img decoding=\"async\" loading=\"lazy\" class=\"alignleft  wp-image-1801\" title=\"\" alt=\"\" src=\"http:\/\/www.internatura.org\/blog\/wp-content\/uploads\/2012\/06\/Alcaudon-barraquesIMG_7426-220x300.gif\" width=\"132\" height=\"180\" srcset=\"https:\/\/internatura.org\/blog\/wp-content\/uploads\/2012\/06\/Alcaudon-barraquesIMG_7426-220x300.gif 220w, https:\/\/internatura.org\/blog\/wp-content\/uploads\/2012\/06\/Alcaudon-barraquesIMG_7426.gif 500w\" sizes=\"(max-width: 132px) 100vw, 132px\" \/><\/a><\/p>\n<p style=\"text-align: justify;\"><a href=\"http:\/\/www.internatura.org\/blog\/wp-content\/uploads\/2012\/06\/volorsIMG_7441.gif\" rel=\"lightbox\" data-rel=\"lightbox-image-7\" data-rl_title=\"\" data-rl_caption=\"\"><img decoding=\"async\" loading=\"lazy\" class=\"alignleft  wp-image-1802\" title=\"\" alt=\"\" src=\"http:\/\/www.internatura.org\/blog\/wp-content\/uploads\/2012\/06\/volorsIMG_7441-300x244.gif\" width=\"180\" height=\"146\" srcset=\"https:\/\/internatura.org\/blog\/wp-content\/uploads\/2012\/06\/volorsIMG_7441-300x244.gif 300w, https:\/\/internatura.org\/blog\/wp-content\/uploads\/2012\/06\/volorsIMG_7441.gif 500w\" sizes=\"(max-width: 180px) 100vw, 180px\" \/><\/a><\/p>\n<p style=\"text-align: justify;\"><a href=\"http:\/\/www.internatura.org\/blog\/wp-content\/uploads\/2012\/06\/Collalba-gris-barraquesIMG_.gif\" rel=\"lightbox\" data-rel=\"lightbox-image-8\" data-rl_title=\"\" data-rl_caption=\"\"><img decoding=\"async\" loading=\"lazy\" class=\"alignleft  wp-image-1803\" title=\"\" alt=\"\" src=\"http:\/\/www.internatura.org\/blog\/wp-content\/uploads\/2012\/06\/Collalba-gris-barraquesIMG_-191x300.gif\" width=\"115\" height=\"180\" srcset=\"https:\/\/internatura.org\/blog\/wp-content\/uploads\/2012\/06\/Collalba-gris-barraquesIMG_-191x300.gif 191w, https:\/\/internatura.org\/blog\/wp-content\/uploads\/2012\/06\/Collalba-gris-barraquesIMG_.gif 500w\" sizes=\"(max-width: 115px) 100vw, 115px\" \/><\/a><\/p>\n<p style=\"text-align: justify;\"><a href=\"http:\/\/www.internatura.org\/blog\/wp-content\/uploads\/2012\/06\/CollalbagrisIMG_7466.gif\" rel=\"lightbox\" data-rel=\"lightbox-image-9\" data-rl_title=\"\" data-rl_caption=\"\"><img decoding=\"async\" loading=\"lazy\" class=\"alignleft  wp-image-1804\" title=\"\" alt=\"\" src=\"http:\/\/www.internatura.org\/blog\/wp-content\/uploads\/2012\/06\/CollalbagrisIMG_7466-235x300.gif\" width=\"141\" height=\"180\" srcset=\"https:\/\/internatura.org\/blog\/wp-content\/uploads\/2012\/06\/CollalbagrisIMG_7466-235x300.gif 235w, https:\/\/internatura.org\/blog\/wp-content\/uploads\/2012\/06\/CollalbagrisIMG_7466.gif 300w\" sizes=\"(max-width: 141px) 100vw, 141px\" \/><\/a><\/p>\n<p style=\"text-align: justify;\">\n","protected":false},"excerpt":{"rendered":"<p>Un any m\u00e9s membres del GER-EA, han censat les zones de cries d&#8217;esparver cendr\u00f3s (Circus pygargus), al terme del Toro, al Pla de Barraques, zona occidental de Viver i zona sud de Pina de Montalgrado. Els resultats han estat tots negatius, \u00e9s a dir, no s&#8217;ha observat cap esparver en \u2026 <a class=\"continue-reading-link\" href=\"https:\/\/internatura.org\/blog\/?p=1605\"> Continuar leyendo <span class=\"meta-nav\">&rarr; <\/span><\/a><\/p>\n","protected":false},"author":1,"featured_media":0,"comment_status":"closed","ping_status":"closed","sticky":false,"template":"","format":"standard","meta":[],"categories":[7],"tags":[59,60,58],"_links":{"self":[{"href":"https:\/\/internatura.org\/blog\/index.php?rest_route=\/wp\/v2\/posts\/1605"}],"collection":[{"href":"https:\/\/internatura.org\/blog\/index.php?rest_route=\/wp\/v2\/posts"}],"about":[{"href":"https:\/\/internatura.org\/blog\/index.php?rest_route=\/wp\/v2\/types\/post"}],"author":[{"embeddable":true,"href":"https:\/\/internatura.org\/blog\/index.php?rest_route=\/wp\/v2\/users\/1"}],"replies":[{"embeddable":true,"href":"https:\/\/internatura.org\/blog\/index.php?rest_route=%2Fwp%2Fv2%2Fcomments&post=1605"}],"version-history":[{"count":19,"href":"https:\/\/internatura.org\/blog\/index.php?rest_route=\/wp\/v2\/posts\/1605\/revisions"}],"predecessor-version":[{"id":2371,"href":"https:\/\/internatura.org\/blog\/index.php?rest_route=\/wp\/v2\/posts\/1605\/revisions\/2371"}],"wp:attachment":[{"href":"https:\/\/internatura.org\/blog\/index.php?rest_route=%2Fwp%2Fv2%2Fmedia&parent=1605"}],"wp:term":[{"taxonomy":"category","embeddable":true,"href":"https:\/\/internatura.org\/blog\/index.php?rest_route=%2Fwp%2Fv2%2Fcategories&post=1605"},{"taxonomy":"post_tag","embeddable":true,"href":"https:\/\/internatura.org\/blog\/index.php?rest_route=%2Fwp%2Fv2%2Ftags&post=1605"}],"curies":[{"name":"wp","href":"https:\/\/api.w.org\/{rel}","templated":true}]}}