{"id":1638,"date":"2012-06-05T23:14:24","date_gmt":"2012-06-05T22:14:24","guid":{"rendered":"http:\/\/www.internatura.org\/blog\/?p=1638"},"modified":"2014-11-11T08:18:16","modified_gmt":"2014-11-11T08:18:16","slug":"cens-de-corriol-camanegre-dia-munial-del-medi-ambient-5062012","status":"publish","type":"post","link":"https:\/\/internatura.org\/blog\/?p=1638","title":{"rendered":"Dia Mundial del Medi Ambient. 5\/06\/2012"},"content":{"rendered":"<p style=\"text-align: justify;\"><a href=\"http:\/\/www.internatura.org\/blog\/wp-content\/uploads\/2012\/06\/Llacuna-Sant-Mateu-3-06-201.gif\" rel=\"lightbox\" data-rel=\"lightbox-image-0\" data-rl_title=\"\" data-rl_caption=\"\"><img decoding=\"async\" loading=\"lazy\" class=\"alignleft size-thumbnail wp-image-1647\" title=\"\" alt=\"\" src=\"http:\/\/www.internatura.org\/blog\/wp-content\/uploads\/2012\/06\/Llacuna-Sant-Mateu-3-06-201-150x150.gif\" width=\"150\" height=\"150\" \/><\/a><\/p>\n<p style=\"text-align: justify;\">Membres del GER-EA han aprofitat el dia mundial de medi ambient (05\/06\/2012) per realitzar un cens d&#8217;aus al Port de Borriana i a la platja i marjal de Nules &#8211; Moncofa. Aquest dia s&#8217;ha fet servir per reivindicar la p\u00e8rdua de zones humides a\u00a0la Comunitat Valenciana, i especialment de la prov\u00edncia de Castell\u00f3. S\u00f3n moltes les zones humides naturals que des de fa d\u00e8cades estan patint cont\u00ednues dessecacions per interessos dels agricultors o dels pol\u00edtics de torn.\u00a0Per\u00f2 possiblement les m\u00e9s afectades s\u00f3n la Llacuna de Sant Mateu i la marjal de Nules-Moncofar.<\/p>\n<p><a href=\"http:\/\/www.internatura.org\/blog\/wp-content\/uploads\/2012\/06\/Llacuna-Sant-Mateu-a-3-06-2.gif\" rel=\"lightbox\" data-rel=\"lightbox-image-1\" data-rl_title=\"\" data-rl_caption=\"\"><img decoding=\"async\" loading=\"lazy\" class=\"size-thumbnail wp-image-1648 alignright\" style=\"line-height: 18px; font-size: 16px;\" title=\"\" alt=\"\" src=\"http:\/\/www.internatura.org\/blog\/wp-content\/uploads\/2012\/06\/Llacuna-Sant-Mateu-a-3-06-2-150x150.gif\" width=\"150\" height=\"150\" \/><\/a><\/p>\n<p style=\"text-align: justify;\">En aquest Dia Mundial del Medi Ambient, que \u00e9s un dia m\u00e9s en la p\u00e8rdua dels nostres ecosistemes i biodiversitat, molts pol\u00edtics s&#8217;inflen manifestant que han fet aix\u00f2 o all\u00f2 o que la Comuniadad Valenciana tenen la major extensi\u00f3 de territori protegit de Espanya (veure les <a href=\"http:\/\/www.elperiodicomediterraneo.com\/noticias\/opinion\/dia-mundial-del-medio-ambiente_741398.html\">declaracions de la Consellera de Medi Ambient Sra Bonig<\/a> d&#8217;avui) o les aus s&#8217;hagin protegides com l&#8217;aguil\u00e0 de panxa blanca. Per\u00f2 tot molt lluny de la realitat, es pret\u00e9n una vegada m\u00e9s, vulnerar la legislaci\u00f3 vigent en temes de captura d&#8217;aus per m\u00e8todes massius i no selectius com el <a href=\"http:\/\/www.levante-emv.com\/castello\/2012\/05\/01\/consell-intentara-legalizar-parany-vez-margen-constitucional\/901539.html\">parany<\/a> o l&#8217;enfilat, se segueixen facilitant desenes de permisos per a la captura de predadors silvestres amb l&#8217;excusa de la proliferaci\u00f3 excessiva d&#8217;aquests animals (expecialmente guineus, garses, etc ..) o amplien el per\u00edode de ca\u00e7a per a les batudes de porcs senglars i conills, sota el paraigua que s\u00f3n plaga.<\/p>\n<p style=\"text-align: justify;\">La realitat \u00e9s que, al nostre pareixer, els nostres pol\u00edtics s\u00f3n les persones menys sensibilitzades en els temes mediambientals i protecci\u00f3 del medi natural, en cas contrari no s&#8217;ent\u00e9n les actuitudes, canvis de legislaci\u00f3, o actuacions que realitzen totes molt lluny de la Protecci\u00f3, Conservaci\u00f3 i Recuperaci\u00f3 del medi natural i de la Biodiversitat. Considerem que mentre l&#8217;\u00fanic aspecte valorat sigui l&#8217;econ\u00f2mic, poc podem fer i esp\u00e8cies animals i vegetals van a patir les decisions pol\u00edtiques, els interessos dels ca\u00e7adors i dels especuladors urban\u00edstics.<\/p>\n<p style=\"text-align: justify;\">Mentrestant els grups naturalistes i ecologistes, singuen fent coses en silenci i denunciant tot els aspectes que consideren est\u00e0 fora de la legislaci\u00f3 vigent i s\u00f3n atemptats al medi natural. Per aix\u00f2 hao Dia Mundial del Medi Ambient, membres del GER-EA ,hem seguit realitzant la nostra\u00a0activitat habitual, hem denunciat la <a href=\"http:\/\/www.elperiodicomediterraneo.com\/noticias\/castellon\/los-ecologistas-piden-enviar-borrador-del-parany-a-ue_741353.html\">ca\u00e7a massiva del\u00a0parany<\/a>, aix\u00ed com s&#8217;han realitzat activitats de control d&#8217;esp\u00e8cies escasses com el corriol camanegre i s&#8217;han transladat a la marjal de Nules-Moncofa per denunciar l&#8217;absoluta dessecaci\u00f3 de la\u00a0mateixa romanent sense una gota d&#8217;aigua, ni tan sols la meterolog\u00eda est\u00e0 a favor d&#8217;aquests espais\u00a0naturals.\u00a0Nom\u00e9s alguna s\u00e8quia utilitzada per desag\u00fcar la marjal mant\u00e9 una petita quantitat d&#8217;aigua.<\/p>\n<p style=\"text-align: justify;\">A continuaci\u00f3 s&#8217;exposen els resultats obtinguts del cens a aus a la zona de la Plana\u00a0Baixa.<\/p>\n<div>\n<p style=\"text-align: justify;\"><a href=\"http:\/\/www.internatura.org\/blog\/wp-content\/uploads\/2012\/06\/marjal-Nules-a-5-6-12.gif\" rel=\"lightbox\" data-rel=\"lightbox-image-2\" data-rl_title=\"\" data-rl_caption=\"\"><img decoding=\"async\" loading=\"lazy\" class=\"alignleft size-thumbnail wp-image-1651\" style=\"line-height: 18px;\" title=\"\" alt=\"\" src=\"http:\/\/www.internatura.org\/blog\/wp-content\/uploads\/2012\/06\/marjal-Nules-a-5-6-12-150x150.gif\" width=\"150\" height=\"150\" \/><\/a><\/p>\n<p style=\"text-align: justify;\"><a href=\"http:\/\/www.internatura.org\/blog\/wp-content\/uploads\/2012\/06\/marjal-Nules-b-5-6-12.gif\" rel=\"lightbox\" data-rel=\"lightbox-image-3\" data-rl_title=\"\" data-rl_caption=\"\"><img decoding=\"async\" loading=\"lazy\" class=\"alignleft size-thumbnail wp-image-1652\" style=\"line-height: 18px;\" title=\"\" alt=\"\" src=\"http:\/\/www.internatura.org\/blog\/wp-content\/uploads\/2012\/06\/marjal-Nules-b-5-6-12-150x150.gif\" width=\"150\" height=\"150\" \/><\/a><\/p>\n<p style=\"text-align: justify;\"><a href=\"http:\/\/www.internatura.org\/blog\/wp-content\/uploads\/2012\/06\/marjal-Nules-c-5-6-12.gif\" rel=\"lightbox\" data-rel=\"lightbox-image-4\" data-rl_title=\"\" data-rl_caption=\"\"><img decoding=\"async\" loading=\"lazy\" class=\"alignleft size-thumbnail wp-image-1653\" title=\"\" alt=\"\" src=\"http:\/\/www.internatura.org\/blog\/wp-content\/uploads\/2012\/06\/marjal-Nules-c-5-6-12-150x150.gif\" width=\"150\" height=\"150\" \/><\/a><\/p>\n<p style=\"text-align: justify;\"><a href=\"http:\/\/www.internatura.org\/blog\/wp-content\/uploads\/2012\/06\/marjal-Nules-5-6-12.gif\" rel=\"lightbox\" data-rel=\"lightbox-image-5\" data-rl_title=\"\" data-rl_caption=\"\"><img decoding=\"async\" loading=\"lazy\" class=\"alignleft size-thumbnail wp-image-1650\" title=\"\" alt=\"\" src=\"http:\/\/www.internatura.org\/blog\/wp-content\/uploads\/2012\/06\/marjal-Nules-5-6-12-150x150.gif\" width=\"150\" height=\"150\" \/><\/a><\/p>\n<\/div>\n","protected":false},"excerpt":{"rendered":"<p>Membres del GER-EA han aprofitat el dia mundial de medi ambient (05\/06\/2012) per realitzar un cens d&#8217;aus al Port de Borriana i a la platja i marjal de Nules &#8211; Moncofa. Aquest dia s&#8217;ha fet servir per reivindicar la p\u00e8rdua de zones humides a\u00a0la Comunitat Valenciana, i especialment de la \u2026 <a class=\"continue-reading-link\" href=\"https:\/\/internatura.org\/blog\/?p=1638\"> Continuar leyendo <span class=\"meta-nav\">&rarr; <\/span><\/a><\/p>\n","protected":false},"author":1,"featured_media":0,"comment_status":"closed","ping_status":"closed","sticky":false,"template":"","format":"standard","meta":[],"categories":[40],"tags":[],"_links":{"self":[{"href":"https:\/\/internatura.org\/blog\/index.php?rest_route=\/wp\/v2\/posts\/1638"}],"collection":[{"href":"https:\/\/internatura.org\/blog\/index.php?rest_route=\/wp\/v2\/posts"}],"about":[{"href":"https:\/\/internatura.org\/blog\/index.php?rest_route=\/wp\/v2\/types\/post"}],"author":[{"embeddable":true,"href":"https:\/\/internatura.org\/blog\/index.php?rest_route=\/wp\/v2\/users\/1"}],"replies":[{"embeddable":true,"href":"https:\/\/internatura.org\/blog\/index.php?rest_route=%2Fwp%2Fv2%2Fcomments&post=1638"}],"version-history":[{"count":25,"href":"https:\/\/internatura.org\/blog\/index.php?rest_route=\/wp\/v2\/posts\/1638\/revisions"}],"predecessor-version":[{"id":2364,"href":"https:\/\/internatura.org\/blog\/index.php?rest_route=\/wp\/v2\/posts\/1638\/revisions\/2364"}],"wp:attachment":[{"href":"https:\/\/internatura.org\/blog\/index.php?rest_route=%2Fwp%2Fv2%2Fmedia&parent=1638"}],"wp:term":[{"taxonomy":"category","embeddable":true,"href":"https:\/\/internatura.org\/blog\/index.php?rest_route=%2Fwp%2Fv2%2Fcategories&post=1638"},{"taxonomy":"post_tag","embeddable":true,"href":"https:\/\/internatura.org\/blog\/index.php?rest_route=%2Fwp%2Fv2%2Ftags&post=1638"}],"curies":[{"name":"wp","href":"https:\/\/api.w.org\/{rel}","templated":true}]}}