{"id":1659,"date":"2012-06-05T00:46:50","date_gmt":"2012-06-05T23:46:50","guid":{"rendered":"http:\/\/www.internatura.org\/blog\/?p=1659"},"modified":"2014-11-11T08:18:16","modified_gmt":"2014-11-11T08:18:16","slug":"cens-de-corriol-camanegre-5062012","status":"publish","type":"post","link":"https:\/\/internatura.org\/blog\/?p=1659","title":{"rendered":"Cens de corriol camanegre. 5\/06\/2012"},"content":{"rendered":"<p>&nbsp;<\/p>\n<p><a href=\"http:\/\/www.internatura.org\/blog\/wp-content\/uploads\/2012\/06\/Estany-Nules-5-6-2012.gif\" rel=\"lightbox\" data-rel=\"lightbox-image-0\" data-rl_title=\"\" data-rl_caption=\"\"><img decoding=\"async\" loading=\"lazy\" class=\"alignleft size-thumbnail wp-image-1660\" title=\"\" alt=\"\" src=\"http:\/\/www.internatura.org\/blog\/wp-content\/uploads\/2012\/06\/Estany-Nules-5-6-2012-150x150.gif\" width=\"150\" height=\"150\" \/><\/a><\/p>\n<p style=\"text-align: justify;\"><a href=\"http:\/\/www.internatura.org\/blog\/wp-content\/uploads\/2012\/06\/Estany-Nules-a-5-6-2012.gif\" rel=\"lightbox\" data-rel=\"lightbox-image-1\" data-rl_title=\"\" data-rl_caption=\"\"><img decoding=\"async\" loading=\"lazy\" class=\"alignleft size-thumbnail wp-image-1661\" title=\"\" alt=\"\" src=\"http:\/\/www.internatura.org\/blog\/wp-content\/uploads\/2012\/06\/Estany-Nules-a-5-6-2012-150x150.gif\" width=\"150\" height=\"150\" \/><\/a><\/p>\n<p style=\"text-align: justify;\">Aquesta vesprada des de les 16 a les 20h. s&#8217;han realitzat prospeccions per determinar la pres\u00e8ncia d&#8217;aus aqu\u00e0tiques i constatar la nidificaci\u00f3 del corriol camanegre. La zona a censar ha estat l&#8217;Estany de Nules, la platja de Nules i la marjal de Nules &#8211; Moncofa.<\/p>\n<p style=\"text-align: justify;\">Els resultats han estat:<\/p>\n<table width=\"208\" border=\"0\" cellspacing=\"0\" cellpadding=\"0\">\n<colgroup>\n<col width=\"128\" \/>\n<col width=\"80\" \/><\/colgroup>\n<tbody>\n<tr>\n<td width=\"128\" height=\"20\"><em>Esp\u00e8cie<\/em><\/td>\n<td width=\"80\"><em>exemplars<\/em><\/td>\n<\/tr>\n<tr>\n<td height=\"20\"><em>Cisticola juncidis<\/em><\/td>\n<td><em>6<\/em><\/td>\n<\/tr>\n<tr>\n<td height=\"20\"><em>Ardeola ralloides<\/em><\/td>\n<td><em>1<\/em><\/td>\n<\/tr>\n<tr>\n<td height=\"20\"><em>Egretta garzetta<\/em><\/td>\n<td><em>1<\/em><\/td>\n<\/tr>\n<tr>\n<td height=\"20\"><em>Larus audouinii<\/em><\/td>\n<td><em>22<\/em><\/td>\n<\/tr>\n<tr>\n<td height=\"20\"><em>Larus michahellis<\/em><\/td>\n<td><em>5<\/em><\/td>\n<\/tr>\n<tr>\n<td height=\"20\"><em>Merops apiaster<\/em><\/td>\n<td><em>5<\/em><\/td>\n<\/tr>\n<tr>\n<td height=\"20\"><em>Saxicola torquatus<\/em><\/td>\n<td><em>4<\/em><\/td>\n<\/tr>\n<tr>\n<td height=\"20\"><em>Falco tinnunculus<\/em><\/td>\n<td><em>2<\/em><\/td>\n<\/tr>\n<tr>\n<td height=\"20\"><em>Sterna albifrons<\/em><\/td>\n<td><em>2<\/em><\/td>\n<\/tr>\n<tr>\n<td height=\"20\"><em>Sterna hirundo<\/em><\/td>\n<td><em>2<\/em><\/td>\n<\/tr>\n<tr>\n<td height=\"20\"><em>Sterna sandvicensis<\/em><\/td>\n<td><em>3<\/em><\/td>\n<\/tr>\n<tr>\n<td height=\"20\"><em>Sterna sandvicensis<\/em><\/td>\n<td><em>4<\/em><\/td>\n<\/tr>\n<tr>\n<td height=\"20\"><em>Streptopelia turtur<\/em><\/td>\n<td><em>1<\/em><\/td>\n<\/tr>\n<tr>\n<td height=\"20\"><em>Sturnus unicolor<\/em><\/td>\n<td><em>47<\/em><\/td>\n<\/tr>\n<tr>\n<td height=\"20\"><em>Pica pica<\/em><\/td>\n<td><em>1<\/em><\/td>\n<\/tr>\n<tr>\n<td height=\"20\"><em>Galerida cristata<\/em><\/td>\n<td><em>3<\/em><\/td>\n<\/tr>\n<\/tbody>\n<\/table>\n<div style=\"text-align: justify;\"><span style=\"font-size: 16px;\">Considerem que la marjal i la l\u00ednia de costa \u00e9s tot una unitat on les esp\u00e8cies animals, tant les aus com altres vertebrats terrestres i invertebrats, s&#8217;interrelacionen entre si. Encara que les dades de la taula anterior no s\u00f3n espectaculars si que \u00e9s molt important la localitzaci\u00f3n de 2 parelles de corriol camanegre en aquest enclavament, molt humanitzat i deteriorat. Crida l&#8217;atenci\u00f3 que les aus comparteixen el territori entre els banyistes, pescadors i gossos de companyia, que poden ser una amena\u00e7a per als nius i xicotets pollets de corriol camanegre, ubicats a terra, on poden ser trepitjat per les persones o devorats pels gossos. Considerem que seria una bona mesura el que aquesta zona de xicotetes dunes es proteg\u00eds i s&#8217;augmentara la vigilancia durant l&#8217;\u00e8poca de nidificaci\u00f3 dels corriols. Seguidament posem algunes fotos d&#8217;avui, on es veuen els corriols camanegres, al costat dels xatracs comuns i becllargs intentant aconseguir aliment molt prop de la platja i altres aus.<\/span><\/div>\n<div style=\"text-align: justify;\"><\/div>\n<div style=\"text-align: left;\"><a href=\"http:\/\/www.internatura.org\/blog\/wp-content\/uploads\/2012\/06\/Platja-Nules-5-6-2012.gif\" rel=\"lightbox\" data-rel=\"lightbox-image-2\" data-rl_title=\"\" data-rl_caption=\"\"><img decoding=\"async\" loading=\"lazy\" class=\"alignleft size-thumbnail wp-image-1678\" title=\"\" alt=\"\" src=\"http:\/\/www.internatura.org\/blog\/wp-content\/uploads\/2012\/06\/Platja-Nules-5-6-2012-150x150.gif\" width=\"150\" height=\"150\" \/><\/a>\u00a0 \u00a0\u00a0<a href=\"http:\/\/www.internatura.org\/blog\/wp-content\/uploads\/2012\/06\/Platja-Nules-Papamoscas-5-6.gif\" rel=\"lightbox\" data-rel=\"lightbox-image-3\" data-rl_title=\"\" data-rl_caption=\"\"><img decoding=\"async\" loading=\"lazy\" class=\"alignleft size-thumbnail wp-image-1666\" title=\"\" alt=\"\" src=\"http:\/\/www.internatura.org\/blog\/wp-content\/uploads\/2012\/06\/Platja-Nules-Papamoscas-5-6-150x150.gif\" width=\"150\" height=\"150\" \/><\/a><a href=\"http:\/\/www.internatura.org\/blog\/wp-content\/uploads\/2012\/06\/Platja-Nules-Tarabilla-5-6.gif\" rel=\"lightbox\" data-rel=\"lightbox-image-4\" data-rl_title=\"\" data-rl_caption=\"\"><img decoding=\"async\" loading=\"lazy\" class=\"alignleft size-thumbnail wp-image-1667\" title=\"\" alt=\"\" src=\"http:\/\/www.internatura.org\/blog\/wp-content\/uploads\/2012\/06\/Platja-Nules-Tarabilla-5-6-150x150.gif\" width=\"150\" height=\"150\" \/><\/a><a href=\"http:\/\/www.internatura.org\/blog\/wp-content\/uploads\/2012\/06\/Platja-Nules-acorriolet-5-6.gif\" rel=\"lightbox\" data-rel=\"lightbox-image-5\" data-rl_title=\"\" data-rl_caption=\"\"><img decoding=\"async\" loading=\"lazy\" class=\"alignleft size-thumbnail wp-image-1668\" title=\"\" alt=\"\" src=\"http:\/\/www.internatura.org\/blog\/wp-content\/uploads\/2012\/06\/Platja-Nules-acorriolet-5-6-150x150.gif\" width=\"150\" height=\"150\" \/><\/a><a href=\"http:\/\/www.internatura.org\/blog\/wp-content\/uploads\/2012\/06\/Platja-Nules-corriolet-5-6-.gif\" rel=\"lightbox\" data-rel=\"lightbox-image-6\" data-rl_title=\"\" data-rl_caption=\"\"><img decoding=\"async\" loading=\"lazy\" class=\"alignleft size-thumbnail wp-image-1669\" title=\"\" alt=\"\" src=\"http:\/\/www.internatura.org\/blog\/wp-content\/uploads\/2012\/06\/Platja-Nules-corriolet-5-6--150x150.gif\" width=\"150\" height=\"150\" \/><\/a><a href=\"http:\/\/www.internatura.org\/blog\/wp-content\/uploads\/2012\/06\/Platja-Nules-bacorriolet-5-.gif\" rel=\"lightbox\" data-rel=\"lightbox-image-7\" data-rl_title=\"\" data-rl_caption=\"\"><img decoding=\"async\" loading=\"lazy\" class=\"alignleft size-thumbnail wp-image-1670\" title=\"\" alt=\"\" src=\"http:\/\/www.internatura.org\/blog\/wp-content\/uploads\/2012\/06\/Platja-Nules-bacorriolet-5--150x150.gif\" width=\"150\" height=\"150\" \/><\/a><a href=\"http:\/\/www.internatura.org\/blog\/wp-content\/uploads\/2012\/06\/Platja-Nules-a-Audouin-5-6.gif\" rel=\"lightbox\" data-rel=\"lightbox-image-8\" data-rl_title=\"\" data-rl_caption=\"\"><img decoding=\"async\" loading=\"lazy\" class=\"alignleft size-thumbnail wp-image-1671\" title=\"\" alt=\"\" src=\"http:\/\/www.internatura.org\/blog\/wp-content\/uploads\/2012\/06\/Platja-Nules-a-Audouin-5-6-150x150.gif\" width=\"150\" height=\"150\" \/><\/a><a href=\"http:\/\/www.internatura.org\/blog\/wp-content\/uploads\/2012\/06\/Platja-Nules-Audouin-5-6.gif\" rel=\"lightbox\" data-rel=\"lightbox-image-9\" data-rl_title=\"\" data-rl_caption=\"\"><img decoding=\"async\" loading=\"lazy\" class=\"alignleft size-thumbnail wp-image-1672\" title=\"\" alt=\"\" src=\"http:\/\/www.internatura.org\/blog\/wp-content\/uploads\/2012\/06\/Platja-Nules-Audouin-5-6-150x150.gif\" width=\"150\" height=\"150\" \/><\/a><a href=\"http:\/\/www.internatura.org\/blog\/wp-content\/uploads\/2012\/06\/Platja-Nules-charran-pati-5.gif\" rel=\"lightbox\" data-rel=\"lightbox-image-10\" data-rl_title=\"\" data-rl_caption=\"\"><img decoding=\"async\" loading=\"lazy\" class=\"alignleft size-thumbnail wp-image-1673\" title=\"\" alt=\"\" src=\"http:\/\/www.internatura.org\/blog\/wp-content\/uploads\/2012\/06\/Platja-Nules-charran-pati-5-150x150.gif\" width=\"150\" height=\"150\" \/><\/a><a href=\"http:\/\/www.internatura.org\/blog\/wp-content\/uploads\/2012\/06\/Platja-Nules-charran-comu-5.gif\" rel=\"lightbox\" data-rel=\"lightbox-image-11\" data-rl_title=\"\" data-rl_caption=\"\"><img decoding=\"async\" loading=\"lazy\" class=\"alignleft size-thumbnail wp-image-1674\" title=\"\" alt=\"\" src=\"http:\/\/www.internatura.org\/blog\/wp-content\/uploads\/2012\/06\/Platja-Nules-charran-comu-5-150x150.gif\" width=\"150\" height=\"150\" \/><\/a><a href=\"http:\/\/www.internatura.org\/blog\/wp-content\/uploads\/2012\/06\/Platja-Nules-b-5-6-2012.gif\" rel=\"lightbox\" data-rel=\"lightbox-image-12\" data-rl_title=\"\" data-rl_caption=\"\"><img decoding=\"async\" loading=\"lazy\" class=\"alignleft size-thumbnail wp-image-1665\" title=\"\" alt=\"\" src=\"http:\/\/www.internatura.org\/blog\/wp-content\/uploads\/2012\/06\/Platja-Nules-b-5-6-2012-150x150.gif\" width=\"150\" height=\"150\" \/><\/a><\/div>\n<div style=\"text-align: left;\"><span style=\"font-size: x-small;\"><span style=\"line-height: 24px;\"><a href=\"http:\/\/www.internatura.org\/blog\/wp-content\/uploads\/2012\/06\/Platja-Nules-a-5-6-2012.gif\" rel=\"lightbox\" data-rel=\"lightbox-image-13\" data-rl_title=\"\" data-rl_caption=\"\"><img decoding=\"async\" loading=\"lazy\" class=\"alignleft size-thumbnail wp-image-1664\" title=\"\" alt=\"\" src=\"http:\/\/www.internatura.org\/blog\/wp-content\/uploads\/2012\/06\/Platja-Nules-a-5-6-2012-150x150.gif\" width=\"150\" height=\"150\" \/><\/a><\/span><\/span><\/div>\n","protected":false},"excerpt":{"rendered":"<p>&nbsp; Aquesta vesprada des de les 16 a les 20h. s&#8217;han realitzat prospeccions per determinar la pres\u00e8ncia d&#8217;aus aqu\u00e0tiques i constatar la nidificaci\u00f3 del corriol camanegre. La zona a censar ha estat l&#8217;Estany de Nules, la platja de Nules i la marjal de Nules &#8211; Moncofa. Els resultats han estat: \u2026 <a class=\"continue-reading-link\" href=\"https:\/\/internatura.org\/blog\/?p=1659\"> Continuar leyendo <span class=\"meta-nav\">&rarr; <\/span><\/a><\/p>\n","protected":false},"author":1,"featured_media":0,"comment_status":"closed","ping_status":"closed","sticky":false,"template":"","format":"standard","meta":[],"categories":[7],"tags":[56],"_links":{"self":[{"href":"https:\/\/internatura.org\/blog\/index.php?rest_route=\/wp\/v2\/posts\/1659"}],"collection":[{"href":"https:\/\/internatura.org\/blog\/index.php?rest_route=\/wp\/v2\/posts"}],"about":[{"href":"https:\/\/internatura.org\/blog\/index.php?rest_route=\/wp\/v2\/types\/post"}],"author":[{"embeddable":true,"href":"https:\/\/internatura.org\/blog\/index.php?rest_route=\/wp\/v2\/users\/1"}],"replies":[{"embeddable":true,"href":"https:\/\/internatura.org\/blog\/index.php?rest_route=%2Fwp%2Fv2%2Fcomments&post=1659"}],"version-history":[{"count":8,"href":"https:\/\/internatura.org\/blog\/index.php?rest_route=\/wp\/v2\/posts\/1659\/revisions"}],"predecessor-version":[{"id":2365,"href":"https:\/\/internatura.org\/blog\/index.php?rest_route=\/wp\/v2\/posts\/1659\/revisions\/2365"}],"wp:attachment":[{"href":"https:\/\/internatura.org\/blog\/index.php?rest_route=%2Fwp%2Fv2%2Fmedia&parent=1659"}],"wp:term":[{"taxonomy":"category","embeddable":true,"href":"https:\/\/internatura.org\/blog\/index.php?rest_route=%2Fwp%2Fv2%2Fcategories&post=1659"},{"taxonomy":"post_tag","embeddable":true,"href":"https:\/\/internatura.org\/blog\/index.php?rest_route=%2Fwp%2Fv2%2Ftags&post=1659"}],"curies":[{"name":"wp","href":"https:\/\/api.w.org\/{rel}","templated":true}]}}