{"id":1684,"date":"2012-06-03T23:34:15","date_gmt":"2012-06-03T22:34:15","guid":{"rendered":"http:\/\/www.internatura.org\/blog\/?p=1684"},"modified":"2014-11-11T08:18:16","modified_gmt":"2014-11-11T08:18:16","slug":"aeroport-de-castello-refugi-de-fauna-3-i-6-de-juny-del-2012","status":"publish","type":"post","link":"https:\/\/internatura.org\/blog\/?p=1684","title":{"rendered":"Aeroport de Castell\u00f3. Refugi de fauna. 3\/06\/2012"},"content":{"rendered":"<p style=\"text-align: justify;\"><a style=\"color: #ff4b33; line-height: 24px;\" href=\"http:\/\/www.internatura.org\/blog\/wp-content\/uploads\/2012\/06\/Paisatge-e-3-06-12.gif\" rel=\"lightbox\" data-rel=\"lightbox-image-0\" data-rl_title=\"\" data-rl_caption=\"\"><img decoding=\"async\" loading=\"lazy\" class=\"alignleft size-thumbnail wp-image-1685\" title=\"\" alt=\"\" src=\"http:\/\/www.internatura.org\/blog\/wp-content\/uploads\/2012\/06\/Paisatge-e-3-06-12-150x150.gif\" width=\"150\" height=\"150\" \/><\/a><\/p>\n<div><\/div>\n<p style=\"text-align: justify;\"><a href=\"http:\/\/www.internatura.org\/blog\/wp-content\/uploads\/2012\/06\/Paisatge-a-3-06-12.gif\" rel=\"lightbox\" data-rel=\"lightbox-image-1\" data-rl_title=\"\" data-rl_caption=\"\"><img decoding=\"async\" loading=\"lazy\" class=\"alignleft size-thumbnail wp-image-1688\" title=\"\" alt=\"\" src=\"http:\/\/www.internatura.org\/blog\/wp-content\/uploads\/2012\/06\/Paisatge-a-3-06-12-150x150.gif\" width=\"150\" height=\"150\" \/><\/a><\/p>\n<p style=\"text-align: justify;\"><a href=\"http:\/\/www.internatura.org\/blog\/wp-content\/uploads\/2012\/06\/Paisatge-c-3-06-12.gif\" rel=\"lightbox\" data-rel=\"lightbox-image-2\" data-rl_title=\"\" data-rl_caption=\"\"><img decoding=\"async\" loading=\"lazy\" class=\"alignleft size-thumbnail wp-image-1689\" title=\"\" alt=\"\" src=\"http:\/\/www.internatura.org\/blog\/wp-content\/uploads\/2012\/06\/Paisatge-c-3-06-12-150x150.gif\" width=\"150\" height=\"150\" \/><\/a><\/p>\n<p style=\"text-align: justify;\"><a href=\"http:\/\/www.internatura.org\/blog\/wp-content\/uploads\/2012\/06\/Paisatge-d-3-06-12.gif\" rel=\"lightbox\" data-rel=\"lightbox-image-3\" data-rl_title=\"\" data-rl_caption=\"\"><img decoding=\"async\" loading=\"lazy\" class=\"alignleft size-thumbnail wp-image-1690\" title=\"\" alt=\"\" src=\"http:\/\/www.internatura.org\/blog\/wp-content\/uploads\/2012\/06\/Paisatge-d-3-06-12-150x150.gif\" width=\"150\" height=\"150\" \/><\/a><\/p>\n<p style=\"text-align: justify;\">Membres del GER-EA, s&#8217;han despla\u00e7at a l&#8217;aeroport de Castell\u00f3 per fer el control bimensual sobre la fauna alli localitzada. Com ja vam comentar en altres visites l&#8217;elevat nombre d&#8217;esp\u00e8cies presa\u00a0(conill, perdius, coloms, &#8230;), afavoreixen la pres\u00e8ncia d&#8217;aus rapinyaires a la zona. Aquesta densitat d&#8217;esp\u00e8cies cineg\u00e8tiques gaireb\u00e9 \u00e9s \u00fanica a la prov\u00edncia per la qual cosa des del GER considerem que l&#8217;aeroport hauria de declarar com Refugi de Fauna, ja que no t\u00e9 cap activitat.<\/p>\n<p style=\"text-align: justify;\">L&#8217;objectiu del cens \u00e9s detectar la pres\u00e8ncia d&#8217;aus rapinyaires, especialment l&#8217;esparver cendr\u00f3s i comptabilitzar el nombre de conills que apareixen a l&#8217;aeroport i al voltant.<a href=\"http:\/\/www.internatura.org\/blog\/wp-content\/uploads\/2012\/06\/Conill-a-3-6-2012.gif\" rel=\"lightbox\" data-rel=\"lightbox-image-4\" data-rl_title=\"\" data-rl_caption=\"\"><img decoding=\"async\" loading=\"lazy\" class=\"alignleft size-thumbnail wp-image-1702\" title=\"\" alt=\"\" src=\"http:\/\/www.internatura.org\/blog\/wp-content\/uploads\/2012\/06\/Conill-a-3-6-2012-150x150.gif\" width=\"150\" height=\"150\" \/><\/a><\/p>\n<p style=\"text-align: justify;\"><a href=\"http:\/\/www.internatura.org\/blog\/wp-content\/uploads\/2012\/06\/Conill-e-3-6-2012.gif\" rel=\"lightbox\" data-rel=\"lightbox-image-5\" data-rl_title=\"\" data-rl_caption=\"\"><img decoding=\"async\" loading=\"lazy\" class=\"alignleft size-thumbnail wp-image-1703\" title=\"\" alt=\"\" src=\"http:\/\/www.internatura.org\/blog\/wp-content\/uploads\/2012\/06\/Conill-e-3-6-2012-150x150.gif\" width=\"150\" height=\"150\" \/><\/a><img decoding=\"async\" loading=\"lazy\" class=\"alignleft size-thumbnail wp-image-1705\" style=\"line-height: 24px;\" title=\"Conills--3-6-2012\" alt=\"\" src=\"http:\/\/www.internatura.org\/blog\/wp-content\/uploads\/2012\/06\/Conill-c-3-6-2012-150x150.gif\" width=\"150\" height=\"150\" \/><\/p>\n<div style=\"line-height: 18px; font-size: 12px; text-align: -webkit-auto;\"><\/div>\n<p style=\"text-align: justify;\">El recompte de conills es realitza des de l&#8217;interior del cotxe, comptabilitzant aquells conills que creuen la carretera des de l&#8217;interior de la tanca de l&#8217;aeroport fins als cultius de sec\u00e0 a l&#8217;altre extrem de la carretera o viceversa. Tamb\u00e9 es comptabilitzen els conills que es desplacen per l&#8217;interior de la tanca dins del recinte de l&#8217;aeroport.<\/p>\n<div>\n<p style=\"text-align: justify;\">S&#8217;han censat durant dos dies (3 i 6 de juny) les esp\u00e8cies de vertebrats al voltant de l&#8217;aeroport. El transecte sempre \u00e9s el mateix, despla\u00e7ament a molt baixa velocitat 20-30 km\/h, per la pista asfaltada que envolta l&#8217;aeroport. L&#8217;horari de segut de 9 a\u00a011 h.<\/p>\n<p style=\"text-align: justify;\">Resultats:<\/p>\n<p style=\"text-align: justify;\"><span style=\"line-height: 30px; font-size: 18px;\">Respecte al nombre de conills observats, s&#8217;ha elevat a 62 exemplars, normalment en dos o tres individus. Trobant un m\u00e0xim de conills visializados al mateix lloc i moment de 8 exemplars. Destaca en aquest control el gran nombre de conills joves detectats, normalment prop d&#8217;algun conill adult.<br \/>\n<\/span><\/p>\n<p style=\"text-align: justify;\">Respecte a les aus observades:<\/p>\n<table width=\"256\" border=\"0\" cellspacing=\"0\" cellpadding=\"0\">\n<colgroup>\n<col width=\"176\" \/>\n<col width=\"80\" \/> <\/colgroup>\n<tbody>\n<tr>\n<td width=\"176\" height=\"17\"><span style=\"font-size: 16px;\"><em>Lanius senator<\/em><\/span><\/td>\n<td style=\"text-align: left;\" align=\"right\" width=\"80\"><span style=\"font-size: 16px;\"><em>2<\/em><\/span><\/td>\n<\/tr>\n<tr>\n<td height=\"17\"><span style=\"font-size: 16px;\"><em>Circus pygargus<\/em><\/span><\/td>\n<td style=\"text-align: left;\" align=\"right\"><span style=\"font-size: 16px;\"><em>2<\/em><\/span><\/td>\n<\/tr>\n<tr>\n<td height=\"17\"><span style=\"font-size: 16px;\"><em>Streptopelia turtur<\/em><\/span><\/td>\n<td style=\"text-align: left;\" align=\"right\"><span style=\"font-size: 16px;\"><em>6<\/em><\/span><\/td>\n<\/tr>\n<tr>\n<td height=\"17\"><span style=\"font-size: 16px;\"><em>Merops apiaster<\/em><\/span><\/td>\n<td style=\"text-align: left;\" align=\"right\"><span style=\"font-size: 16px;\"><em>2<\/em><\/span><\/td>\n<\/tr>\n<tr>\n<td height=\"17\"><span style=\"font-size: 16px;\"><em>Carduelis carduelis<\/em><\/span><\/td>\n<td style=\"text-align: left;\" align=\"right\"><span style=\"font-size: 16px;\"><em>7<\/em><\/span><\/td>\n<\/tr>\n<tr>\n<td height=\"17\"><span style=\"font-size: 16px;\"><em>Emberiza calandra<\/em><\/span><\/td>\n<td style=\"text-align: left;\" align=\"right\"><span style=\"font-size: 16px;\"><em>5<\/em><\/span><\/td>\n<\/tr>\n<tr>\n<td height=\"17\"><span style=\"font-size: 16px;\"><em>Sylvia melanocephala<\/em><\/span><\/td>\n<td style=\"text-align: left;\" align=\"right\"><span style=\"font-size: 16px;\"><em>2<\/em><\/span><\/td>\n<\/tr>\n<tr>\n<td height=\"17\"><span style=\"font-size: 16px;\"><em>Muscicapa striata<\/em><\/span><\/td>\n<td style=\"text-align: left;\" align=\"right\"><span style=\"font-size: 16px;\"><em>2<\/em><\/span><\/td>\n<\/tr>\n<tr>\n<td height=\"17\"><span style=\"font-size: 16px;\"><em>Columba palumbus<\/em><\/span><\/td>\n<td style=\"text-align: left;\" align=\"right\"><span style=\"font-size: 16px;\"><em>4<\/em><\/span><\/td>\n<\/tr>\n<tr>\n<td height=\"17\"><span style=\"font-size: 16px;\"><em>Streptopelia decaocto<\/em><\/span><\/td>\n<td style=\"text-align: left;\" align=\"right\"><span style=\"font-size: 16px;\"><em>7<\/em><\/span><\/td>\n<\/tr>\n<tr>\n<td height=\"17\"><span style=\"font-size: 16px;\"><em>Oenanthe oenanthe<\/em><\/span><\/td>\n<td style=\"text-align: left;\" align=\"right\"><span style=\"font-size: 16px;\"><em>5<\/em><\/span><\/td>\n<\/tr>\n<tr>\n<td height=\"17\"><span style=\"font-size: 16px;\"><em>Upupa epops<\/em><\/span><\/td>\n<td style=\"text-align: left;\" align=\"right\"><span style=\"font-size: 16px;\"><em>2<\/em><\/span><\/td>\n<\/tr>\n<tr>\n<td height=\"17\"><span style=\"font-size: 16px;\"><em>Galerida cristata<\/em><\/span><\/td>\n<td style=\"text-align: left;\" align=\"right\"><span style=\"font-size: 16px;\"><em>5<\/em><\/span><\/td>\n<\/tr>\n<tr>\n<td height=\"17\"><span style=\"font-size: 16px;\"><em>Sylvia melanocephala<\/em><\/span><\/td>\n<td style=\"text-align: left;\" align=\"right\"><span style=\"font-size: 16px;\"><em>2<\/em><\/span><\/td>\n<\/tr>\n<tr>\n<td height=\"17\"><span style=\"font-size: 16px;\"><em>Falco tinnunculus<\/em><\/span><\/td>\n<td style=\"text-align: left;\" align=\"right\"><span style=\"font-size: 16px;\"><em>1<\/em><\/span><\/td>\n<\/tr>\n<tr>\n<td height=\"17\"><span style=\"font-size: 16px;\"><em>Alectoris rufa<\/em><\/span><\/td>\n<td style=\"text-align: left;\" align=\"right\"><span style=\"font-size: 16px;\"><em>2<\/em><\/span><\/td>\n<\/tr>\n<tr>\n<td height=\"17\"><span style=\"font-size: 16px;\"><em>Serinus serinus<\/em><\/span><\/td>\n<td style=\"text-align: left;\" align=\"right\"><span style=\"font-size: 16px;\"><em>12<\/em><\/span><\/td>\n<\/tr>\n<tr>\n<td height=\"17\"><span style=\"font-size: 16px;\"><em>Saxicola torquatus<\/em><\/span><\/td>\n<td style=\"text-align: left;\" align=\"right\"><span style=\"font-size: 16px;\"><em>6<\/em><\/span><\/td>\n<\/tr>\n<tr>\n<td height=\"17\"><span style=\"font-size: 16px;\"><em>Circaetus gallicus<\/em><\/span><\/td>\n<td style=\"text-align: left;\" align=\"right\"><span style=\"font-size: 16px;\"><em>1<\/em><\/span><\/td>\n<\/tr>\n<tr>\n<td height=\"17\"><span style=\"font-size: 16px;\"><em>Clamator glandarius<\/em><\/span><\/td>\n<td style=\"text-align: left;\" align=\"right\"><span style=\"font-size: 16px;\"><em>1<\/em><\/span><\/td>\n<\/tr>\n<tr>\n<td height=\"17\"><span style=\"font-size: 16px;\"><em>Hirundo daurica<\/em><\/span><\/td>\n<td style=\"text-align: left;\" align=\"right\"><span style=\"font-size: 16px;\"><em>1<\/em><\/span><\/td>\n<\/tr>\n<tr>\n<td height=\"17\"><span style=\"font-size: 16px;\"><em>Athene noctua<\/em><\/span><\/td>\n<td style=\"text-align: left;\" align=\"right\"><span style=\"font-size: 16px;\"><em>1<\/em><\/span><\/td>\n<\/tr>\n<tr>\n<td height=\"17\"><span style=\"font-size: 16px;\"><em>Milvus migrans<\/em><\/span><\/td>\n<td style=\"text-align: left;\" align=\"right\"><span style=\"font-size: 16px;\"><em style=\"line-height: 21px; font-size: 14px;\"><em>1<\/em><br \/>\n<\/em><\/span><\/td>\n<\/tr>\n<\/tbody>\n<\/table>\n<\/div>\n<div>\n<p><a href=\"http:\/\/www.internatura.org\/blog\/wp-content\/uploads\/2012\/06\/Conill-b-3-6-2012.gif\" rel=\"lightbox\" data-rel=\"lightbox-image-6\" data-rl_title=\"\" data-rl_caption=\"\"><img decoding=\"async\" loading=\"lazy\" class=\"alignleft size-thumbnail wp-image-1710\" title=\"\" alt=\"\" src=\"http:\/\/www.internatura.org\/blog\/wp-content\/uploads\/2012\/06\/Conill-b-3-6-2012-150x150.gif\" width=\"150\" height=\"150\" \/><\/a><\/p>\n<p style=\"text-align: justify;\"><a href=\"http:\/\/www.internatura.org\/blog\/wp-content\/uploads\/2012\/06\/Cogullal-e-3-6-2012.gif\" rel=\"lightbox\" data-rel=\"lightbox-image-7\" data-rl_title=\"\" data-rl_caption=\"\"><img decoding=\"async\" loading=\"lazy\" class=\"alignleft size-thumbnail wp-image-1698\" title=\"\" alt=\"\" src=\"http:\/\/www.internatura.org\/blog\/wp-content\/uploads\/2012\/06\/Cogullal-e-3-6-2012-150x150.gif\" width=\"150\" height=\"150\" \/><\/a><\/p>\n<p style=\"text-align: justify;\"><img decoding=\"async\" loading=\"lazy\" class=\"alignleft size-thumbnail wp-image-1699\" style=\"line-height: 18px; font-size: 12px; text-align: -webkit-auto;\" title=\"Oenanthe oenanthe-3-6-2012\" alt=\"\" src=\"http:\/\/www.internatura.org\/blog\/wp-content\/uploads\/2012\/06\/Collalba-grisl-a-3-6-2012-150x150.gif\" width=\"150\" height=\"150\" \/><\/p>\n<p style=\"text-align: justify;\"><span style=\"font-size: 12px; line-height: 18px;\"><a href=\"http:\/\/www.internatura.org\/blog\/wp-content\/uploads\/2012\/06\/Tortola-3-06-2012.gif\" rel=\"lightbox\" data-rel=\"lightbox-image-8\" data-rl_title=\"\" data-rl_caption=\"\"><img decoding=\"async\" loading=\"lazy\" class=\"alignleft size-thumbnail wp-image-1701\" title=\"\" alt=\"\" src=\"http:\/\/www.internatura.org\/blog\/wp-content\/uploads\/2012\/06\/Tortola-3-06-2012-150x150.gif\" width=\"150\" height=\"150\" \/><\/a><\/span><\/p>\n<div><a href=\"http:\/\/www.internatura.org\/blog\/wp-content\/uploads\/2012\/06\/Conilla-3-6-2012-IMG_8022.gif\" rel=\"lightbox\" data-rel=\"lightbox-image-9\" data-rl_title=\"\" data-rl_caption=\"\"><img decoding=\"async\" loading=\"lazy\" class=\"alignleft size-thumbnail wp-image-1709\" title=\"\" alt=\"\" src=\"http:\/\/www.internatura.org\/blog\/wp-content\/uploads\/2012\/06\/Conilla-3-6-2012-IMG_8022-150x150.gif\" width=\"150\" height=\"150\" \/><\/a><\/div>\n<p style=\"text-align: justify;\"><span style=\"font-size: 14px;\"><em><a href=\"http:\/\/www.internatura.org\/blog\/wp-content\/uploads\/2012\/06\/Tarabilla-3-06-2012-.gif\" rel=\"lightbox\" data-rel=\"lightbox-image-10\" data-rl_title=\"\" data-rl_caption=\"\"><img decoding=\"async\" loading=\"lazy\" class=\"alignleft size-thumbnail wp-image-1700\" title=\"\" alt=\"\" src=\"http:\/\/www.internatura.org\/blog\/wp-content\/uploads\/2012\/06\/Tarabilla-3-06-2012--150x150.gif\" width=\"150\" height=\"150\" \/><\/a><\/em><\/span><\/p>\n<\/div>\n","protected":false},"excerpt":{"rendered":"<p>Membres del GER-EA, s&#8217;han despla\u00e7at a l&#8217;aeroport de Castell\u00f3 per fer el control bimensual sobre la fauna alli localitzada. Com ja vam comentar en altres visites l&#8217;elevat nombre d&#8217;esp\u00e8cies presa\u00a0(conill, perdius, coloms, &#8230;), afavoreixen la pres\u00e8ncia d&#8217;aus rapinyaires a la zona. Aquesta densitat d&#8217;esp\u00e8cies cineg\u00e8tiques gaireb\u00e9 \u00e9s \u00fanica a la \u2026 <a class=\"continue-reading-link\" href=\"https:\/\/internatura.org\/blog\/?p=1684\"> Continuar leyendo <span class=\"meta-nav\">&rarr; <\/span><\/a><\/p>\n","protected":false},"author":1,"featured_media":0,"comment_status":"closed","ping_status":"closed","sticky":false,"template":"","format":"standard","meta":[],"categories":[25],"tags":[33],"_links":{"self":[{"href":"https:\/\/internatura.org\/blog\/index.php?rest_route=\/wp\/v2\/posts\/1684"}],"collection":[{"href":"https:\/\/internatura.org\/blog\/index.php?rest_route=\/wp\/v2\/posts"}],"about":[{"href":"https:\/\/internatura.org\/blog\/index.php?rest_route=\/wp\/v2\/types\/post"}],"author":[{"embeddable":true,"href":"https:\/\/internatura.org\/blog\/index.php?rest_route=\/wp\/v2\/users\/1"}],"replies":[{"embeddable":true,"href":"https:\/\/internatura.org\/blog\/index.php?rest_route=%2Fwp%2Fv2%2Fcomments&post=1684"}],"version-history":[{"count":22,"href":"https:\/\/internatura.org\/blog\/index.php?rest_route=\/wp\/v2\/posts\/1684\/revisions"}],"predecessor-version":[{"id":2340,"href":"https:\/\/internatura.org\/blog\/index.php?rest_route=\/wp\/v2\/posts\/1684\/revisions\/2340"}],"wp:attachment":[{"href":"https:\/\/internatura.org\/blog\/index.php?rest_route=%2Fwp%2Fv2%2Fmedia&parent=1684"}],"wp:term":[{"taxonomy":"category","embeddable":true,"href":"https:\/\/internatura.org\/blog\/index.php?rest_route=%2Fwp%2Fv2%2Fcategories&post=1684"},{"taxonomy":"post_tag","embeddable":true,"href":"https:\/\/internatura.org\/blog\/index.php?rest_route=%2Fwp%2Fv2%2Ftags&post=1684"}],"curies":[{"name":"wp","href":"https:\/\/api.w.org\/{rel}","templated":true}]}}