{"id":1717,"date":"2012-06-06T17:40:44","date_gmt":"2012-06-06T16:40:44","guid":{"rendered":"http:\/\/www.internatura.org\/blog\/?p=1717"},"modified":"2014-11-11T08:18:16","modified_gmt":"2014-11-11T08:18:16","slug":"aeroport-de-castello-control-daus-rapinyaires-6062012","status":"publish","type":"post","link":"https:\/\/internatura.org\/blog\/?p=1717","title":{"rendered":"Aeroport de Castell\u00f3. Control d&#8217;aus rapinyaires 6\/06\/2012"},"content":{"rendered":"<p><a href=\"http:\/\/www.internatura.org\/blog\/wp-content\/uploads\/2012\/06\/Aeroport-6-6-2012-.gif\" rel=\"lightbox\" data-rel=\"lightbox-image-0\" data-rl_title=\"\" data-rl_caption=\"\"><img decoding=\"async\" loading=\"lazy\" class=\"size-thumbnail wp-image-1727 alignleft\" title=\"'Aeroport-6-6-2012\" alt=\"Aeroport-6-6-2012\" src=\"http:\/\/www.internatura.org\/blog\/wp-content\/uploads\/2012\/06\/Aeroport-6-6-2012--150x150.gif\" width=\"150\" height=\"150\" \/><\/a><\/p>\n<p style=\"text-align: justify;\">Es realitza un nou control dels vertebrats de la zonda de l&#8217;aeroport de Castell\u00f3. L&#8217;objectiu ha estat doble, d&#8217;una banda la localitzaci\u00f3 d&#8217;aus rapinyaires existents a la zona i que utilitza les instal.lacions de l&#8217;aeroport per aconseguir aliment. I d&#8217;altra a la localitzaci\u00f3 i recompte de conill que entren i surten de les depend\u00e8ncies de l&#8217;aeroport per sota de la tanca.<\/p>\n<p><a style=\"color: #ff4b33; line-height: 24px; font-size: 16px; text-align: justify;\" href=\"http:\/\/www.internatura.org\/blog\/wp-content\/uploads\/2012\/06\/2Conill-bt-aeroport-6-6.gif\" rel=\"lightbox\" data-rel=\"lightbox-image-1\" data-rl_title=\"\" data-rl_caption=\"\"><img decoding=\"async\" loading=\"lazy\" class=\"wp-image-1753 alignright\" style=\"line-height: 18px;\" title=\"\" alt=\"\" src=\"http:\/\/www.internatura.org\/blog\/wp-content\/uploads\/2012\/06\/2Conill-bt-aeroport-6-6-300x191.gif\" width=\"210\" height=\"134\" srcset=\"https:\/\/internatura.org\/blog\/wp-content\/uploads\/2012\/06\/2Conill-bt-aeroport-6-6-300x191.gif 300w, https:\/\/internatura.org\/blog\/wp-content\/uploads\/2012\/06\/2Conill-bt-aeroport-6-6.gif 700w\" sizes=\"(max-width: 210px) 100vw, 210px\" \/><\/a><\/p>\n<p>&nbsp;<\/p>\n<p style=\"text-align: justify;\">La metodologia segueix sent la mateixa que en altres visites, \u00e9s a dir, despla\u00e7aments amb cotxe a baixa velocitat, al voltant de 20 &#8211; 30 km \/ h. El recorregut \u00e9s per la pista alfaltada que voreja la tanca de l&#8217;aeroport.<\/p>\n<p>\u00a0<span style=\"text-align: justify;\">L&#8217;horari de 16 a 19 h.<\/span><\/p>\n<p><img decoding=\"async\" loading=\"lazy\" class=\"wp-image-1755 alignleft\" style=\"line-height: 24px; font-size: 16px;\" title=\"Conill-atropellat-aeroport--6-6-12\" alt=\"\" src=\"http:\/\/www.internatura.org\/blog\/wp-content\/uploads\/2012\/06\/2Conill-mort-aeroport-6-6-245x300.gif\" width=\"103\" height=\"126\" srcset=\"https:\/\/internatura.org\/blog\/wp-content\/uploads\/2012\/06\/2Conill-mort-aeroport-6-6-245x300.gif 245w, https:\/\/internatura.org\/blog\/wp-content\/uploads\/2012\/06\/2Conill-mort-aeroport-6-6.gif 700w\" sizes=\"(max-width: 103px) 100vw, 103px\" \/><\/p>\n<p><span style=\"text-align: justify;\">Respecte al nombre\u00a0de\u00a0conills (<\/span><em style=\"text-align: justify;\"><a href=\"http:\/\/www.internatura.org\/avcs\/ficha.php?idesp=8\">Oryctolagus cuniculus<\/a><\/em><span style=\"text-align: justify;\">) observats, s&#8217;ha elevat a 48 exemplars. Tamb\u00e8 destaca en aquest control el gran nombre de conills joves detectats.\u00a0Es\u00a0<\/span><span style=\"text-align: justify;\">localitza\u00a0un conill\u00a0atropellats\u00a0a la part\u00a0nord de l&#8217;aeroport\u00a0la\u00a0auntigua\u00a0carretera\u00a0Vilanova-\u00a0Torreblanca.<\/span><\/p>\n<div align=\"center\">\n<div id=\"attachment_1768\" style=\"width: 128px\" class=\"wp-caption alignleft\"><a href=\"http:\/\/www.internatura.org\/blog\/wp-content\/uploads\/2012\/06\/2Cp-a-inmaturo-aeroport-6-.gif\" rel=\"lightbox\" data-rel=\"lightbox-image-2\" data-rl_title=\"\" data-rl_caption=\"\"><img aria-describedby=\"caption-attachment-1768\" decoding=\"async\" loading=\"lazy\" class=\" wp-image-1768   \" title=\"\" alt=\"\" src=\"http:\/\/www.internatura.org\/blog\/wp-content\/uploads\/2012\/06\/2Cp-a-inmaturo-aeroport-6--300x232.gif\" width=\"118\" height=\"91\" srcset=\"https:\/\/internatura.org\/blog\/wp-content\/uploads\/2012\/06\/2Cp-a-inmaturo-aeroport-6--300x232.gif 300w, https:\/\/internatura.org\/blog\/wp-content\/uploads\/2012\/06\/2Cp-a-inmaturo-aeroport-6-.gif 600w\" sizes=\"(max-width: 118px) 100vw, 118px\" \/><\/a><p id=\"caption-attachment-1768\" class=\"wp-caption-text\">Esparver-cendr\u00f3s-inmatur-aeroport&#8211;6-6-2012<\/p><\/div>\n<div id=\"attachment_1769\" style=\"width: 144px\" class=\"wp-caption alignleft\"><a href=\"http:\/\/www.internatura.org\/blog\/wp-content\/uploads\/2012\/06\/2Cp-femella-aeroport-6-6-2.gif\" rel=\"lightbox\" data-rel=\"lightbox-image-3\" data-rl_title=\"\" data-rl_caption=\"\"><img aria-describedby=\"caption-attachment-1769\" decoding=\"async\" loading=\"lazy\" class=\" wp-image-1769  \" title=\"\" alt=\"\" src=\"http:\/\/www.internatura.org\/blog\/wp-content\/uploads\/2012\/06\/2Cp-femella-aeroport-6-6-2-300x220.gif\" width=\"134\" height=\"99\" srcset=\"https:\/\/internatura.org\/blog\/wp-content\/uploads\/2012\/06\/2Cp-femella-aeroport-6-6-2-300x220.gif 300w, https:\/\/internatura.org\/blog\/wp-content\/uploads\/2012\/06\/2Cp-femella-aeroport-6-6-2.gif 700w\" sizes=\"(max-width: 134px) 100vw, 134px\" \/><\/a><p id=\"caption-attachment-1769\" class=\"wp-caption-text\">Esparver cendr\u00f3s-femella-aeroport&#8211;6-6-2012<\/p><\/div>\n<div id=\"attachment_1770\" style=\"width: 128px\" class=\"wp-caption alignleft\"><a href=\"http:\/\/www.internatura.org\/blog\/wp-content\/uploads\/2012\/06\/2Cp-macho-a-aeroport-6-6-2.gif\" rel=\"lightbox\" data-rel=\"lightbox-image-4\" data-rl_title=\"\" data-rl_caption=\"\"><img aria-describedby=\"caption-attachment-1770\" decoding=\"async\" loading=\"lazy\" class=\" wp-image-1770  \" title=\"\" alt=\"\" src=\"http:\/\/www.internatura.org\/blog\/wp-content\/uploads\/2012\/06\/2Cp-macho-a-aeroport-6-6-2-300x207.gif\" width=\"118\" height=\"81\" srcset=\"https:\/\/internatura.org\/blog\/wp-content\/uploads\/2012\/06\/2Cp-macho-a-aeroport-6-6-2-300x207.gif 300w, https:\/\/internatura.org\/blog\/wp-content\/uploads\/2012\/06\/2Cp-macho-a-aeroport-6-6-2.gif 600w\" sizes=\"(max-width: 118px) 100vw, 118px\" \/><\/a><p id=\"caption-attachment-1770\" class=\"wp-caption-text\">Esparver cendr\u00f3s mascle aeroport&#8211;6-6-2012<\/p><\/div>\n<div id=\"attachment_1771\" style=\"width: 128px\" class=\"wp-caption alignleft\"><img aria-describedby=\"caption-attachment-1771\" decoding=\"async\" loading=\"lazy\" class=\" wp-image-1771  \" title=\"Cp-macho-aeroport--6-6-2012\" alt=\"\" src=\"http:\/\/www.internatura.org\/blog\/wp-content\/uploads\/2012\/06\/2Cp-macho-aeroport-6-6-201-300x218.gif\" width=\"118\" height=\"85\" srcset=\"https:\/\/internatura.org\/blog\/wp-content\/uploads\/2012\/06\/2Cp-macho-aeroport-6-6-201-300x218.gif 300w, https:\/\/internatura.org\/blog\/wp-content\/uploads\/2012\/06\/2Cp-macho-aeroport-6-6-201.gif 500w\" sizes=\"(max-width: 118px) 100vw, 118px\" \/><p id=\"caption-attachment-1771\" class=\"wp-caption-text\">Esparver cendr\u00f3s mascle amb pardal.6-6-2012<\/p><\/div>\n<\/div>\n<p>&nbsp;<\/p>\n<p style=\"text-align: justify;\">Resultats:<\/p>\n<p><span style=\"text-align: justify;\">Respecte a les aus observades, destaquen:<\/span><\/p>\n<table width=\"256\" border=\"0\" cellspacing=\"0\" cellpadding=\"0\">\n<colgroup>\n<col width=\"176\" \/>\n<col width=\"80\" \/> <\/colgroup>\n<tbody>\n<tr>\n<td width=\"176\" height=\"17\"><span style=\"font-size: 16px;\"><em>Circus pygargus<\/em><\/span><\/td>\n<td width=\"80\"><span style=\"font-size: 16px;\"><em>7<\/em><\/span><\/td>\n<\/tr>\n<tr>\n<td height=\"17\"><span style=\"font-size: 16px;\"><em>Circus aeruginosus<\/em><\/span><\/td>\n<td><span style=\"font-size: 16px;\"><em>1<\/em><\/span><\/td>\n<\/tr>\n<tr>\n<td height=\"17\"><span style=\"font-size: 16px;\"><em>Pica pica<\/em><\/span><\/td>\n<td><span style=\"font-size: 16px;\"><em>4<\/em><\/span><\/td>\n<\/tr>\n<tr>\n<td height=\"17\"><span style=\"font-size: 16px;\"><em>Columba oenas<\/em><\/span><\/td>\n<td><span style=\"font-size: 16px;\"><em>12<\/em><\/span><\/td>\n<\/tr>\n<tr>\n<td height=\"17\"><span style=\"font-size: 16px;\"><em>Carduelis carduelis<\/em><\/span><\/td>\n<td><span style=\"font-size: 16px;\"><em>5<\/em><\/span><\/td>\n<\/tr>\n<tr>\n<td height=\"17\"><span style=\"font-size: 16px;\"><em>Oenanthe oenanthe<\/em><\/span><\/td>\n<td><span style=\"font-size: 16px;\"><em>6<\/em><\/span><\/td>\n<\/tr>\n<tr>\n<td height=\"17\"><span style=\"font-size: 16px;\"><em>Falco tinnunculus<\/em><\/span><\/td>\n<td><span style=\"font-size: 16px;\"><em>2<\/em><\/span><\/td>\n<\/tr>\n<tr>\n<td height=\"17\"><span style=\"font-size: 16px;\"><em>Lanius senator<\/em><\/span><\/td>\n<td><span style=\"font-size: 16px;\"><em>5<\/em><\/span><\/td>\n<\/tr>\n<tr>\n<td height=\"17\"><span style=\"font-size: 16px;\"><em>Streptopelia turtur<\/em><\/span><\/td>\n<td><span style=\"font-size: 16px;\"><em>2<\/em><\/span><\/td>\n<\/tr>\n<tr>\n<td height=\"17\"><span style=\"font-size: 16px;\"><em>Emberiza calandra<\/em><\/span><\/td>\n<td><span style=\"font-size: 16px;\"><em>2<\/em><\/span><\/td>\n<\/tr>\n<tr>\n<td height=\"17\"><span style=\"font-size: 16px;\"><em>Galerida cristata<\/em><\/span><\/td>\n<td><span style=\"font-size: 16px;\"><em>4<\/em><\/span><\/td>\n<\/tr>\n<tr>\n<td height=\"17\"><span style=\"font-size: 16px;\"><em>Sylvia melanocephala<\/em><\/span><\/td>\n<td><span style=\"font-size: 16px;\"><em>3<\/em><\/span><\/td>\n<\/tr>\n<tr>\n<td height=\"17\"><span style=\"font-size: 16px;\"><em>Alectoris rufa<\/em><\/span><\/td>\n<td><span style=\"font-size: 16px;\"><em>2<\/em><\/span><\/td>\n<\/tr>\n<tr>\n<td height=\"17\"><span style=\"font-size: 16px;\"><em>Circaetus gallicus<\/em><\/span><\/td>\n<td><span style=\"font-size: 16px;\"><em>1<\/em><\/span><\/td>\n<\/tr>\n<tr>\n<td height=\"17\"><span style=\"font-size: 16px;\"><em>Serinus serinus<\/em><\/span><\/td>\n<td><span style=\"font-size: 16px;\"><em>6<\/em><\/span><\/td>\n<\/tr>\n<tr>\n<td height=\"17\"><span style=\"font-size: 16px;\"><em>Columba palumbus<\/em><\/span><\/td>\n<td><span style=\"font-size: 16px;\"><em>95<\/em><\/span><\/td>\n<\/tr>\n<tr>\n<td height=\"17\"><span style=\"font-size: 16px;\"><em>Columba livia<\/em><\/span><\/td>\n<td><span style=\"font-size: 16px;\"><em>3<\/em><\/span><\/td>\n<\/tr>\n<tr>\n<td height=\"17\"><span style=\"font-size: 16px;\"><em>Merops apiaster<\/em><\/span><\/td>\n<td><span style=\"font-size: 16px;\"><em>2<\/em><\/span><\/td>\n<\/tr>\n<tr>\n<td height=\"17\"><span style=\"font-size: 16px;\"><em>Circus pygargus<\/em><\/span><\/td>\n<td><span style=\"font-size: 16px;\"><em>2<\/em><\/span><\/td>\n<\/tr>\n<tr>\n<td height=\"17\"><span style=\"font-size: 16px;\"><em>Lanius senator<\/em><\/span><\/td>\n<td><span style=\"font-size: 16px;\"><em>1<\/em><\/span><\/td>\n<\/tr>\n<tr>\n<td height=\"17\"><span style=\"font-size: 16px;\"><em>Sylvia melanocephala<\/em><\/span><\/td>\n<td><span style=\"font-size: 16px;\"><em>1<\/em><\/span><\/td>\n<\/tr>\n<tr>\n<td height=\"17\"><span style=\"font-size: 16px;\"><em>Streptopelia turtur<\/em><\/span><\/td>\n<td><span style=\"font-size: 16px;\"><em>1<\/em><\/span><\/td>\n<\/tr>\n<tr>\n<td height=\"17\"><span style=\"font-size: 16px;\"><em>Aquila chrysaetos<\/em><\/span><\/td>\n<td><span style=\"font-size: 16px;\"><em>2<\/em><\/span><\/td>\n<\/tr>\n<tr>\n<td height=\"17\"><span style=\"font-size: 16px;\"><em>Hieraaetus pennatus<\/em><\/span><\/td>\n<td><span style=\"font-size: 16px;\"><em>1<\/em><\/span><\/td>\n<\/tr>\n<tr>\n<td height=\"17\"><span style=\"font-size: 16px;\"><em>Buteo buteo<\/em><\/span><\/td>\n<td><span style=\"font-size: 16px;\"><em>2<\/em><\/span><\/td>\n<\/tr>\n<\/tbody>\n<\/table>\n<p style=\"text-align: justify;\">Com podem veure a les taules les observacions han estat realment important, observant fins a 7 esp\u00e8cies de rapinyaires, detectant un gran ventall des de les gran \u00e0guiles, com el una parella d&#8217;\u00e0guila reial, fins al Xoriguer vulgar, tenint cabuda la parella de aligot, l&#8217;\u00e0guila cal\u00e7ada, les \u00e0guiles serpeteres, destacant les parelles d&#8217;esparver cendr\u00f3s. Per\u00f2 el m\u00e9s sorprenent ha estat l&#8217;observaci\u00f3 d&#8217;un arpella i el mil\u00e0 negre, localitzat el passat 3 de juny.<\/p>\n<div id=\"attachment_1756\" style=\"width: 265px\" class=\"wp-caption alignleft\"><a href=\"http:\/\/www.internatura.org\/blog\/wp-content\/uploads\/2012\/06\/2Calzada-aeroport-6-6-2012.gif\" rel=\"lightbox\" data-rel=\"lightbox-image-5\" data-rl_title=\"\" data-rl_caption=\"\"><img aria-describedby=\"caption-attachment-1756\" decoding=\"async\" loading=\"lazy\" class=\"size-medium wp-image-1756\" title=\"\" alt=\"\" src=\"http:\/\/www.internatura.org\/blog\/wp-content\/uploads\/2012\/06\/2Calzada-aeroport-6-6-2012-255x300.gif\" width=\"255\" height=\"300\" srcset=\"https:\/\/internatura.org\/blog\/wp-content\/uploads\/2012\/06\/2Calzada-aeroport-6-6-2012-255x300.gif 255w, https:\/\/internatura.org\/blog\/wp-content\/uploads\/2012\/06\/2Calzada-aeroport-6-6-2012.gif 750w\" sizes=\"(max-width: 255px) 100vw, 255px\" \/><\/a><p id=\"caption-attachment-1756\" class=\"wp-caption-text\">Reial y A. cal\u00e7ada-aeroport&#8211;6-6-2012<\/p><\/div>\n<p style=\"text-align: justify;\">Aquesta quantitat i diversitat d&#8217;esp\u00e8cie rapinyaires, \u00e9s causa de la gran quantitat d&#8217;esp\u00e8cie de vertebrats que s\u00f3n capturats per alimentarse, des dels petits fring\u00edl \u00b7 lids, fins a les perdius, coloms i sobretot la gran quantitat de conills localitzats a la zona, el que li d\u00f3na entitat a aquesta zona per a ser <strong>declarada com Refugi de Fauna<\/strong>.<\/p>\n<div id=\"attachment_1758\" style=\"width: 220px\" class=\"wp-caption alignleft\"><a href=\"http:\/\/www.internatura.org\/blog\/wp-content\/uploads\/2012\/06\/2culebreral-aeroport-6-6-2.gif\" rel=\"lightbox\" data-rel=\"lightbox-image-6\" data-rl_title=\"\" data-rl_caption=\"\"><img aria-describedby=\"caption-attachment-1758\" decoding=\"async\" loading=\"lazy\" class=\" wp-image-1758\" title=\"\" alt=\"\" src=\"http:\/\/www.internatura.org\/blog\/wp-content\/uploads\/2012\/06\/2culebreral-aeroport-6-6-2-300x233.gif\" width=\"210\" height=\"163\" srcset=\"https:\/\/internatura.org\/blog\/wp-content\/uploads\/2012\/06\/2culebreral-aeroport-6-6-2-300x233.gif 300w, https:\/\/internatura.org\/blog\/wp-content\/uploads\/2012\/06\/2culebreral-aeroport-6-6-2.gif 400w\" sizes=\"(max-width: 210px) 100vw, 210px\" \/><\/a><p id=\"caption-attachment-1758\" class=\"wp-caption-text\">A.serpetera-aeroport&#8211;6-6-2012<\/p><\/div>\n<div id=\"attachment_1760\" style=\"width: 202px\" class=\"wp-caption alignleft\"><a href=\"http:\/\/www.internatura.org\/blog\/wp-content\/uploads\/2012\/06\/2ratonero-b-aeroport-6-6.gif\" rel=\"lightbox\" data-rel=\"lightbox-image-7\" data-rl_title=\"\" data-rl_caption=\"\"><img aria-describedby=\"caption-attachment-1760\" decoding=\"async\" loading=\"lazy\" class=\" wp-image-1760\" title=\"\" alt=\"\" src=\"http:\/\/www.internatura.org\/blog\/wp-content\/uploads\/2012\/06\/2ratonero-b-aeroport-6-6-300x294.gif\" width=\"192\" height=\"188\" srcset=\"https:\/\/internatura.org\/blog\/wp-content\/uploads\/2012\/06\/2ratonero-b-aeroport-6-6-300x294.gif 300w, https:\/\/internatura.org\/blog\/wp-content\/uploads\/2012\/06\/2ratonero-b-aeroport-6-6.gif 600w\" sizes=\"(max-width: 192px) 100vw, 192px\" \/><\/a><p id=\"caption-attachment-1760\" class=\"wp-caption-text\">Aligot com\u00fa-femella-aeroport&#8211;6-6-2012<\/p><\/div>\n<div id=\"attachment_1761\" style=\"width: 178px\" class=\"wp-caption alignleft\"><img aria-describedby=\"caption-attachment-1761\" decoding=\"async\" loading=\"lazy\" class=\" wp-image-1761 \" style=\"line-height: 18px; font-size: 12px; text-align: -webkit-auto;\" title=\"Buteo bueto\" alt=\"\" src=\"http:\/\/www.internatura.org\/blog\/wp-content\/uploads\/2012\/06\/2ratonero-c-aeroport-6-6-300x241.gif\" width=\"168\" height=\"135\" srcset=\"https:\/\/internatura.org\/blog\/wp-content\/uploads\/2012\/06\/2ratonero-c-aeroport-6-6-300x241.gif 300w, https:\/\/internatura.org\/blog\/wp-content\/uploads\/2012\/06\/2ratonero-c-aeroport-6-6.gif 500w\" sizes=\"(max-width: 168px) 100vw, 168px\" \/><p id=\"caption-attachment-1761\" class=\"wp-caption-text\">Aligot com\u00fa-mascle-aeroport&#8211;6-6-2012<\/p><\/div>\n<p style=\"text-align: justify;\"><span style=\"font-size: 12px; line-height: 18px;\"><br \/>\n<\/span><\/p>\n<div><\/div>\n<p style=\"text-align: justify;\"><span style=\"font-size: 12px; line-height: 18px;\"><br \/>\n<\/span><\/p>\n<p style=\"text-align: justify;\"><span style=\"font-size: 12px; line-height: 18px;\"><br \/>\n<\/span><\/p>\n<p style=\"text-align: justify;\"><span style=\"font-size: 12px; line-height: 18px;\"><br \/>\n<\/span><\/p>\n<p style=\"text-align: justify;\"><a href=\"http:\/\/www.internatura.org\/blog\/wp-content\/uploads\/2012\/06\/2abellerol-aeroport-6-6.gif\" rel=\"lightbox\" data-rel=\"lightbox-image-8\" data-rl_title=\"\" data-rl_caption=\"\"><img decoding=\"async\" loading=\"lazy\" class=\"alignleft size-medium wp-image-1765\" title=\"\" alt=\"\" src=\"http:\/\/www.internatura.org\/blog\/wp-content\/uploads\/2012\/06\/2abellerol-aeroport-6-6-300x183.gif\" width=\"300\" height=\"183\" srcset=\"https:\/\/internatura.org\/blog\/wp-content\/uploads\/2012\/06\/2abellerol-aeroport-6-6-300x183.gif 300w, https:\/\/internatura.org\/blog\/wp-content\/uploads\/2012\/06\/2abellerol-aeroport-6-6.gif 800w\" sizes=\"(max-width: 300px) 100vw, 300px\" \/><\/a><\/p>\n<p style=\"text-align: justify;\"><a href=\"http:\/\/www.internatura.org\/blog\/wp-content\/uploads\/2012\/06\/2perdiu-aeroport-6-6.gif\" rel=\"lightbox\" data-rel=\"lightbox-image-9\" data-rl_title=\"\" data-rl_caption=\"\"><img decoding=\"async\" loading=\"lazy\" class=\"alignleft  wp-image-1766\" title=\"\" alt=\"\" src=\"http:\/\/www.internatura.org\/blog\/wp-content\/uploads\/2012\/06\/2perdiu-aeroport-6-6-300x166.gif\" width=\"210\" height=\"116\" srcset=\"https:\/\/internatura.org\/blog\/wp-content\/uploads\/2012\/06\/2perdiu-aeroport-6-6-300x166.gif 300w, https:\/\/internatura.org\/blog\/wp-content\/uploads\/2012\/06\/2perdiu-aeroport-6-6.gif 700w\" sizes=\"(max-width: 210px) 100vw, 210px\" \/><\/a><\/p>\n<p style=\"text-align: justify;\"><span style=\"font-size: 12px; line-height: 18px;\"><br \/>\n<\/span><\/p>\n<p style=\"text-align: justify;\"><a href=\"http:\/\/www.internatura.org\/blog\/wp-content\/uploads\/2012\/06\/2torca\u00e7os-aeroport-6-6.gif\" rel=\"lightbox\" data-rel=\"lightbox-image-10\" data-rl_title=\"\" data-rl_caption=\"\"><img decoding=\"async\" loading=\"lazy\" class=\"alignleft size-medium wp-image-1776\" title=\"\" alt=\"\" src=\"http:\/\/www.internatura.org\/blog\/wp-content\/uploads\/2012\/06\/2torca\u00e7os-aeroport-6-6-300x134.gif\" width=\"300\" height=\"134\" srcset=\"https:\/\/internatura.org\/blog\/wp-content\/uploads\/2012\/06\/2torca\u00e7os-aeroport-6-6-300x134.gif 300w, https:\/\/internatura.org\/blog\/wp-content\/uploads\/2012\/06\/2torca\u00e7os-aeroport-6-6.gif 800w\" sizes=\"(max-width: 300px) 100vw, 300px\" \/><\/a><\/p>\n<p style=\"text-align: justify;\"><img decoding=\"async\" loading=\"lazy\" class=\"alignleft  wp-image-1764\" style=\"line-height: 24px;\" title=\"Reial-femella-aeroport--6-6-2012\" alt=\"\" src=\"http:\/\/www.internatura.org\/blog\/wp-content\/uploads\/2012\/06\/2Real-a-aeroport-6-6-2012--300x205.gif\" width=\"180\" height=\"123\" srcset=\"https:\/\/internatura.org\/blog\/wp-content\/uploads\/2012\/06\/2Real-a-aeroport-6-6-2012--300x205.gif 300w, https:\/\/internatura.org\/blog\/wp-content\/uploads\/2012\/06\/2Real-a-aeroport-6-6-2012-.gif 500w\" sizes=\"(max-width: 180px) 100vw, 180px\" \/><\/p>\n<p style=\"text-align: justify;\"><img decoding=\"async\" loading=\"lazy\" class=\"alignleft  wp-image-1763\" style=\"line-height: 24px;\" title=\"Reial-mascle-aeroport--6-6-2012\" alt=\"\" src=\"http:\/\/www.internatura.org\/blog\/wp-content\/uploads\/2012\/06\/2Real-b-macho-aeroport-6-6-300x253.gif\" width=\"180\" height=\"152\" srcset=\"https:\/\/internatura.org\/blog\/wp-content\/uploads\/2012\/06\/2Real-b-macho-aeroport-6-6-300x253.gif 300w, https:\/\/internatura.org\/blog\/wp-content\/uploads\/2012\/06\/2Real-b-macho-aeroport-6-6.gif 500w\" sizes=\"(max-width: 180px) 100vw, 180px\" \/><\/p>\n<p style=\"text-align: justify;\">Altres esp\u00e8cies localitzades han estat una serp verda (<em><a href=\"http:\/\/www.internatura.org\/avcs\/ficha.php?idesp=84\">Malpolon monspessulanus<\/a><\/em>)\u00a0 atropellada a la mateixa carretera de Vilanova &#8211; Torreblanca, aix\u00ed com la pres\u00e8ncia de dos llangardaixos ocellats (<em><a href=\"http:\/\/www.internatura.org\/avcs\/ficha.php?idesp=78\">Lacerta lepida<\/a><\/em>). En les petites basses artificials localitzades a la zona es detecta la pres\u00e8ncia de serp\u00a0d&#8217;aigua (<em><a href=\"http:\/\/www.internatura.org\/avcs\/ficha.php?idesp=88\">Natrix maura<\/a><\/em>) i granotes comunes (<em><a href=\"http:\/\/www.internatura.org\/avcs\/ficha.php?idesp=100\">Rana perezi<\/a><\/em>).<\/p>\n<p style=\"text-align: justify;\"><a href=\"http:\/\/www.internatura.org\/blog\/wp-content\/uploads\/2012\/06\/2serp-mort-aeroport-6-6.gif\" rel=\"lightbox\" data-rel=\"lightbox-image-11\" data-rl_title=\"\" data-rl_caption=\"\"><img decoding=\"async\" loading=\"lazy\" class=\"alignleft  wp-image-1775\" title=\"\" alt=\"\" src=\"http:\/\/www.internatura.org\/blog\/wp-content\/uploads\/2012\/06\/2serp-mort-aeroport-6-6-300x154.gif\" width=\"180\" height=\"92\" srcset=\"https:\/\/internatura.org\/blog\/wp-content\/uploads\/2012\/06\/2serp-mort-aeroport-6-6-300x154.gif 300w, https:\/\/internatura.org\/blog\/wp-content\/uploads\/2012\/06\/2serp-mort-aeroport-6-6.gif 800w\" sizes=\"(max-width: 180px) 100vw, 180px\" \/><\/a><\/p>\n<p style=\"text-align: justify;\"><a href=\"http:\/\/www.internatura.org\/blog\/wp-content\/uploads\/2012\/06\/2serp-aeroport-6-6.gif\" rel=\"lightbox\" data-rel=\"lightbox-image-12\" data-rl_title=\"\" data-rl_caption=\"\"><img decoding=\"async\" loading=\"lazy\" class=\"wp-image-1774 alignleft\" title=\"'igua-aeroport--6-6\" alt=\"\" src=\"http:\/\/www.internatura.org\/blog\/wp-content\/uploads\/2012\/06\/2serp-aeroport-6-6-300x189.gif\" width=\"168\" height=\"106\" srcset=\"https:\/\/internatura.org\/blog\/wp-content\/uploads\/2012\/06\/2serp-aeroport-6-6-300x189.gif 300w, https:\/\/internatura.org\/blog\/wp-content\/uploads\/2012\/06\/2serp-aeroport-6-6.gif 700w\" sizes=\"(max-width: 168px) 100vw, 168px\" \/><\/a><\/p>\n<p style=\"text-align: justify;\"><a href=\"http:\/\/www.internatura.org\/blog\/wp-content\/uploads\/2012\/06\/2granota-a-aeroport-6-6.gif\" rel=\"lightbox\" data-rel=\"lightbox-image-13\" data-rl_title=\"\" data-rl_caption=\"\"><img decoding=\"async\" loading=\"lazy\" class=\"wp-image-1773 alignleft\" title=\"\" alt=\"\" src=\"http:\/\/www.internatura.org\/blog\/wp-content\/uploads\/2012\/06\/2granota-a-aeroport-6-6-300x221.gif\" width=\"147\" height=\"109\" srcset=\"https:\/\/internatura.org\/blog\/wp-content\/uploads\/2012\/06\/2granota-a-aeroport-6-6-300x221.gif 300w, https:\/\/internatura.org\/blog\/wp-content\/uploads\/2012\/06\/2granota-a-aeroport-6-6.gif 800w\" sizes=\"(max-width: 147px) 100vw, 147px\" \/><\/a><\/p>\n","protected":false},"excerpt":{"rendered":"<p>Es realitza un nou control dels vertebrats de la zonda de l&#8217;aeroport de Castell\u00f3. L&#8217;objectiu ha estat doble, d&#8217;una banda la localitzaci\u00f3 d&#8217;aus rapinyaires existents a la zona i que utilitza les instal.lacions de l&#8217;aeroport per aconseguir aliment. I d&#8217;altra a la localitzaci\u00f3 i recompte de conill que entren i \u2026 <a class=\"continue-reading-link\" href=\"https:\/\/internatura.org\/blog\/?p=1717\"> Continuar leyendo <span class=\"meta-nav\">&rarr; <\/span><\/a><\/p>\n","protected":false},"author":1,"featured_media":0,"comment_status":"closed","ping_status":"closed","sticky":false,"template":"","format":"standard","meta":[],"categories":[7],"tags":[33],"_links":{"self":[{"href":"https:\/\/internatura.org\/blog\/index.php?rest_route=\/wp\/v2\/posts\/1717"}],"collection":[{"href":"https:\/\/internatura.org\/blog\/index.php?rest_route=\/wp\/v2\/posts"}],"about":[{"href":"https:\/\/internatura.org\/blog\/index.php?rest_route=\/wp\/v2\/types\/post"}],"author":[{"embeddable":true,"href":"https:\/\/internatura.org\/blog\/index.php?rest_route=\/wp\/v2\/users\/1"}],"replies":[{"embeddable":true,"href":"https:\/\/internatura.org\/blog\/index.php?rest_route=%2Fwp%2Fv2%2Fcomments&post=1717"}],"version-history":[{"count":49,"href":"https:\/\/internatura.org\/blog\/index.php?rest_route=\/wp\/v2\/posts\/1717\/revisions"}],"predecessor-version":[{"id":2362,"href":"https:\/\/internatura.org\/blog\/index.php?rest_route=\/wp\/v2\/posts\/1717\/revisions\/2362"}],"wp:attachment":[{"href":"https:\/\/internatura.org\/blog\/index.php?rest_route=%2Fwp%2Fv2%2Fmedia&parent=1717"}],"wp:term":[{"taxonomy":"category","embeddable":true,"href":"https:\/\/internatura.org\/blog\/index.php?rest_route=%2Fwp%2Fv2%2Fcategories&post=1717"},{"taxonomy":"post_tag","embeddable":true,"href":"https:\/\/internatura.org\/blog\/index.php?rest_route=%2Fwp%2Fv2%2Ftags&post=1717"}],"curies":[{"name":"wp","href":"https:\/\/api.w.org\/{rel}","templated":true}]}}