{"id":1877,"date":"2012-08-18T23:07:34","date_gmt":"2012-08-18T22:07:34","guid":{"rendered":"http:\/\/www.internatura.org\/blog\/?p=1877"},"modified":"2014-11-11T08:18:16","modified_gmt":"2014-11-11T08:18:16","slug":"observacions-al-masiss-del-penyagolosa-i-el-pla-de-vistablella-2012-08-18","status":"publish","type":"post","link":"https:\/\/internatura.org\/blog\/?p=1877","title":{"rendered":"Observacions al Masiss del Penyagolosa i el Pla de Vistablella 18\/08\/2012"},"content":{"rendered":"<p style=\"text-align: justify;\">Un viatge r\u00e0pid al Penyagolosa, es descriuen les esp\u00e8cies observades a la zona:<\/p>\n<table width=\"357\" border=\"0\" cellspacing=\"0\" cellpadding=\"0\">\n<colgroup>\n<col width=\"277\" \/>\n<col width=\"80\" \/> <\/colgroup>\n<tbody>\n<tr>\n<td width=\"277\" height=\"20\">Nom cientific<\/td>\n<td width=\"80\">N\u00ba individuos<\/td>\n<\/tr>\n<tr>\n<td height=\"20\"><em>Garrulus glandarius<\/em><\/td>\n<td><em>9<\/em><\/td>\n<\/tr>\n<tr>\n<td height=\"20\"><em>Erithacus rubecula<\/em><\/td>\n<td><em>4<\/em><\/td>\n<\/tr>\n<tr>\n<td height=\"20\"><em>Parus major<\/em><\/td>\n<td><em>1<\/em><\/td>\n<\/tr>\n<tr>\n<td height=\"20\"><em>Parus caeruleus<\/em><\/td>\n<td><em>1<\/em><\/td>\n<\/tr>\n<tr>\n<td height=\"20\"><em>Parus ater<\/em><\/td>\n<td><em>2<\/em><\/td>\n<\/tr>\n<tr>\n<td height=\"20\"><em>Merops apiaster<\/em><\/td>\n<td><em>3<\/em><\/td>\n<\/tr>\n<tr>\n<td height=\"20\"><em>Saxicola torquatus<\/em><\/td>\n<td><em>3<\/em><\/td>\n<\/tr>\n<tr>\n<td height=\"20\"><em>Turdus viscivorus<\/em><\/td>\n<td><em>2<\/em><\/td>\n<\/tr>\n<tr>\n<td height=\"20\"><em>Oenanthe oenanthe<\/em><\/td>\n<td><em>22<\/em><\/td>\n<\/tr>\n<tr>\n<td height=\"20\"><\/td>\n<td><\/td>\n<\/tr>\n<tr>\n<td height=\"20\"><em>Carduelis cannabina<\/em><\/td>\n<td><em>35<\/em><\/td>\n<\/tr>\n<tr>\n<td height=\"20\"><em>Circaetus gallicus<\/em><\/td>\n<td><em>3<\/em><\/td>\n<\/tr>\n<tr>\n<td height=\"20\"><em>Hieraaetus pennatus<\/em><\/td>\n<td><em>6<\/em><\/td>\n<\/tr>\n<tr>\n<td height=\"20\"><em>Columba palumbus<\/em><\/td>\n<td><em>12<\/em><\/td>\n<\/tr>\n<tr>\n<td height=\"20\"><em>Turdus viscivorus<\/em><\/td>\n<td><em>2<\/em><\/td>\n<\/tr>\n<tr>\n<td height=\"20\"><em>Falco tinnunculus<\/em><\/td>\n<td><em>8<\/em><\/td>\n<\/tr>\n<tr>\n<td height=\"20\"><em>Carduelis carduelis<\/em><\/td>\n<td><em>6<\/em><\/td>\n<\/tr>\n<tr>\n<td height=\"20\"><em>Phoenicurus ochruros<\/em><\/td>\n<td><em>1<\/em><\/td>\n<\/tr>\n<tr>\n<td height=\"20\"><em>Pyrrhocorax pyrrhocorax<\/em><\/td>\n<td><em>58<\/em><\/td>\n<\/tr>\n<tr>\n<td height=\"20\"><em>Lanius senator<\/em><\/td>\n<td><em>1<\/em><\/td>\n<\/tr>\n<tr>\n<td height=\"20\"><em>Saxicola torquatus<\/em><\/td>\n<td><em>2<\/em><\/td>\n<\/tr>\n<tr>\n<td height=\"20\"><em>Merops apiaster<\/em><\/td>\n<td><em>1<\/em><\/td>\n<\/tr>\n<tr>\n<td height=\"20\"><em>Gyps fulvus<\/em><\/td>\n<td><em>4<\/em><\/td>\n<\/tr>\n<tr>\n<td height=\"20\"><em>Corvus corone<\/em><\/td>\n<td><em>17<\/em><\/td>\n<\/tr>\n<tr>\n<td height=\"20\"><\/td>\n<td><\/td>\n<\/tr>\n<tr>\n<td height=\"20\"><em>Corvus corax<\/em><\/td>\n<td><em>1<\/em><\/td>\n<\/tr>\n<\/tbody>\n<\/table>\n<p style=\"text-align: justify;\">No s&#8217;observa cap moviment migratori en les aus observades, poden ser locals la majoria.<\/p>\n<p style=\"text-align: justify;\">Una de les cites, encara que no d&#8217;aus, m\u00e9s important del dia ha estat la troballa d&#8217;un <a href=\"http:\/\/bdb.cth.gva.es\/ficha.asp?id=5927\">cabirol femella<\/a> mort a la ruta del b \u00ba de la Pegunta. Sembla que no fa molts dies ja que encara que fa un poc d&#8217;aulor, no detectem descomposici\u00f3 de la pell. Desconeixem la causa, per\u00f2 sembla que troba una petita lesi\u00f3 a l&#8217;abdomen i s&#8217;observa restes de sang a la boca. Informem a la guarderia mediambiental.<\/p>\n<p style=\"text-align: justify;\">L&#8217;esp\u00e8cie que estava en molt pocs exemplars, des del 2011 el <a href=\"http:\/\/www.google.es\/url?sa=t&amp;rct=j&amp;q=&amp;esrc=s&amp;frm=1&amp;source=web&amp;cd=2&amp;cad=rja&amp;ved=0CCwQFjAB&amp;url=http%3A%2F%2Fwww.20minutos.es%2Fnoticia%2F1225655%2F0%2F&amp;ei=a_txUNWyIIiBhQfg9oEw&amp;usg=AFQjCNETEtDHlUOozU1V3pwK3Zej6EF_Ow\">Consell autoritza la seva ca\u00e7a<\/a> en els vedats que ho sol \u00b7 licitin.<\/p>\n<div id=\"spell-place-holder\" style=\"text-align: justify;\"><a href=\"http:\/\/www.internatura.org\/blog\/wp-content\/uploads\/2012\/10\/Corzo-a-18-08-2012-IMG_0671.jpg\" rel=\"lightbox\" data-rel=\"lightbox-image-0\" data-rl_title=\"\" data-rl_caption=\"\"><img decoding=\"async\" loading=\"lazy\" class=\"alignleft size-medium wp-image-1897\" title=\"\" alt=\"\" src=\"http:\/\/www.internatura.org\/blog\/wp-content\/uploads\/2012\/10\/Corzo-a-18-08-2012-IMG_0671-200x300.jpg\" width=\"200\" height=\"300\" srcset=\"https:\/\/internatura.org\/blog\/wp-content\/uploads\/2012\/10\/Corzo-a-18-08-2012-IMG_0671-200x300.jpg 200w, https:\/\/internatura.org\/blog\/wp-content\/uploads\/2012\/10\/Corzo-a-18-08-2012-IMG_0671-682x1024.jpg 682w, https:\/\/internatura.org\/blog\/wp-content\/uploads\/2012\/10\/Corzo-a-18-08-2012-IMG_0671.jpg 700w\" sizes=\"(max-width: 200px) 100vw, 200px\" \/><\/a><\/div>\n<div id=\"gt-res-tools\"><\/div>\n<p><a href=\"http:\/\/www.internatura.org\/blog\/wp-content\/uploads\/2012\/10\/Corzo-18-08-2012-IMG_0671.jpg\" rel=\"lightbox\" data-rel=\"lightbox-image-1\" data-rl_title=\"\" data-rl_caption=\"\"><img decoding=\"async\" loading=\"lazy\" class=\"alignleft size-medium wp-image-1899\" title=\"\" alt=\"\" src=\"http:\/\/www.internatura.org\/blog\/wp-content\/uploads\/2012\/10\/Corzo-18-08-2012-IMG_0671-300x208.jpg\" width=\"300\" height=\"208\" srcset=\"https:\/\/internatura.org\/blog\/wp-content\/uploads\/2012\/10\/Corzo-18-08-2012-IMG_0671-300x208.jpg 300w, https:\/\/internatura.org\/blog\/wp-content\/uploads\/2012\/10\/Corzo-18-08-2012-IMG_0671.jpg 700w\" sizes=\"(max-width: 300px) 100vw, 300px\" \/><\/a><a href=\"http:\/\/www.internatura.org\/blog\/wp-content\/uploads\/2012\/10\/Corzo-b-18-08-2012-IMG_0671.jpg\" rel=\"lightbox\" data-rel=\"lightbox-image-2\" data-rl_title=\"\" data-rl_caption=\"\"><img decoding=\"async\" loading=\"lazy\" class=\"alignleft size-medium wp-image-1898\" title=\"\" alt=\"\" src=\"http:\/\/www.internatura.org\/blog\/wp-content\/uploads\/2012\/10\/Corzo-b-18-08-2012-IMG_0671-200x300.jpg\" width=\"200\" height=\"300\" srcset=\"https:\/\/internatura.org\/blog\/wp-content\/uploads\/2012\/10\/Corzo-b-18-08-2012-IMG_0671-200x300.jpg 200w, https:\/\/internatura.org\/blog\/wp-content\/uploads\/2012\/10\/Corzo-b-18-08-2012-IMG_0671-682x1024.jpg 682w, https:\/\/internatura.org\/blog\/wp-content\/uploads\/2012\/10\/Corzo-b-18-08-2012-IMG_0671.jpg 700w\" sizes=\"(max-width: 200px) 100vw, 200px\" \/><\/a><\/p>\n","protected":false},"excerpt":{"rendered":"<p>Un viatge r\u00e0pid al Penyagolosa, es descriuen les esp\u00e8cies observades a la zona: Nom cientific N\u00ba individuos Garrulus glandarius 9 Erithacus rubecula 4 Parus major 1 Parus caeruleus 1 Parus ater 2 Merops apiaster 3 Saxicola torquatus 3 Turdus viscivorus 2 Oenanthe oenanthe 22 Carduelis cannabina 35 Circaetus gallicus 3 \u2026 <a class=\"continue-reading-link\" href=\"https:\/\/internatura.org\/blog\/?p=1877\"> Continuar leyendo <span class=\"meta-nav\">&rarr; <\/span><\/a><\/p>\n","protected":false},"author":1,"featured_media":0,"comment_status":"closed","ping_status":"closed","sticky":false,"template":"","format":"standard","meta":[],"categories":[7,25],"tags":[44],"_links":{"self":[{"href":"https:\/\/internatura.org\/blog\/index.php?rest_route=\/wp\/v2\/posts\/1877"}],"collection":[{"href":"https:\/\/internatura.org\/blog\/index.php?rest_route=\/wp\/v2\/posts"}],"about":[{"href":"https:\/\/internatura.org\/blog\/index.php?rest_route=\/wp\/v2\/types\/post"}],"author":[{"embeddable":true,"href":"https:\/\/internatura.org\/blog\/index.php?rest_route=\/wp\/v2\/users\/1"}],"replies":[{"embeddable":true,"href":"https:\/\/internatura.org\/blog\/index.php?rest_route=%2Fwp%2Fv2%2Fcomments&post=1877"}],"version-history":[{"count":9,"href":"https:\/\/internatura.org\/blog\/index.php?rest_route=\/wp\/v2\/posts\/1877\/revisions"}],"predecessor-version":[{"id":2360,"href":"https:\/\/internatura.org\/blog\/index.php?rest_route=\/wp\/v2\/posts\/1877\/revisions\/2360"}],"wp:attachment":[{"href":"https:\/\/internatura.org\/blog\/index.php?rest_route=%2Fwp%2Fv2%2Fmedia&parent=1877"}],"wp:term":[{"taxonomy":"category","embeddable":true,"href":"https:\/\/internatura.org\/blog\/index.php?rest_route=%2Fwp%2Fv2%2Fcategories&post=1877"},{"taxonomy":"post_tag","embeddable":true,"href":"https:\/\/internatura.org\/blog\/index.php?rest_route=%2Fwp%2Fv2%2Ftags&post=1877"}],"curies":[{"name":"wp","href":"https:\/\/api.w.org\/{rel}","templated":true}]}}