{"id":1893,"date":"2012-10-06T23:56:27","date_gmt":"2012-10-06T22:56:27","guid":{"rendered":"http:\/\/www.internatura.org\/blog\/?p=1893"},"modified":"2014-11-11T08:18:16","modified_gmt":"2014-11-11T08:18:16","slug":"itinerari-per-la-desembocadura-del-riu-millars-06102012-dia-mundial-de-les-aus","status":"publish","type":"post","link":"https:\/\/internatura.org\/blog\/?p=1893","title":{"rendered":"ITINERARI PER LA DESEMBOCADURA DEL RIU MILLARS 06\/10\/2012. D\u00cdA MUNDIAL DE LES AUS."},"content":{"rendered":"<p style=\"text-align: justify;\"><a href=\"http:\/\/www.internatura.org\/blog\/wp-content\/uploads\/2012\/10\/Millars-9-01-2011-IMG_8146.jpg\" rel=\"lightbox\" data-rel=\"lightbox-image-0\" data-rl_title=\"\" data-rl_caption=\"\"><img decoding=\"async\" loading=\"lazy\" class=\"alignleft size-medium wp-image-1906\" title=\"\" alt=\"\" src=\"http:\/\/www.internatura.org\/blog\/wp-content\/uploads\/2012\/10\/Millars-9-01-2011-IMG_8146-300x289.jpg\" width=\"300\" height=\"289\" srcset=\"https:\/\/internatura.org\/blog\/wp-content\/uploads\/2012\/10\/Millars-9-01-2011-IMG_8146-300x289.jpg 300w, https:\/\/internatura.org\/blog\/wp-content\/uploads\/2012\/10\/Millars-9-01-2011-IMG_8146.jpg 1000w\" sizes=\"(max-width: 300px) 100vw, 300px\" \/><\/a><\/p>\n<p style=\"text-align: justify;\"><a href=\"http:\/\/www.internatura.org\/blog\/wp-content\/uploads\/2012\/10\/Poster-Millars-6-10-2012-Co.jpg\" rel=\"lightbox\" data-rel=\"lightbox-image-1\" data-rl_title=\"\" data-rl_caption=\"\"><img decoding=\"async\" loading=\"lazy\" class=\"alignleft  wp-image-1908\" title=\"\" alt=\"\" src=\"http:\/\/www.internatura.org\/blog\/wp-content\/uploads\/2012\/10\/Poster-Millars-6-10-2012-Co-300x211.jpg\" width=\"240\" height=\"169\" srcset=\"https:\/\/internatura.org\/blog\/wp-content\/uploads\/2012\/10\/Poster-Millars-6-10-2012-Co-300x211.jpg 300w, https:\/\/internatura.org\/blog\/wp-content\/uploads\/2012\/10\/Poster-Millars-6-10-2012-Co-1024x723.jpg 1024w, https:\/\/internatura.org\/blog\/wp-content\/uploads\/2012\/10\/Poster-Millars-6-10-2012-Co.jpg 1169w\" sizes=\"(max-width: 240px) 100vw, 240px\" \/><\/a><\/p>\n<p style=\"text-align: justify;\">\n<p style=\"text-align: justify;\">\n<p style=\"text-align: justify;\">\n<p style=\"text-align: justify;\">\n<p style=\"text-align: justify;\">Per fer aquest itinerari per la part final del riu Millars es va comptar amb l&#8217;Ajuntament d&#8217;Almassora, qui va ser el responsable de l&#8217;organitzaci\u00f3 d&#8217;aquesta activitat. Corresponent al GER-EA l&#8217;execuci\u00f3.<\/p>\n<p style=\"text-align: justify;\">L&#8217;activitat va consistir en dos grans blocs: Un observaci\u00f3 d aus directament tant les trobades al llit del riu com les localitzades a les basses artificials que fa estacasamente 2-3 anys es van construir a la part nord del riu. Aquestes blasas estan constru\u00efdes amb els observatoris per al gaudi de les persones aficionades a l&#8217;ornitologia, m\u00e9s que per al treball dee ornit\u00f2legs experts.<a href=\"http:\/\/www.internatura.org\/blog\/wp-content\/uploads\/2012\/10\/DSCN1872.jpg\" rel=\"lightbox\" data-rel=\"lightbox-image-2\" data-rl_title=\"\" data-rl_caption=\"\"><img decoding=\"async\" loading=\"lazy\" class=\"alignleft size-medium wp-image-1922\" title=\"\" alt=\"\" src=\"http:\/\/www.internatura.org\/blog\/wp-content\/uploads\/2012\/10\/DSCN1872-300x225.jpg\" width=\"300\" height=\"225\" srcset=\"https:\/\/internatura.org\/blog\/wp-content\/uploads\/2012\/10\/DSCN1872-300x225.jpg 300w, https:\/\/internatura.org\/blog\/wp-content\/uploads\/2012\/10\/DSCN1872.jpg 1000w\" sizes=\"(max-width: 300px) 100vw, 300px\" \/><\/a><a href=\"http:\/\/www.internatura.org\/blog\/wp-content\/uploads\/2012\/10\/DSCN1885.jpg\" rel=\"lightbox\" data-rel=\"lightbox-image-3\" data-rl_title=\"\" data-rl_caption=\"\"><img decoding=\"async\" loading=\"lazy\" class=\"alignleft size-medium wp-image-1923\" title=\"\" alt=\"\" src=\"http:\/\/www.internatura.org\/blog\/wp-content\/uploads\/2012\/10\/DSCN1885-300x225.jpg\" width=\"300\" height=\"225\" srcset=\"https:\/\/internatura.org\/blog\/wp-content\/uploads\/2012\/10\/DSCN1885-300x225.jpg 300w, https:\/\/internatura.org\/blog\/wp-content\/uploads\/2012\/10\/DSCN1885.jpg 1000w\" sizes=\"(max-width: 300px) 100vw, 300px\" \/><\/a><\/p>\n<p style=\"text-align: justify;\"><a href=\"http:\/\/www.internatura.org\/blog\/wp-content\/uploads\/2012\/10\/Porron-Colorado-25-09-2012I.jpg\" rel=\"lightbox\" data-rel=\"lightbox-image-4\" data-rl_title=\"\" data-rl_caption=\"\"><img decoding=\"async\" loading=\"lazy\" class=\"alignleft size-medium wp-image-1913\" title=\"\" alt=\"\" src=\"http:\/\/www.internatura.org\/blog\/wp-content\/uploads\/2012\/10\/Porron-Colorado-25-09-2012I-300x177.jpg\" width=\"300\" height=\"177\" srcset=\"https:\/\/internatura.org\/blog\/wp-content\/uploads\/2012\/10\/Porron-Colorado-25-09-2012I-300x177.jpg 300w, https:\/\/internatura.org\/blog\/wp-content\/uploads\/2012\/10\/Porron-Colorado-25-09-2012I.jpg 1000w\" sizes=\"(max-width: 300px) 100vw, 300px\" \/><\/a><a href=\"http:\/\/www.internatura.org\/blog\/wp-content\/uploads\/2012\/10\/Friso-5-10-2012IMG_5171.jpg\" rel=\"lightbox\" data-rel=\"lightbox-image-5\" data-rl_title=\"\" data-rl_caption=\"\"><img decoding=\"async\" loading=\"lazy\" class=\"alignleft size-medium wp-image-1914\" title=\"\" alt=\"\" src=\"http:\/\/www.internatura.org\/blog\/wp-content\/uploads\/2012\/10\/Friso-5-10-2012IMG_5171-300x162.jpg\" width=\"300\" height=\"162\" srcset=\"https:\/\/internatura.org\/blog\/wp-content\/uploads\/2012\/10\/Friso-5-10-2012IMG_5171-300x162.jpg 300w, https:\/\/internatura.org\/blog\/wp-content\/uploads\/2012\/10\/Friso-5-10-2012IMG_5171.jpg 1000w\" sizes=\"(max-width: 300px) 100vw, 300px\" \/><\/a><\/p>\n<p style=\"text-align: justify;\">En total vam ser 13 persones les que ens desplacem per la realitzaci\u00f3 d&#8217;aquest itinerari, trucant molt l&#8217;atenci\u00f3 que van ser persones d&#8217;una edat avan\u00e7ada i no joves com pens\u00e0vem en un primer moment.<a href=\"http:\/\/www.internatura.org\/blog\/wp-content\/uploads\/2012\/10\/IMG_5273.jpg\" rel=\"lightbox\" data-rel=\"lightbox-image-6\" data-rl_title=\"\" data-rl_caption=\"\"><img decoding=\"async\" loading=\"lazy\" class=\"alignleft size-medium wp-image-1921\" title=\"\" alt=\"\" src=\"http:\/\/www.internatura.org\/blog\/wp-content\/uploads\/2012\/10\/IMG_5273-300x176.jpg\" width=\"300\" height=\"176\" srcset=\"https:\/\/internatura.org\/blog\/wp-content\/uploads\/2012\/10\/IMG_5273-300x176.jpg 300w, https:\/\/internatura.org\/blog\/wp-content\/uploads\/2012\/10\/IMG_5273.jpg 1000w\" sizes=\"(max-width: 300px) 100vw, 300px\" \/><\/a><\/p>\n<p style=\"text-align: justify;\">La segona part va consistir en fer una xerrada sobre les aus m\u00e9s freq\u00fcents a la desembocadiura del riu Millars i les aus rapinyaires que en aquesta \u00e8poca es troben en migraci\u00f3 cap al continent afric\u00e0.<\/p>\n<p style=\"text-align: justify;\"><a href=\"http:\/\/www.internatura.org\/blog\/wp-content\/uploads\/2012\/10\/DSCN1818.jpg\" rel=\"lightbox\" data-rel=\"lightbox-image-7\" data-rl_title=\"\" data-rl_caption=\"\"><img decoding=\"async\" loading=\"lazy\" class=\"alignleft size-medium wp-image-1916\" title=\"\" alt=\"\" src=\"http:\/\/www.internatura.org\/blog\/wp-content\/uploads\/2012\/10\/DSCN1818-284x300.jpg\" width=\"284\" height=\"300\" srcset=\"https:\/\/internatura.org\/blog\/wp-content\/uploads\/2012\/10\/DSCN1818-284x300.jpg 284w, https:\/\/internatura.org\/blog\/wp-content\/uploads\/2012\/10\/DSCN1818-972x1024.jpg 972w, https:\/\/internatura.org\/blog\/wp-content\/uploads\/2012\/10\/DSCN1818.jpg 1000w\" sizes=\"(max-width: 284px) 100vw, 284px\" \/><\/a><a href=\"http:\/\/www.internatura.org\/blog\/wp-content\/uploads\/2012\/10\/DSCN1810.jpg\" rel=\"lightbox\" data-rel=\"lightbox-image-8\" data-rl_title=\"\" data-rl_caption=\"\"><img decoding=\"async\" loading=\"lazy\" class=\"alignleft size-medium wp-image-1917\" title=\"\" alt=\"\" src=\"http:\/\/www.internatura.org\/blog\/wp-content\/uploads\/2012\/10\/DSCN1810-270x300.jpg\" width=\"270\" height=\"300\" srcset=\"https:\/\/internatura.org\/blog\/wp-content\/uploads\/2012\/10\/DSCN1810-270x300.jpg 270w, https:\/\/internatura.org\/blog\/wp-content\/uploads\/2012\/10\/DSCN1810-924x1024.jpg 924w, https:\/\/internatura.org\/blog\/wp-content\/uploads\/2012\/10\/DSCN1810.jpg 1000w\" sizes=\"(max-width: 270px) 100vw, 270px\" \/><\/a><a href=\"http:\/\/www.internatura.org\/blog\/wp-content\/uploads\/2012\/10\/DSCN1851.jpg\" rel=\"lightbox\" data-rel=\"lightbox-image-9\" data-rl_title=\"\" data-rl_caption=\"\"><img decoding=\"async\" loading=\"lazy\" class=\"alignleft size-medium wp-image-1918\" title=\"\" alt=\"\" src=\"http:\/\/www.internatura.org\/blog\/wp-content\/uploads\/2012\/10\/DSCN1851-300x186.jpg\" width=\"300\" height=\"186\" srcset=\"https:\/\/internatura.org\/blog\/wp-content\/uploads\/2012\/10\/DSCN1851-300x186.jpg 300w, https:\/\/internatura.org\/blog\/wp-content\/uploads\/2012\/10\/DSCN1851.jpg 1000w\" sizes=\"(max-width: 300px) 100vw, 300px\" \/><\/a><a href=\"http:\/\/www.internatura.org\/blog\/wp-content\/uploads\/2012\/10\/IMG_5250.jpg\" rel=\"lightbox\" data-rel=\"lightbox-image-10\" data-rl_title=\"\" data-rl_caption=\"\"><img decoding=\"async\" loading=\"lazy\" class=\"alignleft size-medium wp-image-1920\" title=\"\" alt=\"\" src=\"http:\/\/www.internatura.org\/blog\/wp-content\/uploads\/2012\/10\/IMG_5250-300x200.jpg\" width=\"300\" height=\"200\" srcset=\"https:\/\/internatura.org\/blog\/wp-content\/uploads\/2012\/10\/IMG_5250-300x200.jpg 300w, https:\/\/internatura.org\/blog\/wp-content\/uploads\/2012\/10\/IMG_5250.jpg 1000w\" sizes=\"(max-width: 300px) 100vw, 300px\" \/><\/a><a href=\"http:\/\/www.internatura.org\/blog\/wp-content\/uploads\/2012\/10\/DSC_0508.jpg\" rel=\"lightbox\" data-rel=\"lightbox-image-11\" data-rl_title=\"\" data-rl_caption=\"\"><img decoding=\"async\" loading=\"lazy\" class=\"alignleft size-medium wp-image-1925\" title=\"\" alt=\"\" src=\"http:\/\/www.internatura.org\/blog\/wp-content\/uploads\/2012\/10\/DSC_0508-300x168.jpg\" width=\"300\" height=\"168\" srcset=\"https:\/\/internatura.org\/blog\/wp-content\/uploads\/2012\/10\/DSC_0508-300x168.jpg 300w, https:\/\/internatura.org\/blog\/wp-content\/uploads\/2012\/10\/DSC_0508-1024x576.jpg 1024w\" sizes=\"(max-width: 300px) 100vw, 300px\" \/><\/a><a href=\"http:\/\/www.internatura.org\/blog\/wp-content\/uploads\/2012\/10\/DSC_0502.jpg\" rel=\"lightbox\" data-rel=\"lightbox-image-12\" data-rl_title=\"\" data-rl_caption=\"\"><img decoding=\"async\" loading=\"lazy\" class=\"alignleft size-medium wp-image-1926\" title=\"\" alt=\"\" src=\"http:\/\/www.internatura.org\/blog\/wp-content\/uploads\/2012\/10\/DSC_0502-e1350947659676-168x300.jpg\" width=\"168\" height=\"300\" srcset=\"https:\/\/internatura.org\/blog\/wp-content\/uploads\/2012\/10\/DSC_0502-e1350947659676-168x300.jpg 168w, https:\/\/internatura.org\/blog\/wp-content\/uploads\/2012\/10\/DSC_0502-e1350947659676-576x1024.jpg 576w, https:\/\/internatura.org\/blog\/wp-content\/uploads\/2012\/10\/DSC_0502-e1350947659676.jpg 1836w\" sizes=\"(max-width: 168px) 100vw, 168px\" \/><\/a><a href=\"http:\/\/www.internatura.org\/blog\/wp-content\/uploads\/2012\/10\/DSCN1890.jpg\" rel=\"lightbox\" data-rel=\"lightbox-image-13\" data-rl_title=\"\" data-rl_caption=\"\"><img decoding=\"async\" loading=\"lazy\" class=\"alignleft size-medium wp-image-1927\" title=\"\" alt=\"\" src=\"http:\/\/www.internatura.org\/blog\/wp-content\/uploads\/2012\/10\/DSCN1890-225x300.jpg\" width=\"225\" height=\"300\" srcset=\"https:\/\/internatura.org\/blog\/wp-content\/uploads\/2012\/10\/DSCN1890-225x300.jpg 225w, https:\/\/internatura.org\/blog\/wp-content\/uploads\/2012\/10\/DSCN1890-768x1024.jpg 768w, https:\/\/internatura.org\/blog\/wp-content\/uploads\/2012\/10\/DSCN1890.jpg 1000w\" sizes=\"(max-width: 225px) 100vw, 225px\" \/><\/a><a href=\"http:\/\/www.internatura.org\/blog\/wp-content\/uploads\/2012\/10\/DSCN1865.jpg\" rel=\"lightbox\" data-rel=\"lightbox-image-14\" data-rl_title=\"\" data-rl_caption=\"\"><img decoding=\"async\" loading=\"lazy\" class=\"alignleft size-medium wp-image-1929\" title=\"\" alt=\"\" src=\"http:\/\/www.internatura.org\/blog\/wp-content\/uploads\/2012\/10\/DSCN1865-300x204.jpg\" width=\"300\" height=\"204\" srcset=\"https:\/\/internatura.org\/blog\/wp-content\/uploads\/2012\/10\/DSCN1865-300x204.jpg 300w, https:\/\/internatura.org\/blog\/wp-content\/uploads\/2012\/10\/DSCN1865.jpg 1000w\" sizes=\"(max-width: 300px) 100vw, 300px\" \/><\/a>Entre l&#8217;itinerari i la xerrada sobre les aus aqu\u00e0tiques i rapinyaires descansem i vam dinar a unes taules de fusta que estan per als visistantes de les basses artificials.<\/p>\n<p>Vam estar tota la ma\u00f1anda des de les 9 fins les 14 h., Va ser un passeig molt enriquidor, comentant durant el trajecte aspectes particulars, an\u00e8cdotes, etc .. de cada observador.<\/p>\n<p>Fins la propera<\/p>\n","protected":false},"excerpt":{"rendered":"<p>Per fer aquest itinerari per la part final del riu Millars es va comptar amb l&#8217;Ajuntament d&#8217;Almassora, qui va ser el responsable de l&#8217;organitzaci\u00f3 d&#8217;aquesta activitat. Corresponent al GER-EA l&#8217;execuci\u00f3. L&#8217;activitat va consistir en dos grans blocs: Un observaci\u00f3 d aus directament tant les trobades al llit del riu com \u2026 <a class=\"continue-reading-link\" href=\"https:\/\/internatura.org\/blog\/?p=1893\"> Continuar leyendo <span class=\"meta-nav\">&rarr; <\/span><\/a><\/p>\n","protected":false},"author":1,"featured_media":0,"comment_status":"closed","ping_status":"closed","sticky":false,"template":"","format":"standard","meta":[],"categories":[40],"tags":[41,19],"_links":{"self":[{"href":"https:\/\/internatura.org\/blog\/index.php?rest_route=\/wp\/v2\/posts\/1893"}],"collection":[{"href":"https:\/\/internatura.org\/blog\/index.php?rest_route=\/wp\/v2\/posts"}],"about":[{"href":"https:\/\/internatura.org\/blog\/index.php?rest_route=\/wp\/v2\/types\/post"}],"author":[{"embeddable":true,"href":"https:\/\/internatura.org\/blog\/index.php?rest_route=\/wp\/v2\/users\/1"}],"replies":[{"embeddable":true,"href":"https:\/\/internatura.org\/blog\/index.php?rest_route=%2Fwp%2Fv2%2Fcomments&post=1893"}],"version-history":[{"count":13,"href":"https:\/\/internatura.org\/blog\/index.php?rest_route=\/wp\/v2\/posts\/1893\/revisions"}],"predecessor-version":[{"id":2358,"href":"https:\/\/internatura.org\/blog\/index.php?rest_route=\/wp\/v2\/posts\/1893\/revisions\/2358"}],"wp:attachment":[{"href":"https:\/\/internatura.org\/blog\/index.php?rest_route=%2Fwp%2Fv2%2Fmedia&parent=1893"}],"wp:term":[{"taxonomy":"category","embeddable":true,"href":"https:\/\/internatura.org\/blog\/index.php?rest_route=%2Fwp%2Fv2%2Fcategories&post=1893"},{"taxonomy":"post_tag","embeddable":true,"href":"https:\/\/internatura.org\/blog\/index.php?rest_route=%2Fwp%2Fv2%2Ftags&post=1893"}],"curies":[{"name":"wp","href":"https:\/\/api.w.org\/{rel}","templated":true}]}}