{"id":1905,"date":"2012-11-10T23:41:55","date_gmt":"2012-11-10T22:41:55","guid":{"rendered":"http:\/\/www.internatura.org\/blog\/?p=1905"},"modified":"2014-11-11T08:18:16","modified_gmt":"2014-11-11T08:18:16","slug":"ram-censo-de-aves-y-mamiferos-marinos-10112012","status":"publish","type":"post","link":"https:\/\/internatura.org\/blog\/?p=1905","title":{"rendered":"RAM, cens d&#8217;aus i mam\u00edfers marins. 10\/11\/2012"},"content":{"rendered":"<div id=\"gt-res-content\">\n<div dir=\"ltr\"><a href=\"http:\/\/www.internatura.org\/blog\/wp-content\/uploads\/2012\/11\/Valentin-a-10-11-2012IMG_92.jpg\" rel=\"lightbox\" data-rel=\"lightbox-image-0\" data-rl_title=\"\" data-rl_caption=\"\" title=\"\"><img decoding=\"async\" loading=\"lazy\" class=\"alignleft size-medium wp-image-1938\" alt=\"Valentin Tena i Lluis Bort\" src=\"http:\/\/www.internatura.org\/blog\/wp-content\/uploads\/2012\/11\/Valentin-a-10-11-2012IMG_92-300x200.jpg\" width=\"300\" height=\"200\" srcset=\"https:\/\/internatura.org\/blog\/wp-content\/uploads\/2012\/11\/Valentin-a-10-11-2012IMG_92-300x200.jpg 300w, https:\/\/internatura.org\/blog\/wp-content\/uploads\/2012\/11\/Valentin-a-10-11-2012IMG_92.jpg 700w\" sizes=\"(max-width: 300px) 100vw, 300px\" \/><\/a><\/div>\n<\/div>\n<p>Un dissabte m\u00e9s realitzant el cens <a href=\"http:\/\/www.telefonica.net\/web2\/redavesmarinas\/index_archivos\/Page1838.htm\">RAM<\/a> des del Port de Borriana. 10\/11\/2012<\/p>\n<p style=\"text-align: justify;\">Horari: Cens de 8:30 a 11:30 h.<\/p>\n<p style=\"text-align: justify;\">Metero: Mar en calma, ennuvolat \/ assolellat. Vent nul l&#8217;inici\u00a0 i fluix del SW al final. Visibilitat bona a molt bona.<\/p>\n<p style=\"text-align: justify;\">Observadors: Llu\u00eds Bort, Valentin Tena i Josep Bort<\/p>\n<p style=\"text-align: justify;\">Baldriga balerar\u00a0 (<em><a href=\"http:\/\/www.internatura.org\/aocv\/ficha.php?idesp=8\">Puffinus mauretanicus<\/a><\/em>): 107 ex. al s. (nom\u00e9s 2 al n.)<\/p>\n<p style=\"text-align: justify;\">Mascarell (<em><a href=\"http:\/\/www.internatura.org\/aocv\/ficha.php?idesp=12\">Morus bassanus<\/a><\/em>): 41 ex. (jove 15 ex. sub 3 ex, ad: 22 ex. i 1 indeterm.).<\/p>\n<p style=\"text-align: justify;\">Corba marina grossa (<em><a href=\"http:\/\/www.internatura.org\/aocv\/ficha.php?idesp=13\">Phalacrocorax carbo<\/a><\/em>): 361 ex. pr\u00e0cticament tots al sud.<br \/>\nCorba marina emplomallada (<em><a href=\"http:\/\/www.internatura.org\/aocv\/ficha.php?idesp=14\">Phalacrocorax aristotelis<\/a><\/em>): 1 ex. al N<\/p>\n<p style=\"text-align: justify;\">Par\u00e0sit cuapunxegut (<em><a href=\"http:\/\/www.internatura.org\/aocv\/ficha.php?idesp=153\">Stercorarius parasiticus<\/a><\/em>): 1 ex.<br \/>\nPar\u00e0sit gros (<em><a href=\"http:\/\/www.internatura.org\/aocv\/ficha.php?idesp=150\">Stercorarius skua<\/a><\/em>) : 2 ex.<\/p>\n<p style=\"text-align: justify;\">Xatrac becllarg (<em><a href=\"http:\/\/www.internatura.org\/aocv\/ficha.php?idesp=172\">Sterna sandvicensis<\/a><\/em>): 104 ex.<\/p>\n<p style=\"text-align: justify;\">G. argentat mediterrani (<em><a href=\"http:\/\/www.internatura.org\/aocv\/ficha.php?idesp=157\">Larus michahellis<\/a><\/em>): 176 ex.<br \/>\nG. fosc (<a href=\"http:\/\/www.internatura.org\/aocv\/ficha.php?idesp=158\">Larus fuscus<\/a>): 22 ex.<br \/>\nG. vulgar (<em><a href=\"http:\/\/www.internatura.org\/aocv\/ficha.php?idesp=160\">Larus ridibundus<\/a><\/em>): 67 ex.<br \/>\nG. capnegra (<em><a href=\"http:\/\/www.internatura.org\/aocv\/ficha.php?idesp=164\">Larus melanocephalus<\/a><\/em>): 80 ex.<br \/>\nG. corsa (<em><a href=\"http:\/\/www.internatura.org\/aocv\/ficha.php?idesp=166\">Larus audouinii<\/a><\/em>): 50 ex.<br \/>\nAnecs sp: 3 (possibles colls verds).<br \/>\nAlenes (<em><a href=\"http:\/\/www.internatura.org\/aocv\/ficha.php?idesp=105\">Recurvirostra avosetta<\/a><\/em>): 17 al s.<br \/>\nBlauet (<em><a href=\"http:\/\/www.internatura.org\/aocv\/ficha.php?idesp=202\">Alcedo atthis<\/a><\/em>): 2 ex.<br \/>\nGarseta blanca (<em><a href=\"http:\/\/www.internatura.org\/aocv\/ficha.php?idesp=15\">Egretta garzetta<\/a><\/em>) : 1 ex.<br \/>\nArpellot de marjal (<em><a href=\"http:\/\/www.internatura.org\/aocv\/ficha.php?idesp=76\">Circus aeruginosus<\/a><\/em>): 1 mascle a for\u00e7a dist\u00e0ncia de la costa cap al s.<\/p>\n<p style=\"text-align: justify;\">Pas de cueta blanca (<em><a href=\"http:\/\/www.internatura.org\/aocv\/ficha.php?idesp=222\">Motacilla alba<\/a><\/em>): grups de 6-8 ex. molt prop de la costa al s. algunes entren al port.<br \/>\nTiteta (<em><a href=\"http:\/\/www.internatura.org\/aocv\/ficha.php?idesp=227\">Anthus pratensis<\/a><\/em>): 32 ex. posats sobre la vegetaci\u00f3 de la sorra.<br \/>\nCadernera (<em><a href=\"http:\/\/www.internatura.org\/aocv\/ficha.php?idesp=336\">Carduelis carduelis<\/a><\/em>): 13 ex.<br \/>\nVerderol (<em><a href=\"http:\/\/www.internatura.org\/aocv\/ficha.php?idesp=337\">Carduelis chloris<\/a><\/em>): 1 ex.<\/p>\n<p style=\"text-align: justify;\"><a href=\"http:\/\/www.internatura.org\/blog\/wp-content\/uploads\/2012\/11\/Cormoran-10-11-2012IMG_9229.jpg\" rel=\"lightbox\" data-rel=\"lightbox-image-1\" data-rl_title=\"\" data-rl_caption=\"\"><img decoding=\"async\" loading=\"lazy\" class=\"alignleft size-medium wp-image-1940\" title=\"\" alt=\"\" src=\"http:\/\/www.internatura.org\/blog\/wp-content\/uploads\/2012\/11\/Cormoran-10-11-2012IMG_9229-300x113.jpg\" width=\"300\" height=\"113\" srcset=\"https:\/\/internatura.org\/blog\/wp-content\/uploads\/2012\/11\/Cormoran-10-11-2012IMG_9229-300x113.jpg 300w, https:\/\/internatura.org\/blog\/wp-content\/uploads\/2012\/11\/Cormoran-10-11-2012IMG_9229.jpg 1000w\" sizes=\"(max-width: 300px) 100vw, 300px\" \/><\/a><a href=\"http:\/\/www.internatura.org\/blog\/wp-content\/uploads\/2012\/11\/Cormoran-a-10-11-2012IMG_92.jpg\" rel=\"lightbox\" data-rel=\"lightbox-image-2\" data-rl_title=\"\" data-rl_caption=\"\"><img decoding=\"async\" loading=\"lazy\" class=\"alignleft size-medium wp-image-1941\" title=\"\" alt=\"\" src=\"http:\/\/www.internatura.org\/blog\/wp-content\/uploads\/2012\/11\/Cormoran-a-10-11-2012IMG_92-300x198.jpg\" width=\"300\" height=\"198\" srcset=\"https:\/\/internatura.org\/blog\/wp-content\/uploads\/2012\/11\/Cormoran-a-10-11-2012IMG_92-300x198.jpg 300w, https:\/\/internatura.org\/blog\/wp-content\/uploads\/2012\/11\/Cormoran-a-10-11-2012IMG_92.jpg 1000w\" sizes=\"(max-width: 300px) 100vw, 300px\" \/><\/a><\/p>\n<p style=\"text-align: justify;\"><a href=\"http:\/\/www.internatura.org\/blog\/wp-content\/uploads\/2012\/11\/Cormoran-10-11-2012-IMG_930.jpg\" rel=\"lightbox\" data-rel=\"lightbox-image-3\" data-rl_title=\"\" data-rl_caption=\"\"><img decoding=\"async\" loading=\"lazy\" class=\"alignleft size-medium wp-image-1942\" title=\"\" alt=\"Cormoran-10-11-2012\" src=\"http:\/\/www.internatura.org\/blog\/wp-content\/uploads\/2012\/11\/Cormoran-10-11-2012-IMG_930-300x120.jpg\" width=\"300\" height=\"120\" srcset=\"https:\/\/internatura.org\/blog\/wp-content\/uploads\/2012\/11\/Cormoran-10-11-2012-IMG_930-300x120.jpg 300w, https:\/\/internatura.org\/blog\/wp-content\/uploads\/2012\/11\/Cormoran-10-11-2012-IMG_930.jpg 1000w\" sizes=\"(max-width: 300px) 100vw, 300px\" \/><\/a><\/p>\n<p style=\"text-align: justify;\">Un bon dia amb la grata companyia de Valentin Tena, un bon amic i un expert en aus marines.<\/p>\n<p style=\"text-align: justify;\">Per m\u00e9s informaci\u00f3 del projecte RAM podeu consultar les seg\u00fcents enlla\u00e7os:<\/p>\n<p style=\"text-align: justify;\">Fitxa de recollida de dades a:<br \/>\n<a href=\"http:\/\/www.telefonica.net\/web2\/redavesmarinas\/index_archivos\/Page445.htm\" target=\"_blank\">http:\/\/www.telefonica.net\/<wbr \/>web2\/redavesmarinas\/index_<wbr \/>archivos\/Page445.htm<\/a><\/p>\n<p>RAMweb: <a href=\"http:\/\/www.telefonica.net\/web2\/redavesmarinas\" target=\"_blank\" rel=\"nofollow\">http:\/\/www.telefonica.net\/<wbr \/>web2\/redavesmarinas<\/a><br \/>\nRAM blog: <a href=\"http:\/\/redavesmarinas.blogspot.com\/\" target=\"_blank\" rel=\"nofollow\">http:\/\/redavesmarinas.<wbr \/>blogspot.com\/<\/a><br \/>\nRAM-Trektellen: <a href=\"http:\/\/www.trektellen.nl\/default.asp?taal=5&amp;land=6\" target=\"_blank\" rel=\"nofollow\">http:\/\/www.trektellen.nl\/<wbr \/>default.asp?taal=5&amp;land=6<\/a><\/p>\n<p><a href=\"http:\/\/www.internatura.org\/blog\/wp-content\/uploads\/2012\/11\/Cabecinegra-10-11-2012IMG_9.jpg\" rel=\"lightbox\" data-rel=\"lightbox-image-4\" data-rl_title=\"\" data-rl_caption=\"\"><img decoding=\"async\" loading=\"lazy\" class=\"alignleft size-medium wp-image-1943\" title=\"\" alt=\"\" src=\"http:\/\/www.internatura.org\/blog\/wp-content\/uploads\/2012\/11\/Cabecinegra-10-11-2012IMG_9-300x213.jpg\" width=\"300\" height=\"213\" srcset=\"https:\/\/internatura.org\/blog\/wp-content\/uploads\/2012\/11\/Cabecinegra-10-11-2012IMG_9-300x213.jpg 300w, https:\/\/internatura.org\/blog\/wp-content\/uploads\/2012\/11\/Cabecinegra-10-11-2012IMG_9.jpg 700w\" sizes=\"(max-width: 300px) 100vw, 300px\" \/><\/a><a href=\"http:\/\/www.internatura.org\/blog\/wp-content\/uploads\/2012\/11\/Charran-patinegro-10-11-201.jpg\" rel=\"lightbox\" data-rel=\"lightbox-image-5\" data-rl_title=\"\" data-rl_caption=\"\"><img decoding=\"async\" loading=\"lazy\" class=\"alignleft size-medium wp-image-1944\" title=\"\" alt=\"\" src=\"http:\/\/www.internatura.org\/blog\/wp-content\/uploads\/2012\/11\/Charran-patinegro-10-11-201-300x213.jpg\" width=\"300\" height=\"213\" srcset=\"https:\/\/internatura.org\/blog\/wp-content\/uploads\/2012\/11\/Charran-patinegro-10-11-201-300x213.jpg 300w, https:\/\/internatura.org\/blog\/wp-content\/uploads\/2012\/11\/Charran-patinegro-10-11-201.jpg 1000w\" sizes=\"(max-width: 300px) 100vw, 300px\" \/><\/a><a href=\"http:\/\/www.internatura.org\/blog\/wp-content\/uploads\/2012\/11\/Valentin-c-10-11-2012IMG_92.jpg\" rel=\"lightbox\" data-rel=\"lightbox-image-6\" data-rl_title=\"\" data-rl_caption=\"\" title=\"\"><img decoding=\"async\" loading=\"lazy\" class=\"alignleft size-medium wp-image-1945\" alt=\"Valentin i Juanlu\" src=\"http:\/\/www.internatura.org\/blog\/wp-content\/uploads\/2012\/11\/Valentin-c-10-11-2012IMG_92-300x268.jpg\" width=\"300\" height=\"268\" srcset=\"https:\/\/internatura.org\/blog\/wp-content\/uploads\/2012\/11\/Valentin-c-10-11-2012IMG_92-300x268.jpg 300w, https:\/\/internatura.org\/blog\/wp-content\/uploads\/2012\/11\/Valentin-c-10-11-2012IMG_92.jpg 800w\" sizes=\"(max-width: 300px) 100vw, 300px\" \/><\/a><a href=\"http:\/\/www.internatura.org\/blog\/wp-content\/uploads\/2012\/11\/Pardela-10-11-2012IMG_9295.jpg\" rel=\"lightbox\" data-rel=\"lightbox-image-7\" data-rl_title=\"\" data-rl_caption=\"\"><img decoding=\"async\" loading=\"lazy\" class=\"alignleft size-medium wp-image-1946\" title=\"\" alt=\"Pardela-10-11-2012\" src=\"http:\/\/www.internatura.org\/blog\/wp-content\/uploads\/2012\/11\/Pardela-10-11-2012IMG_9295-300x131.jpg\" width=\"300\" height=\"131\" srcset=\"https:\/\/internatura.org\/blog\/wp-content\/uploads\/2012\/11\/Pardela-10-11-2012IMG_9295-300x131.jpg 300w, https:\/\/internatura.org\/blog\/wp-content\/uploads\/2012\/11\/Pardela-10-11-2012IMG_9295-1024x447.jpg 1024w, https:\/\/internatura.org\/blog\/wp-content\/uploads\/2012\/11\/Pardela-10-11-2012IMG_9295.jpg 1500w\" sizes=\"(max-width: 300px) 100vw, 300px\" \/><\/a><a href=\"http:\/\/www.internatura.org\/blog\/wp-content\/uploads\/2012\/11\/Pardela-a-10-11-2012IMG_929.jpg\" rel=\"lightbox\" data-rel=\"lightbox-image-8\" data-rl_title=\"\" data-rl_caption=\"\" title=\"\"><img decoding=\"async\" loading=\"lazy\" class=\"alignleft size-medium wp-image-1947\" alt=\"Pardela balear 10-11-2012\" src=\"http:\/\/www.internatura.org\/blog\/wp-content\/uploads\/2012\/11\/Pardela-a-10-11-2012IMG_929-300x102.jpg\" width=\"300\" height=\"102\" srcset=\"https:\/\/internatura.org\/blog\/wp-content\/uploads\/2012\/11\/Pardela-a-10-11-2012IMG_929-300x102.jpg 300w, https:\/\/internatura.org\/blog\/wp-content\/uploads\/2012\/11\/Pardela-a-10-11-2012IMG_929-1024x350.jpg 1024w, https:\/\/internatura.org\/blog\/wp-content\/uploads\/2012\/11\/Pardela-a-10-11-2012IMG_929.jpg 1500w\" sizes=\"(max-width: 300px) 100vw, 300px\" \/><\/a><\/p>\n","protected":false},"excerpt":{"rendered":"<p>Un dissabte m\u00e9s realitzant el cens RAM des del Port de Borriana. 10\/11\/2012 Horari: Cens de 8:30 a 11:30 h. Metero: Mar en calma, ennuvolat \/ assolellat. Vent nul l&#8217;inici\u00a0 i fluix del SW al final. Visibilitat bona a molt bona. Observadors: Llu\u00eds Bort, Valentin Tena i Josep Bort Baldriga \u2026 <a class=\"continue-reading-link\" href=\"https:\/\/internatura.org\/blog\/?p=1905\"> Continuar leyendo <span class=\"meta-nav\">&rarr; <\/span><\/a><\/p>\n","protected":false},"author":1,"featured_media":0,"comment_status":"closed","ping_status":"closed","sticky":false,"template":"","format":"standard","meta":[],"categories":[7],"tags":[87],"_links":{"self":[{"href":"https:\/\/internatura.org\/blog\/index.php?rest_route=\/wp\/v2\/posts\/1905"}],"collection":[{"href":"https:\/\/internatura.org\/blog\/index.php?rest_route=\/wp\/v2\/posts"}],"about":[{"href":"https:\/\/internatura.org\/blog\/index.php?rest_route=\/wp\/v2\/types\/post"}],"author":[{"embeddable":true,"href":"https:\/\/internatura.org\/blog\/index.php?rest_route=\/wp\/v2\/users\/1"}],"replies":[{"embeddable":true,"href":"https:\/\/internatura.org\/blog\/index.php?rest_route=%2Fwp%2Fv2%2Fcomments&post=1905"}],"version-history":[{"count":26,"href":"https:\/\/internatura.org\/blog\/index.php?rest_route=\/wp\/v2\/posts\/1905\/revisions"}],"predecessor-version":[{"id":2354,"href":"https:\/\/internatura.org\/blog\/index.php?rest_route=\/wp\/v2\/posts\/1905\/revisions\/2354"}],"wp:attachment":[{"href":"https:\/\/internatura.org\/blog\/index.php?rest_route=%2Fwp%2Fv2%2Fmedia&parent=1905"}],"wp:term":[{"taxonomy":"category","embeddable":true,"href":"https:\/\/internatura.org\/blog\/index.php?rest_route=%2Fwp%2Fv2%2Fcategories&post=1905"},{"taxonomy":"post_tag","embeddable":true,"href":"https:\/\/internatura.org\/blog\/index.php?rest_route=%2Fwp%2Fv2%2Ftags&post=1905"}],"curies":[{"name":"wp","href":"https:\/\/api.w.org\/{rel}","templated":true}]}}