{"id":1933,"date":"2012-10-23T00:27:11","date_gmt":"2012-10-23T23:27:11","guid":{"rendered":"http:\/\/www.internatura.org\/blog\/?p=1933"},"modified":"2014-11-11T08:18:16","modified_gmt":"2014-11-11T08:18:16","slug":"reunio-de-grups-ecologistes-de-la-comunitat-valenciana-amb-grups-europeus-a-vila-real-caca-furtiva-2012-10-23","status":"publish","type":"post","link":"https:\/\/internatura.org\/blog\/?p=1933","title":{"rendered":"REUNI\u00d3 DE GRUPS ECOLOGISTES DE LA COMUNITAT VALENCIANA AMB GRUPS EUROPEUS A VILA-REAL. CA\u00c7A FURTIVA 23\/10\/2012"},"content":{"rendered":"<p style=\"text-align: justify;\"><a href=\"http:\/\/www.internatura.org\/blog\/wp-content\/uploads\/2012\/11\/CABS-23-10-2012-a-IMG_7328.jpg\" rel=\"lightbox\" data-rel=\"lightbox-image-0\" data-rl_title=\"\" data-rl_caption=\"\"><img decoding=\"async\" loading=\"lazy\" class=\"alignleft size-medium wp-image-1996\" title=\"\" alt=\"\" src=\"http:\/\/www.internatura.org\/blog\/wp-content\/uploads\/2012\/11\/CABS-23-10-2012-a-IMG_7328-300x251.jpg\" width=\"300\" height=\"251\" srcset=\"https:\/\/internatura.org\/blog\/wp-content\/uploads\/2012\/11\/CABS-23-10-2012-a-IMG_7328-300x251.jpg 300w, https:\/\/internatura.org\/blog\/wp-content\/uploads\/2012\/11\/CABS-23-10-2012-a-IMG_7328.jpg 1000w\" sizes=\"(max-width: 300px) 100vw, 300px\" \/><\/a><\/p>\n<p style=\"text-align: justify;\">El passat 23 d&#8217;octubre de 2012, va tenir una reuni\u00f3 dels diferents grups ecologistes de la Comunitat Valenciana, GER-EA, Ecologistes en Acci\u00f3, GECEN, SEO-Llevant amb grups ecologistes europeus <a href=\"http:\/\/www.komitee.de\/es\/start\">CABS<\/a>.<\/p>\n<p style=\"text-align: justify;\">La reuni\u00f3 es va produir al local del grup GER-EA a Vila-real a les 18 h. de la tarda. En aquesta reuni\u00f3 es van visualitzar les diferents tipus de ca\u00e7a furtiva que en aquest moment afecta la Comunitat Valenciana i en concret a la prov\u00edncia de Castell\u00f3. En especial es van parlar de dos tipus de ca\u00e7a el Parany (ca\u00e7a d&#8217;aus amb subst\u00e0ncies adhesives) i el enfilat (ca\u00e7a d&#8217;aus amb xarxes abatibles).<\/p>\n<p style=\"text-align: justify;\"><a href=\"http:\/\/www.internatura.org\/blog\/wp-content\/uploads\/2012\/11\/Parany-23-10-2012-IMG_7329.jpg\" rel=\"lightbox\" data-rel=\"lightbox-image-1\" data-rl_title=\"\" data-rl_caption=\"\"><img decoding=\"async\" loading=\"lazy\" class=\"alignleft size-medium wp-image-1998\" title=\"\" alt=\"\" src=\"http:\/\/www.internatura.org\/blog\/wp-content\/uploads\/2012\/11\/Parany-23-10-2012-IMG_7329-300x166.jpg\" width=\"300\" height=\"166\" srcset=\"https:\/\/internatura.org\/blog\/wp-content\/uploads\/2012\/11\/Parany-23-10-2012-IMG_7329-300x166.jpg 300w, https:\/\/internatura.org\/blog\/wp-content\/uploads\/2012\/11\/Parany-23-10-2012-IMG_7329-1024x568.jpg 1024w, https:\/\/internatura.org\/blog\/wp-content\/uploads\/2012\/11\/Parany-23-10-2012-IMG_7329.jpg 1500w\" sizes=\"(max-width: 300px) 100vw, 300px\" \/><\/a>El resum de la reuni\u00f3:<\/p>\n<p style=\"text-align: justify;\">Aquesta vesprada al local del GER-EA a Vila-real s&#8217;ha produ\u00eft la reuni\u00f3 entre els grups ecologistes del Pa\u00eds Valenci\u00e0 i persones interessades i grups ecologistes europeus del CABS, que es ha despla\u00e7at des Italia i Fran\u00e7a a la nostra prov\u00edncia. Amb l&#8217;objectiu d&#8217;ajudar-nos a denunciar la ca\u00e7a furtiva i massiva que s&#8217;est\u00e0 produint, ara a Castell\u00f3, amb els m\u00e8todes de ca\u00e7a no selectius com el parany i el enfilat. La reuni\u00f3 ha durat un parell d&#8217;hores des de les 18 a les 20:30 h., On s&#8217;han tra\u00e7at les l\u00ednies generals d&#8217;actuaci\u00f3 durant aquestes dues setmanes. Accions en el camp, den\u00fancies al Seprona i Fiscalia, la realitzaci\u00f3 de v\u00eddeos i fotos de captures i la seva repercussi\u00f3 en els mitjans de premsa. Acciones:<a href=\"http:\/\/www.komitee.de\/es\/caza\/caza-en-espa%C3%B1\/parany-caza-furtiva-con-visco,\"> A<\/a>, <a href=\"http:\/\/www.youtube.com\/watch?v=Ix7Ms9Flqv4&amp;noredirect=1 \">B<\/a>, <a href=\"http:\/\/www.levante-emv.com\/castello\/2011\/11\/01\/expertos-situan-castello-punto-negro-caza-aves-ue\/853047.html \">C<\/a>,<\/p>\n<p style=\"text-align: justify;\"><a href=\"http:\/\/www.internatura.org\/blog\/wp-content\/uploads\/2012\/11\/CABS-23-10-2012-b-IMG_7328.jpg\" rel=\"lightbox\" data-rel=\"lightbox-image-2\" data-rl_title=\"\" data-rl_caption=\"\"><img decoding=\"async\" loading=\"lazy\" class=\"alignleft size-medium wp-image-2005\" title=\"\" alt=\"\" src=\"http:\/\/www.internatura.org\/blog\/wp-content\/uploads\/2012\/11\/CABS-23-10-2012-b-IMG_7328-177x300.jpg\" width=\"177\" height=\"300\" srcset=\"https:\/\/internatura.org\/blog\/wp-content\/uploads\/2012\/11\/CABS-23-10-2012-b-IMG_7328-177x300.jpg 177w, https:\/\/internatura.org\/blog\/wp-content\/uploads\/2012\/11\/CABS-23-10-2012-b-IMG_7328-605x1024.jpg 605w, https:\/\/internatura.org\/blog\/wp-content\/uploads\/2012\/11\/CABS-23-10-2012-b-IMG_7328.jpg 700w\" sizes=\"(max-width: 177px) 100vw, 177px\" \/><\/a><\/p>\n<p style=\"text-align: justify;\">L&#8217;acci\u00f3 principal de camp es desenvolupa en dues formes: Actuacions durant tota la nit que \u00e9s realitzada per membres del CABS, per controlar els paranys que estan ca\u00e7ant i utilitzant el casset, la captura d&#8217;aus i den\u00fancies al Tef. Seprona i 112, i actuacions pel dia que corresponen a la gent de la zona i dels grups ecologistes provincials, per al control dels paranys que estan preparats per ca\u00e7ar (perxes) o estan ca\u00e7ant en aquest moment (varetes amb visc ). Tota la informaci\u00f3 es bolqu\u00e9s al programa <a href=\"http:\/\/www.accioecologista-agro.org\/paranymaps\/map.php\">ParanysMaps<\/a> perqu\u00e8 sigui una eina d&#8217;informaci\u00f3 On-line per als agents mediambientals, Seprona i Conselleria. Com anys anteriors tots els paranys ca\u00e7ant en aquests moments es man\u00e9s la llista a la fiscalia perqu\u00e8 valori si actua o no en el furtivisme. Es proposa contactes continus entre els membres del CABS amb les associacions i gent de la prov\u00edncia i una reuni\u00f3 amb roda de presa en finalitzar la setmana, on s&#8217;exposi el treball realitzat i les filmacions obtingudes.<\/p>\n<p style=\"text-align: justify;\"><a href=\"http:\/\/www.internatura.org\/blog\/wp-content\/uploads\/2012\/11\/Parany-Sueras-Leo-4-10-12.jpg\" rel=\"lightbox\" data-rel=\"lightbox-image-3\" data-rl_title=\"\" data-rl_caption=\"\"><img decoding=\"async\" loading=\"lazy\" class=\"alignleft size-medium wp-image-2010\" title=\"\" alt=\"\" src=\"http:\/\/www.internatura.org\/blog\/wp-content\/uploads\/2012\/11\/Parany-Sueras-Leo-4-10-12-300x189.jpg\" width=\"300\" height=\"189\" srcset=\"https:\/\/internatura.org\/blog\/wp-content\/uploads\/2012\/11\/Parany-Sueras-Leo-4-10-12-300x189.jpg 300w, https:\/\/internatura.org\/blog\/wp-content\/uploads\/2012\/11\/Parany-Sueras-Leo-4-10-12.jpg 779w\" sizes=\"(max-width: 300px) 100vw, 300px\" \/><\/a><\/p>\n<p style=\"text-align: justify;\"><a href=\"http:\/\/www.internatura.org\/blog\/wp-content\/uploads\/2012\/11\/Parany-Betxi-a-25-10-2012-I.jpg\" rel=\"lightbox\" data-rel=\"lightbox-image-4\" data-rl_title=\"\" data-rl_caption=\"\"><img decoding=\"async\" loading=\"lazy\" class=\"alignleft size-medium wp-image-2011\" title=\"\" alt=\"\" src=\"http:\/\/www.internatura.org\/blog\/wp-content\/uploads\/2012\/11\/Parany-Betxi-a-25-10-2012-I-300x200.jpg\" width=\"300\" height=\"200\" srcset=\"https:\/\/internatura.org\/blog\/wp-content\/uploads\/2012\/11\/Parany-Betxi-a-25-10-2012-I-300x200.jpg 300w, https:\/\/internatura.org\/blog\/wp-content\/uploads\/2012\/11\/Parany-Betxi-a-25-10-2012-I.jpg 1000w\" sizes=\"(max-width: 300px) 100vw, 300px\" \/><\/a><a href=\"http:\/\/www.internatura.org\/blog\/wp-content\/uploads\/2012\/11\/Parany-Betxi-b-25-10-2012-I.jpg\" rel=\"lightbox\" data-rel=\"lightbox-image-5\" data-rl_title=\"\" data-rl_caption=\"\"><img decoding=\"async\" loading=\"lazy\" class=\"alignleft size-medium wp-image-2012\" title=\"\" alt=\"\" src=\"http:\/\/www.internatura.org\/blog\/wp-content\/uploads\/2012\/11\/Parany-Betxi-b-25-10-2012-I-300x202.jpg\" width=\"300\" height=\"202\" srcset=\"https:\/\/internatura.org\/blog\/wp-content\/uploads\/2012\/11\/Parany-Betxi-b-25-10-2012-I-300x202.jpg 300w, https:\/\/internatura.org\/blog\/wp-content\/uploads\/2012\/11\/Parany-Betxi-b-25-10-2012-I-1024x692.jpg 1024w, https:\/\/internatura.org\/blog\/wp-content\/uploads\/2012\/11\/Parany-Betxi-b-25-10-2012-I.jpg 1500w\" sizes=\"(max-width: 300px) 100vw, 300px\" \/><\/a><a href=\"http:\/\/www.internatura.org\/blog\/wp-content\/uploads\/2012\/11\/Parany-Costur-29-10-2012IMG.jpg\" rel=\"lightbox\" data-rel=\"lightbox-image-6\" data-rl_title=\"\" data-rl_caption=\"\"><img decoding=\"async\" loading=\"lazy\" class=\"alignleft size-medium wp-image-2013\" title=\"\" alt=\"\" src=\"http:\/\/www.internatura.org\/blog\/wp-content\/uploads\/2012\/11\/Parany-Costur-29-10-2012IMG-300x198.jpg\" width=\"300\" height=\"198\" srcset=\"https:\/\/internatura.org\/blog\/wp-content\/uploads\/2012\/11\/Parany-Costur-29-10-2012IMG-300x198.jpg 300w, https:\/\/internatura.org\/blog\/wp-content\/uploads\/2012\/11\/Parany-Costur-29-10-2012IMG.jpg 1000w\" sizes=\"(max-width: 300px) 100vw, 300px\" \/><\/a><\/p>\n<p style=\"text-align: justify;\">Recull de prensa:<\/p>\n<p style=\"text-align: justify;\">12\/10\/2012. Periodic Levante.<\/p>\n<p style=\"text-align: justify;\"><a href=\"http:\/\/www.levante-emv.com\/castello\/2012\/10\/22\/apaval-admite-existe-caza-ilegal-parany-alega-son-asociados\/945835.html\">Apaval admite que existe la caza ilegal..<\/a><\/p>\n<p style=\"text-align: justify;\">30\/10\/2012<\/p>\n<p style=\"text-align: justify;\"><a href=\"http:\/\/www.levante-emv.com\/castello\/2012\/10\/30\/ecologistas-ofrecen-fiscal-localizacion-1000-paranys-ilegales\/947807.html\">Los ecologistas ofrecen al Fiscal la localizaci\u00f3n de 1.000 paranys <\/a><\/p>\n<p style=\"text-align: justify;\">16\/11\/2012<\/p>\n<p style=\"text-align: justify;\"><a href=\"http:\/\/www.google.com\/url?sa=X&amp;q=http:\/\/www.elperiodicomediterraneo.com\/noticias\/castellon\/los-ecologistas-contabilizan-1-000-paranys-en-castellon_780418.html&amp;ct=ga&amp;cad=CAcQAhgAIAAoATAAOABAp6uahQVIAVgBYgJlcw&amp;cd=9on0SPutoqk&amp;usg=AFQjCNEiniLpRDpcngIgSZuVMDeNm8P59w\" target=\"_blank\">Los ecologistas contabilizan 1.000 <strong>paranys<\/strong> en Castell\u00f3n<\/a><\/p>\n<p style=\"text-align: justify;\"><a href=\"http:\/\/www.google.com\/url?sa=X&amp;q=http:\/\/www.lasprovincias.es\/v\/20121116\/castellon\/gecen-critica-escasas-denuncias-20121116.html&amp;ct=ga&amp;cad=CAcQAhgAIAAoATABOAFAp6uahQVIAVgBYgJlcw&amp;cd=9on0SPutoqk&amp;usg=AFQjCNGxqHN_SKlmqDWgeZxu1ivxxDLEyw\" target=\"_blank\">Gecen critica las escasas denuncias pese a existir 1.000 <strong>paranys<\/strong> <strong>&#8230;<\/strong><\/a><\/p>\n","protected":false},"excerpt":{"rendered":"<p>El passat 23 d&#8217;octubre de 2012, va tenir una reuni\u00f3 dels diferents grups ecologistes de la Comunitat Valenciana, GER-EA, Ecologistes en Acci\u00f3, GECEN, SEO-Llevant amb grups ecologistes europeus CABS. La reuni\u00f3 es va produir al local del grup GER-EA a Vila-real a les 18 h. de la tarda. En aquesta \u2026 <a class=\"continue-reading-link\" href=\"https:\/\/internatura.org\/blog\/?p=1933\"> Continuar leyendo <span class=\"meta-nav\">&rarr; <\/span><\/a><\/p>\n","protected":false},"author":1,"featured_media":0,"comment_status":"closed","ping_status":"closed","sticky":false,"template":"","format":"standard","meta":[],"categories":[49],"tags":[55,54],"_links":{"self":[{"href":"https:\/\/internatura.org\/blog\/index.php?rest_route=\/wp\/v2\/posts\/1933"}],"collection":[{"href":"https:\/\/internatura.org\/blog\/index.php?rest_route=\/wp\/v2\/posts"}],"about":[{"href":"https:\/\/internatura.org\/blog\/index.php?rest_route=\/wp\/v2\/types\/post"}],"author":[{"embeddable":true,"href":"https:\/\/internatura.org\/blog\/index.php?rest_route=\/wp\/v2\/users\/1"}],"replies":[{"embeddable":true,"href":"https:\/\/internatura.org\/blog\/index.php?rest_route=%2Fwp%2Fv2%2Fcomments&post=1933"}],"version-history":[{"count":19,"href":"https:\/\/internatura.org\/blog\/index.php?rest_route=\/wp\/v2\/posts\/1933\/revisions"}],"predecessor-version":[{"id":2357,"href":"https:\/\/internatura.org\/blog\/index.php?rest_route=\/wp\/v2\/posts\/1933\/revisions\/2357"}],"wp:attachment":[{"href":"https:\/\/internatura.org\/blog\/index.php?rest_route=%2Fwp%2Fv2%2Fmedia&parent=1933"}],"wp:term":[{"taxonomy":"category","embeddable":true,"href":"https:\/\/internatura.org\/blog\/index.php?rest_route=%2Fwp%2Fv2%2Fcategories&post=1933"},{"taxonomy":"post_tag","embeddable":true,"href":"https:\/\/internatura.org\/blog\/index.php?rest_route=%2Fwp%2Fv2%2Ftags&post=1933"}],"curies":[{"name":"wp","href":"https:\/\/api.w.org\/{rel}","templated":true}]}}