{"id":2019,"date":"2012-11-15T17:48:38","date_gmt":"2012-11-15T16:48:38","guid":{"rendered":"http:\/\/www.internatura.org\/blog\/?p=2019"},"modified":"2014-11-11T08:18:16","modified_gmt":"2014-11-11T08:18:16","slug":"gala-de-lliurament-de-premis-mes-de-la-sostenibilitat-15-11-2012-2","status":"publish","type":"post","link":"https:\/\/internatura.org\/blog\/?p=2019","title":{"rendered":"Lliurament de premis Mes de la Sostenibilitat 15-11-2012"},"content":{"rendered":"<p style=\"text-align: justify;\">El passat 15 de novembre del 2012. El GER-EA juntament amb altres grups (CEA Termet, Grup AU, Centre excursionista,\u00a0 Periodisme Ambiental, AVEADS, Kaiac Club Millars,..),\u00a0 que formen el Col \u00b7 lectiu el \u00abTermet\u00bb ha estat premiat en el \u00abMes de sostenibilidad\u00bb.<\/p>\n<p style=\"text-align: justify;\"><a href=\"http:\/\/www.internatura.org\/blog\/wp-content\/uploads\/2012\/11\/15-11-2012-a-DSCN2443.jpg\" rel=\"lightbox\" data-rel=\"lightbox-image-0\" data-rl_title=\"\" data-rl_caption=\"\"><img decoding=\"async\" loading=\"lazy\" class=\"alignleft size-medium wp-image-2022\" title=\"\" alt=\"\" src=\"http:\/\/www.internatura.org\/blog\/wp-content\/uploads\/2012\/11\/15-11-2012-a-DSCN2443-300x225.jpg\" width=\"300\" height=\"225\" srcset=\"https:\/\/internatura.org\/blog\/wp-content\/uploads\/2012\/11\/15-11-2012-a-DSCN2443-300x225.jpg 300w, https:\/\/internatura.org\/blog\/wp-content\/uploads\/2012\/11\/15-11-2012-a-DSCN2443.jpg 1000w\" sizes=\"(max-width: 300px) 100vw, 300px\" \/><\/a><\/p>\n<p style=\"text-align: justify;\">Els premis van ser lliurats per l&#8217;alcalde de Vila-real Sr Benlloch, a les instal \u00b7 lacions del Termet.<\/p>\n<p style=\"text-align: justify;\">Des d&#8217;aquestes l\u00ednies volem donar l&#8217;enhorabona a tots els premiats ia seguir treballant per la conservaci\u00f3 del Medi Ambient i tots els \u00e9ssers que l&#8217;ocupen. Especialmente a Vicent Vicent, Josep Carda, Carmen Broch, Abel Campos, Juan Castany, Lluis Bort, Lid\u00f3n Badenes, Josep Bort, per la seva pres\u00e8ncia i col \u00b7 laboraci\u00f3 en tot aquest projecte mediambiental amb mires a un futur m\u00e9s respectu\u00f3s i sostenible.<\/p>\n<p style=\"text-align: justify;\"><a href=\"http:\/\/www.internatura.org\/blog\/wp-content\/uploads\/2012\/11\/15-11-2012-b-DSCN2443.jpg\" rel=\"lightbox\" data-rel=\"lightbox-image-1\" data-rl_title=\"\" data-rl_caption=\"\"><img decoding=\"async\" loading=\"lazy\" class=\"alignleft size-medium wp-image-2024\" title=\"\" alt=\"\" src=\"http:\/\/www.internatura.org\/blog\/wp-content\/uploads\/2012\/11\/15-11-2012-b-DSCN2443-300x225.jpg\" width=\"300\" height=\"225\" srcset=\"https:\/\/internatura.org\/blog\/wp-content\/uploads\/2012\/11\/15-11-2012-b-DSCN2443-300x225.jpg 300w, https:\/\/internatura.org\/blog\/wp-content\/uploads\/2012\/11\/15-11-2012-b-DSCN2443.jpg 1000w\" sizes=\"(max-width: 300px) 100vw, 300px\" \/><\/a><a href=\"http:\/\/www.internatura.org\/blog\/wp-content\/uploads\/2012\/11\/15-11-2012-e-DSCN2443.jpg\" rel=\"lightbox\" data-rel=\"lightbox-image-2\" data-rl_title=\"\" data-rl_caption=\"\"><img decoding=\"async\" loading=\"lazy\" class=\"alignleft size-medium wp-image-2025\" title=\"\" alt=\"\" src=\"http:\/\/www.internatura.org\/blog\/wp-content\/uploads\/2012\/11\/15-11-2012-e-DSCN2443-300x225.jpg\" width=\"300\" height=\"225\" srcset=\"https:\/\/internatura.org\/blog\/wp-content\/uploads\/2012\/11\/15-11-2012-e-DSCN2443-300x225.jpg 300w, https:\/\/internatura.org\/blog\/wp-content\/uploads\/2012\/11\/15-11-2012-e-DSCN2443.jpg 800w\" sizes=\"(max-width: 300px) 100vw, 300px\" \/><\/a><a href=\"http:\/\/www.internatura.org\/blog\/wp-content\/uploads\/2012\/11\/15-11-2012-c-DSCN2443.jpg\" rel=\"lightbox\" data-rel=\"lightbox-image-3\" data-rl_title=\"\" data-rl_caption=\"\"><img decoding=\"async\" loading=\"lazy\" class=\"alignleft size-medium wp-image-2026\" title=\"\" alt=\"\" src=\"http:\/\/www.internatura.org\/blog\/wp-content\/uploads\/2012\/11\/15-11-2012-c-DSCN2443-300x243.jpg\" width=\"300\" height=\"243\" srcset=\"https:\/\/internatura.org\/blog\/wp-content\/uploads\/2012\/11\/15-11-2012-c-DSCN2443-300x243.jpg 300w, https:\/\/internatura.org\/blog\/wp-content\/uploads\/2012\/11\/15-11-2012-c-DSCN2443.jpg 1000w\" sizes=\"(max-width: 300px) 100vw, 300px\" \/><\/a><a href=\"http:\/\/www.internatura.org\/blog\/wp-content\/uploads\/2012\/11\/15-11-2012-d-DSCN2443.jpg\" rel=\"lightbox\" data-rel=\"lightbox-image-4\" data-rl_title=\"\" data-rl_caption=\"\"><img decoding=\"async\" loading=\"lazy\" class=\"alignleft size-medium wp-image-2027\" title=\"\" alt=\"\" src=\"http:\/\/www.internatura.org\/blog\/wp-content\/uploads\/2012\/11\/15-11-2012-d-DSCN2443-300x222.jpg\" width=\"300\" height=\"222\" srcset=\"https:\/\/internatura.org\/blog\/wp-content\/uploads\/2012\/11\/15-11-2012-d-DSCN2443-300x222.jpg 300w, https:\/\/internatura.org\/blog\/wp-content\/uploads\/2012\/11\/15-11-2012-d-DSCN2443.jpg 1000w\" sizes=\"(max-width: 300px) 100vw, 300px\" \/><\/a><a href=\"http:\/\/www.internatura.org\/blog\/wp-content\/uploads\/2012\/11\/15-11-2012-DSCN2443.jpg\" rel=\"lightbox\" data-rel=\"lightbox-image-5\" data-rl_title=\"\" data-rl_caption=\"\"><img decoding=\"async\" loading=\"lazy\" class=\"alignleft size-medium wp-image-2028\" title=\"\" alt=\"\" src=\"http:\/\/www.internatura.org\/blog\/wp-content\/uploads\/2012\/11\/15-11-2012-DSCN2443-300x220.jpg\" width=\"300\" height=\"220\" srcset=\"https:\/\/internatura.org\/blog\/wp-content\/uploads\/2012\/11\/15-11-2012-DSCN2443-300x220.jpg 300w, https:\/\/internatura.org\/blog\/wp-content\/uploads\/2012\/11\/15-11-2012-DSCN2443.jpg 1000w\" sizes=\"(max-width: 300px) 100vw, 300px\" \/><\/a><\/p>\n<p><a href=\"http:\/\/www.facebook.com\/media\/set\/?set=a.260006624122771.59060.244787062311394&amp;type=1\">Premis Mes de la Sostenibilitat 2012<\/a><\/p>\n<p><a href=\"http:\/\/www.facebook.com\/pages\/Mes-de-la-Sostenibilitat\/244787062311394\">Facebook del Mes de la Sostenibil<\/a><wbr \/><a href=\"http:\/\/www.facebook.com\/pages\/Mes-de-la-Sostenibilitat\/244787062311394\">itat<\/a><\/p>\n","protected":false},"excerpt":{"rendered":"<p>El passat 15 de novembre del 2012. El GER-EA juntament amb altres grups (CEA Termet, Grup AU, Centre excursionista,\u00a0 Periodisme Ambiental, AVEADS, Kaiac Club Millars,..),\u00a0 que formen el Col \u00b7 lectiu el \u00abTermet\u00bb ha estat premiat en el \u00abMes de sostenibilidad\u00bb. Els premis van ser lliurats per l&#8217;alcalde de Vila-real \u2026 <a class=\"continue-reading-link\" href=\"https:\/\/internatura.org\/blog\/?p=2019\"> Continuar leyendo <span class=\"meta-nav\">&rarr; <\/span><\/a><\/p>\n","protected":false},"author":1,"featured_media":0,"comment_status":"closed","ping_status":"closed","sticky":false,"template":"","format":"standard","meta":[],"categories":[52],"tags":[53],"_links":{"self":[{"href":"https:\/\/internatura.org\/blog\/index.php?rest_route=\/wp\/v2\/posts\/2019"}],"collection":[{"href":"https:\/\/internatura.org\/blog\/index.php?rest_route=\/wp\/v2\/posts"}],"about":[{"href":"https:\/\/internatura.org\/blog\/index.php?rest_route=\/wp\/v2\/types\/post"}],"author":[{"embeddable":true,"href":"https:\/\/internatura.org\/blog\/index.php?rest_route=\/wp\/v2\/users\/1"}],"replies":[{"embeddable":true,"href":"https:\/\/internatura.org\/blog\/index.php?rest_route=%2Fwp%2Fv2%2Fcomments&post=2019"}],"version-history":[{"count":12,"href":"https:\/\/internatura.org\/blog\/index.php?rest_route=\/wp\/v2\/posts\/2019\/revisions"}],"predecessor-version":[{"id":2351,"href":"https:\/\/internatura.org\/blog\/index.php?rest_route=\/wp\/v2\/posts\/2019\/revisions\/2351"}],"wp:attachment":[{"href":"https:\/\/internatura.org\/blog\/index.php?rest_route=%2Fwp%2Fv2%2Fmedia&parent=2019"}],"wp:term":[{"taxonomy":"category","embeddable":true,"href":"https:\/\/internatura.org\/blog\/index.php?rest_route=%2Fwp%2Fv2%2Fcategories&post=2019"},{"taxonomy":"post_tag","embeddable":true,"href":"https:\/\/internatura.org\/blog\/index.php?rest_route=%2Fwp%2Fv2%2Ftags&post=2019"}],"curies":[{"name":"wp","href":"https:\/\/api.w.org\/{rel}","templated":true}]}}