{"id":2021,"date":"2012-11-19T17:48:38","date_gmt":"2012-11-19T16:48:38","guid":{"rendered":"http:\/\/www.internatura.org\/blog\/?p=2021"},"modified":"2014-11-11T08:18:16","modified_gmt":"2014-11-11T08:18:16","slug":"reunio-de-la-plataforma-no-mat-molt-alta-tensio-amb-les-ong-de-la-comunitat-valenciana","status":"publish","type":"post","link":"https:\/\/internatura.org\/blog\/?p=2021","title":{"rendered":"Reuni\u00f3 en Vila-real de la Plataforma NO MAT (Molt Alta Tensi\u00f3) amb les ONG de la Comunitat Valenciana. 19\/11\/2012"},"content":{"rendered":"<p style=\"text-align: justify;\"><a href=\"http:\/\/www.internatura.org\/blog\/wp-content\/uploads\/2012\/11\/Real-a-2-11-2012-IMG_8390.jpg\" rel=\"lightbox\" data-rel=\"lightbox-image-0\" data-rl_title=\"\" data-rl_caption=\"\"><img decoding=\"async\" loading=\"lazy\" class=\"alignleft size-medium wp-image-2060\" title=\"\" alt=\"\" src=\"http:\/\/www.internatura.org\/blog\/wp-content\/uploads\/2012\/11\/Real-a-2-11-2012-IMG_8390-203x300.jpg\" width=\"203\" height=\"300\" srcset=\"https:\/\/internatura.org\/blog\/wp-content\/uploads\/2012\/11\/Real-a-2-11-2012-IMG_8390-203x300.jpg 203w, https:\/\/internatura.org\/blog\/wp-content\/uploads\/2012\/11\/Real-a-2-11-2012-IMG_8390-693x1024.jpg 693w, https:\/\/internatura.org\/blog\/wp-content\/uploads\/2012\/11\/Real-a-2-11-2012-IMG_8390.jpg 800w\" sizes=\"(max-width: 203px) 100vw, 203px\" \/><\/a>El passat 19 de novembre del 2012 a al local del GER-EA de Vila-real es van reunir diferents associacions ecologistes \/ naturalistes de la prov\u00edncia de Castell\u00f3 i de la Comunitat Valenciana, per tractar el gran problema, un m\u00e9s, que afectar\u00e0 greument a la salut dels seus habitants, especialment a la poblaci\u00f3 infantil i gent gran i al medi ambient en tota la prov\u00edncia de Castell\u00f3, sense que els seus habitants van cap benefici en aquest projecte. Centenars de Torres el\u00e8ctriques d&#8217;uns 70 -80 metres d&#8217;altura creuen en diagonal tota la prov\u00edncia des Almassora fins Forcall-Morella, si els seus habitants o pol\u00edtics no ho impedeixen.<\/p>\n<p>Les ONG mediambientals APNAL-Ecologistes en Acci\u00f3, GER-Ecologistes en Acci\u00f3, Gecen i SEO \/ BirdLife s&#8217;han reunit amb la <a href=\"http:\/\/www.nomatvilafames.blogspot.com.es\/\">Plataforma &#8216;No Mat a Vilafam\u00e9s<\/a>&#8216; per abordar el que han qualificat com \u00abpreocupant\u00bb projecte de la l\u00ednia de molt alta tensi\u00f3 (MAT) que afectar\u00e0 la prov\u00edncia de Castell\u00f3.<a href=\"http:\/\/www.internatura.org\/blog\/wp-content\/uploads\/2012\/11\/MAT-c-19-11-2012-DSCN2451.jpg\" rel=\"lightbox\" data-rel=\"lightbox-image-1\" data-rl_title=\"\" data-rl_caption=\"\"><img decoding=\"async\" loading=\"lazy\" class=\"aligncenter\" title=\"\" alt=\"\" src=\"http:\/\/www.internatura.org\/blog\/wp-content\/uploads\/2012\/11\/MAT-c-19-11-2012-DSCN2451-300x211.jpg\" width=\"300\" height=\"211\" \/><\/a><\/p>\n<p style=\"text-align: justify;\">Segons han explicat en un comunicat, Red El\u00e9ctrica projecta l&#8217;execuci\u00f3 d&#8217;una l\u00ednia de molt alta tensi\u00f3 de doble circuit, amb torres de m\u00e9s de 70 metres d&#8217;altura posicionades cada 400 metres, \u00abque travessar\u00e0 tota la prov\u00edncia, des Almassora a Morella, afectant un total 17 municipis \u00abi l&#8217;impacte sobre la salut, el medi ambient, el paisatge, la biodiversitat i el desenvolupament sostenible de les comarques de l&#8217;interior, \u00e9s\u00bb inassumible \u00ab.<\/p>\n<p><a href=\"http:\/\/www.internatura.org\/blog\/wp-content\/uploads\/2012\/11\/MAT-a-19-11-2012-DSCN2451.jpg\" rel=\"lightbox\" data-rel=\"lightbox-image-2\" data-rl_title=\"\" data-rl_caption=\"\"><img decoding=\"async\" loading=\"lazy\" class=\"size-medium wp-image-2057 alignright\" title=\"\" alt=\"\" src=\"http:\/\/www.internatura.org\/blog\/wp-content\/uploads\/2012\/11\/MAT-a-19-11-2012-DSCN2451-300x184.jpg\" width=\"300\" height=\"184\" srcset=\"https:\/\/internatura.org\/blog\/wp-content\/uploads\/2012\/11\/MAT-a-19-11-2012-DSCN2451-300x184.jpg 300w, https:\/\/internatura.org\/blog\/wp-content\/uploads\/2012\/11\/MAT-a-19-11-2012-DSCN2451.jpg 1000w\" sizes=\"(max-width: 300px) 100vw, 300px\" \/><\/a><\/p>\n<p style=\"text-align: justify;\">\u00abLes greus afeccions que aquest tipus de l\u00ednies provoquen a la salut s\u00f3n molt alarmants, tal com s&#8217;assenyala en nombrosos informes cient\u00edfics, inclosos els elaborats per l&#8217;OMS\u00bb, han indicat aquests col \u00b7 lectius, que han citat com a exemple el \u00abaugment dr\u00e0stic de leuc\u00e8mia infantil i el encarit crida dels cient\u00edfics en no habitar prop d&#8217;aquests esteses \u00ab.<\/p>\n<p style=\"text-align: justify;\">D&#8217;altra banda, consideren que el tra\u00e7at d&#8217;aquesta l\u00ednia s&#8217;ha establert \u00absense tenir en compte el seu impacte sobre els espais de la Xarxa Natura 2000, els espais naturals protegits o la biodiversitat, especialment aus rapinyaires\u00bb, i han destacat que l&#8217;impacte sobre la flora \u00abtamb\u00e9 \u00e9s significatiu, ja que la l\u00ednia MAT ha d&#8217;estar prove\u00efda d&#8217;una franja desbrossada de 50 metres d&#8217;ample que elimina centenars d&#8217;hect\u00e0rees i que, a m\u00e9s, segmenta i fracciona el territori\u00bb.<\/p>\n<p style=\"text-align: justify;\">\u00abAquesta eliminaci\u00f3 sistem\u00e0tica de vegetaci\u00f3 sota les l\u00ednies d&#8217;alta tensi\u00f3 provoca la proliferaci\u00f3 d&#8217;esp\u00e8cies herb\u00e0cies, que, a causa de la sequera, resulten altament pir\u00f2files, incrementant el risc d&#8217;incendis, agreujat a m\u00e9s per possibles avaries en la l\u00ednia\u00bb, han aclarit .<a href=\"http:\/\/www.internatura.org\/blog\/wp-content\/uploads\/2012\/11\/Real-c-2-11-2012-IMG_8390.jpg\" rel=\"lightbox\" data-rel=\"lightbox-image-3\" data-rl_title=\"\" data-rl_caption=\"\"><img decoding=\"async\" loading=\"lazy\" class=\"alignleft size-medium wp-image-2062\" title=\"\" alt=\"\" src=\"http:\/\/www.internatura.org\/blog\/wp-content\/uploads\/2012\/11\/Real-c-2-11-2012-IMG_8390-166x300.jpg\" width=\"166\" height=\"300\" srcset=\"https:\/\/internatura.org\/blog\/wp-content\/uploads\/2012\/11\/Real-c-2-11-2012-IMG_8390-166x300.jpg 166w, https:\/\/internatura.org\/blog\/wp-content\/uploads\/2012\/11\/Real-c-2-11-2012-IMG_8390-567x1024.jpg 567w, https:\/\/internatura.org\/blog\/wp-content\/uploads\/2012\/11\/Real-c-2-11-2012-IMG_8390.jpg 766w\" sizes=\"(max-width: 166px) 100vw, 166px\" \/><\/a><\/p>\n<p style=\"text-align: justify;\">NO APORTA BENEFICI<\/p>\n<p style=\"text-align: justify;\">Segons han denunciat, \u00abuna vegada m\u00e9s s\u00f3n els municipis de l&#8217;interior de Castell\u00f3 els que han de carregar amb aquest tipus d&#8217;infraestructures, que no aportaran cap tipus de benefici social ni econ\u00f2mic, ja que aquestes l\u00ednies estan destinades al transport d&#8217;excedents d&#8217;energia a llarga dist\u00e0ncia, per a la posterior venda\u00bb.<\/p>\n<p style=\"text-align: justify;\">\u00abLes zones rurals de l&#8217;interior tornen a ser discriminades, havent de suportar un tipus d&#8217;instal \u00b7 lacions que generaran els recursos en altres espais i que provocaran un fort impacte contra la salut, el medi ambient i l&#8217;economia local, afectant especialment al turisme rural, base important de l&#8217;economia d&#8217;aquests municipis\u00bb, han criticat.<\/p>\n<p style=\"text-align: justify;\">En definitiva, consideren que es tracta d&#8217;un projecte \u00abque es disfressa d&#8217;inter\u00e8s p\u00fablic, de projecte estrat\u00e8gic, quan respon a interessos privats que agredeixen la salut, el medi ambient i l&#8217;economia de les comarques de l&#8217;interior i els seus habitants\u00bb.<\/p>\n<h6 style=\"text-align: center;\"><a href=\" http:\/\/www.vilafames.es\/files\/Inf%20Red%20Electrica.pdf\">AMPLIACI\u00d3N DE LA SUBESTACI\u00d3N DE 400 KV DENOMINADA LA PLANA Y LA<br \/>\nAUTORIZACI\u00d3N ADMINISTRATIVA CON DECLARACI\u00d3N DE IMPACTO AMBIENTAL<br \/>\nDEL ANTEPROYECTO DE L\u00cdNEA A\u00c9REA DOBLE CIRCUITO DE 400 KV DENOMINADA \u201cLA PLANA-MORELLA\u201d<\/a><\/h6>\n<p>&nbsp;<\/p>\n<p><a href=\"https:\/\/docs.google.com\/file\/d\/0B9-vA6uMJpDzQ25aUXM4MVFjNDQ\/edit\"><img decoding=\"async\" loading=\"lazy\" class=\"aligncenter\" id=\"Image3_img\" alt=\"Descarrega't el tr\u00edptic de NO MAT VILAFAM\u00c9S!!\" src=\"http:\/\/2.bp.blogspot.com\/-zO6ssYQFZbs\/UCUkNQe5GrI\/AAAAAAAAAB4\/Tw_SZJEBfew\/s300\/salvem.jpg\" width=\"151\" height=\"114\" \/><\/a><\/p>\n<p>Art\u00edculs de prensa<\/p>\n<div>\n<h4><a href=\"http:\/\/www.google.es\/url?sa=t&amp;rct=j&amp;q=&amp;esrc=s&amp;frm=1&amp;source=web&amp;cd=1&amp;cad=rja&amp;ved=0CCkQFjAA&amp;url=http%3A%2F%2Fwww.europapress.es%2Fsociedad%2Fmedio-ambiente-00647%2Fnoticia-grupos-ecologistas-califican-preocupante-proyecto-linea-muy-alta-tension-provincia-castellon-20121121104231.html&amp;ei=LDq2UI7CAeXL0AWAhIGIBA&amp;usg=AFQjCNE7f9Lhqq6WPuKCcbSA6ntYWOrLeg\">Preocupaci\u00f3n ecologista por el proyecto de l\u00ednea de <em>muy alta<\/em> <strong>&#8230;<\/strong><\/a><\/h4>\n<\/div>\n<div>\n<h4><a href=\"http:\/\/www.google.es\/url?sa=t&amp;rct=j&amp;q=&amp;esrc=s&amp;frm=1&amp;source=web&amp;cd=2&amp;cad=rja&amp;ved=0CDEQFjAB&amp;url=http%3A%2F%2Fwww.elmundo.es%2Felmundo%2F2012%2F11%2F21%2Fcastellon%2F1353491725.html&amp;ei=LDq2UI7CAeXL0AWAhIGIBA&amp;usg=AFQjCNF2Cu9tv_C3hNPy4KmqvopefaLBBA\">Los ecologistas se oponen en Vilafam\u00e9s a la ejecuci\u00f3n de la red de <strong>&#8230;<\/strong><\/a><\/h4>\n<h4><a href=\"http:\/\/www.google.es\/url?sa=t&amp;rct=j&amp;q=&amp;esrc=s&amp;frm=1&amp;source=web&amp;cd=4&amp;cad=rja&amp;ved=0CEEQFjAD&amp;url=http%3A%2F%2Fredasociativa.org%2Fblog%2F2012%2F11%2F21%2Fproyecto-de-linea-de-muy-alta-tension-en-castellon%2F&amp;ei=LDq2UI7CAeXL0AWAhIGIBA&amp;usg=AFQjCNF4ZAvdQNzG-2MffFKmtyyUx8WUsw\">Proyecto de l\u00ednea de <em>muy alta tensi\u00f3n<\/em> en <em>Castell\u00f3n<\/em> \u00ab Redasociativa <\/a><\/h4>\n<h4><a href=\"http:\/\/www.google.es\/url?sa=t&amp;rct=j&amp;q=&amp;esrc=s&amp;frm=1&amp;source=web&amp;cd=6&amp;cad=rja&amp;ved=0CFAQFjAF&amp;url=http%3A%2F%2Fccaa.elpais.com%2Fccaa%2F2012%2F09%2F22%2Fvalencia%2F1348340199_113274.html&amp;ei=LDq2UI7CAeXL0AWAhIGIBA&amp;usg=AFQjCNEndZw01-WnLd4MIv1UxTR_W2VaTg\"><em>Castell\u00f3n<\/em> lucha contra el impacto de la &#8216;autopista&#8217; el\u00e9ctrica <strong>&#8230;<\/strong><\/a><\/h4>\n<p>&nbsp;<\/p>\n<\/div>\n","protected":false},"excerpt":{"rendered":"<p>El passat 19 de novembre del 2012 a al local del GER-EA de Vila-real es van reunir diferents associacions ecologistes \/ naturalistes de la prov\u00edncia de Castell\u00f3 i de la Comunitat Valenciana, per tractar el gran problema, un m\u00e9s, que afectar\u00e0 greument a la salut dels seus habitants, especialment a \u2026 <a class=\"continue-reading-link\" href=\"https:\/\/internatura.org\/blog\/?p=2021\"> Continuar leyendo <span class=\"meta-nav\">&rarr; <\/span><\/a><\/p>\n","protected":false},"author":1,"featured_media":0,"comment_status":"closed","ping_status":"closed","sticky":false,"template":"","format":"standard","meta":[],"categories":[49],"tags":[47],"_links":{"self":[{"href":"https:\/\/internatura.org\/blog\/index.php?rest_route=\/wp\/v2\/posts\/2021"}],"collection":[{"href":"https:\/\/internatura.org\/blog\/index.php?rest_route=\/wp\/v2\/posts"}],"about":[{"href":"https:\/\/internatura.org\/blog\/index.php?rest_route=\/wp\/v2\/types\/post"}],"author":[{"embeddable":true,"href":"https:\/\/internatura.org\/blog\/index.php?rest_route=\/wp\/v2\/users\/1"}],"replies":[{"embeddable":true,"href":"https:\/\/internatura.org\/blog\/index.php?rest_route=%2Fwp%2Fv2%2Fcomments&post=2021"}],"version-history":[{"count":16,"href":"https:\/\/internatura.org\/blog\/index.php?rest_route=\/wp\/v2\/posts\/2021\/revisions"}],"predecessor-version":[{"id":2349,"href":"https:\/\/internatura.org\/blog\/index.php?rest_route=\/wp\/v2\/posts\/2021\/revisions\/2349"}],"wp:attachment":[{"href":"https:\/\/internatura.org\/blog\/index.php?rest_route=%2Fwp%2Fv2%2Fmedia&parent=2021"}],"wp:term":[{"taxonomy":"category","embeddable":true,"href":"https:\/\/internatura.org\/blog\/index.php?rest_route=%2Fwp%2Fv2%2Fcategories&post=2021"},{"taxonomy":"post_tag","embeddable":true,"href":"https:\/\/internatura.org\/blog\/index.php?rest_route=%2Fwp%2Fv2%2Ftags&post=2021"}],"curies":[{"name":"wp","href":"https:\/\/api.w.org\/{rel}","templated":true}]}}