{"id":2238,"date":"2013-07-13T23:13:48","date_gmt":"2013-07-13T22:13:48","guid":{"rendered":"http:\/\/www.internatura.org\/blog\/?p=2238"},"modified":"2014-11-11T08:18:16","modified_gmt":"2014-11-11T08:18:16","slug":"experiencia-deducacio-ambiental-al-mas-de-noguera-caudiel-2013-07-13","status":"publish","type":"post","link":"https:\/\/internatura.org\/blog\/?p=2238","title":{"rendered":"Experi\u00e8ncia d&#8217;educaci\u00f3 ambiental al Mas de Noguera (Caudiel) 13\/07\/2013"},"content":{"rendered":"<p style=\"text-align: justify;\"><a href=\"http:\/\/www.internatura.org\/blog\/wp-content\/uploads\/2013\/10\/Masji-ll-Noguera-13-7-2013.jpg\" rel=\"lightbox\" data-rel=\"lightbox-image-0\" data-rl_title=\"\" data-rl_caption=\"\"><img decoding=\"async\" loading=\"lazy\" class=\"alignnone\" title=\"\" alt=\"\" src=\"http:\/\/www.internatura.org\/blog\/wp-content\/uploads\/2013\/10\/Masji-ll-Noguera-13-7-2013-300x225.jpg\" width=\"300\" height=\"225\" \/><\/a>\u00a0<a href=\"http:\/\/www.internatura.org\/blog\/wp-content\/uploads\/2013\/10\/Mas-e-Noguera-13-7-2013-DSC.jpg\" rel=\"lightbox\" data-rel=\"lightbox-image-1\" data-rl_title=\"\" data-rl_caption=\"\"><img decoding=\"async\" loading=\"lazy\" class=\"size-medium wp-image-2267 alignnone\" title=\"\" alt=\"\" src=\"http:\/\/www.internatura.org\/blog\/wp-content\/uploads\/2013\/10\/Mas-e-Noguera-13-7-2013-DSC-300x225.jpg\" width=\"300\" height=\"225\" srcset=\"https:\/\/internatura.org\/blog\/wp-content\/uploads\/2013\/10\/Mas-e-Noguera-13-7-2013-DSC-300x225.jpg 300w, https:\/\/internatura.org\/blog\/wp-content\/uploads\/2013\/10\/Mas-e-Noguera-13-7-2013-DSC.jpg 600w\" sizes=\"(max-width: 300px) 100vw, 300px\" \/><\/a><\/p>\n<p style=\"text-align: justify;\">Dins de les activitats del GER-EA, est\u00e0 l&#8217;Educaci\u00f3 Ambiental com un dels pilars fonamentals per a un respecte i gaudi de la natura. Un any m\u00e9s es van desenvolupar les diferents activitats en el M\u00e0s de Noguera de Caudiel .<\/p>\n<p style=\"text-align: justify;\">Com altres anys el GER-EA , dins de les activitats del campament d&#8217;estiu organitzats per Ecologistes en Acci\u00f3 Pa\u00eds Valenci\u00e0, realitza una de les seves activitats m\u00e9s plaents i que els seus membres gaudeixen en gran mesura.<\/p>\n<p style=\"text-align: justify;\"><a href=\"http:\/\/www.internatura.org\/blog\/wp-content\/uploads\/2013\/10\/Mas-f-Noguera-13-7-2013-DSC.jpg\" rel=\"lightbox\" data-rel=\"lightbox-image-2\" data-rl_title=\"\" data-rl_caption=\"\"><img decoding=\"async\" loading=\"lazy\" class=\"size-medium wp-image-2268 alignnone\" title=\"\" alt=\"\" src=\"http:\/\/www.internatura.org\/blog\/wp-content\/uploads\/2013\/10\/Mas-f-Noguera-13-7-2013-DSC-300x225.jpg\" width=\"300\" height=\"225\" srcset=\"https:\/\/internatura.org\/blog\/wp-content\/uploads\/2013\/10\/Mas-f-Noguera-13-7-2013-DSC-300x225.jpg 300w, https:\/\/internatura.org\/blog\/wp-content\/uploads\/2013\/10\/Mas-f-Noguera-13-7-2013-DSC.jpg 800w\" sizes=\"(max-width: 300px) 100vw, 300px\" \/><\/a>\u00a0<img decoding=\"async\" loading=\"lazy\" class=\"size-medium wp-image-2270 alignnone\" style=\"font-size: 12px; line-height: 18px;\" title=\"Mas-g-Noguera-13-7-2013-DSC\" alt=\"\" src=\"http:\/\/www.internatura.org\/blog\/wp-content\/uploads\/2013\/10\/Mas-g-Noguera-13-7-2013-DSC-300x225.jpg\" width=\"300\" height=\"225\" srcset=\"https:\/\/internatura.org\/blog\/wp-content\/uploads\/2013\/10\/Mas-g-Noguera-13-7-2013-DSC-300x225.jpg 300w, https:\/\/internatura.org\/blog\/wp-content\/uploads\/2013\/10\/Mas-g-Noguera-13-7-2013-DSC.jpg 800w\" sizes=\"(max-width: 300px) 100vw, 300px\" \/><\/p>\n<p style=\"text-align: justify;\">L&#8217;activitat es va fer en dues parts \u00e0mpliament separades: la primera com a itinerari i recorregut per les muntanyes m\u00e9s properes al M\u00e0s de Noguera. Ens desplacem entre matoll mediterrani degradat a causa dels \u00faltims incendi. En aquesta activitat es van contemplar diversos aspectes importants, tant l&#8217;aspecte bot\u00e0nic que era impartit per Pepe de la Rubia com faun\u00edstic que impartia Lluis i Josep Bort.<\/p>\n<p style=\"text-align: center;\"><a style=\"color: #ff4b33; line-height: 24px;\" href=\"http:\/\/www.internatura.org\/blog\/wp-content\/uploads\/2013\/10\/Mas-Noguera-13-7-2013-DSCN5.jpg\" rel=\"lightbox\" data-rel=\"lightbox-image-3\" data-rl_title=\"\" data-rl_caption=\"\"><img decoding=\"async\" loading=\"lazy\" class=\"size-medium wp-image-2269 aligncenter\" title=\"\" alt=\"\" src=\"http:\/\/www.internatura.org\/blog\/wp-content\/uploads\/2013\/10\/Mas-Noguera-13-7-2013-DSCN5-300x225.jpg\" width=\"300\" height=\"225\" srcset=\"https:\/\/internatura.org\/blog\/wp-content\/uploads\/2013\/10\/Mas-Noguera-13-7-2013-DSCN5-300x225.jpg 300w, https:\/\/internatura.org\/blog\/wp-content\/uploads\/2013\/10\/Mas-Noguera-13-7-2013-DSCN5.jpg 500w\" sizes=\"(max-width: 300px) 100vw, 300px\" \/><\/a><\/p>\n<p style=\"text-align: justify;\">Es van identificar una s\u00e8rie de plantes i la seva relaci\u00f3 amb l&#8217;aprofitament i abandonament hum\u00e0 del terreny, al mateix temps es van anar identificant cadascuna de les esp\u00e8cies de vertebrats i els seus restes, especialment aus que observ\u00e0vem en l&#8217;itinerari.<\/p>\n<p style=\"text-align: justify;\">Al costat dels monitors del M\u00e0s de Noguera, que van fer de guia , ens traslladem\u00a0fins a dalt de la muntanya per observar el parc e\u00f2lic de Casillas i les aus planejadores que devisaban concretament el voltor com\u00fa.<\/p>\n<p style=\"text-align: justify;\"><a style=\"color: #ff4b33; line-height: 24px;\" href=\"http:\/\/www.internatura.org\/blog\/wp-content\/uploads\/2013\/10\/Mas-bb-Noguera-13-7-2013-DS.jpg\" rel=\"lightbox\" data-rel=\"lightbox-image-4\" data-rl_title=\"\" data-rl_caption=\"\"><img decoding=\"async\" loading=\"lazy\" class=\"size-medium wp-image-2271 alignnone\" title=\"\" alt=\"\" src=\"http:\/\/www.internatura.org\/blog\/wp-content\/uploads\/2013\/10\/Mas-bb-Noguera-13-7-2013-DS-300x225.jpg\" width=\"300\" height=\"225\" srcset=\"https:\/\/internatura.org\/blog\/wp-content\/uploads\/2013\/10\/Mas-bb-Noguera-13-7-2013-DS-300x225.jpg 300w, https:\/\/internatura.org\/blog\/wp-content\/uploads\/2013\/10\/Mas-bb-Noguera-13-7-2013-DS.jpg 500w\" sizes=\"(max-width: 300px) 100vw, 300px\" \/><\/a>\u00a0<a style=\"color: #ff4b33; line-height: 24px;\" href=\"http:\/\/www.internatura.org\/blog\/wp-content\/uploads\/2013\/10\/Mas-c-Noguera-13-7-2013-DSC.jpg\" rel=\"lightbox\" data-rel=\"lightbox-image-5\" data-rl_title=\"\" data-rl_caption=\"\"><img decoding=\"async\" loading=\"lazy\" class=\"size-medium wp-image-2272 alignnone\" title=\"\" alt=\"\" src=\"http:\/\/www.internatura.org\/blog\/wp-content\/uploads\/2013\/10\/Mas-c-Noguera-13-7-2013-DSC-300x225.jpg\" width=\"300\" height=\"225\" srcset=\"https:\/\/internatura.org\/blog\/wp-content\/uploads\/2013\/10\/Mas-c-Noguera-13-7-2013-DSC-300x225.jpg 300w, https:\/\/internatura.org\/blog\/wp-content\/uploads\/2013\/10\/Mas-c-Noguera-13-7-2013-DSC.jpg 600w\" sizes=\"(max-width: 300px) 100vw, 300px\" \/><\/a><\/p>\n<p style=\"text-align: justify;\">Un cop el la zona es van localitzar algunes pilotes (egagr\u00f3piles) i es va explicar\u00a0<em>in situ<\/em>\u00a0als xiquets que eren i quin aspecte tenien . Despr\u00e9s d&#8217;un lliga dinar i recuperaci\u00f3 de forces , vam tornar al M\u00e0s on descansem i es va realitzar una xarrada.<\/p>\n<p><a href=\"http:\/\/www.internatura.org\/blog\/wp-content\/uploads\/2013\/10\/Mas-aa-Noguera-13-7-2013-DS.jpg\" rel=\"lightbox\" data-rel=\"lightbox-image-6\" data-rl_title=\"\" data-rl_caption=\"\"><img decoding=\"async\" loading=\"lazy\" class=\"alignleft size-medium wp-image-2273\" title=\"\" alt=\"\" src=\"http:\/\/www.internatura.org\/blog\/wp-content\/uploads\/2013\/10\/Mas-aa-Noguera-13-7-2013-DS-224x300.jpg\" width=\"224\" height=\"300\" srcset=\"https:\/\/internatura.org\/blog\/wp-content\/uploads\/2013\/10\/Mas-aa-Noguera-13-7-2013-DS-224x300.jpg 224w, https:\/\/internatura.org\/blog\/wp-content\/uploads\/2013\/10\/Mas-aa-Noguera-13-7-2013-DS.jpg 500w\" sizes=\"(max-width: 224px) 100vw, 224px\" \/><\/a><a href=\"http:\/\/www.internatura.org\/blog\/wp-content\/uploads\/2013\/10\/Masjigh-Noguera-13-7-2013-D.jpg\" rel=\"lightbox\" data-rel=\"lightbox-image-7\" data-rl_title=\"\" data-rl_caption=\"\"><img decoding=\"async\" loading=\"lazy\" class=\"alignleft size-medium wp-image-2274\" title=\"\" alt=\"\" src=\"http:\/\/www.internatura.org\/blog\/wp-content\/uploads\/2013\/10\/Masjigh-Noguera-13-7-2013-D-225x300.jpg\" width=\"225\" height=\"300\" srcset=\"https:\/\/internatura.org\/blog\/wp-content\/uploads\/2013\/10\/Masjigh-Noguera-13-7-2013-D-225x300.jpg 225w, https:\/\/internatura.org\/blog\/wp-content\/uploads\/2013\/10\/Masjigh-Noguera-13-7-2013-D.jpg 600w\" sizes=\"(max-width: 225px) 100vw, 225px\" \/><\/a><\/p>\n<p>&nbsp;<\/p>\n<p><a href=\"http:\/\/www.internatura.org\/blog\/wp-content\/uploads\/2013\/10\/Mas-ih-Noguera-13-7-2013-DS.jpg\" rel=\"lightbox\" data-rel=\"lightbox-image-8\" data-rl_title=\"\" data-rl_caption=\"\"><img decoding=\"async\" loading=\"lazy\" class=\"alignnone\" title=\"\" alt=\"\" src=\"http:\/\/www.internatura.org\/blog\/wp-content\/uploads\/2013\/10\/Mas-ih-Noguera-13-7-2013-DS-300x225.jpg\" width=\"300\" height=\"225\" \/><\/a><img decoding=\"async\" loading=\"lazy\" class=\"size-medium wp-image-2281 alignnone\" style=\"font-size: 12px; line-height: 18px;\" title=\"Mas-i-kl-Noguera-13-7-2013-\" alt=\"\" src=\"http:\/\/www.internatura.org\/blog\/wp-content\/uploads\/2013\/10\/Mas-i-kl-Noguera-13-7-2013--300x225.jpg\" width=\"300\" height=\"225\" srcset=\"https:\/\/internatura.org\/blog\/wp-content\/uploads\/2013\/10\/Mas-i-kl-Noguera-13-7-2013--300x225.jpg 300w, https:\/\/internatura.org\/blog\/wp-content\/uploads\/2013\/10\/Mas-i-kl-Noguera-13-7-2013-.jpg 800w\" sizes=\"(max-width: 300px) 100vw, 300px\" \/><\/p>\n<p>En aquesta ocasi\u00f3 la xarrada era sobre les aus rapinyaires nocturnes, explicant les seves caracter\u00edstiques biol\u00f2giques , els seus costums, alimentaci\u00f3 per mitj\u00e0 de la recollida i an\u00e0lisi de les\u00a0egagr\u00f2piles, el seu problem\u00e0tiques i les mesures que hem de posar en marxa per\u00a0a la seva conservaci\u00f3 i protecci\u00f3.<\/p>\n<p><a href=\"http:\/\/www.internatura.org\/blog\/wp-content\/uploads\/2013\/10\/Mas-i-Noguera-13-7-2013-DSC.jpg\" rel=\"lightbox\" data-rel=\"lightbox-image-9\" data-rl_title=\"\" data-rl_caption=\"\"><img decoding=\"async\" loading=\"lazy\" class=\"size-medium wp-image-2276 alignnone\" title=\"\" alt=\"\" src=\"http:\/\/www.internatura.org\/blog\/wp-content\/uploads\/2013\/10\/Mas-i-Noguera-13-7-2013-DSC-300x225.jpg\" width=\"300\" height=\"225\" srcset=\"https:\/\/internatura.org\/blog\/wp-content\/uploads\/2013\/10\/Mas-i-Noguera-13-7-2013-DSC-300x225.jpg 300w, https:\/\/internatura.org\/blog\/wp-content\/uploads\/2013\/10\/Mas-i-Noguera-13-7-2013-DSC.jpg 800w\" sizes=\"(max-width: 300px) 100vw, 300px\" \/><\/a><img decoding=\"async\" loading=\"lazy\" class=\"size-medium wp-image-2277 alignnone\" style=\"font-size: 12px; line-height: 18px;\" title=\"Masji-Noguera-13-7-2013-DSC\" alt=\"\" src=\"http:\/\/www.internatura.org\/blog\/wp-content\/uploads\/2013\/10\/Masji-Noguera-13-7-2013-DSC-300x225.jpg\" width=\"300\" height=\"225\" srcset=\"https:\/\/internatura.org\/blog\/wp-content\/uploads\/2013\/10\/Masji-Noguera-13-7-2013-DSC-300x225.jpg 300w, https:\/\/internatura.org\/blog\/wp-content\/uploads\/2013\/10\/Masji-Noguera-13-7-2013-DSC.jpg 800w\" sizes=\"(max-width: 300px) 100vw, 300px\" \/><a style=\"color: #ff4b33; line-height: 24px;\" href=\"http:\/\/www.internatura.org\/blog\/wp-content\/uploads\/2013\/10\/Mas-b-Noguera-13-7-2013-DSC.jpg\" rel=\"lightbox\" data-rel=\"lightbox-image-10\" data-rl_title=\"\" data-rl_caption=\"\"><img decoding=\"async\" loading=\"lazy\" class=\"size-medium wp-image-2278 alignnone\" title=\"\" alt=\"\" src=\"http:\/\/www.internatura.org\/blog\/wp-content\/uploads\/2013\/10\/Mas-b-Noguera-13-7-2013-DSC-300x224.jpg\" width=\"300\" height=\"224\" srcset=\"https:\/\/internatura.org\/blog\/wp-content\/uploads\/2013\/10\/Mas-b-Noguera-13-7-2013-DSC-300x224.jpg 300w, https:\/\/internatura.org\/blog\/wp-content\/uploads\/2013\/10\/Mas-b-Noguera-13-7-2013-DSC.jpg 1000w\" sizes=\"(max-width: 300px) 100vw, 300px\" \/><\/a><\/p>\n","protected":false},"excerpt":{"rendered":"<p>\u00a0 Dins de les activitats del GER-EA, est\u00e0 l&#8217;Educaci\u00f3 Ambiental com un dels pilars fonamentals per a un respecte i gaudi de la natura. Un any m\u00e9s es van desenvolupar les diferents activitats en el M\u00e0s de Noguera de Caudiel . Com altres anys el GER-EA , dins de les \u2026 <a class=\"continue-reading-link\" href=\"https:\/\/internatura.org\/blog\/?p=2238\"> Continuar leyendo <span class=\"meta-nav\">&rarr; <\/span><\/a><\/p>\n","protected":false},"author":1,"featured_media":0,"comment_status":"closed","ping_status":"closed","sticky":false,"template":"","format":"standard","meta":[],"categories":[40],"tags":[48],"_links":{"self":[{"href":"https:\/\/internatura.org\/blog\/index.php?rest_route=\/wp\/v2\/posts\/2238"}],"collection":[{"href":"https:\/\/internatura.org\/blog\/index.php?rest_route=\/wp\/v2\/posts"}],"about":[{"href":"https:\/\/internatura.org\/blog\/index.php?rest_route=\/wp\/v2\/types\/post"}],"author":[{"embeddable":true,"href":"https:\/\/internatura.org\/blog\/index.php?rest_route=\/wp\/v2\/users\/1"}],"replies":[{"embeddable":true,"href":"https:\/\/internatura.org\/blog\/index.php?rest_route=%2Fwp%2Fv2%2Fcomments&post=2238"}],"version-history":[{"count":20,"href":"https:\/\/internatura.org\/blog\/index.php?rest_route=\/wp\/v2\/posts\/2238\/revisions"}],"predecessor-version":[{"id":2395,"href":"https:\/\/internatura.org\/blog\/index.php?rest_route=\/wp\/v2\/posts\/2238\/revisions\/2395"}],"wp:attachment":[{"href":"https:\/\/internatura.org\/blog\/index.php?rest_route=%2Fwp%2Fv2%2Fmedia&parent=2238"}],"wp:term":[{"taxonomy":"category","embeddable":true,"href":"https:\/\/internatura.org\/blog\/index.php?rest_route=%2Fwp%2Fv2%2Fcategories&post=2238"},{"taxonomy":"post_tag","embeddable":true,"href":"https:\/\/internatura.org\/blog\/index.php?rest_route=%2Fwp%2Fv2%2Ftags&post=2238"}],"curies":[{"name":"wp","href":"https:\/\/api.w.org\/{rel}","templated":true}]}}