{"id":2263,"date":"2013-04-21T21:13:02","date_gmt":"2013-04-21T20:13:02","guid":{"rendered":"http:\/\/www.internatura.org\/blog\/?p=2263"},"modified":"2014-11-11T08:18:16","modified_gmt":"2014-11-11T08:18:16","slug":"reunio-sobre-agricultura-ecologica-no-cultius-transgenics-21042013","status":"publish","type":"post","link":"https:\/\/internatura.org\/blog\/?p=2263","title":{"rendered":"Reuni\u00f3 sobre Agricultura ecol\u00f2gica. No cultius Transg\u00e8nics. 21\/04\/2013"},"content":{"rendered":"<p><a href=\"http:\/\/www.internatura.org\/blog\/wp-content\/uploads\/2013\/10\/Transgenic-b-21-04-2013-DSC.jpg\" rel=\"lightbox\" data-rel=\"lightbox-image-0\" data-rl_title=\"\" data-rl_caption=\"\"><img decoding=\"async\" loading=\"lazy\" class=\"alignleft size-medium wp-image-2286\" title=\"\" alt=\"\" src=\"http:\/\/www.internatura.org\/blog\/wp-content\/uploads\/2013\/10\/Transgenic-b-21-04-2013-DSC-300x159.jpg\" width=\"300\" height=\"159\" srcset=\"https:\/\/internatura.org\/blog\/wp-content\/uploads\/2013\/10\/Transgenic-b-21-04-2013-DSC-300x159.jpg 300w, https:\/\/internatura.org\/blog\/wp-content\/uploads\/2013\/10\/Transgenic-b-21-04-2013-DSC.jpg 1000w\" sizes=\"(max-width: 300px) 100vw, 300px\" \/><\/a><\/p>\n<p style=\"text-align: justify;\">Al Termet de Vila-real es va produir una reuni\u00f3 per debatre sobre diversos aspectes de l&#8217;Agricultura ecol\u00f2gica, el seu comer\u00e7 i sortida al mercat.<\/p>\n<p>Alhora es van desenvolupar diversos comentaris sobre la instal\u00b7laci\u00f3 de diferents cultius de vegetals transg\u00e8nics, tant al municipi de Vinar\u00f2s com a Almenara.<\/p>\n<p style=\"text-align: justify;\">Van ser diversos agricultors els que ens van explicar les seves experi\u00e8ncies, la seva forma de conrear, els productes m\u00e9s utilitzats i la forma de comercialitzar amb aquests productes. Comentant que els inicis s\u00f3n molt durs, tenint com a clients familiars, amics, coneguts i poc a poc augmentar aquest \u00e0mbit.<\/p>\n<p style=\"text-align: justify;\"><a href=\"http:\/\/www.internatura.org\/blog\/wp-content\/uploads\/2013\/10\/Transgenic-d-21-04-2013-DSC.jpg\" rel=\"lightbox\" data-rel=\"lightbox-image-1\" data-rl_title=\"\" data-rl_caption=\"\"><img decoding=\"async\" loading=\"lazy\" class=\"alignleft size-medium wp-image-2288\" title=\"\" alt=\"\" src=\"http:\/\/www.internatura.org\/blog\/wp-content\/uploads\/2013\/10\/Transgenic-d-21-04-2013-DSC-300x225.jpg\" width=\"300\" height=\"225\" srcset=\"https:\/\/internatura.org\/blog\/wp-content\/uploads\/2013\/10\/Transgenic-d-21-04-2013-DSC-300x225.jpg 300w, https:\/\/internatura.org\/blog\/wp-content\/uploads\/2013\/10\/Transgenic-d-21-04-2013-DSC.jpg 1000w\" sizes=\"(max-width: 300px) 100vw, 300px\" \/><\/a><\/p>\n<p style=\"text-align: justify;\">Es van explicar diverses experi\u00e8ncies sobre els avantatges i inconvenients entre l&#8217;agricultura tradicional i l&#8217;ecol\u00f2gica .<\/p>\n<p>Al final de la reuni\u00f3 es va reivindicar la negaci\u00f3 sobre experiments de multinacionals amb cultius transg\u00e8nics que poc a poc van proliferant en diferents prov\u00edncies espanyoles. Trobant a Castell\u00f3 un rebuig de la majoria de la societat, fins i tot es va comentar l&#8217;adhesi\u00f3 de diversos ajuntaments a estar el seu terme lliure de transg\u00e8nics.<\/p>\n<p>El GER-EA , va ser un dels grups presents comentant la seva experi\u00e8ncia en l&#8217;oposici\u00f3 al camp d&#8217;experimentaci\u00f3 de cultius transg\u00e8nics a Vinar\u00f2s .<\/p>\n<p><a href=\"http:\/\/www.internatura.org\/blog\/wp-content\/uploads\/2013\/10\/Transgenic-a-21-04-2013-DSC.jpg\" rel=\"lightbox\" data-rel=\"lightbox-image-2\" data-rl_title=\"\" data-rl_caption=\"\"><img decoding=\"async\" loading=\"lazy\" class=\"alignleft\" title=\"\" alt=\"\" src=\"http:\/\/www.internatura.org\/blog\/wp-content\/uploads\/2013\/10\/Transgenic-a-21-04-2013-DSC-300x216.jpg\" width=\"300\" height=\"216\" \/><\/a><\/p>\n<p style=\"text-align: justify;\">\u00a0Alhora es comenten alguns aspectes de la Plataforma ciutadana contra els projectes de recerca de la Fractura Hidr\u00e0ulica, coneguda amb el nom de \u00abfracking\u00bb desarrolldos a les comarques del nord de Castell\u00f3 (Baix Maestrat, Els Ports, Alt Maestrat), amb gran perjudici per al subs\u00f2l i rius subterranis amb contaminaci\u00f3 de les aig\u00fces i possibles moviments s\u00edsmics.<\/p>\n<p><a href=\"http:\/\/www.internatura.org\/blog\/wp-content\/uploads\/2013\/10\/Transgenic-a-21-04-2013-DSC.jpg\" rel=\"lightbox\" data-rel=\"lightbox-image-3\" data-rl_title=\"\" data-rl_caption=\"\" title=\"\"><br \/>\n<\/a><a href=\"http:\/\/www.internatura.org\/blog\/wp-content\/uploads\/2013\/10\/Transgenic-21-04-2013-DSCN0.jpg\" rel=\"lightbox\" data-rel=\"lightbox-image-4\" data-rl_title=\"\" data-rl_caption=\"\"><img decoding=\"async\" loading=\"lazy\" class=\"size-medium wp-image-2290 alignleft\" title=\"\" alt=\"\" src=\"http:\/\/www.internatura.org\/blog\/wp-content\/uploads\/2013\/10\/Transgenic-21-04-2013-DSCN0-300x208.jpg\" width=\"300\" height=\"208\" srcset=\"https:\/\/internatura.org\/blog\/wp-content\/uploads\/2013\/10\/Transgenic-21-04-2013-DSCN0-300x208.jpg 300w, https:\/\/internatura.org\/blog\/wp-content\/uploads\/2013\/10\/Transgenic-21-04-2013-DSCN0.jpg 1000w\" sizes=\"(max-width: 300px) 100vw, 300px\" \/><\/a><\/p>\n<div><\/div>\n","protected":false},"excerpt":{"rendered":"<p>Al Termet de Vila-real es va produir una reuni\u00f3 per debatre sobre diversos aspectes de l&#8217;Agricultura ecol\u00f2gica, el seu comer\u00e7 i sortida al mercat. Alhora es van desenvolupar diversos comentaris sobre la instal\u00b7laci\u00f3 de diferents cultius de vegetals transg\u00e8nics, tant al municipi de Vinar\u00f2s com a Almenara. Van ser diversos \u2026 <a class=\"continue-reading-link\" href=\"https:\/\/internatura.org\/blog\/?p=2263\"> Continuar leyendo <span class=\"meta-nav\">&rarr; <\/span><\/a><\/p>\n","protected":false},"author":1,"featured_media":0,"comment_status":"closed","ping_status":"closed","sticky":false,"template":"","format":"standard","meta":[],"categories":[49],"tags":[51,50],"_links":{"self":[{"href":"https:\/\/internatura.org\/blog\/index.php?rest_route=\/wp\/v2\/posts\/2263"}],"collection":[{"href":"https:\/\/internatura.org\/blog\/index.php?rest_route=\/wp\/v2\/posts"}],"about":[{"href":"https:\/\/internatura.org\/blog\/index.php?rest_route=\/wp\/v2\/types\/post"}],"author":[{"embeddable":true,"href":"https:\/\/internatura.org\/blog\/index.php?rest_route=\/wp\/v2\/users\/1"}],"replies":[{"embeddable":true,"href":"https:\/\/internatura.org\/blog\/index.php?rest_route=%2Fwp%2Fv2%2Fcomments&post=2263"}],"version-history":[{"count":7,"href":"https:\/\/internatura.org\/blog\/index.php?rest_route=\/wp\/v2\/posts\/2263\/revisions"}],"predecessor-version":[{"id":2347,"href":"https:\/\/internatura.org\/blog\/index.php?rest_route=\/wp\/v2\/posts\/2263\/revisions\/2347"}],"wp:attachment":[{"href":"https:\/\/internatura.org\/blog\/index.php?rest_route=%2Fwp%2Fv2%2Fmedia&parent=2263"}],"wp:term":[{"taxonomy":"category","embeddable":true,"href":"https:\/\/internatura.org\/blog\/index.php?rest_route=%2Fwp%2Fv2%2Fcategories&post=2263"},{"taxonomy":"post_tag","embeddable":true,"href":"https:\/\/internatura.org\/blog\/index.php?rest_route=%2Fwp%2Fv2%2Ftags&post=2263"}],"curies":[{"name":"wp","href":"https:\/\/api.w.org\/{rel}","templated":true}]}}