{"id":230,"date":"2012-02-04T19:52:25","date_gmt":"2012-02-04T18:52:25","guid":{"rendered":"http:\/\/www.internatura.org\/blog\/?p=230"},"modified":"2014-11-11T08:18:59","modified_gmt":"2014-11-11T08:18:59","slug":"cens-daus-marines-ram-04022012","status":"publish","type":"post","link":"https:\/\/internatura.org\/blog\/?p=230","title":{"rendered":"Cens d&#8217;Aus Marines (RAM)-04\/02\/2012"},"content":{"rendered":"<p style=\"text-align: justify;\"><strong>4\/02\/2012<\/strong><\/p>\n<p style=\"text-align: justify;\">Com tots els primers dissabtes de mes, el membres del GER-EA col \u00b7 laborem en el <a href=\"http:\/\/www.telefonica.net\/web2\/redavesmarinas\/index_archivos\/Page1838.htm\">projecte RAM<\/a>,\u00a0que consisteix en el conteig d&#8217;ocells i mamifers marins des de llocs fixos. A la prov\u00edncia de Castell\u00f3 el punt d&#8217;observaci\u00f3 es localitza al port de Borriana i els observadors habituals s\u00f3n, Josep Carda, Joan Lluis Bort i Josep Bort. Al mateix temps que nosaltres estem comptant aus i mam\u00edfers marins, tamb\u00e9 ho estan fent a la resta de la costa de la Pen\u00ednsula ib\u00e8rica.<\/p>\n<p style=\"text-align: justify;\"><a href=\"http:\/\/www.internatura.org\/blog\/wp-content\/uploads\/2012\/02\/RAM-b-6-08-2011-DSCF3539.jpg\" rel=\"lightbox\" data-rel=\"lightbox-image-0\" data-rl_title=\"\" data-rl_caption=\"\"><img decoding=\"async\" loading=\"lazy\" class=\"alignnone size-medium wp-image-254\" title=\"\" src=\"http:\/\/www.internatura.org\/blog\/wp-content\/uploads\/2012\/02\/RAM-b-6-08-2011-DSCF3539-300x204.jpg\" alt=\"\" width=\"300\" height=\"204\" srcset=\"https:\/\/internatura.org\/blog\/wp-content\/uploads\/2012\/02\/RAM-b-6-08-2011-DSCF3539-300x204.jpg 300w, https:\/\/internatura.org\/blog\/wp-content\/uploads\/2012\/02\/RAM-b-6-08-2011-DSCF3539.jpg 1000w\" sizes=\"(max-width: 300px) 100vw, 300px\" \/><\/a>\u00a0 <a href=\"http:\/\/www.internatura.org\/blog\/wp-content\/uploads\/2012\/02\/Pardeles-14-01-2012-b-IMG_9.jpg\" rel=\"lightbox\" data-rel=\"lightbox-image-1\" data-rl_title=\"\" data-rl_caption=\"\"><img decoding=\"async\" loading=\"lazy\" class=\"alignnone size-medium wp-image-256\" title=\"\" src=\"http:\/\/www.internatura.org\/blog\/wp-content\/uploads\/2012\/02\/Pardeles-14-01-2012-b-IMG_9-300x87.jpg\" alt=\"\" width=\"300\" height=\"87\" srcset=\"https:\/\/internatura.org\/blog\/wp-content\/uploads\/2012\/02\/Pardeles-14-01-2012-b-IMG_9-300x87.jpg 300w, https:\/\/internatura.org\/blog\/wp-content\/uploads\/2012\/02\/Pardeles-14-01-2012-b-IMG_9.jpg 1000w\" sizes=\"(max-width: 300px) 100vw, 300px\" \/><\/a><\/p>\n<h6 style=\"text-align: justify;\"><em>Josep Carda, Belen Fortea, Mireia Martinez <em>RAM 6\/08\/2012. \u00a0 \u00a0 \u00a0 \u00a0 \u00a0 \u00a0 \u00a0 \u00a0 \u00a0\u00a0 Baldriga balear migran al nort. 14\/01\/2010<\/em><br \/>\n<\/em><\/h6>\n<p style=\"text-align: justify;\">La <a href=\"http:\/\/www.telefonica.net\/web2\/redavesmarinas\/index_archivos\/Page546.htm\">metodologia<\/a> a grans trets consisteix en un recompte que es fa durant 3 hores, canviant l&#8217;horari segons si \u00e9s en els mesos d&#8217;hivern o estiu i segons en quina zona de la pen\u00ednsula et situes (mediterrani \/ atl\u00e0ntic).<br \/>\nEn el nostre cas es de 8:30 a 11:30, agrupant-los en per\u00edodes de mitja hora.<\/p>\n<p style=\"text-align: justify;\">Els resultats d&#8217;aquest dia s\u00f3n:<\/p>\n<table border=\"0\" cellspacing=\"0\" cellpadding=\"0\" align=\"center\">\n<tbody>\n<tr>\n<td width=\"165\" height=\"17\">Puffinus mauretanicus<\/td>\n<td width=\"80\">2<\/td>\n<\/tr>\n<tr>\n<td height=\"17\">Morus bassanus<\/td>\n<td>18<\/td>\n<\/tr>\n<tr>\n<td height=\"17\">Phalacrocorax carbo<\/td>\n<td>61<\/td>\n<\/tr>\n<tr>\n<td height=\"17\">Larus melanocephalus<\/td>\n<td>141<\/td>\n<\/tr>\n<tr>\n<td height=\"17\">Larus ridibundus<\/td>\n<td>28<\/td>\n<\/tr>\n<tr>\n<td height=\"17\">Larus audouinii<\/td>\n<td>6<\/td>\n<\/tr>\n<tr>\n<td height=\"17\">Sterna sandvicensis<\/td>\n<td>5<\/td>\n<\/tr>\n<tr>\n<td height=\"17\">Larus michahellis<\/td>\n<td>105<\/td>\n<\/tr>\n<tr>\n<td height=\"17\">Larus fuscus<\/td>\n<td>10<\/td>\n<\/tr>\n<tr>\n<td height=\"17\">Vanellus vanellus<\/td>\n<td>2<\/td>\n<\/tr>\n<\/tbody>\n<\/table>\n<p style=\"text-align: justify;\">Durant aquest dissabte i en aquest punt, pr\u00e0cticament no s&#8217;han vist aus marines, especialment la baldriga balear, dades que contrasten amb els observats pels nostres companys Quique Luque del grup <a href=\"http:\/\/www.internatura.org\/grupos\/apnal.html\">APNAL-EA<\/a> de Vinar\u00f2s. En el nostre cas tot el mat\u00ed amb molt fred i vent del NW, a causa de l&#8217;onada de fred siberi\u00e0 que aquesta creuant tota Europa. Ens preguntem si aquest ha estat un condicionant important en l&#8217;escassetat d&#8217;aus, en aquesta zona.<\/p>\n<p>Seguidament tamb\u00e9 col \u00b7 loquem les dades dels nostres companys que s\u00f3n realment importants:<\/p>\n<h5 style=\"text-align: justify;\"><em>Localidad: Puerto de Pe\u00f1\u00edscola, espig\u00f3n de levante. UTM: 31T 0279467 &#8211; 4470426<strong><\/strong><\/em><\/h5>\n<h5 style=\"text-align: justify;\"><em>Observador: Enrique Luque L\u00f3pez<\/em><br \/>\n<em> Optica: Prismaticos Leica 8 x 42 y telescopio Opticron 15&#215;45<\/em><br \/>\n<em> Fecha: 04.02.2012<\/em><br \/>\n<em> Condiciones meteorol\u00f3gicas: d\u00eda soleado; mar regular, viento N moderado-fuerte (rachas de 50 km\/h o m\u00e1s) y buena visibilidad.<\/em><\/h5>\n<h5 style=\"text-align: justify;\"><em>Temperatura inicio censo: 2\u00baC ; T\u00aa fin censo: 7\u00baC<\/em><br \/>\n<em> Avistamientos:<\/em><\/h5>\n<h5 style=\"text-align: justify;\"><em>&#8211; <span style=\"text-decoration: underline;\">Pardela balear<\/span> (Puffinus mauretanicus): 94 en total; 85 direcci\u00f3n S; 9 direcci\u00f3n N.<\/em><br \/>\n<em> (el paso era bastante lejano a la costa, con la mar un poco m\u00e1s embravecida y jugando a buena velocidad entre las olas).<\/em><\/h5>\n<h5 style=\"text-align: justify;\"><em>&#8211; <span style=\"text-decoration: underline;\">Alcatraz atl\u00e1ntico<\/span> (Morus bassanus): 3 en total: 1 direcci\u00f3n N (subadulto); 2 direcci\u00f3n S (adultos) y divisados de 8,30 h. a 9,30 h.<\/em><\/h5>\n<h5 style=\"text-align: justify;\"><em>&#8211; <span style=\"text-decoration: underline;\">Cormor\u00e1n grande<\/span> (Phalacrocorax carbo): 71 en total: 22 locales; 3 volando al N, 1 al E, 12 al oeste y 33 en vuelo al S.<\/em><\/h5>\n<h5 style=\"text-align: justify;\"><em>&#8211; <span style=\"text-decoration: underline;\">Gaviota cabecinegra<\/span> (Larus melanocephalus): 202 en total; 11 locales (en un dormidero\/refugio en Raco Calent); 9 volando al N; 9 al S; 42 al E y 131 en vuelo al oeste.<\/em><\/h5>\n<h5 style=\"text-align: justify;\"><em>&#8211;<span style=\"text-decoration: underline;\"> Gaviota reidora<\/span> (Larus ridibundus): 239 en total. 199 locales (en un dormidero\/refugio en Raco Calent y en la playa S) y 40 en vuelo hacia distintas direcciones.<\/em><\/h5>\n<h5 style=\"text-align: justify;\"><em>&#8211; <span style=\"text-decoration: underline;\">Gaviota de audouin<\/span> (Larus audouinii): 5 en total. 2 volando al N y 3 al O.<\/em><\/h5>\n<h5 style=\"text-align: justify;\"><em>&#8211; <span style=\"text-decoration: underline;\">Gaviota patiamarilla<\/span> (Larus michahellis): 157 en total. 21 locales (en la playa S); \u00a0136 contadas en vuelo hacia diferentes direcciones.<\/em><\/h5>\n<h5 style=\"text-align: justify;\"><em>&#8211; <span style=\"text-decoration: underline;\">Gaviota sombr\u00eda<\/span> (Larus fuscus): 93 en total. 65 locales (en un dormidero\/refugio en Raco Calent) y 28 contadas en vuelo en distintas direcciones.<\/em><\/h5>\n<h5 style=\"text-align: justify;\"><em>&#8211; <span style=\"text-decoration: underline;\">Charr\u00e1n patinegro<\/span> (Sterna sandvicensis): 50 en total. 7 locales (en la playa S a primera hora); 7 volando al N; 2 al E; 6 volando al S y 28 en vuelo hacia el O.<\/em><\/h5>\n<h5 style=\"text-align: justify;\"><em>&#8211; <span style=\"text-decoration: underline;\">Somormujo lavanco<\/span> (Podiceps cristatus): 1 volando al S.<\/em><\/h5>\n<h5 style=\"text-align: justify;\"><em>&#8211; <span style=\"text-decoration: underline;\">Flamenco com\u00fan<\/span> (Phoenicopterus roseus): 24 en vuelo hacia el N; divisados a las 11,40 h.<\/em><\/h5>\n<h5 style=\"text-align: justify;\"><em>Otros:<\/em><br \/>\n<em> &#8211;<span style=\"text-decoration: underline;\"> Garceta com\u00fan<\/span> (Egretta garzetta): 1 pescando el la playa S.<\/em><\/h5>\n<h5 style=\"text-align: justify;\"><em>&#8211; <span style=\"text-decoration: underline;\">Gorri\u00f3n com\u00fan<\/span> (Passer domesticus):<strong> <\/strong>2 observados en el puerto, zona S.<\/em><\/h5>\n<h5 style=\"text-align: justify;\"><em>&#8211; <span style=\"text-decoration: underline;\">Avefr\u00eda europea<\/span> (Vanellus vanellus): 250 volando en distintos grupos al S. Todos los grupos vuelan por el mar a media altura, destacando un grupo numeroso de 129 ejemplares a primera hora (9,07 h.), que luego se dispersa en distintos grupillos a la altura de la Sierra de Irta (zona puerto azul).<\/em><\/h5>\n<h5 style=\"text-align: justify;\"><em>Observaciones: Desde luego el d\u00eda fue terrible por temperatura y viento (menos mal que el sol estaba all\u00ed para cargar un poco las pilas). Con el telescopio enfocado al horizonte (donde se apreciaba mar fuerte\/muy fuerte) el paso de aves marinas era importante, aunque en la gran mayor\u00eda de las especies (sobre todo gaviotas y patos) fue imposible la identificaci\u00f3n.<\/em><\/h5>\n<p><a href=\"http:\/\/www.internatura.org\/blog\/wp-content\/uploads\/2012\/02\/RAM-4-2-2012-IMG_3508.jpg\" rel=\"lightbox\" data-rel=\"lightbox-image-2\" data-rl_title=\"\" data-rl_caption=\"\"><img decoding=\"async\" loading=\"lazy\" class=\"alignnone  wp-image-266\" title=\"\" src=\"http:\/\/www.internatura.org\/blog\/wp-content\/uploads\/2012\/02\/RAM-4-2-2012-IMG_3508-300x199.jpg\" alt=\"\" width=\"117\" height=\"77\" srcset=\"https:\/\/internatura.org\/blog\/wp-content\/uploads\/2012\/02\/RAM-4-2-2012-IMG_3508-300x199.jpg 300w, https:\/\/internatura.org\/blog\/wp-content\/uploads\/2012\/02\/RAM-4-2-2012-IMG_3508.jpg 800w\" sizes=\"(max-width: 117px) 100vw, 117px\" \/><\/a>\u00a0 <a href=\"http:\/\/www.internatura.org\/blog\/wp-content\/uploads\/2012\/02\/RAM-b-4-2-2012-IMG_3508.jpg\" rel=\"lightbox\" data-rel=\"lightbox-image-3\" data-rl_title=\"\" data-rl_caption=\"\"><img decoding=\"async\" loading=\"lazy\" class=\"alignnone  wp-image-267\" title=\"\" src=\"http:\/\/www.internatura.org\/blog\/wp-content\/uploads\/2012\/02\/RAM-b-4-2-2012-IMG_3508-300x199.jpg\" alt=\"\" width=\"153\" height=\"101\" srcset=\"https:\/\/internatura.org\/blog\/wp-content\/uploads\/2012\/02\/RAM-b-4-2-2012-IMG_3508-300x199.jpg 300w, https:\/\/internatura.org\/blog\/wp-content\/uploads\/2012\/02\/RAM-b-4-2-2012-IMG_3508.jpg 800w\" sizes=\"(max-width: 153px) 100vw, 153px\" \/><\/a> <a href=\"http:\/\/www.internatura.org\/blog\/wp-content\/uploads\/2012\/02\/RAM-a-4-2-2012-IMG_3508.jpg\" rel=\"lightbox\" data-rel=\"lightbox-image-4\" data-rl_title=\"\" data-rl_caption=\"\"><img decoding=\"async\" loading=\"lazy\" class=\"alignnone size-medium wp-image-268\" title=\"\" src=\"http:\/\/www.internatura.org\/blog\/wp-content\/uploads\/2012\/02\/RAM-a-4-2-2012-IMG_3508-300x198.jpg\" alt=\"\" width=\"300\" height=\"198\" srcset=\"https:\/\/internatura.org\/blog\/wp-content\/uploads\/2012\/02\/RAM-a-4-2-2012-IMG_3508-300x198.jpg 300w, https:\/\/internatura.org\/blog\/wp-content\/uploads\/2012\/02\/RAM-a-4-2-2012-IMG_3508.jpg 800w\" sizes=\"(max-width: 300px) 100vw, 300px\" \/><\/a><\/p>\n<h4 style=\"text-align: center;\"><em>Censo RAM en Platja de Borriana 4\/02\/2012. Josep y J.Lluis Bort (GER-EA)<\/em><\/h4>\n<p>&nbsp;<\/p>\n<p>&nbsp;<\/p>\n<p style=\"text-align: justify;\">\n","protected":false},"excerpt":{"rendered":"<p>4\/02\/2012 Com tots els primers dissabtes de mes, el membres del GER-EA col \u00b7 laborem en el projecte RAM,\u00a0que consisteix en el conteig d&#8217;ocells i mamifers marins des de llocs fixos. A la prov\u00edncia de Castell\u00f3 el punt d&#8217;observaci\u00f3 es localitza al port de Borriana i els observadors habituals s\u00f3n, \u2026 <a class=\"continue-reading-link\" href=\"https:\/\/internatura.org\/blog\/?p=230\"> Continuar leyendo <span class=\"meta-nav\">&rarr; <\/span><\/a><\/p>\n","protected":false},"author":1,"featured_media":0,"comment_status":"closed","ping_status":"open","sticky":false,"template":"","format":"standard","meta":[],"categories":[5],"tags":[6,87],"_links":{"self":[{"href":"https:\/\/internatura.org\/blog\/index.php?rest_route=\/wp\/v2\/posts\/230"}],"collection":[{"href":"https:\/\/internatura.org\/blog\/index.php?rest_route=\/wp\/v2\/posts"}],"about":[{"href":"https:\/\/internatura.org\/blog\/index.php?rest_route=\/wp\/v2\/types\/post"}],"author":[{"embeddable":true,"href":"https:\/\/internatura.org\/blog\/index.php?rest_route=\/wp\/v2\/users\/1"}],"replies":[{"embeddable":true,"href":"https:\/\/internatura.org\/blog\/index.php?rest_route=%2Fwp%2Fv2%2Fcomments&post=230"}],"version-history":[{"count":20,"href":"https:\/\/internatura.org\/blog\/index.php?rest_route=\/wp\/v2\/posts\/230\/revisions"}],"predecessor-version":[{"id":3398,"href":"https:\/\/internatura.org\/blog\/index.php?rest_route=\/wp\/v2\/posts\/230\/revisions\/3398"}],"wp:attachment":[{"href":"https:\/\/internatura.org\/blog\/index.php?rest_route=%2Fwp%2Fv2%2Fmedia&parent=230"}],"wp:term":[{"taxonomy":"category","embeddable":true,"href":"https:\/\/internatura.org\/blog\/index.php?rest_route=%2Fwp%2Fv2%2Fcategories&post=230"},{"taxonomy":"post_tag","embeddable":true,"href":"https:\/\/internatura.org\/blog\/index.php?rest_route=%2Fwp%2Fv2%2Ftags&post=230"}],"curies":[{"name":"wp","href":"https:\/\/api.w.org\/{rel}","templated":true}]}}