{"id":251,"date":"2012-02-09T23:17:59","date_gmt":"2012-02-09T22:17:59","guid":{"rendered":"http:\/\/www.internatura.org\/blog\/?p=251"},"modified":"2014-11-11T08:18:59","modified_gmt":"2014-11-11T08:18:59","slug":"cens-daus-marines-al-port-de-borriana-9022012","status":"publish","type":"post","link":"https:\/\/internatura.org\/blog\/?p=251","title":{"rendered":"Cens d&#8217;aus marines al Port de Borriana 9\/02\/2012"},"content":{"rendered":"<p><a href=\"http:\/\/www.internatura.org\/blog\/wp-content\/uploads\/2012\/02\/Cormoran-26-01-2012-IMG_116.jpg\" rel=\"lightbox\" data-rel=\"lightbox-image-0\" data-rl_title=\"\" data-rl_caption=\"\"><img decoding=\"async\" loading=\"lazy\" title=\"\" src=\"http:\/\/www.internatura.org\/blog\/wp-content\/uploads\/2012\/02\/Cormoran-26-01-2012-IMG_116-284x300.jpg\" alt=\"\" width=\"116\" height=\"122\" \/><\/a>\u00a0\u00a0\u00a0<a href=\"http:\/\/www.internatura.org\/blog\/wp-content\/uploads\/2012\/02\/Cormoran-9-02-2012BorrianaI1.jpg\" rel=\"lightbox\" data-rel=\"lightbox-image-1\" data-rl_title=\"\" data-rl_caption=\"\"><img decoding=\"async\" loading=\"lazy\" title=\"\" src=\"http:\/\/www.internatura.org\/blog\/wp-content\/uploads\/2012\/02\/Cormoran-9-02-2012BorrianaI1-300x65.jpg\" alt=\"\" width=\"278\" height=\"60\" \/><\/a>\u00a0\u00a0 <a href=\"http:\/\/www.internatura.org\/blog\/wp-content\/uploads\/2012\/02\/Cormoran-1-2-2012-IMG_2719.jpg\" rel=\"lightbox\" data-rel=\"lightbox-image-2\" data-rl_title=\"\" data-rl_caption=\"\"><img decoding=\"async\" loading=\"lazy\" title=\"\" src=\"http:\/\/www.internatura.org\/blog\/wp-content\/uploads\/2012\/02\/Cormoran-1-2-2012-IMG_2719-300x137.jpg\" alt=\"\" width=\"192\" height=\"88\" \/><\/a><\/p>\n<h5 style=\"text-align: center;\"><em>Corbs marins 9\/02\/2012. Port de Borriana<\/em><\/h5>\n<p>Un dia m\u00e9s censant al port de Borriana. En horari de 15 a 17 h., Quan entren les barques de pesca.\u00a0Seguim tenint la sensaci\u00f3 que hi ha poques gavines, tot i que cal esperar el pas migratori d&#8217;aquestes. Tot i aix\u00ed val la pena hacercarse a aquest petit port ja que en qualsevol moment pot apar\u00e8ixer la sorpresa.<\/p>\n<p>Les dades obtingudes:<\/p>\n<table style=\"width: 299px;\" border=\"0\" cellspacing=\"0\" cellpadding=\"0\">\n<colgroup>\n<col width=\"219\" \/>\n<col width=\"80\" \/> <\/colgroup>\n<tbody>\n<tr>\n<td width=\"219\" height=\"17\"><em>Larus delawarensis<\/em><\/td>\n<td width=\"80\">1<\/td>\n<\/tr>\n<tr>\n<td height=\"17\"><em>Larus melanocephalus<\/em><\/td>\n<td>560<\/td>\n<\/tr>\n<tr>\n<td height=\"17\"><em>Larus michahellis<\/em><\/td>\n<td>26<\/td>\n<\/tr>\n<tr>\n<td height=\"17\"><em>Larus fuscus<\/em><\/td>\n<td>15<\/td>\n<\/tr>\n<tr>\n<td height=\"17\"><em>Larus ridibundus<\/em><\/td>\n<td>52<\/td>\n<\/tr>\n<tr>\n<td height=\"17\"><em>Phalacrocorax carbo<\/em><\/td>\n<td>48<\/td>\n<\/tr>\n<\/tbody>\n<\/table>\n<p style=\"text-align: center;\"><a href=\"http:\/\/www.internatura.org\/blog\/wp-content\/uploads\/2012\/02\/Pati-23-01-2012IMG_1358.jpg\" rel=\"lightbox\" data-rel=\"lightbox-image-3\" data-rl_title=\"\" data-rl_caption=\"\"><img decoding=\"async\" loading=\"lazy\" class=\"aligncenter\" title=\"\" src=\"http:\/\/www.internatura.org\/blog\/wp-content\/uploads\/2012\/02\/Pati-23-01-2012IMG_1358-300x196.jpg\" alt=\"\" width=\"300\" height=\"196\" \/><\/a><\/p>\n<h5 style=\"text-align: center;\"><em>\u00a0\u00a0\u00a0\u00a0\u00a0\u00a0\u00a0\u00a0\u00a0\u00a0\u00a0\u00a0 Gavinot argentat mediterrani<\/em><\/h5>\n<p>S&#8217;observa un lleuger augment en les gavines capnegres, aix\u00ed com es mant\u00e9 la xifra de corbs marins gran durant aquest hivern. L&#8217;alegria de nou a vingut per l&#8217;observaci\u00f3 de la gavina delaware.<\/p>\n<p><a href=\"http:\/\/www.internatura.org\/blog\/wp-content\/uploads\/2012\/02\/Sombria-9-02-2012IMG_43581.jpg\" rel=\"lightbox\" data-rel=\"lightbox-image-4\" data-rl_title=\"\" data-rl_caption=\"\"><img decoding=\"async\" loading=\"lazy\" class=\"alignnone  wp-image-299\" title=\"\" src=\"http:\/\/www.internatura.org\/blog\/wp-content\/uploads\/2012\/02\/Sombria-9-02-2012IMG_43581-300x176.jpg\" alt=\"\" width=\"289\" height=\"168\" \/><\/a> <a href=\"http:\/\/www.internatura.org\/blog\/wp-content\/uploads\/2012\/02\/Pat-9-02-2012IMG_44761.jpg\" rel=\"lightbox\" data-rel=\"lightbox-image-5\" data-rl_title=\"\" data-rl_caption=\"\"><img decoding=\"async\" loading=\"lazy\" class=\"alignnone  wp-image-300\" title=\"\" src=\"http:\/\/www.internatura.org\/blog\/wp-content\/uploads\/2012\/02\/Pat-9-02-2012IMG_44761-300x195.jpg\" alt=\"\" width=\"309\" height=\"199\" \/><\/a><\/p>\n<h5 style=\"text-align: center;\">\u00a0\u00a0\u00a0\u00a0\u00a0\u00a0\u00a0\u00a0\u00a0\u00a0\u00a0\u00a0\u00a0\u00a0\u00a0\u00a0\u00a0\u00a0\u00a0\u00a0\u00a0\u00a0\u00a0\u00a0\u00a0<em>\u00a0\u00a0\u00a0\u00a0\u00a0\u00a0\u00a0 Gavinot fosc\u00a0\u00a0\u00a0\u00a0\u00a0\u00a0\u00a0\u00a0\u00a0\u00a0\u00a0\u00a0\u00a0\u00a0\u00a0\u00a0\u00a0\u00a0\u00a0\u00a0\u00a0\u00a0\u00a0\u00a0\u00a0\u00a0\u00a0\u00a0\u00a0\u00a0\u00a0\u00a0\u00a0\u00a0 Gavinot argentat mediterrani<\/em><\/h5>\n<p><a href=\"http:\/\/www.internatura.org\/blog\/wp-content\/uploads\/2012\/02\/Delaware-9-02-2012-IMG_44731.jpg\" rel=\"lightbox\" data-rel=\"lightbox-image-6\" data-rl_title=\"\" data-rl_caption=\"\"><img decoding=\"async\" loading=\"lazy\" title=\"\" src=\"http:\/\/www.internatura.org\/blog\/wp-content\/uploads\/2012\/02\/Delaware-9-02-2012-IMG_44731-300x257.jpg\" alt=\"\" width=\"235\" height=\"201\" \/><\/a>\u00a0\u00a0\u00a0 \u00a0 \u00a0 \u00a0 \u00a0 \u00a0 \u00a0 \u00a0 \u00a0 \u00a0 \u00a0\u00a0 \u00a0 \u00a0 \u00a0 \u00a0 <a href=\"http:\/\/www.internatura.org\/blog\/wp-content\/uploads\/2012\/02\/Audouin-9-02-2012IMG_4520.jpg\" rel=\"lightbox\" data-rel=\"lightbox-image-7\" data-rl_title=\"\" data-rl_caption=\"\"><img decoding=\"async\" loading=\"lazy\" title=\"\" src=\"http:\/\/www.internatura.org\/blog\/wp-content\/uploads\/2012\/02\/Audouin-9-02-2012IMG_4520-300x223.jpg\" alt=\"\" width=\"230\" height=\"170\" \/><\/a><\/p>\n<h5 style=\"text-align: center;\">\u00a0\u00a0<em>\u00a0\u00a0\u00a0\u00a0\u00a0\u00a0\u00a0\u00a0\u00a0 Gavina de Delaware\u00a0\u00a0\u00a0\u00a0 \u00a0 \u00a0 \u00a0 \u00a0 \u00a0 \u00a0 \u00a0 \u00a0 \u00a0 \u00a0 \u00a0 \u00a0 \u00a0 \u00a0 \u00a0 \u00a0 \u00a0 \u00a0\u00a0 \u00a0 \u00a0 \u00a0 \u00a0 \u00a0 \u00a0 \u00a0 \u00a0 \u00a0 \u00a0 \u00a0 \u00a0 \u00a0 \u00a0 \u00a0 \u00a0 \u00a0 \u00a0 \u00a0 \u00a0 \u00a0 \u00a0 \u00a0 \u00a0 \u00a0 \u00a0 \u00a0 \u00a0 Gavina corsa<\/em><\/h5>\n<p><a href=\"http:\/\/www.internatura.org\/blog\/wp-content\/uploads\/2012\/02\/Cabecinegra-9-02-2012IMG_43.jpg\" rel=\"lightbox\" data-rel=\"lightbox-image-8\" data-rl_title=\"\" data-rl_caption=\"\"><img decoding=\"async\" loading=\"lazy\" title=\"\" src=\"http:\/\/www.internatura.org\/blog\/wp-content\/uploads\/2012\/02\/Cabecinegra-9-02-2012IMG_43-300x198.jpg\" alt=\"\" width=\"207\" height=\"132\" \/><\/a> \u00a0 \u00a0 \u00a0 \u00a0\u00a0 \u00a0 \u00a0\u00a0 <a href=\"http:\/\/www.internatura.org\/blog\/wp-content\/uploads\/2012\/02\/Reidora-19-01-2012-IMG_0493.jpg\" rel=\"lightbox\" data-rel=\"lightbox-image-9\" data-rl_title=\"\" data-rl_caption=\"\"><img decoding=\"async\" loading=\"lazy\" title=\"\" src=\"http:\/\/www.internatura.org\/blog\/wp-content\/uploads\/2012\/02\/Reidora-19-01-2012-IMG_0493-300x278.jpg\" alt=\"\" width=\"130\" height=\"121\" \/><\/a>\u00a0\u00a0\u00a0\u00a0\u00a0\u00a0\u00a0\u00a0\u00a0\u00a0\u00a0\u00a0\u00a0\u00a0 <a href=\"http:\/\/www.internatura.org\/blog\/wp-content\/uploads\/2012\/02\/Charran-9-02-2012IMG_45261.jpg\" rel=\"lightbox\" data-rel=\"lightbox-image-10\" data-rl_title=\"\" data-rl_caption=\"\"><img decoding=\"async\" loading=\"lazy\" title=\"\" src=\"http:\/\/www.internatura.org\/blog\/wp-content\/uploads\/2012\/02\/Charran-9-02-2012IMG_45261-300x260.jpg\" alt=\"\" width=\"126\" height=\"108\" \/><\/a><\/p>\n<h5 style=\"text-align: center;\"><em>\u00a0\u00a0\u00a0\u00a0\u00a0\u00a0\u00a0\u00a0\u00a0\u00a0\u00a0\u00a0\u00a0 Gavina capnegra \u00a0 \u00a0 \u00a0 \u00a0 \u00a0 \u00a0 \u00a0 \u00a0 \u00a0 \u00a0 \u00a0 \u00a0 \u00a0 \u00a0 \u00a0 \u00a0 \u00a0 \u00a0\u00a0 Gavina vulgar \u00a0\u00a0\u00a0\u00a0\u00a0\u00a0\u00a0\u00a0\u00a0\u00a0\u00a0\u00a0\u00a0\u00a0\u00a0\u00a0\u00a0\u00a0\u00a0\u00a0\u00a0\u00a0\u00a0\u00a0\u00a0\u00a0\u00a0\u00a0 Xatrac bec-llarg<\/em><\/h5>\n<h4 style=\"text-align: center;\"><em>\u00a0Esp\u00e8cies de gavines observades el 09\/02\/2012. Fotos Josep Bort<\/em><\/h4>\n<p>&nbsp;<\/p>\n","protected":false},"excerpt":{"rendered":"<p>\u00a0\u00a0\u00a0\u00a0\u00a0 Corbs marins 9\/02\/2012. Port de Borriana Un dia m\u00e9s censant al port de Borriana. En horari de 15 a 17 h., Quan entren les barques de pesca.\u00a0Seguim tenint la sensaci\u00f3 que hi ha poques gavines, tot i que cal esperar el pas migratori d&#8217;aquestes. Tot i aix\u00ed val la \u2026 <a class=\"continue-reading-link\" href=\"https:\/\/internatura.org\/blog\/?p=251\"> Continuar leyendo <span class=\"meta-nav\">&rarr; <\/span><\/a><\/p>\n","protected":false},"author":1,"featured_media":0,"comment_status":"closed","ping_status":"open","sticky":false,"template":"","format":"standard","meta":[],"categories":[7],"tags":[6],"_links":{"self":[{"href":"https:\/\/internatura.org\/blog\/index.php?rest_route=\/wp\/v2\/posts\/251"}],"collection":[{"href":"https:\/\/internatura.org\/blog\/index.php?rest_route=\/wp\/v2\/posts"}],"about":[{"href":"https:\/\/internatura.org\/blog\/index.php?rest_route=\/wp\/v2\/types\/post"}],"author":[{"embeddable":true,"href":"https:\/\/internatura.org\/blog\/index.php?rest_route=\/wp\/v2\/users\/1"}],"replies":[{"embeddable":true,"href":"https:\/\/internatura.org\/blog\/index.php?rest_route=%2Fwp%2Fv2%2Fcomments&post=251"}],"version-history":[{"count":36,"href":"https:\/\/internatura.org\/blog\/index.php?rest_route=\/wp\/v2\/posts\/251\/revisions"}],"predecessor-version":[{"id":3397,"href":"https:\/\/internatura.org\/blog\/index.php?rest_route=\/wp\/v2\/posts\/251\/revisions\/3397"}],"wp:attachment":[{"href":"https:\/\/internatura.org\/blog\/index.php?rest_route=%2Fwp%2Fv2%2Fmedia&parent=251"}],"wp:term":[{"taxonomy":"category","embeddable":true,"href":"https:\/\/internatura.org\/blog\/index.php?rest_route=%2Fwp%2Fv2%2Fcategories&post=251"},{"taxonomy":"post_tag","embeddable":true,"href":"https:\/\/internatura.org\/blog\/index.php?rest_route=%2Fwp%2Fv2%2Ftags&post=251"}],"curies":[{"name":"wp","href":"https:\/\/api.w.org\/{rel}","templated":true}]}}