{"id":278,"date":"2012-01-24T01:02:59","date_gmt":"2012-01-24T00:02:59","guid":{"rendered":"http:\/\/www.internatura.org\/blog\/?p=278"},"modified":"2014-11-11T08:19:11","modified_gmt":"2014-11-11T08:19:11","slug":"cens-de-limicoles-a-les-goles-del-riu-millars-24012012","status":"publish","type":"post","link":"https:\/\/internatura.org\/blog\/?p=278","title":{"rendered":"Cens de limicoles a les Goles del riu Millars. 24\/01\/2012"},"content":{"rendered":"<p style=\"text-align: justify;\">Seguint amb el cens de lim\u00edcoles que aquesta col \u00b7 labora el GER-EA, censan des de la desembocadura del riu Millars fins ma marjal d&#8217;Almenara. En aquesta ocasi\u00f3 es realitza el cens amb membres de la Colla Ecologista de Castell\u00f3-EA.<br \/>\nS&#8217;inicia el trajecte a les 9:00 h. des de la depuradora d&#8217;Almassora fins a la mar, pel marge nord del riu. Tornant fins al cam\u00ed de la Cossa passant a la part sud del riu, realitzant el recorregut fins l&#8217;observatori d&#8217;aquest marge del riu.<\/p>\n<p style=\"text-align: justify;\">Les dades obtingudes s\u00f3n:<\/p>\n<table style=\"width: 299px;\" border=\"0\" cellspacing=\"0\" cellpadding=\"0\">\n<colgroup>\n<col width=\"219\" \/>\n<col width=\"80\" \/> <\/colgroup>\n<tbody>\n<tr>\n<td width=\"219\" height=\"17\"><em>Ptyonoprogne rupestris<\/em><\/td>\n<td width=\"80\">17<\/td>\n<\/tr>\n<tr>\n<td height=\"17\"><em>Turdus philomelos<\/em><\/td>\n<td>1<\/td>\n<\/tr>\n<tr>\n<td height=\"17\"><em>Tringa ochropus<\/em><\/td>\n<td>1<\/td>\n<\/tr>\n<tr>\n<td height=\"17\"><em>Upupa epops<\/em><\/td>\n<td>1<\/td>\n<\/tr>\n<tr>\n<td height=\"17\"><em>Burhinus oedicnemus<\/em><\/td>\n<td>9<\/td>\n<\/tr>\n<tr>\n<td height=\"17\"><em>Lanius meridionalis<\/em><\/td>\n<td>1<\/td>\n<\/tr>\n<tr>\n<td height=\"17\"><em>Anas platyrhynchos<\/em><\/td>\n<td>58<\/td>\n<\/tr>\n<tr>\n<td height=\"17\"><em>Vanellus vanellus<\/em><\/td>\n<td>1<\/td>\n<\/tr>\n<tr>\n<td height=\"17\"><em>Fulica atra<\/em><\/td>\n<td>17<\/td>\n<\/tr>\n<tr>\n<td height=\"17\"><em>Gallinago gallinago<\/em><\/td>\n<td>3<\/td>\n<\/tr>\n<tr>\n<td height=\"17\"><em>Ardea cinerea<\/em><\/td>\n<td>12<\/td>\n<\/tr>\n<tr>\n<td height=\"17\"><em>Phalacrocorax carbo<\/em><\/td>\n<td>25<\/td>\n<\/tr>\n<tr>\n<td height=\"17\"><em>Tachybaptus ruficollis<\/em><\/td>\n<td>2<\/td>\n<\/tr>\n<tr>\n<td height=\"17\"><em>Anas crecca<\/em><\/td>\n<td>150<\/td>\n<\/tr>\n<tr>\n<td height=\"17\"><em>Buteo buteo<\/em><\/td>\n<td>1<\/td>\n<\/tr>\n<tr>\n<td height=\"17\"><em>Circus aeruginosus<\/em><\/td>\n<td>1<\/td>\n<\/tr>\n<tr>\n<td height=\"17\"><em>Falco tinnunculus<\/em><\/td>\n<td>4<\/td>\n<\/tr>\n<tr>\n<td height=\"17\"><em>Anas clypeata<\/em><\/td>\n<td>24<\/td>\n<\/tr>\n<\/tbody>\n<\/table>\n<p style=\"text-align: justify;\">En tot el recorregut hem observat molt poques lim\u00edcoles, tot i que ha estat una sorpresa el veure torlits, usuals al voltant del riu per\u00f2 dif\u00edcils d&#8217;observar-los.<br \/>\nSembla que hi ha hagut un lleuger augment de les xarxets comuns a la zona, m\u00e0xim lloc d&#8217;hivernada d&#8217;aquesta petita an\u00e0tid.<\/p>\n<h4 style=\"text-align: center;\"><em><a href=\"http:\/\/www.internatura.org\/blog\/wp-content\/uploads\/2012\/02\/Alcaravan-24-01-2012-IMG_14.jpg\" rel=\"lightbox\" data-rel=\"lightbox-image-0\" data-rl_title=\"\" data-rl_caption=\"\"><img decoding=\"async\" loading=\"lazy\" class=\"alignnone  wp-image-348\" title=\"\" src=\"http:\/\/www.internatura.org\/blog\/wp-content\/uploads\/2012\/02\/Alcaravan-24-01-2012-IMG_14-300x240.jpg\" alt=\"\" width=\"122\" height=\"99\" srcset=\"https:\/\/internatura.org\/blog\/wp-content\/uploads\/2012\/02\/Alcaravan-24-01-2012-IMG_14-300x240.jpg 300w, https:\/\/internatura.org\/blog\/wp-content\/uploads\/2012\/02\/Alcaravan-24-01-2012-IMG_14.jpg 500w\" sizes=\"(max-width: 122px) 100vw, 122px\" \/><\/a>\u00a0\u00a0 <a href=\"http:\/\/www.internatura.org\/blog\/wp-content\/uploads\/2012\/02\/Alcaravan-b-24-01-2012-IMG_.jpg\" rel=\"lightbox\" data-rel=\"lightbox-image-1\" data-rl_title=\"\" data-rl_caption=\"\"><img decoding=\"async\" loading=\"lazy\" title=\"\" src=\"http:\/\/www.internatura.org\/blog\/wp-content\/uploads\/2012\/02\/Alcaravan-b-24-01-2012-IMG_-300x213.jpg\" alt=\"\" width=\"219\" height=\"155\" \/><\/a><\/em><\/h4>\n<h4 style=\"text-align: center;\"><em>Torlits a la zona final del riu Millars. 24\/01\/2012<\/em><\/h4>\n<p><a href=\"http:\/\/www.internatura.org\/blog\/wp-content\/uploads\/2012\/02\/Cercetes-comuns-24-01-2012-.jpg\" rel=\"lightbox\" data-rel=\"lightbox-image-2\" data-rl_title=\"\" data-rl_caption=\"\"><img decoding=\"async\" loading=\"lazy\" class=\"alignnone  wp-image-351\" title=\"\" src=\"http:\/\/www.internatura.org\/blog\/wp-content\/uploads\/2012\/02\/Cercetes-comuns-24-01-2012--300x143.jpg\" alt=\"\" width=\"156\" height=\"74\" srcset=\"https:\/\/internatura.org\/blog\/wp-content\/uploads\/2012\/02\/Cercetes-comuns-24-01-2012--300x143.jpg 300w, https:\/\/internatura.org\/blog\/wp-content\/uploads\/2012\/02\/Cercetes-comuns-24-01-2012-.jpg 1000w\" sizes=\"(max-width: 156px) 100vw, 156px\" \/><\/a>\u00a0 <a href=\"http:\/\/www.internatura.org\/blog\/wp-content\/uploads\/2012\/02\/Cercetes-comuns-b-24-01-201.jpg\" rel=\"lightbox\" data-rel=\"lightbox-image-3\" data-rl_title=\"\" data-rl_caption=\"\"><img decoding=\"async\" loading=\"lazy\" class=\"alignnone  wp-image-352\" title=\"\" src=\"http:\/\/www.internatura.org\/blog\/wp-content\/uploads\/2012\/02\/Cercetes-comuns-b-24-01-201-300x205.jpg\" alt=\"\" width=\"131\" height=\"89\" srcset=\"https:\/\/internatura.org\/blog\/wp-content\/uploads\/2012\/02\/Cercetes-comuns-b-24-01-201-300x205.jpg 300w, https:\/\/internatura.org\/blog\/wp-content\/uploads\/2012\/02\/Cercetes-comuns-b-24-01-201.jpg 1000w\" sizes=\"(max-width: 131px) 100vw, 131px\" \/><\/a> <a href=\"http:\/\/www.internatura.org\/blog\/wp-content\/uploads\/2012\/02\/P-Cuchara-24-01-2012-IMG_1.jpg\" rel=\"lightbox\" data-rel=\"lightbox-image-4\" data-rl_title=\"\" data-rl_caption=\"\"><img decoding=\"async\" loading=\"lazy\" class=\"alignnone  wp-image-381\" title=\"\" src=\"http:\/\/www.internatura.org\/blog\/wp-content\/uploads\/2012\/02\/P-Cuchara-24-01-2012-IMG_1-300x205.jpg\" alt=\"\" width=\"144\" height=\"98\" srcset=\"https:\/\/internatura.org\/blog\/wp-content\/uploads\/2012\/02\/P-Cuchara-24-01-2012-IMG_1-300x205.jpg 300w, https:\/\/internatura.org\/blog\/wp-content\/uploads\/2012\/02\/P-Cuchara-24-01-2012-IMG_1.jpg 550w\" sizes=\"(max-width: 144px) 100vw, 144px\" \/><\/a> <a href=\"http:\/\/www.internatura.org\/blog\/wp-content\/uploads\/2012\/02\/P-Cuchara-a-l-24-01-2012-I.jpg\" rel=\"lightbox\" data-rel=\"lightbox-image-5\" data-rl_title=\"\" data-rl_caption=\"\"><img decoding=\"async\" loading=\"lazy\" class=\"alignnone  wp-image-382\" title=\"\" src=\"http:\/\/www.internatura.org\/blog\/wp-content\/uploads\/2012\/02\/P-Cuchara-a-l-24-01-2012-I-270x300.jpg\" alt=\"\" width=\"103\" height=\"116\" \/><\/a><\/p>\n<h4 style=\"text-align: center;\"><em>Xarxet i Cullerot a la zona final del riu Millars. 24\/01\/2012<\/em><\/h4>\n<div style=\"text-align: left;\"><span style=\"font-size: small;\"><span style=\"line-height: 24px;\"><br \/>\n<\/span><\/span><\/div>\n","protected":false},"excerpt":{"rendered":"<p>Seguint amb el cens de lim\u00edcoles que aquesta col \u00b7 labora el GER-EA, censan des de la desembocadura del riu Millars fins ma marjal d&#8217;Almenara. En aquesta ocasi\u00f3 es realitza el cens amb membres de la Colla Ecologista de Castell\u00f3-EA. S&#8217;inicia el trajecte a les 9:00 h. des de la \u2026 <a class=\"continue-reading-link\" href=\"https:\/\/internatura.org\/blog\/?p=278\"> Continuar leyendo <span class=\"meta-nav\">&rarr; <\/span><\/a><\/p>\n","protected":false},"author":1,"featured_media":0,"comment_status":"closed","ping_status":"open","sticky":false,"template":"","format":"standard","meta":[],"categories":[7],"tags":[19],"_links":{"self":[{"href":"https:\/\/internatura.org\/blog\/index.php?rest_route=\/wp\/v2\/posts\/278"}],"collection":[{"href":"https:\/\/internatura.org\/blog\/index.php?rest_route=\/wp\/v2\/posts"}],"about":[{"href":"https:\/\/internatura.org\/blog\/index.php?rest_route=\/wp\/v2\/types\/post"}],"author":[{"embeddable":true,"href":"https:\/\/internatura.org\/blog\/index.php?rest_route=\/wp\/v2\/users\/1"}],"replies":[{"embeddable":true,"href":"https:\/\/internatura.org\/blog\/index.php?rest_route=%2Fwp%2Fv2%2Fcomments&post=278"}],"version-history":[{"count":17,"href":"https:\/\/internatura.org\/blog\/index.php?rest_route=\/wp\/v2\/posts\/278\/revisions"}],"predecessor-version":[{"id":3401,"href":"https:\/\/internatura.org\/blog\/index.php?rest_route=\/wp\/v2\/posts\/278\/revisions\/3401"}],"wp:attachment":[{"href":"https:\/\/internatura.org\/blog\/index.php?rest_route=%2Fwp%2Fv2%2Fmedia&parent=278"}],"wp:term":[{"taxonomy":"category","embeddable":true,"href":"https:\/\/internatura.org\/blog\/index.php?rest_route=%2Fwp%2Fv2%2Fcategories&post=278"},{"taxonomy":"post_tag","embeddable":true,"href":"https:\/\/internatura.org\/blog\/index.php?rest_route=%2Fwp%2Fv2%2Ftags&post=278"}],"curies":[{"name":"wp","href":"https:\/\/api.w.org\/{rel}","templated":true}]}}