{"id":3,"date":"2012-01-14T23:35:36","date_gmt":"2012-01-14T22:35:36","guid":{"rendered":"http:\/\/www.internatura.org\/blog\/?p=3"},"modified":"2014-11-11T08:19:11","modified_gmt":"2014-11-11T08:19:11","slug":"cerns-daus-marines-platja-dalmenara-14012012","status":"publish","type":"post","link":"https:\/\/internatura.org\/blog\/?p=3","title":{"rendered":"Cens d&#8217;aus marines platja d&#8217;Almenara. 14\/01\/2012"},"content":{"rendered":"<p>CENS D&#8217;AUS MARINES 2012. PLATJA D&#8217;ALMENARA (CASTELL\u00d3)<\/p>\n<p>Un any m\u00e9s membres del GER-EA col \u00b7 laboren amb el cens d&#8217;aus marines al Pa\u00eds Valenci\u00e0. A continuaci\u00f3 es llisten les esp\u00e8cies i nombre d&#8217;individus comptabilitzats.<\/p>\n<p>Dia: 2012.01.14. Horari. Inici: 8,30 h. Final: 11,30 h.<\/p>\n<p>Observadors: Juan Luis Bort i Josep Bort (GER-EA)<\/p>\n<p>Meterolog\u00eda: Inici: Mar en calma, vent nul, visibilitat bona, molt al fons lleugera boira.<br \/>\nCanvia a partir 10:15 h. : Mar en calma, brisa, visibilitat bona, boira lleugera.<br \/>\nHores: De 8:30 a 11:30.<\/p>\n<p>Recompte:<\/p>\n<p><strong>[table id=2 \/]<\/strong><\/p>\n<p>Recompte aus marines a la marjal de La Llosa: de 12:30 a 13:30h.<\/p>\n<p>G. vulgar: aproximadament 2.000 ex.<br \/>\nG. fosca: 113 ex.<\/p>\n<p>G. Argentat mediterrani: 37 ex.<\/p>\n<p>G. Corsa: 2 ex.<\/p>\n<p>Corba marina grossa: 700 ex. enmig de la marjal i hostaler.<\/p>\n<p><a href=\"http:\/\/www.internatura.org\/blog\/wp-content\/uploads\/2012\/02\/colimbo-14-01-2011-a.jpg\" rel=\"lightbox\" data-rel=\"lightbox-image-0\" data-rl_title=\"\" data-rl_caption=\"\"><img decoding=\"async\" loading=\"lazy\" title=\"\" alt=\"\" src=\"http:\/\/www.internatura.org\/blog\/wp-content\/uploads\/2012\/02\/colimbo-14-01-2011-a-300x178.jpg\" width=\"173\" height=\"102\" \/><\/a> <a href=\"http:\/\/www.internatura.org\/blog\/wp-content\/uploads\/2012\/02\/colimbo-14-01-2012-b.jpg\" rel=\"lightbox\" data-rel=\"lightbox-image-1\" data-rl_title=\"\" data-rl_caption=\"\"><img decoding=\"async\" loading=\"lazy\" title=\"\" alt=\"\" src=\"http:\/\/www.internatura.org\/blog\/wp-content\/uploads\/2012\/02\/colimbo-14-01-2012-b-300x225.jpg\" width=\"177\" height=\"132\" \/><\/a>\u00a0 <a href=\"http:\/\/www.internatura.org\/blog\/wp-content\/uploads\/2012\/02\/Colimbo-14-01-2012-c.jpg\" rel=\"lightbox\" data-rel=\"lightbox-image-2\" data-rl_title=\"\" data-rl_caption=\"\"><img decoding=\"async\" loading=\"lazy\" class=\"alignnone  wp-image-125\" title=\"\" alt=\"\" src=\"http:\/\/www.internatura.org\/blog\/wp-content\/uploads\/2012\/02\/Colimbo-14-01-2012-c-300x225.jpg\" width=\"221\" height=\"165\" srcset=\"https:\/\/internatura.org\/blog\/wp-content\/uploads\/2012\/02\/Colimbo-14-01-2012-c-300x225.jpg 300w, https:\/\/internatura.org\/blog\/wp-content\/uploads\/2012\/02\/Colimbo-14-01-2012-c.jpg 640w\" sizes=\"(max-width: 221px) 100vw, 221px\" \/><\/a><\/p>\n<p style=\"text-align: center;\"><em>Colimbo chico (<a href=\"..\/..\/aocv\/ficha.php?idesp=3\">Gavia stellata<\/a> ) Platja d&#8217;Almenara 14\/01\/2012. V\u00eddeo J.Lluis Bort<\/em><\/p>\n","protected":false},"excerpt":{"rendered":"<p>CENS D&#8217;AUS MARINES 2012. PLATJA D&#8217;ALMENARA (CASTELL\u00d3) Un any m\u00e9s membres del GER-EA col \u00b7 laboren amb el cens d&#8217;aus marines al Pa\u00eds Valenci\u00e0. A continuaci\u00f3 es llisten les esp\u00e8cies i nombre d&#8217;individus comptabilitzats. Dia: 2012.01.14. Horari. Inici: 8,30 h. Final: 11,30 h. Observadors: Juan Luis Bort i Josep Bort \u2026 <a class=\"continue-reading-link\" href=\"https:\/\/internatura.org\/blog\/?p=3\"> Continuar leyendo <span class=\"meta-nav\">&rarr; <\/span><\/a><\/p>\n","protected":false},"author":1,"featured_media":0,"comment_status":"closed","ping_status":"open","sticky":false,"template":"","format":"standard","meta":[],"categories":[7,5],"tags":[20],"_links":{"self":[{"href":"https:\/\/internatura.org\/blog\/index.php?rest_route=\/wp\/v2\/posts\/3"}],"collection":[{"href":"https:\/\/internatura.org\/blog\/index.php?rest_route=\/wp\/v2\/posts"}],"about":[{"href":"https:\/\/internatura.org\/blog\/index.php?rest_route=\/wp\/v2\/types\/post"}],"author":[{"embeddable":true,"href":"https:\/\/internatura.org\/blog\/index.php?rest_route=\/wp\/v2\/users\/1"}],"replies":[{"embeddable":true,"href":"https:\/\/internatura.org\/blog\/index.php?rest_route=%2Fwp%2Fv2%2Fcomments&post=3"}],"version-history":[{"count":33,"href":"https:\/\/internatura.org\/blog\/index.php?rest_route=\/wp\/v2\/posts\/3\/revisions"}],"predecessor-version":[{"id":2396,"href":"https:\/\/internatura.org\/blog\/index.php?rest_route=\/wp\/v2\/posts\/3\/revisions\/2396"}],"wp:attachment":[{"href":"https:\/\/internatura.org\/blog\/index.php?rest_route=%2Fwp%2Fv2%2Fmedia&parent=3"}],"wp:term":[{"taxonomy":"category","embeddable":true,"href":"https:\/\/internatura.org\/blog\/index.php?rest_route=%2Fwp%2Fv2%2Fcategories&post=3"},{"taxonomy":"post_tag","embeddable":true,"href":"https:\/\/internatura.org\/blog\/index.php?rest_route=%2Fwp%2Fv2%2Ftags&post=3"}],"curies":[{"name":"wp","href":"https:\/\/api.w.org\/{rel}","templated":true}]}}