{"id":343,"date":"2012-02-10T01:55:12","date_gmt":"2012-02-10T00:55:12","guid":{"rendered":"http:\/\/www.internatura.org\/blog\/?p=343"},"modified":"2014-11-11T08:18:59","modified_gmt":"2014-11-11T08:18:59","slug":"prospeccio-de-la-costa-a-la-recerca-daus-mortes-9022012","status":"publish","type":"post","link":"https:\/\/internatura.org\/blog\/?p=343","title":{"rendered":"Prospecci\u00f3 de la costa a la recerca d&#8217;aus mortes.9\/02\/2012"},"content":{"rendered":"<p style=\"text-align: justify;\"><a href=\"http:\/\/www.internatura.org\/blog\/wp-content\/uploads\/2012\/02\/Lidon-Nules-as-9-02-2012IMG.jpg\" rel=\"lightbox\" data-rel=\"lightbox-image-0\" data-rl_title=\"\" data-rl_caption=\"\"><img decoding=\"async\" loading=\"lazy\" class=\" wp-image-367 alignleft\" title=\"\" src=\"http:\/\/www.internatura.org\/blog\/wp-content\/uploads\/2012\/02\/Lidon-Nules-as-9-02-2012IMG-300x200.jpg\" alt=\"\" width=\"240\" height=\"160\" srcset=\"https:\/\/internatura.org\/blog\/wp-content\/uploads\/2012\/02\/Lidon-Nules-as-9-02-2012IMG-300x200.jpg 300w, https:\/\/internatura.org\/blog\/wp-content\/uploads\/2012\/02\/Lidon-Nules-as-9-02-2012IMG.jpg 1000w\" sizes=\"(max-width: 240px) 100vw, 240px\" \/><\/a><\/p>\n<p style=\"text-align: justify;\"><strong>\u00a09\/02\/2012<\/strong><\/p>\n<p style=\"text-align: justify;\">A causa de les <a href=\"http:\/\/www.redmediterraneo.com\/burriana\/noticias\/noticia.asp?pkid=24169\">not\u00edcies<\/a> que han sortit a la premsa local sobre les aus trobades mortes a la vora de la platja de Borriana. Segons sembla les esp\u00e8cies afectades han estat corbs marins grans i baldriga balear. Segons les \u00faltimes <a href=\"http:\/\/www.laplanaaldia.com\/burriana\/noticias\/61210\/la-conselleria-de-medio-ambiente-investiga-la-muerte-de-otros-25-ejemplares-de-pardela-balear-en-la-playa-de-burriana\">not\u00edcies<\/a> la mort de les baldrigues han estat per ofegament i alguns traumatismes.<\/p>\n<p style=\"text-align: justify;\">El grup<a href=\"http:\/\/ccaa.elpais.com\/ccaa\/2012\/02\/08\/valencia\/1328737054_415846.html\"> GECEN<\/a> ha denunciat davant la fiscalia la mortalitat d&#8217;aquestes aus a l&#8217;estar catalogada la baldriga balear com especie en perill cr\u00edtic.<\/p>\n<p style=\"text-align: justify;\">Tot esperant que aquesta situaci\u00f3 s&#8217;estigui repetint en altres zones de la costes, ens desplacem el 9\/02\/2012 a la platja de Nules, recorrent un total de 2 km. de costa coincidint amb la zona on hi ha cases a primera l\u00ednia, infringint la Llei de Costes actual.<\/p>\n<p style=\"text-align: justify;\">Despr\u00e9s del recorregut, no es troba cap au morta, nom\u00e9s algunes zones amb peixos \u00abLlises\u00bb mortes.<\/p>\n<p><a href=\"http:\/\/www.internatura.org\/blog\/wp-content\/uploads\/2012\/02\/Lidon-Nules-9-02-2012IMG_41.jpg\" rel=\"lightbox\" data-rel=\"lightbox-image-1\" data-rl_title=\"\" data-rl_caption=\"\"><img decoding=\"async\" loading=\"lazy\" title=\"\" src=\"http:\/\/www.internatura.org\/blog\/wp-content\/uploads\/2012\/02\/Lidon-Nules-9-02-2012IMG_41-265x300.jpg\" alt=\"\" width=\"217\" height=\"245\" \/><\/a> \u00a0 \u00a0 \u00a0 \u00a0 \u00a0 \u00a0 \u00a0 \u00a0 \u00a0 <a href=\"http:\/\/www.internatura.org\/blog\/wp-content\/uploads\/2012\/02\/Lidon-Nules-jhg-9-02-2012IM.jpg\" rel=\"lightbox\" data-rel=\"lightbox-image-2\" data-rl_title=\"\" data-rl_caption=\"\"><img decoding=\"async\" loading=\"lazy\" class=\"alignnone  wp-image-369\" title=\"\" src=\"http:\/\/www.internatura.org\/blog\/wp-content\/uploads\/2012\/02\/Lidon-Nules-jhg-9-02-2012IM-199x300.jpg\" alt=\"\" width=\"159\" height=\"240\" srcset=\"https:\/\/internatura.org\/blog\/wp-content\/uploads\/2012\/02\/Lidon-Nules-jhg-9-02-2012IM-199x300.jpg 199w, https:\/\/internatura.org\/blog\/wp-content\/uploads\/2012\/02\/Lidon-Nules-jhg-9-02-2012IM.jpg 533w\" sizes=\"(max-width: 159px) 100vw, 159px\" \/><\/a><\/p>\n<h5 style=\"text-align: center;\"><em>Prospecci\u00f3 de la platja per un membre del GER-EA (Lid\u00f3n Badenes). Peixos \u00ablises\u00bb localitzades mortes. 9\/02\/2012<\/em><\/h5>\n","protected":false},"excerpt":{"rendered":"<p>\u00a09\/02\/2012 A causa de les not\u00edcies que han sortit a la premsa local sobre les aus trobades mortes a la vora de la platja de Borriana. Segons sembla les esp\u00e8cies afectades han estat corbs marins grans i baldriga balear. Segons les \u00faltimes not\u00edcies la mort de les baldrigues han estat \u2026 <a class=\"continue-reading-link\" href=\"https:\/\/internatura.org\/blog\/?p=343\"> Continuar leyendo <span class=\"meta-nav\">&rarr; <\/span><\/a><\/p>\n","protected":false},"author":1,"featured_media":0,"comment_status":"closed","ping_status":"open","sticky":false,"template":"","format":"standard","meta":[],"categories":[8],"tags":[9,10,18],"_links":{"self":[{"href":"https:\/\/internatura.org\/blog\/index.php?rest_route=\/wp\/v2\/posts\/343"}],"collection":[{"href":"https:\/\/internatura.org\/blog\/index.php?rest_route=\/wp\/v2\/posts"}],"about":[{"href":"https:\/\/internatura.org\/blog\/index.php?rest_route=\/wp\/v2\/types\/post"}],"author":[{"embeddable":true,"href":"https:\/\/internatura.org\/blog\/index.php?rest_route=\/wp\/v2\/users\/1"}],"replies":[{"embeddable":true,"href":"https:\/\/internatura.org\/blog\/index.php?rest_route=%2Fwp%2Fv2%2Fcomments&post=343"}],"version-history":[{"count":22,"href":"https:\/\/internatura.org\/blog\/index.php?rest_route=\/wp\/v2\/posts\/343\/revisions"}],"predecessor-version":[{"id":3396,"href":"https:\/\/internatura.org\/blog\/index.php?rest_route=\/wp\/v2\/posts\/343\/revisions\/3396"}],"wp:attachment":[{"href":"https:\/\/internatura.org\/blog\/index.php?rest_route=%2Fwp%2Fv2%2Fmedia&parent=343"}],"wp:term":[{"taxonomy":"category","embeddable":true,"href":"https:\/\/internatura.org\/blog\/index.php?rest_route=%2Fwp%2Fv2%2Fcategories&post=343"},{"taxonomy":"post_tag","embeddable":true,"href":"https:\/\/internatura.org\/blog\/index.php?rest_route=%2Fwp%2Fv2%2Ftags&post=343"}],"curies":[{"name":"wp","href":"https:\/\/api.w.org\/{rel}","templated":true}]}}