{"id":362,"date":"2012-02-14T21:13:41","date_gmt":"2012-02-14T20:13:41","guid":{"rendered":"http:\/\/www.internatura.org\/blog\/?p=362"},"modified":"2014-11-11T08:18:59","modified_gmt":"2014-11-11T08:18:59","slug":"observaciones-en-la-marjales-de-la-plana-baixa-14022012","status":"publish","type":"post","link":"https:\/\/internatura.org\/blog\/?p=362","title":{"rendered":"Observacions en les marjals de la Plana Baixa. 14\/02\/2012"},"content":{"rendered":"<p>Un nou control d&#8217;aus es va realitzar el passat 14 febrer en diferents zones humides de la comarca de la Plana Baixa.<br \/>\nAquest control entra dins dels controls setmanals que realitza el GER-EA d&#8217;aquestes zones.<\/p>\n<p>El cens es va realitzar des de les 9:30 h-a les 12:30 h.<\/p>\n<p style=\"text-align: justify;\"><strong>Marjal d&#8217;Almenara &#8211; La Llosa:<\/strong><\/p>\n<p style=\"text-align: center;\">\u00a0 <a href=\"http:\/\/www.internatura.org\/blog\/wp-content\/uploads\/2012\/02\/Marjal-Almenara-b-14-02-201.jpg\" rel=\"lightbox\" data-rel=\"lightbox-image-0\" data-rl_title=\"\" data-rl_caption=\"\"><img decoding=\"async\" loading=\"lazy\" class=\"alignnone  wp-image-438\" title=\"\" src=\"http:\/\/www.internatura.org\/blog\/wp-content\/uploads\/2012\/02\/Marjal-Almenara-b-14-02-201-300x213.jpg\" alt=\"\" width=\"149\" height=\"105\" srcset=\"https:\/\/internatura.org\/blog\/wp-content\/uploads\/2012\/02\/Marjal-Almenara-b-14-02-201-300x213.jpg 300w, https:\/\/internatura.org\/blog\/wp-content\/uploads\/2012\/02\/Marjal-Almenara-b-14-02-201.jpg 1000w\" sizes=\"(max-width: 149px) 100vw, 149px\" \/><\/a>\u00a0 <a href=\"http:\/\/www.internatura.org\/blog\/wp-content\/uploads\/2012\/02\/Marjal-Almenara-c-14-02-201.jpg\" rel=\"lightbox\" data-rel=\"lightbox-image-1\" data-rl_title=\"\" data-rl_caption=\"\"><img decoding=\"async\" loading=\"lazy\" class=\"alignnone  wp-image-439\" title=\"\" src=\"http:\/\/www.internatura.org\/blog\/wp-content\/uploads\/2012\/02\/Marjal-Almenara-c-14-02-201-300x224.jpg\" alt=\"\" width=\"169\" height=\"126\" srcset=\"https:\/\/internatura.org\/blog\/wp-content\/uploads\/2012\/02\/Marjal-Almenara-c-14-02-201-300x224.jpg 300w, https:\/\/internatura.org\/blog\/wp-content\/uploads\/2012\/02\/Marjal-Almenara-c-14-02-201.jpg 1000w\" sizes=\"(max-width: 169px) 100vw, 169px\" \/><\/a> <a href=\"http:\/\/www.internatura.org\/blog\/wp-content\/uploads\/2012\/02\/Marjal-Almenara-e-14-02-201.jpg\" rel=\"lightbox\" data-rel=\"lightbox-image-2\" data-rl_title=\"\" data-rl_caption=\"\"><img decoding=\"async\" loading=\"lazy\" class=\"alignnone  wp-image-446\" title=\"\" src=\"http:\/\/www.internatura.org\/blog\/wp-content\/uploads\/2012\/02\/Marjal-Almenara-e-14-02-201-300x151.jpg\" alt=\"\" width=\"300\" height=\"151\" srcset=\"https:\/\/internatura.org\/blog\/wp-content\/uploads\/2012\/02\/Marjal-Almenara-e-14-02-201-300x151.jpg 300w, https:\/\/internatura.org\/blog\/wp-content\/uploads\/2012\/02\/Marjal-Almenara-e-14-02-201.jpg 800w\" sizes=\"(max-width: 300px) 100vw, 300px\" \/><\/a> \u00a0 <a href=\"http:\/\/www.internatura.org\/blog\/wp-content\/uploads\/2012\/02\/Marjal-Almenara-a-14-02-201.jpg\" rel=\"lightbox\" data-rel=\"lightbox-image-3\" data-rl_title=\"\" data-rl_caption=\"\"><img decoding=\"async\" loading=\"lazy\" title=\"\" src=\"http:\/\/www.internatura.org\/blog\/wp-content\/uploads\/2012\/02\/Marjal-Almenara-a-14-02-201-300x225.jpg\" alt=\"\" width=\"223\" height=\"166\" \/><\/a> \u00a0 \u00a0 \u00a0 \u00a0 \u00a0 \u00a0 \u00a0 \u00a0 \u00a0 \u00a0 \u00a0 \u00a0 \u00a0 \u00a0 \u00a0 \u00a0 \u00a0 \u00a0 \u00a0 \u00a0 \u00a0\u00a0 <a href=\"http:\/\/www.internatura.org\/blog\/wp-content\/uploads\/2012\/02\/Marjal-Almenara-d-14-02-201.jpg\" rel=\"lightbox\" data-rel=\"lightbox-image-4\" data-rl_title=\"\" data-rl_caption=\"\"><img decoding=\"async\" loading=\"lazy\" title=\"\" src=\"http:\/\/www.internatura.org\/blog\/wp-content\/uploads\/2012\/02\/Marjal-Almenara-d-14-02-201-300x228.jpg\" alt=\"\" width=\"173\" height=\"132\" \/><\/a><\/p>\n<h5 style=\"text-align: center;\"><em>Diferents panor\u00e0miques de la marjal d&#8217;Almenara-la Llosa GER-EA 14\/02\/2012<br \/>\n<\/em><\/h5>\n<table width=\"312\" border=\"0\" cellspacing=\"0\" cellpadding=\"0\">\n<colgroup>\n<col width=\"156\" \/>\n<col width=\"156\" \/> <\/colgroup>\n<tbody>\n<tr>\n<td width=\"156\" height=\"17\">Vanellus vanellus<\/td>\n<td width=\"156\">158<\/td>\n<\/tr>\n<tr>\n<td height=\"17\">Anas clypeata<\/td>\n<td>22<\/td>\n<\/tr>\n<tr>\n<td height=\"17\">Podiceps nigricollis<\/td>\n<td>1<\/td>\n<\/tr>\n<tr>\n<td height=\"17\">Buteo buteo<\/td>\n<td>1<\/td>\n<\/tr>\n<tr>\n<td height=\"17\">Circus aeruginosus<\/td>\n<td>4<\/td>\n<\/tr>\n<tr>\n<td height=\"17\">Ptyonoprogne rupestris<\/td>\n<td>75<\/td>\n<\/tr>\n<tr>\n<td height=\"17\">Phalacrocorax carbo<\/td>\n<td>423<\/td>\n<\/tr>\n<tr>\n<td height=\"17\">Ardea cinerea<\/td>\n<td>16<\/td>\n<\/tr>\n<tr>\n<td height=\"17\">Himantopus himantopus<\/td>\n<td>24<\/td>\n<\/tr>\n<tr>\n<td height=\"17\">Bubulcus ibis<\/td>\n<td>23<\/td>\n<\/tr>\n<tr>\n<td height=\"17\">Egretta garzetta<\/td>\n<td>146<\/td>\n<\/tr>\n<tr>\n<td height=\"17\">Phylloscopus collybita<\/td>\n<td>18<\/td>\n<\/tr>\n<tr>\n<td height=\"17\">Cisticola juncidis<\/td>\n<td>1<\/td>\n<\/tr>\n<tr>\n<td height=\"17\">Emberiza schoeniclus<\/td>\n<td>23<\/td>\n<\/tr>\n<tr>\n<td height=\"17\">Upupa epops<\/td>\n<td>1<\/td>\n<\/tr>\n<tr>\n<td height=\"17\">Gallinago gallinago<\/td>\n<td>6<\/td>\n<\/tr>\n<tr>\n<td height=\"17\">Larus ridibundus<\/td>\n<td>415<\/td>\n<\/tr>\n<tr>\n<td height=\"17\">Carduelis carduelis<\/td>\n<td>30<\/td>\n<\/tr>\n<tr>\n<td height=\"17\">Carduelis chloris<\/td>\n<td>8<\/td>\n<\/tr>\n<tr>\n<td height=\"17\">Fringilla coelebs<\/td>\n<td>130<\/td>\n<\/tr>\n<tr>\n<td height=\"17\">Serinus serinus<\/td>\n<td>70<\/td>\n<\/tr>\n<tr>\n<td height=\"17\">Erithacus rubecula<\/td>\n<td>3<\/td>\n<\/tr>\n<tr>\n<td height=\"17\">Anthus pratensis<\/td>\n<td>7<\/td>\n<\/tr>\n<tr>\n<td height=\"17\">Luscinia svecica<\/td>\n<td>4<\/td>\n<\/tr>\n<tr>\n<td height=\"17\">Charadrius dubius<\/td>\n<td>1<\/td>\n<\/tr>\n<tr>\n<td height=\"17\">Tringa ochropus<\/td>\n<td>5<\/td>\n<\/tr>\n<tr>\n<td height=\"17\">Alauda arvensis<\/td>\n<td>22<\/td>\n<\/tr>\n<tr>\n<td height=\"17\">Fulica atra<\/td>\n<td>165<\/td>\n<\/tr>\n<tr>\n<td height=\"17\">Hieraaetus pennatus<\/td>\n<td>3<\/td>\n<\/tr>\n<\/tbody>\n<\/table>\n<p style=\"text-align: justify;\"><a href=\"http:\/\/www.internatura.org\/blog\/wp-content\/uploads\/2012\/02\/Merita-14-02-2012IMG_4870.jpg\" rel=\"lightbox\" data-rel=\"lightbox-image-5\" data-rl_title=\"\" data-rl_caption=\"\"><img decoding=\"async\" loading=\"lazy\" class=\"alignnone  wp-image-442\" title=\"\" src=\"http:\/\/www.internatura.org\/blog\/wp-content\/uploads\/2012\/02\/Merita-14-02-2012IMG_4870-300x218.jpg\" alt=\"\" width=\"201\" height=\"146\" srcset=\"https:\/\/internatura.org\/blog\/wp-content\/uploads\/2012\/02\/Merita-14-02-2012IMG_4870-300x218.jpg 300w, https:\/\/internatura.org\/blog\/wp-content\/uploads\/2012\/02\/Merita-14-02-2012IMG_4870.jpg 600w\" sizes=\"(max-width: 201px) 100vw, 201px\" \/><\/a> <a href=\"http:\/\/www.internatura.org\/blog\/wp-content\/uploads\/2012\/02\/Agachadiza-a-14-02-2012-IMG.jpg\" rel=\"lightbox\" data-rel=\"lightbox-image-6\" data-rl_title=\"\" data-rl_caption=\"\"><img decoding=\"async\" loading=\"lazy\" class=\"alignnone  wp-image-443\" title=\"\" src=\"http:\/\/www.internatura.org\/blog\/wp-content\/uploads\/2012\/02\/Agachadiza-a-14-02-2012-IMG-300x164.jpg\" alt=\"\" width=\"207\" height=\"113\" srcset=\"https:\/\/internatura.org\/blog\/wp-content\/uploads\/2012\/02\/Agachadiza-a-14-02-2012-IMG-300x164.jpg 300w, https:\/\/internatura.org\/blog\/wp-content\/uploads\/2012\/02\/Agachadiza-a-14-02-2012-IMG.jpg 700w\" sizes=\"(max-width: 207px) 100vw, 207px\" \/><\/a>\u00a0 <a href=\"http:\/\/www.internatura.org\/blog\/wp-content\/uploads\/2012\/02\/Cormorans-14-02-2012IMG_491.jpg\" rel=\"lightbox\" data-rel=\"lightbox-image-7\" data-rl_title=\"\" data-rl_caption=\"\"><img decoding=\"async\" loading=\"lazy\" class=\"alignnone  wp-image-448\" title=\"\" src=\"http:\/\/www.internatura.org\/blog\/wp-content\/uploads\/2012\/02\/Cormorans-14-02-2012IMG_491-232x300.jpg\" alt=\"\" width=\"157\" height=\"203\" srcset=\"https:\/\/internatura.org\/blog\/wp-content\/uploads\/2012\/02\/Cormorans-14-02-2012IMG_491-232x300.jpg 232w, https:\/\/internatura.org\/blog\/wp-content\/uploads\/2012\/02\/Cormorans-14-02-2012IMG_491.jpg 776w\" sizes=\"(max-width: 157px) 100vw, 157px\" \/><\/a><\/p>\n<h5 style=\"text-align: justify;\">\u00a0\u00a0\u00a0\u00a0\u00a0\u00a0<em>\u00a0\u00a0\u00a0\u00a0\u00a0\u00a0\u00a0\u00a0\u00a0\u00a0\u00a0\u00a0\u00a0\u00a0\u00a0\u00a0\u00a0\u00a0 Merita\u00a0\u00a0\u00a0\u00a0\u00a0\u00a0\u00a0\u00a0\u00a0\u00a0\u00a0\u00a0\u00a0\u00a0\u00a0\u00a0\u00a0\u00a0\u00a0\u00a0\u00a0\u00a0\u00a0\u00a0\u00a0\u00a0\u00a0\u00a0 \u00a0 \u00a0 \u00a0 \u00a0 \u00a0 \u00a0 \u00a0 \u00a0 \u00a0 \u00a0 \u00a0 \u00a0 \u00a0 \u00a0 \u00a0 \u00a0 \u00a0 \u00a0\u00a0\u00a0\u00a0\u00a0\u00a0 Bequeruda\u00a0 \u00a0 \u00a0 \u00a0 \u00a0 \u00a0 \u00a0 \u00a0 \u00a0 \u00a0 \u00a0 \u00a0 \u00a0\u00a0 \u00a0 \u00a0 \u00a0 Corba marina grossa<\/em><\/h5>\n<h5 style=\"text-align: center;\"><em><a href=\"http:\/\/www.internatura.org\/blog\/wp-content\/uploads\/2012\/02\/Zampullin-cuellinegro-14-02.jpg\" rel=\"lightbox\" data-rel=\"lightbox-image-8\" data-rl_title=\"\" data-rl_caption=\"\"><img decoding=\"async\" loading=\"lazy\" title=\"\" src=\"http:\/\/www.internatura.org\/blog\/wp-content\/uploads\/2012\/02\/Zampullin-cuellinegro-14-02-300x116.jpg\" alt=\"\" width=\"300\" height=\"116\" \/><\/a><\/em><\/h5>\n<h5 style=\"text-align: center;\"><em>Cabuss\u00f3 coll-negre<\/em><\/h5>\n<p>&nbsp;<\/p>\n<p style=\"text-align: justify;\"><strong>Marjal de Moncofar-Nules.<\/strong><\/p>\n<p style=\"text-align: justify;\">Des de fa temps aquesta petita zona aquesta dessecada totalment, simplement quan es produeix les pluges s&#8217;acumula una petita l\u00e0mina d&#8217;aigua que \u00e9s aproechada per aes en els seus despla\u00e7aments migratoris, per descansar i alimentar-se.<\/p>\n<p style=\"text-align: center;\"><a href=\"http:\/\/www.internatura.org\/blog\/wp-content\/uploads\/2012\/02\/Marjal-Moncofa-e-14-02-2012.jpg\" rel=\"lightbox\" data-rel=\"lightbox-image-9\" data-rl_title=\"\" data-rl_caption=\"\"><img decoding=\"async\" loading=\"lazy\" class=\"alignnone  wp-image-464\" title=\"\" src=\"http:\/\/www.internatura.org\/blog\/wp-content\/uploads\/2012\/02\/Marjal-Moncofa-e-14-02-2012-300x212.jpg\" alt=\"\" width=\"155\" height=\"111\" srcset=\"https:\/\/internatura.org\/blog\/wp-content\/uploads\/2012\/02\/Marjal-Moncofa-e-14-02-2012-300x212.jpg 300w, https:\/\/internatura.org\/blog\/wp-content\/uploads\/2012\/02\/Marjal-Moncofa-e-14-02-2012.jpg 800w\" sizes=\"(max-width: 155px) 100vw, 155px\" \/><\/a>\u00a0 <a href=\"http:\/\/www.internatura.org\/blog\/wp-content\/uploads\/2012\/02\/Marjal-Moncofa-b-14-02-2012.jpg\" rel=\"lightbox\" data-rel=\"lightbox-image-10\" data-rl_title=\"\" data-rl_caption=\"\"><img decoding=\"async\" loading=\"lazy\" class=\"alignnone  wp-image-454\" title=\"\" src=\"http:\/\/www.internatura.org\/blog\/wp-content\/uploads\/2012\/02\/Marjal-Moncofa-b-14-02-2012-300x202.jpg\" alt=\"\" width=\"143\" height=\"96\" srcset=\"https:\/\/internatura.org\/blog\/wp-content\/uploads\/2012\/02\/Marjal-Moncofa-b-14-02-2012-300x202.jpg 300w, https:\/\/internatura.org\/blog\/wp-content\/uploads\/2012\/02\/Marjal-Moncofa-b-14-02-2012.jpg 800w\" sizes=\"(max-width: 143px) 100vw, 143px\" \/><\/a> <a href=\"http:\/\/www.internatura.org\/blog\/wp-content\/uploads\/2012\/02\/Marjal-Moncofa-a-14-02-2012.jpg\" rel=\"lightbox\" data-rel=\"lightbox-image-11\" data-rl_title=\"\" data-rl_caption=\"\"><img decoding=\"async\" loading=\"lazy\" class=\"alignnone  wp-image-453\" title=\"\" src=\"http:\/\/www.internatura.org\/blog\/wp-content\/uploads\/2012\/02\/Marjal-Moncofa-a-14-02-2012-300x132.jpg\" alt=\"\" width=\"162\" height=\"71\" srcset=\"https:\/\/internatura.org\/blog\/wp-content\/uploads\/2012\/02\/Marjal-Moncofa-a-14-02-2012-300x132.jpg 300w, https:\/\/internatura.org\/blog\/wp-content\/uploads\/2012\/02\/Marjal-Moncofa-a-14-02-2012.jpg 800w\" sizes=\"(max-width: 162px) 100vw, 162px\" \/><\/a> <a href=\"http:\/\/www.internatura.org\/blog\/wp-content\/uploads\/2012\/02\/Marjal-Moncofa-14-02-2012DS.jpg\" rel=\"lightbox\" data-rel=\"lightbox-image-12\" data-rl_title=\"\" data-rl_caption=\"\"><img decoding=\"async\" loading=\"lazy\" class=\"alignnone  wp-image-452\" title=\"\" src=\"http:\/\/www.internatura.org\/blog\/wp-content\/uploads\/2012\/02\/Marjal-Moncofa-14-02-2012DS-300x175.jpg\" alt=\"\" width=\"159\" height=\"92\" srcset=\"https:\/\/internatura.org\/blog\/wp-content\/uploads\/2012\/02\/Marjal-Moncofa-14-02-2012DS-300x175.jpg 300w, https:\/\/internatura.org\/blog\/wp-content\/uploads\/2012\/02\/Marjal-Moncofa-14-02-2012DS.jpg 800w\" sizes=\"(max-width: 159px) 100vw, 159px\" \/><\/a><\/p>\n<h5 style=\"text-align: center;\"><em>Diferents panor\u00e0miques de la marjal d&#8217;Almenara-la Llosa GER-EA 14\/02\/2012<br \/>\n<\/em><\/h5>\n<p>Observacions:<\/p>\n<table width=\"312\" border=\"0\" cellspacing=\"0\" cellpadding=\"0\">\n<colgroup>\n<col width=\"156\" \/>\n<col width=\"156\" \/> <\/colgroup>\n<tbody>\n<tr>\n<td width=\"156\" height=\"17\">Rallus aquaticus<\/td>\n<td width=\"156\">1<\/td>\n<\/tr>\n<tr>\n<td height=\"17\">Vanellus vanellus<\/td>\n<td>63<\/td>\n<\/tr>\n<tr>\n<td height=\"17\">Luscinia svecica<\/td>\n<td>1<\/td>\n<\/tr>\n<tr>\n<td height=\"17\">Phylloscopus collybita<\/td>\n<td>25<\/td>\n<\/tr>\n<tr>\n<td height=\"17\">Actitis hypoleucos<\/td>\n<td>1<\/td>\n<\/tr>\n<tr>\n<td height=\"17\">Motacilla cinerea<\/td>\n<td>2<\/td>\n<\/tr>\n<tr>\n<td height=\"17\">Motacilla alba<\/td>\n<td>6<\/td>\n<\/tr>\n<tr>\n<td height=\"17\">Erithacus rubecula<\/td>\n<td>1<\/td>\n<\/tr>\n<tr>\n<td height=\"17\">Phalacrocorax carbo<\/td>\n<td>32 vol al sud<\/td>\n<\/tr>\n<\/tbody>\n<\/table>\n<p>Les observacions han estat nul \u00b7 les a la zona dessecada, i nom\u00e9s s&#8217;han observat aus en zona de herbazar i s\u00e8quia al voltant.<\/p>\n<p>&nbsp;<\/p>\n<p>&nbsp;<\/p>\n<p>&nbsp;<\/p>\n","protected":false},"excerpt":{"rendered":"<p>Un nou control d&#8217;aus es va realitzar el passat 14 febrer en diferents zones humides de la comarca de la Plana Baixa. Aquest control entra dins dels controls setmanals que realitza el GER-EA d&#8217;aquestes zones. El cens es va realitzar des de les 9:30 h-a les 12:30 h. Marjal d&#8217;Almenara \u2026 <a class=\"continue-reading-link\" href=\"https:\/\/internatura.org\/blog\/?p=362\"> Continuar leyendo <span class=\"meta-nav\">&rarr; <\/span><\/a><\/p>\n","protected":false},"author":1,"featured_media":0,"comment_status":"closed","ping_status":"closed","sticky":false,"template":"","format":"standard","meta":[],"categories":[25],"tags":[22,21],"_links":{"self":[{"href":"https:\/\/internatura.org\/blog\/index.php?rest_route=\/wp\/v2\/posts\/362"}],"collection":[{"href":"https:\/\/internatura.org\/blog\/index.php?rest_route=\/wp\/v2\/posts"}],"about":[{"href":"https:\/\/internatura.org\/blog\/index.php?rest_route=\/wp\/v2\/types\/post"}],"author":[{"embeddable":true,"href":"https:\/\/internatura.org\/blog\/index.php?rest_route=\/wp\/v2\/users\/1"}],"replies":[{"embeddable":true,"href":"https:\/\/internatura.org\/blog\/index.php?rest_route=%2Fwp%2Fv2%2Fcomments&post=362"}],"version-history":[{"count":25,"href":"https:\/\/internatura.org\/blog\/index.php?rest_route=\/wp\/v2\/posts\/362\/revisions"}],"predecessor-version":[{"id":937,"href":"https:\/\/internatura.org\/blog\/index.php?rest_route=\/wp\/v2\/posts\/362\/revisions\/937"}],"wp:attachment":[{"href":"https:\/\/internatura.org\/blog\/index.php?rest_route=%2Fwp%2Fv2%2Fmedia&parent=362"}],"wp:term":[{"taxonomy":"category","embeddable":true,"href":"https:\/\/internatura.org\/blog\/index.php?rest_route=%2Fwp%2Fv2%2Fcategories&post=362"},{"taxonomy":"post_tag","embeddable":true,"href":"https:\/\/internatura.org\/blog\/index.php?rest_route=%2Fwp%2Fv2%2Ftags&post=362"}],"curies":[{"name":"wp","href":"https:\/\/api.w.org\/{rel}","templated":true}]}}