{"id":3690,"date":"2015-01-03T10:49:33","date_gmt":"2015-01-03T10:49:33","guid":{"rendered":"http:\/\/www.internatura.org\/blog\/?p=3690"},"modified":"2015-04-06T21:53:11","modified_gmt":"2015-04-06T21:53:11","slug":"mila-reial-hivernada-a-la-provincia-de-castello-des-2014-gener-2015","status":"publish","type":"post","link":"https:\/\/internatura.org\/blog\/?p=3690","title":{"rendered":"Mil\u00e0 reial: Hivernada a la prov\u00edncia de Castell\u00f3 desembre 2014 &#8211; gener 2015"},"content":{"rendered":"<div id=\"attachment_3472\" style=\"width: 160px\" class=\"wp-caption alignleft\"><a href=\"http:\/\/www.internatura.org\/blog\/wp-content\/uploads\/2014\/01\/Mila-real-a-02-12-2014-aero.jpg\" rel=\"lightbox\" data-rel=\"lightbox-image-0\" data-rl_title=\"\" data-rl_caption=\"\" title=\"\"><img aria-describedby=\"caption-attachment-3472\" decoding=\"async\" loading=\"lazy\" class=\"wp-image-3472 size-thumbnail\" src=\"http:\/\/www.internatura.org\/blog\/wp-content\/uploads\/2014\/01\/Mila-real-a-02-12-2014-aero-150x150.jpg\" alt=\"Mila-real-a-02-12-2014-aero\" width=\"150\" height=\"150\" \/><\/a><p id=\"caption-attachment-3472\" class=\"wp-caption-text\">Mil\u00e0 reial 02-12-2014. Aeroport de Castell\u00f3.<\/p><\/div>\n<div id=\"attachment_3708\" style=\"width: 160px\" class=\"wp-caption alignleft\"><a href=\"http:\/\/www.internatura.org\/blog\/wp-content\/uploads\/2015\/01\/Aeroport-03-01-2015IMG_6152.jpg\" rel=\"lightbox\" data-rel=\"lightbox-image-1\" data-rl_title=\"\" data-rl_caption=\"\" title=\"\"><img aria-describedby=\"caption-attachment-3708\" decoding=\"async\" loading=\"lazy\" class=\"wp-image-3708 size-thumbnail\" src=\"http:\/\/www.internatura.org\/blog\/wp-content\/uploads\/2015\/01\/Aeroport-03-01-2015IMG_6152-150x150.jpg\" alt=\"Aeroport-03-01-2015IMG_6152\" width=\"150\" height=\"150\" \/><\/a><p id=\"caption-attachment-3708\" class=\"wp-caption-text\">Aeroport-03-01-2015<\/p><\/div>\n<p style=\"text-align: justify;\"><span class=\"hps\">El passat mes de<\/span> <span class=\"hps\">desembre 2014<\/span> <span class=\"hps\">membres del<\/span> <span class=\"hps\">GER<\/span><span class=\"atn\">&#8211;<\/span>EA (Lid\u00f3n i Josep)\u00a0<span class=\"hps\">realitzant els seus<\/span> <span class=\"hps\">controls<\/span> <span class=\"hps\">d&#8217;aus<\/span> <span class=\"hps\">rapinyaires<\/span> <span class=\"hps\">invernates<\/span> <span class=\"hps\">a Castell\u00f3<\/span>, van detectar <span class=\"hps\">la pres\u00e8ncia d&#8217;un<\/span> <span class=\"hps\">mil\u00e0 reial<\/span>\u00a0(<em><a href=\"http:\/\/www.internatura.org\/aocv\/ficha.php?idesp=71\">Milvus milvus<\/a><\/em>)\u00a0<span class=\"hps\">a la<\/span> <span class=\"hps\">zona de l&#8217;aeroport<\/span> <span class=\"hps\">de Castell\u00f3 (Vilanova d&#8217;Alcolea)<\/span>. <span class=\"hps\">Aquesta<\/span> <span class=\"hps\">rapinyaire<\/span> <span class=\"hps\">es<\/span> <span class=\"hps\">va detectar<\/span> <span class=\"hps\">en diverses<\/span> <span class=\"hps\">zones<\/span> <span class=\"hps\">de l&#8217;aeroport<\/span> <span class=\"hps\">i<\/span> <span class=\"hps\">zones<\/span> <span class=\"hps\">de cultiu<\/span>\u00a0alvoltant, <span class=\"hps\">en actitud<\/span> <span class=\"hps\">de prospecci\u00f3<\/span>. <span class=\"hps\">De vegades<\/span> <span class=\"hps\">realitzava<\/span> <span class=\"hps\">petits<\/span> <span class=\"hps\">vols de<\/span> <span class=\"hps\">persecuci\u00f3<\/span> <span class=\"hps\">al costat de<\/span> <span class=\"hps\">aligots (<em><a href=\"http:\/\/www.internatura.org\/aocv\/ficha.php?idesp=69\">Buteo buteo<\/a><\/em>)<\/span>, <span class=\"hps\">per seguir<\/span> <span class=\"hps\">amb<\/span> <span class=\"hps\">vols de<\/span> <span class=\"hps\">planatge<\/span> <span class=\"hps\">i<\/span> <span class=\"hps\">prospecci\u00f3<\/span>. <span class=\"hps\">En altres<\/span> <span class=\"hps\">ocasions ho<\/span> <span class=\"hps\">vam veure<\/span> <span class=\"hps\">posat<\/span> <span class=\"hps\">en arbres<\/span> <span class=\"hps\">dins<\/span> <span class=\"hps\">del recinte<\/span> <span class=\"hps\">de l&#8217;aeroport,<\/span> <span class=\"hps\">saltant<\/span> <span class=\"hps\">immediatament<\/span>. <span class=\"hps\">L&#8217;observaci\u00f3<\/span> <span class=\"hps\">es va produir\u00a0<\/span>el 2 <span class=\"hps\">de desembre i<\/span> <span class=\"hps\">uns<\/span> <span class=\"hps\">dies<\/span> <span class=\"hps\">despr\u00e9s per<\/span> <span class=\"hps\">membres del<\/span> <span class=\"hps\">grup<\/span> <a href=\"http:\/\/www.internatura.org\/grupos\/apnal.html\"><span class=\"hps\">APNAL<\/span><span class=\"atn\">&#8211;<\/span>EA<\/a>, <span class=\"hps\">concretament el<\/span> <span class=\"hps\">dia<\/span> <span class=\"hps\">8 de desembre,<\/span> <span class=\"hps\">confirmant<\/span> <span class=\"hps\">la pres\u00e8ncia d&#8217;aquesta<\/span> <span class=\"hps\">rapinyaire<\/span> <span class=\"hps\">a la zona.\u00a0<\/span><\/p>\n<div id=\"attachment_3704\" style=\"width: 160px\" class=\"wp-caption alignright\"><a href=\"http:\/\/www.internatura.org\/blog\/wp-content\/uploads\/2015\/01\/Mila-real-02-12-2014-aeropo.jpg\" rel=\"lightbox\" data-rel=\"lightbox-image-2\" data-rl_title=\"\" data-rl_caption=\"\" title=\"\"><img aria-describedby=\"caption-attachment-3704\" decoding=\"async\" loading=\"lazy\" class=\"wp-image-3704 size-thumbnail\" src=\"http:\/\/www.internatura.org\/blog\/wp-content\/uploads\/2015\/01\/Mila-real-02-12-2014-aeropo-150x150.jpg\" alt=\"Mila-real-02-12-2014-aeropo\" width=\"150\" height=\"150\" srcset=\"https:\/\/internatura.org\/blog\/wp-content\/uploads\/2015\/01\/Mila-real-02-12-2014-aeropo-150x150.jpg 150w, https:\/\/internatura.org\/blog\/wp-content\/uploads\/2015\/01\/Mila-real-02-12-2014-aeropo-300x297.jpg 300w\" sizes=\"(max-width: 150px) 100vw, 150px\" \/><\/a><p id=\"caption-attachment-3704\" class=\"wp-caption-text\">Mil\u00e0-reial-aeroport 02-12-2014<\/p><\/div>\n<p style=\"text-align: justify;\"><span class=\"hps\">En<\/span> <span class=\"hps\">controls<\/span> <span class=\"hps\">posteriors de la<\/span> <span class=\"hps\">zona<\/span>, <span class=\"hps\">de<\/span> <span class=\"hps\">nou<\/span> <span class=\"hps\">membres del<\/span> <span class=\"hps\">GER<\/span><span class=\"atn\">&#8211;<\/span>EA (Josep i Lluis), van detectar <span class=\"hps\">la pres\u00e8ncia d&#8217;un<\/span> <span class=\"hps\">mil\u00e0 reial<\/span> <span class=\"hps\">posat en un<\/span> <span class=\"hps\">arbre<\/span> <span class=\"hps\">dins<\/span> <span class=\"hps\">del recinte<\/span> <span class=\"hps\">de l&#8217;aeroport amb<\/span> <span class=\"hps\">un conill<\/span> <span class=\"hps\">en una branca<\/span>. <span class=\"hps\">El<\/span> <span class=\"hps\">mil\u00e0<\/span> <span class=\"hps\">salta<\/span> <span class=\"hps\">l&#8217;arbre<\/span> <span class=\"hps\">en passar<\/span> <span class=\"hps\">molt<\/span> <span class=\"hps\">prop<\/span>\u00a0un\u00a0<span class=\"hps\">aligot<\/span>, <span class=\"hps\">planejant<\/span> <span class=\"hps\">sobre<\/span> <span class=\"hps\">les<\/span> <span class=\"hps\">pistes<\/span> <span class=\"hps\">de vol<\/span>, <span class=\"hps\">desapareixent<\/span> <span class=\"hps\">cap al SE.<\/span> <span class=\"hps\">Aquest<\/span> <span class=\"hps\">exemplar<\/span> <span class=\"hps\">possiblement sigui<\/span> <span class=\"hps\">el mateix que<\/span> <span class=\"hps\">l&#8217;observat<\/span> <span class=\"hps\">a<\/span> <span class=\"hps\">principi<\/span> <span class=\"hps\">de desembre a la<\/span> <span class=\"hps\">zona, el que<\/span> <span class=\"hps\">demostraria la<\/span> <span class=\"hps\">hivernada<\/span> <span class=\"hps\">d&#8217;aquesta<\/span> <span class=\"hps\">rapinyaire<\/span> <span class=\"hps\">a la zona i<\/span> <span class=\"hps\">la<\/span> <span class=\"hps\">hivernada<\/span> <span class=\"hps\">de l&#8217;esp\u00e8cie<\/span> <span class=\"hps\">a Castell\u00f3<\/span>, sent una de <span class=\"hps\">les<\/span> <span class=\"hps\">poques<\/span> <span class=\"hps\">cites<\/span> <span class=\"hps\">de l&#8217;esp\u00e8cie<\/span> <span class=\"hps\">en aquest<\/span> <span class=\"hps\">per\u00edode.<\/span><\/p>\n<div id=\"attachment_3722\" style=\"width: 160px\" class=\"wp-caption alignleft\"><a href=\"http:\/\/www.internatura.org\/blog\/wp-content\/uploads\/2015\/01\/Mila-02-12-2014-aeroportIMG.jpg\" rel=\"lightbox\" data-rel=\"lightbox-image-3\" data-rl_title=\"\" data-rl_caption=\"\" title=\"\"><img aria-describedby=\"caption-attachment-3722\" decoding=\"async\" loading=\"lazy\" class=\"wp-image-3722 size-thumbnail\" src=\"http:\/\/www.internatura.org\/blog\/wp-content\/uploads\/2015\/01\/Mila-02-12-2014-aeroportIMG-150x150.jpg\" alt=\"Mila-02-12-2014-aeroportIMG\" width=\"150\" height=\"150\" \/><\/a><p id=\"caption-attachment-3722\" class=\"wp-caption-text\">Mil\u00e0-reial-02-12-2014. Aeroport de Castell\u00f3<\/p><\/div>\n<p style=\"text-align: justify;\"><span class=\"hps\">L&#8217;au es<\/span> <span class=\"hps\">tracta<\/span> <span class=\"hps\">d&#8217;un<\/span> <span class=\"hps\">mil\u00e0<\/span> <span class=\"hps\">jove que<\/span> <span class=\"hps\">el diferencia<\/span> <span class=\"hps\">dels<\/span> <span class=\"hps\">adults,<\/span> <span class=\"hps\">en<\/span> <span class=\"hps\">la part<\/span> <span class=\"hps\">inferior<\/span> <span class=\"hps\">per<\/span> <span class=\"hps\">les<\/span> <span class=\"hps\">grans<\/span> <span class=\"hps\">taques<\/span> <span class=\"hps\">blanques<\/span> <span class=\"hps\">sota<\/span> <span class=\"hps\">les<\/span> <span class=\"hps\">ales<\/span>, <span class=\"hps\">amb<\/span> <span class=\"hps\">secund\u00e0ries<\/span> <span class=\"hps\">fosques<\/span>. <span class=\"hps\">A m\u00e9s del<\/span> <span class=\"hps\">barrejat\u00a0<\/span><span class=\"hps\">sol<\/span> <span class=\"hps\">sota<\/span> <span class=\"hps\">del coll<\/span> <span class=\"hps\">i<\/span> <span class=\"hps\">pit<\/span>, l&#8217;abs\u00e8ncia <span class=\"hps\">de ratlles en<\/span> <span class=\"hps\">les<\/span> <span class=\"hps\">infracobertores<\/span> <span class=\"hps\">de la cua<\/span> <span class=\"hps\">i<\/span> <span class=\"hps\">l&#8217;abdomen<\/span>, <span class=\"hps\">i una<\/span> <span class=\"hps\">l\u00ednia<\/span> <span class=\"hps\">clara<\/span>\u00a0<span class=\"hps\">en<\/span> <span class=\"hps\">les<\/span> <span class=\"hps\">puntes<\/span> <span class=\"hps\">de<\/span> <span class=\"hps\">les<\/span> <span class=\"hps\">cobertores<\/span> <span class=\"hps\">grans.<\/span><\/p>\n<p style=\"text-align: justify;\"><span class=\"hps\">Com hem dit, s\u00f3n molt<\/span> <span class=\"hps\">poques<\/span> <span class=\"hps\">les<\/span> <span class=\"hps\">cites<\/span> <span class=\"hps\">de<\/span> <span class=\"hps\">milans<\/span> <span class=\"hps\">reals en<\/span> <span class=\"hps\">l&#8217;\u00e8poca<\/span> <span class=\"hps\">d&#8217;hivernada<\/span>, <span class=\"hps\">considerant<\/span> <span class=\"hps\">a<\/span> <span class=\"hps\">aquesta<\/span> <span class=\"hps\">esp\u00e8cie que no<\/span> <span class=\"hps\">hiverna<\/span> <span class=\"hps\">a la Comunitat Valenciana<\/span>, <span class=\"hps\">tot i aix\u00ed el<\/span> <span class=\"hps\">desembre 2013<\/span> <span class=\"hps\">i gener<\/span> <span class=\"hps\">2014,<\/span> <span class=\"hps\">es va detectar<\/span> <span class=\"hps\">per<\/span> <span class=\"hps\">membres del<\/span> <span class=\"hps\">GER<\/span><span class=\"atn\">&#8211;<\/span>EA <span class=\"hps atn\">(<\/span>Sergi <span class=\"hps\">i<\/span> <span class=\"hps\">Nando<\/span>), un altre <span class=\"hps\">exemplar<\/span> <span class=\"hps\">en el terme<\/span> <span class=\"hps\">de Morella<\/span>, el que podria <span class=\"hps\">ser l&#8217;inici<\/span> <span class=\"hps\">de la<\/span> <span class=\"hps\">hivernada<\/span> <span class=\"hps\">de l&#8217;esp\u00e8cie<\/span> <span class=\"hps\">a Castell\u00f3<\/span>.<\/p>\n<div id=\"attachment_3702\" style=\"width: 160px\" class=\"wp-caption alignleft\"><a href=\"http:\/\/www.internatura.org\/blog\/wp-content\/uploads\/2015\/01\/Mila-real-b-3-01-2015-IMG_6.jpg\" rel=\"lightbox\" data-rel=\"lightbox-image-4\" data-rl_title=\"\" data-rl_caption=\"\" title=\"\"><img aria-describedby=\"caption-attachment-3702\" decoding=\"async\" loading=\"lazy\" class=\"wp-image-3702 size-thumbnail\" src=\"http:\/\/www.internatura.org\/blog\/wp-content\/uploads\/2015\/01\/Mila-real-b-3-01-2015-IMG_6-150x150.jpg\" alt=\"Mila-real-b-3-01-2015-IMG_6\" width=\"150\" height=\"150\" \/><\/a><p id=\"caption-attachment-3702\" class=\"wp-caption-text\">Mil\u00e0-reial-3-01-2015. Aeroport de Castello<\/p><\/div>\n<p style=\"text-align: justify;\">\u00a0Respecte a l<a href=\"http:\/\/www.seo.org\/wp-content\/uploads\/2012\/04\/5_milano_real.pdf\"><span class=\"hps\">&#8216;alimentaci\u00f3 del<\/span> <span class=\"hps\">mil\u00e0 reial<\/span><\/a>, n<span class=\"hps\">o \u00e9s<\/span> <span class=\"hps\">un rapinyaire<\/span>\u00a0d&#8217;alimentaci\u00f3\u00a0<span class=\"hps\">espec\u00edfica,<\/span> <span class=\"hps\">alimentant-se<\/span> <span class=\"hps\">d&#8217;animals<\/span> <span class=\"hps\">i<\/span> <span class=\"hps\">de f\u00e0cil<\/span> <span class=\"hps\">captura<\/span>, aix\u00ed <span class=\"hps\">com<\/span> <span class=\"hps\">animals<\/span> <span class=\"hps\">malalts,<\/span>\u00a0ferits,\u00a0<span class=\"hps\">moribunds<\/span>, <span class=\"hps\">fins i tot<\/span> <span class=\"hps\">morts<\/span>, <span class=\"hps\">tamb\u00e9<\/span> <span class=\"hps\">insectes, ratolins<\/span> <span class=\"hps\">i<\/span> <span class=\"hps\">deixalles<\/span> <span class=\"hps\">trobats<\/span> <span class=\"hps\">en<\/span> <span class=\"hps\">els<\/span> <span class=\"hps\">abocadors<\/span> <span class=\"hps\">que freq\u00fcenta<\/span> <span class=\"hps\">principalment<\/span> <span class=\"hps\">a l&#8217;hivern,<\/span> <span class=\"hps\">tenint gran<\/span> <span class=\"hps\">import\u00e0ncia<\/span> <span class=\"hps\">els seus h\u00e0bits<\/span> <span class=\"hps\">carronyers<\/span>.<\/p>\n<p style=\"text-align: justify;\">N<span class=\"hps\">osaltres<\/span> <span class=\"hps\">hem<\/span> <span class=\"hps\">detectat<\/span> <span class=\"hps\">que<\/span> <span class=\"hps\">part<\/span> <span class=\"hps\">de la seva alimentaci\u00f3<\/span> <span class=\"hps\">a la zona<\/span> <span class=\"hps\">consisteix<\/span> <span class=\"hps\">en l&#8217;aprofitament<\/span> <span class=\"hps\">dels<\/span> <span class=\"hps\">conills<\/span> <span class=\"hps\">atropellats<\/span> <span class=\"hps\">a la carretera<\/span> <span class=\"hps\">que d\u00f3na<\/span> <span class=\"hps\">la volta<\/span> <span class=\"hps\">a l&#8217;aeroport<\/span>, <span class=\"hps\">aspecte que<\/span> <span class=\"hps\">ja<\/span> <span class=\"hps\">detectem<\/span>, <span class=\"hps\">a la zona,<\/span> <span class=\"hps\">amb<\/span> <span class=\"hps\">en<\/span> <span class=\"hps\">aligot<\/span> <span class=\"hps\">i<\/span>\u00a0arpellot\u00a0<span class=\"hps\">cendr\u00f3s (<em><a href=\"http:\/\/www.internatura.org\/aocv\/ficha.php?idesp=60\">Circus pygargus<\/a><\/em>)<\/span>. <span class=\"hps\">El que<\/span> <span class=\"hps\">ens<\/span> <span class=\"hps\">trobar\u00edem<\/span> <span class=\"hps\">amb<\/span> <span class=\"hps\">rapinyaires<\/span> <span class=\"hps\">d&#8217;alimentaci\u00f3<\/span> <span class=\"hps\">mixta<\/span>, <span class=\"hps\">capturant<\/span> <span class=\"hps\">animals<\/span> <span class=\"hps\">vius<\/span> <span class=\"hps\">per\u00f2<\/span> <span class=\"hps\">tamb\u00e9<\/span> <span class=\"hps\">aprofitant<\/span> <span class=\"hps\">els<\/span> <span class=\"hps\">cad\u00e0vers<\/span> <span class=\"hps\">d&#8217;animals<\/span> <span class=\"hps\">atropellats<\/span>, <span class=\"hps\">indicant<\/span> <span class=\"hps\">la seva necessitat<\/span> <span class=\"hps\">en l&#8217;equilibri<\/span> <span class=\"hps\">ecol\u00f2gic<\/span> <span class=\"hps\">i<\/span> <span class=\"hps\">l&#8217;eliminaci\u00f3<\/span> <span class=\"hps\">d&#8217;animals<\/span> <span class=\"hps\">morts<\/span> <span class=\"hps\">per evitar<\/span> <span class=\"hps\">possibles<\/span> <span class=\"hps\">infeccions<\/span>.<\/p>\n<div id=\"attachment_3701\" style=\"width: 160px\" class=\"wp-caption alignleft\"><a href=\"http:\/\/www.internatura.org\/blog\/wp-content\/uploads\/2015\/01\/Mila-real-a-3-01-2015-IMG_6.jpg\" rel=\"lightbox\" data-rel=\"lightbox-image-5\" data-rl_title=\"\" data-rl_caption=\"\" title=\"\"><img aria-describedby=\"caption-attachment-3701\" decoding=\"async\" loading=\"lazy\" class=\"wp-image-3701 size-thumbnail aligncenter\" src=\"http:\/\/www.internatura.org\/blog\/wp-content\/uploads\/2015\/01\/Mila-real-a-3-01-2015-IMG_6-150x150.jpg\" alt=\"Mila-real-a-3-01-2015-IMG_6\" width=\"150\" height=\"150\" \/><\/a><p id=\"caption-attachment-3701\" class=\"wp-caption-text\">Mil\u00e0-reial-3-01-2015. Aeroport de Castello<\/p><\/div>\n<div id=\"attachment_3706\" style=\"width: 160px\" class=\"wp-caption alignleft\"><a href=\"http:\/\/www.internatura.org\/blog\/wp-content\/uploads\/2015\/01\/Aeroport-conill-03-01-2015I.jpg\" rel=\"lightbox\" data-rel=\"lightbox-image-6\" data-rl_title=\"\" data-rl_caption=\"\" title=\"\"><img aria-describedby=\"caption-attachment-3706\" decoding=\"async\" loading=\"lazy\" class=\"wp-image-3706 size-thumbnail\" src=\"http:\/\/www.internatura.org\/blog\/wp-content\/uploads\/2015\/01\/Aeroport-conill-03-01-2015I-150x150.jpg\" alt=\"Aeroport-conill-03-01-2015I\" width=\"150\" height=\"150\" \/><\/a><p id=\"caption-attachment-3706\" class=\"wp-caption-text\">Aeroport-conill-03-01-2015<\/p><\/div>\n<div id=\"attachment_3707\" style=\"width: 160px\" class=\"wp-caption alignleft\"><a href=\"http:\/\/www.internatura.org\/blog\/wp-content\/uploads\/2015\/01\/Aeroport-a-conill-03-01-201.jpg\" rel=\"lightbox\" data-rel=\"lightbox-image-7\" data-rl_title=\"\" data-rl_caption=\"\" title=\"\"><img aria-describedby=\"caption-attachment-3707\" decoding=\"async\" loading=\"lazy\" class=\"wp-image-3707 size-thumbnail aligncenter\" src=\"http:\/\/www.internatura.org\/blog\/wp-content\/uploads\/2015\/01\/Aeroport-a-conill-03-01-201-150x150.jpg\" alt=\"Aeroport-a-conill-03-01-201\" width=\"150\" height=\"150\" \/><\/a><p id=\"caption-attachment-3707\" class=\"wp-caption-text\">Aeroport-conill-03-01-2015. Menjat per rapinyaire.<\/p><\/div>\n<p style=\"text-align: justify;\">\n","protected":false},"excerpt":{"rendered":"<p>El passat mes de desembre 2014 membres del GER&#8211;EA (Lid\u00f3n i Josep)\u00a0realitzant els seus controls d&#8217;aus rapinyaires invernates a Castell\u00f3, van detectar la pres\u00e8ncia d&#8217;un mil\u00e0 reial\u00a0(Milvus milvus)\u00a0a la zona de l&#8217;aeroport de Castell\u00f3 (Vilanova d&#8217;Alcolea). Aquesta rapinyaire es va detectar en diverses zones de l&#8217;aeroport i zones de cultiu\u00a0alvoltant, \u2026 <a class=\"continue-reading-link\" href=\"https:\/\/internatura.org\/blog\/?p=3690\"> Continuar leyendo <span class=\"meta-nav\">&rarr; <\/span><\/a><\/p>\n","protected":false},"author":1,"featured_media":0,"comment_status":"closed","ping_status":"closed","sticky":false,"template":"","format":"standard","meta":[],"categories":[25],"tags":[81],"_links":{"self":[{"href":"https:\/\/internatura.org\/blog\/index.php?rest_route=\/wp\/v2\/posts\/3690"}],"collection":[{"href":"https:\/\/internatura.org\/blog\/index.php?rest_route=\/wp\/v2\/posts"}],"about":[{"href":"https:\/\/internatura.org\/blog\/index.php?rest_route=\/wp\/v2\/types\/post"}],"author":[{"embeddable":true,"href":"https:\/\/internatura.org\/blog\/index.php?rest_route=\/wp\/v2\/users\/1"}],"replies":[{"embeddable":true,"href":"https:\/\/internatura.org\/blog\/index.php?rest_route=%2Fwp%2Fv2%2Fcomments&post=3690"}],"version-history":[{"count":26,"href":"https:\/\/internatura.org\/blog\/index.php?rest_route=\/wp\/v2\/posts\/3690\/revisions"}],"predecessor-version":[{"id":3724,"href":"https:\/\/internatura.org\/blog\/index.php?rest_route=\/wp\/v2\/posts\/3690\/revisions\/3724"}],"wp:attachment":[{"href":"https:\/\/internatura.org\/blog\/index.php?rest_route=%2Fwp%2Fv2%2Fmedia&parent=3690"}],"wp:term":[{"taxonomy":"category","embeddable":true,"href":"https:\/\/internatura.org\/blog\/index.php?rest_route=%2Fwp%2Fv2%2Fcategories&post=3690"},{"taxonomy":"post_tag","embeddable":true,"href":"https:\/\/internatura.org\/blog\/index.php?rest_route=%2Fwp%2Fv2%2Ftags&post=3690"}],"curies":[{"name":"wp","href":"https:\/\/api.w.org\/{rel}","templated":true}]}}