{"id":3971,"date":"2015-03-05T19:02:34","date_gmt":"2015-03-05T19:02:34","guid":{"rendered":"http:\/\/www.internatura.org\/blog\/?p=3971"},"modified":"2015-04-06T22:06:23","modified_gmt":"2015-04-06T22:06:23","slug":"esparver-despatlles-negres-a-la-marjal-de-xilxes-febrer-marc-2015","status":"publish","type":"post","link":"https:\/\/internatura.org\/blog\/?p=3971","title":{"rendered":"Esparver d&#8217;espatlles negres a la marjal de Xilxes. Febrer-mar\u00e7 2015"},"content":{"rendered":"<div id=\"attachment_3997\" style=\"width: 160px\" class=\"wp-caption alignleft\"><a href=\"http:\/\/www.internatura.org\/blog\/wp-content\/uploads\/2015\/03\/Elanio-aaa-8-03-2015-xilxes.gif\" rel=\"lightbox\" data-rel=\"lightbox-image-0\" data-rl_title=\"\" data-rl_caption=\"\" title=\"\"><img aria-describedby=\"caption-attachment-3997\" decoding=\"async\" loading=\"lazy\" class=\"wp-image-3997 size-thumbnail\" src=\"http:\/\/www.internatura.org\/blog\/wp-content\/uploads\/2015\/03\/Elanio-aaa-8-03-2015-xilxes-150x150.gif\" alt=\"Elanio-aaa-8-03-2015-xilxes\" width=\"150\" height=\"150\" \/><\/a><p id=\"caption-attachment-3997\" class=\"wp-caption-text\">Esparver d&#8217;espatlles negres. Marjal Xilxes 8-03-2015<\/p><\/div>\n<div id=\"attachment_3989\" style=\"width: 160px\" class=\"wp-caption alignright\"><a href=\"http:\/\/www.internatura.org\/blog\/wp-content\/uploads\/2015\/03\/Elanio-05-03-2016-XilxesDSC.gif\" rel=\"lightbox\" data-rel=\"lightbox-image-1\" data-rl_title=\"\" data-rl_caption=\"\" title=\"\"><img aria-describedby=\"caption-attachment-3989\" decoding=\"async\" loading=\"lazy\" class=\"wp-image-3989 size-thumbnail\" src=\"http:\/\/www.internatura.org\/blog\/wp-content\/uploads\/2015\/03\/Elanio-05-03-2016-XilxesDSC-150x150.gif\" alt=\"Elanio-05-03-2016-XilxesDSC\" width=\"150\" height=\"150\" \/><\/a><p id=\"caption-attachment-3989\" class=\"wp-caption-text\">Esparver d&#8217;espatlles negres. Marjal Xilxes 5-03-2015<\/p><\/div>\n<p style=\"text-align: justify;\">El passat 5 de febrer, el nostre amic ornit\u00f2lec Valentin Tena ens comenta que ha observat un Esparver d&#8217;espatlles\u00a0negres (<em><a href=\"http:\/\/www.internatura.org\/aocv\/ficha.php?idesp=79\">Elanus caeruleus<\/a><\/em>) a la marjal de Xilxes, volant, posat en unes canyes i en el cable de tel\u00e8fon al costat de la carretera de la mar de Xilxes. Pensant que era una observaci\u00f3 espor\u00e0dica i que l&#8217;au havia utilitzat aquesta zona com descans per seguir els seus moviments. Encara aix\u00ed, ens acostem a la zona en diverses ocasions observant la marjal i els cables de la carretera, per\u00f2 sols podem\u00a0veure\u00a0xoriguers vulgars, pensant que l&#8217;esparver d&#8217;espatlles negres havia abandonat la zona.<\/p>\n<div id=\"attachment_4020\" style=\"width: 160px\" class=\"wp-caption aligncenter\"><a href=\"http:\/\/www.internatura.org\/blog\/wp-content\/uploads\/2015\/03\/Elanio-Marta-6-03-2015IMG_0.gif\" rel=\"lightbox\" data-rel=\"lightbox-image-2\" data-rl_title=\"\" data-rl_caption=\"\" title=\"\"><img aria-describedby=\"caption-attachment-4020\" decoding=\"async\" loading=\"lazy\" class=\"wp-image-4020 size-thumbnail\" src=\"http:\/\/www.internatura.org\/blog\/wp-content\/uploads\/2015\/03\/Elanio-Marta-6-03-2015IMG_0-150x150.gif\" alt=\"Elanio-Marta-6-03-2015IMG_0\" width=\"150\" height=\"150\" \/><\/a><p id=\"caption-attachment-4020\" class=\"wp-caption-text\">Esparver d&#8217;espatlles negres. Marta Iba\u00f1ez 06-03-2015<\/p><\/div>\n<p style=\"text-align: justify;\">El 21 de febrer, de nou el nostre company ens comenta que l&#8217;ha tornat a veure a la mateixa zona i el 28 de febrer, a la xarrada realitzada per <a class=\"wta vF\" href=\"https:\/\/plus.google.com\/u\/0\/115436022704467510944?prsrc=4\" target=\"_blank\">Arantza Leal<\/a>\u00a0de SEO\u00a0al Centre del Termet de Vila-real, ens comenta que un altre company ornit\u00f2leg, Jordi Miralles i tamb\u00e9 la nostra companya Marta Iba\u00f1ez, l&#8217;han fotografiat.<\/p>\n<p style=\"text-align: justify;\"><a href=\"http:\/\/www.internatura.org\/blog\/wp-content\/uploads\/2015\/03\/Elanio-a-8-03-2015-xilxes-D.gif\" rel=\"lightbox\" data-rel=\"lightbox-image-3\" data-rl_title=\"\" data-rl_caption=\"\" title=\"\"><img decoding=\"async\" loading=\"lazy\" class=\" wp-image-3987 size-thumbnail alignleft\" src=\"http:\/\/www.internatura.org\/blog\/wp-content\/uploads\/2015\/03\/Elanio-a-8-03-2015-xilxes-D-150x150.gif\" alt=\"Elanio-a-8-03-2015-xilxes-D\" width=\"150\" height=\"150\" \/><\/a><a href=\"http:\/\/www.internatura.org\/blog\/wp-content\/uploads\/2015\/03\/Elanio-bbb-8-03-2015-xilxes.gif\" rel=\"lightbox\" data-rel=\"lightbox-image-4\" data-rl_title=\"\" data-rl_caption=\"\" title=\"\"><img decoding=\"async\" loading=\"lazy\" class=\"alignright wp-image-3990 size-thumbnail\" src=\"http:\/\/www.internatura.org\/blog\/wp-content\/uploads\/2015\/03\/Elanio-bbb-8-03-2015-xilxes-150x150.gif\" alt=\"Elanio-bbb-8-03-2015-xilxes\" width=\"150\" height=\"150\" \/><\/a>Vist que l&#8217;exemplar roman a la zona, membres del GER-EA ens traslladem per intentar observar-lo, no sent fins al dia 2 de mar\u00e7 quan el localitzem per primera vegada. Eren les 8:00h. del mat\u00ed quan el vam poder veure posat en unes canyes, al costat d&#8217;una cam\u00ed. Intentem parar a una dist\u00e0ncia prudencial, per\u00f2 un altre cotxe se&#8217;ns ve per darrera i comen\u00e7a a donar-li al claxon, fent saltar l&#8217;esparver d&#8217;espatlles negres, el qual es posa a la punta d&#8217;una figuera propera al cam\u00ed, romanent uns segons per tornar a saltar i despla\u00e7ar-se cap al SO, desapareixent de la nostra vista.\u00a0Esperem una estona i al no tornar ens anem.<\/p>\n<p style=\"text-align: justify;\"><a href=\"http:\/\/www.internatura.org\/blog\/wp-content\/uploads\/2015\/03\/Elanio-02-03-2015-Xilxes-IM.gif\" rel=\"lightbox\" data-rel=\"lightbox-image-5\" data-rl_title=\"\" data-rl_caption=\"\" title=\"\"><img decoding=\"async\" loading=\"lazy\" class=\"alignleft wp-image-3988 size-thumbnail\" src=\"http:\/\/www.internatura.org\/blog\/wp-content\/uploads\/2015\/03\/Elanio-02-03-2015-Xilxes-IM-150x150.gif\" alt=\"Elanio-02-03-2015-Xilxes-IM\" width=\"150\" height=\"150\" \/><\/a><a href=\"http:\/\/www.internatura.org\/blog\/wp-content\/uploads\/2015\/03\/Elanio-10-03-2015-XilxesIMG.gif\" rel=\"lightbox\" data-rel=\"lightbox-image-6\" data-rl_title=\"\" data-rl_caption=\"\" title=\"\"><img decoding=\"async\" loading=\"lazy\" class=\"alignright wp-image-4001 size-thumbnail\" src=\"http:\/\/www.internatura.org\/blog\/wp-content\/uploads\/2015\/03\/Elanio-10-03-2015-XilxesIMG-150x150.gif\" alt=\"Elanio-10-03-2015-XilxesIMG\" width=\"150\" height=\"150\" \/><\/a>A les 17:00h. tornem a la zona observant-lo volant i posat en diferents canyes i puntes d&#8217;arbres, gaudint d&#8217;aquesta petit rapinyaire, destacant la seva tonalitat blanca\u00a0amb les puntes de les ales negres per baix, gris per la part superior de cos i les taques negres\u00a0a les espatlles,\u00a0identificat com a adult.<\/p>\n<p style=\"text-align: justify;\">Quan es posa destaca el moviment de dalt a baix de la cua, fent molt visible a dist\u00e0ncia, aspecte que contrasta quan esta d&#8217;esquena que \u00e9s gaireb\u00e9 invisible,\u00a0sin\u00f3 \u00e9s perqu\u00e8\u00a0\u00e9s\u00a0delatat per les garses (<em>Pica pica<\/em>) que no deixaven de instigar i delatar la seva pres\u00e8ncia.<\/p>\n<p style=\"text-align: justify;\"><a href=\"http:\/\/www.internatura.org\/blog\/wp-content\/uploads\/2015\/03\/Elanio-a-10-03-2015-XilxesI.gif\" rel=\"lightbox\" data-rel=\"lightbox-image-7\" data-rl_title=\"\" data-rl_caption=\"\" title=\"\"><img decoding=\"async\" loading=\"lazy\" class=\"alignleft wp-image-4003 size-thumbnail\" src=\"http:\/\/www.internatura.org\/blog\/wp-content\/uploads\/2015\/03\/Elanio-a-10-03-2015-XilxesI-150x150.gif\" alt=\"Elanio-a-10-03-2015-XilxesI\" width=\"150\" height=\"150\" \/><\/a><a href=\"http:\/\/www.internatura.org\/blog\/wp-content\/uploads\/2015\/03\/Elanio-h-8-03-2015-xilxesIM.gif\" rel=\"lightbox\" data-rel=\"lightbox-image-8\" data-rl_title=\"\" data-rl_caption=\"\" title=\"\"><img decoding=\"async\" loading=\"lazy\" class=\"alignright wp-image-3994 size-thumbnail\" src=\"http:\/\/www.internatura.org\/blog\/wp-content\/uploads\/2015\/03\/Elanio-h-8-03-2015-xilxesIM-150x150.gif\" alt=\"Elanio-h-8-03-2015-xilxesIM\" width=\"150\" height=\"150\" \/><\/a>A m\u00e9s, un altre aspecte crida la\u00a0nostra atenci\u00f3. Va ser la forma de planar, diferent a la forma del xoriguer.<\/p>\n<p style=\"text-align: justify;\">\u00c9s curi\u00f3s que l&#8217;au es despla\u00e7a mirant a terra d&#8217;un costat a un altre, a una al\u00e7ada relativament baixa. Quan es disposa a planar fa un moviment de baix a dalt, i deixa les cames penjant amb les urpes de vegades obertes, d\u00f3na uns moviments d&#8217;ales que duren escasos segons i vola amb un vol de prospecci\u00f3, al moment el mateix moviment indicatiu que va a planar, dues o tres moviment d&#8217;ales amb les potes penjant, i segueix la prospecci\u00f3. De vegades es posa a la punta de diverses canyes o punta d&#8217;arbres on prospecta tot el territori.<\/p>\n<div id=\"attachment_3991\" style=\"width: 160px\" class=\"wp-caption alignleft\"><a href=\"http:\/\/www.internatura.org\/blog\/wp-content\/uploads\/2015\/03\/Elanio-f-02-03-2015-Xilxes-.gif\" rel=\"lightbox\" data-rel=\"lightbox-image-9\" data-rl_title=\"\" data-rl_caption=\"\" title=\"\"><img aria-describedby=\"caption-attachment-3991\" decoding=\"async\" loading=\"lazy\" class=\"wp-image-3991 size-thumbnail\" src=\"http:\/\/www.internatura.org\/blog\/wp-content\/uploads\/2015\/03\/Elanio-f-02-03-2015-Xilxes--150x150.gif\" alt=\"Elanio-f-02-03-2015-Xilxes-\" width=\"150\" height=\"150\" \/><\/a><p id=\"caption-attachment-3991\" class=\"wp-caption-text\">Esparver d&#8217;espatlles negres. Marjal Xilxes 2-03-2015<\/p><\/div>\n<p style=\"text-align: justify;\"><a href=\"http:\/\/www.internatura.org\/blog\/wp-content\/uploads\/2015\/03\/Elanio-e-02-03-2015-Xilxes-.gif\" rel=\"lightbox\" data-rel=\"lightbox-image-10\" data-rl_title=\"\" data-rl_caption=\"\" title=\"\"><img decoding=\"async\" loading=\"lazy\" class=\"alignright wp-image-3992 size-thumbnail\" src=\"http:\/\/www.internatura.org\/blog\/wp-content\/uploads\/2015\/03\/Elanio-e-02-03-2015-Xilxes--150x150.gif\" alt=\"Elanio-e-02-03-2015-Xilxes-\" width=\"150\" height=\"150\" srcset=\"https:\/\/internatura.org\/blog\/wp-content\/uploads\/2015\/03\/Elanio-e-02-03-2015-Xilxes--150x150.gif 150w, https:\/\/internatura.org\/blog\/wp-content\/uploads\/2015\/03\/Elanio-e-02-03-2015-Xilxes--300x300.gif 300w\" sizes=\"(max-width: 150px) 100vw, 150px\" \/><\/a>La forma de ca\u00e7a \u00e9s un lleuger picat cap a terra amb les urpes obertes i les ales cap enrere, t\u00edpica de les rapinyaires, per\u00f2 en la gran majoria dels intents s\u00f3n fracassos per aconseguir l&#8217;alimentaci\u00f3. Nom\u00e9s en una ocasi\u00f3 hem pogut observar com atrapava una petita au, despla\u00e7ant a un pal al costat de la carretera per menjar-se&#8217;l. Tamb\u00e9, en aquesta ocasi\u00f3, els cotxes feien que el rapinyaire es desplac\u00e9s d&#8217;un pal a un altre intentant alimentar-se per\u00f2 era impossible.<\/p>\n<table border=\"0\">\n<tbody>\n<tr>\n<td><a href=\"http:\/\/www.internatura.org\/blog\/wp-content\/uploads\/2015\/03\/Elanio-10-03-15-XilxesIMG_9.gif\" rel=\"lightbox\" data-rel=\"lightbox-image-11\" data-rl_title=\"\" data-rl_caption=\"\" title=\"\"><img decoding=\"async\" loading=\"lazy\" class=\"alignleft wp-image-3982 size-thumbnail\" src=\"http:\/\/www.internatura.org\/blog\/wp-content\/uploads\/2015\/03\/Elanio-10-03-15-XilxesIMG_9-150x150.gif\" alt=\"Elanio-10-03-15-XilxesIMG_9\" width=\"150\" height=\"150\" \/><\/a><a href=\"http:\/\/www.internatura.org\/blog\/wp-content\/uploads\/2015\/03\/Elanio-b-8-03-2015-xilxesIM.gif\" rel=\"lightbox\" data-rel=\"lightbox-image-12\" data-rl_title=\"\" data-rl_caption=\"\" title=\"\"><img decoding=\"async\" loading=\"lazy\" class=\"alignleft wp-image-3984 size-thumbnail\" src=\"http:\/\/www.internatura.org\/blog\/wp-content\/uploads\/2015\/03\/Elanio-b-8-03-2015-xilxesIM-150x150.gif\" alt=\"Elanio-b-8-03-2015-xilxesIM\" width=\"150\" height=\"150\" \/><\/a><a href=\"http:\/\/www.internatura.org\/blog\/wp-content\/uploads\/2015\/03\/Elanio-c-8-03-2015-xilxes-D.gif\" rel=\"lightbox\" data-rel=\"lightbox-image-13\" data-rl_title=\"\" data-rl_caption=\"\" title=\"\"><img decoding=\"async\" loading=\"lazy\" class=\"alignleft wp-image-3983 size-thumbnail\" src=\"http:\/\/www.internatura.org\/blog\/wp-content\/uploads\/2015\/03\/Elanio-c-8-03-2015-xilxes-D-150x150.gif\" alt=\"Elanio-c-8-03-2015-xilxes-D\" width=\"150\" height=\"150\" \/><\/a><a href=\"http:\/\/www.internatura.org\/blog\/wp-content\/uploads\/2015\/03\/Elanio-b-10-03-15-XilxesIMG.gif\" rel=\"lightbox\" data-rel=\"lightbox-image-14\" data-rl_title=\"\" data-rl_caption=\"\" title=\"\"><img decoding=\"async\" loading=\"lazy\" class=\"alignleft wp-image-3980 size-thumbnail\" src=\"http:\/\/www.internatura.org\/blog\/wp-content\/uploads\/2015\/03\/Elanio-b-10-03-15-XilxesIMG-150x150.gif\" alt=\"Elanio-b-10-03-15-XilxesIMG\" width=\"150\" height=\"150\" \/><\/a><a href=\"http:\/\/www.internatura.org\/blog\/wp-content\/uploads\/2015\/03\/Elanio-a-10-03-15-XilxesIMG.gif\" rel=\"lightbox\" data-rel=\"lightbox-image-15\" data-rl_title=\"\" data-rl_caption=\"\" title=\"\"><img decoding=\"async\" loading=\"lazy\" class=\"alignleft wp-image-3981 size-thumbnail\" src=\"http:\/\/www.internatura.org\/blog\/wp-content\/uploads\/2015\/03\/Elanio-a-10-03-15-XilxesIMG-150x150.gif\" alt=\"Elanio-a-10-03-15-XilxesIMG\" width=\"150\" height=\"150\" \/><\/a><\/td>\n<\/tr>\n<\/tbody>\n<\/table>\n<p><a href=\"http:\/\/www.internatura.org\/blog\/wp-content\/uploads\/2015\/03\/Elanio-cc-8-03-2015-xilxes-.gif\" rel=\"lightbox\" data-rel=\"lightbox-image-16\" data-rl_title=\"\" data-rl_caption=\"\" title=\"\"><img decoding=\"async\" loading=\"lazy\" class=\"alignright wp-image-3985 size-thumbnail\" src=\"http:\/\/www.internatura.org\/blog\/wp-content\/uploads\/2015\/03\/Elanio-cc-8-03-2015-xilxes--150x150.gif\" alt=\"Elanio-cc-8-03-2015-xilxes-\" width=\"150\" height=\"150\" \/><\/a><\/p>\n<p>&nbsp;<\/p>\n<p>A partir d&#8217;aquest dia, ens hem traslladat en diverses ocasions del mes de mar\u00e7 observant-lo a dist\u00e0ncia, ja que no deixa acostar-se. \u00c9s curi\u00f3s com mant\u00e9 una dist\u00e0ncia important entre l&#8217;observador i l&#8217;au, fins i tot quan l&#8217;observaci\u00f3 es realitza des del cotxe. No hem pogut apropar-nos a una dist\u00e0ncia curta per observar-lo amb deteniment, la c\u00e0mera de fotos o de v\u00eddeo acoplada al telescopi ha estat la forma de poder fotografiar i filmar aquesta bell\u00edssima au i rara per a la nostra prov\u00edncia.<\/p>\n<p style=\"text-align: justify;\"><a href=\"http:\/\/www.internatura.org\/blog\/wp-content\/uploads\/2015\/03\/Elanio-a-8-03-2015-IMG_9298.gif\" rel=\"lightbox\" data-rel=\"lightbox-image-17\" data-rl_title=\"\" data-rl_caption=\"\" title=\"\"><img decoding=\"async\" loading=\"lazy\" class=\"alignleft wp-image-4012 size-thumbnail\" src=\"http:\/\/www.internatura.org\/blog\/wp-content\/uploads\/2015\/03\/Elanio-a-8-03-2015-IMG_9298-150x150.gif\" alt=\"Elanio-a-8-03-2015-IMG_9298\" width=\"150\" height=\"150\" \/><\/a><a href=\"http:\/\/www.internatura.org\/blog\/wp-content\/uploads\/2015\/03\/Elanio-8-03-2015-IMG_9298.gif\" rel=\"lightbox\" data-rel=\"lightbox-image-18\" data-rl_title=\"\" data-rl_caption=\"\" title=\"\"><img decoding=\"async\" loading=\"lazy\" class=\"alignright wp-image-4011 size-thumbnail\" src=\"http:\/\/www.internatura.org\/blog\/wp-content\/uploads\/2015\/03\/Elanio-8-03-2015-IMG_9298-150x150.gif\" alt=\"Elanio-8-03-2015-IMG_9298\" width=\"150\" height=\"150\" \/><\/a>La zona on es localitza \u00e9s de redu\u00efdes dimensions, caracteritzada per ser zones de cultiu de regadiu, especialment dedicat al cultiu de melons, tom\u00e0quets, pebrots, unint petites zones de cultiu d&#8217;olivera, granades i en la part nord, tarongers. Trobem a m\u00e9s, zones de cultiu abandonat sent un herbassar i zones de marjal i petites s\u00e8quies de terra que proporcionen aigua als cultius.<\/p>\n<div id=\"attachment_4013\" style=\"width: 160px\" class=\"wp-caption aligncenter\"><a href=\"http:\/\/www.internatura.org\/blog\/wp-content\/uploads\/2015\/03\/EMuixetaDSCN6034.gif\" rel=\"lightbox\" data-rel=\"lightbox-image-19\" data-rl_title=\"\" data-rl_caption=\"\" title=\"\"><img aria-describedby=\"caption-attachment-4013\" decoding=\"async\" loading=\"lazy\" class=\"wp-image-4013 size-thumbnail\" src=\"http:\/\/www.internatura.org\/blog\/wp-content\/uploads\/2015\/03\/EMuixetaDSCN6034-150x150.gif\" alt=\"EMuixetaDSCN6034\" width=\"150\" height=\"150\" \/><\/a><p id=\"caption-attachment-4013\" class=\"wp-caption-text\">Xoriguer alimentant d&#8217;una au.<\/p><\/div>\n<p><a href=\"http:\/\/www.internatura.org\/blog\/wp-content\/uploads\/2015\/03\/Marjal-Xilxes-18-3-15-DSCN7.gif\" rel=\"lightbox\" data-rel=\"lightbox-image-20\" data-rl_title=\"\" data-rl_caption=\"\" title=\"\"><img decoding=\"async\" loading=\"lazy\" class=\"alignleft size-thumbnail wp-image-4023\" src=\"http:\/\/www.internatura.org\/blog\/wp-content\/uploads\/2015\/03\/Marjal-Xilxes-18-3-15-DSCN7-150x150.gif\" alt=\"Marjal-Xilxes-18-3-15-DSCN7\" width=\"150\" height=\"150\" \/><\/a><\/p>\n<p style=\"text-align: justify;\"><a href=\"http:\/\/www.internatura.org\/blog\/wp-content\/uploads\/2015\/03\/Marjal-Xilxes-a-18-3-15-DSC.gif\" rel=\"lightbox\" data-rel=\"lightbox-image-21\" data-rl_title=\"\" data-rl_caption=\"\" title=\"\"><img decoding=\"async\" loading=\"lazy\" class=\"alignleft size-thumbnail wp-image-4024\" src=\"http:\/\/www.internatura.org\/blog\/wp-content\/uploads\/2015\/03\/Marjal-Xilxes-a-18-3-15-DSC-150x150.gif\" alt=\"Marjal-Xilxes-a-18-3-15-DSC\" width=\"150\" height=\"150\" \/><\/a><a href=\"http:\/\/www.internatura.org\/blog\/wp-content\/uploads\/2015\/03\/Marjal-Xilxes-b-18-3-15-DSC.gif\" rel=\"lightbox\" data-rel=\"lightbox-image-22\" data-rl_title=\"\" data-rl_caption=\"\" title=\"\"><img decoding=\"async\" loading=\"lazy\" class=\"alignleft wp-image-4025 size-thumbnail\" src=\"http:\/\/www.internatura.org\/blog\/wp-content\/uploads\/2015\/03\/Marjal-Xilxes-b-18-3-15-DSC-150x150.gif\" alt=\"Marjal-Xilxes-b-18-3-15-DSC\" width=\"150\" height=\"150\" \/><\/a>En els dos \u00faltims anys, la zona de canyissar ha estat transformada per cultiu de caqui. Tota aquesta diversitat d&#8217;habitat d\u00f3na cabuda a una gran quantitat i diversitat de petites aus i micromam\u00edfers com ratolins i talpons. Aquesta zona \u00e9s utilitzada per diverses parelles de xoriguer vulgar (<em><a href=\"http:\/\/www.internatura.org\/aocv\/ficha.php?idesp=84\">Falco tinnunculus<\/a><\/em>), individus hivernants de \u00e0guila cal\u00e7ada (<em><a href=\"http:\/\/www.internatura.org\/aocv\/ficha.php?idesp=62\">Aquila pennata<\/a><\/em>), aligot (<em><a href=\"http:\/\/www.internatura.org\/aocv\/ficha.php?idesp=69\">Buteo buteo<\/a><\/em>) i arpellot de marjal (<a href=\"http:\/\/www.internatura.org\/aocv\/ficha.php?idesp=76\"><em>Circus aeruginosu<\/em>s<\/a>) i arpellot p\u00e0l\u00b7lid (<em><a href=\"http:\/\/www.internatura.org\/aocv\/ficha.php?idesp=68\">Circus cyaneus<\/a><\/em>), a m\u00e9s, \u00e9s la mateixa zona que durant diversos hiverns es va localitzar un Arpella p\u00e0l\u00b7lida russa (<em><a href=\"http:\/\/www.internatura.org\/aocv\/ficha.php?idesp=420\">Circus macrourus<\/a><\/em>).<\/p>\n<p style=\"text-align: justify;\">A la prov\u00edncia de Castell\u00f3 no tenim const\u00e0ncia de cria d&#8217;aquest petit rapinyaire, encara que hi ha diferents observacions tots els anys i una possible reproducci\u00f3 en l&#8217;any 2008 a la zona de Vilanova d&#8217;Alcolea, per\u00f2 sense confirmar (veure <a href=\"http:\/\/www.internatura.org\/aocv\/anuario_2008.pdf\">anuari 2008<\/a>). A la prov\u00edncia de Val\u00e8ncia hi ha diferents parelles nidificants, sent la primera reproducci\u00f3 en l&#8217;any 2006 a la comarca<a href=\"http:\/\/estudiossvorequeutiel.blogspot.com.es\/2006\/12\/el-elanio-comn-en-la-comarca-de.html\"> Requena &#8211; Utiel<\/a>, mentre que a la prov\u00edncia d&#8217;Alacant la primera reproducci\u00f3 \u00e9s citada en l&#8217;any 2010. Esperem que en breu s&#8217;uneixca la nostra prov\u00edncia a parelles reproductores.<\/p>\n<p><iframe loading=\"lazy\" width=\"800\" height=\"600\" src=\"https:\/\/www.youtube.com\/embed\/C3c7i8Msvhc?feature=oembed\" frameborder=\"0\" allow=\"autoplay; encrypted-media\" allowfullscreen><\/iframe><\/p>\n<p style=\"text-align: justify;\"><em><strong>Articles d&#8217;inter\u00e8s<\/strong><\/em>:<\/p>\n<ul>\n<li><a title=\"EL ELANIO COM\u00daN EN LA COMARCA DE REQUENA-UTIEL.\" href=\"http:\/\/estudiossvorequeutiel.blogspot.com.es\/2006\/12\/el-elanio-comn-en-la-comarca-de.html\" target=\"_blank\">http:\/\/estudiossvorequeutiel.blogspot.com.es\/2006\/12\/el-elanio-comn-en-la-comarca-de.html<\/a><\/li>\n<li><a title=\"UN ELANIO EN L'HORTA NORD\" href=\"http:\/\/svocuadernocampo.blogspot.com.es\/2008\/10\/un-elanio-en-lhorta-nord.html\" target=\"_blank\">http:\/\/svocuadernocampo.blogspot.com.es\/2008\/10\/un-elanio-en-lhorta-nord.html<\/a><\/li>\n<li><a title=\"ELANIO EN EL FONDO d'ELX\" href=\"http:\/\/svocuadernocampo.blogspot.com.es\/2009\/11\/elanio-en-el-fondo-delx.html\" target=\"_blank\">http:\/\/svocuadernocampo.blogspot.com.es\/2009\/11\/elanio-en-el-fondo-delx.html<\/a><\/li>\n<\/ul>\n<p>&nbsp;<\/p>\n","protected":false},"excerpt":{"rendered":"<p>El passat 5 de febrer, el nostre amic ornit\u00f2lec Valentin Tena ens comenta que ha observat un Esparver d&#8217;espatlles\u00a0negres (Elanus caeruleus) a la marjal de Xilxes, volant, posat en unes canyes i en el cable de tel\u00e8fon al costat de la carretera de la mar de Xilxes. Pensant que era \u2026 <a class=\"continue-reading-link\" href=\"https:\/\/internatura.org\/blog\/?p=3971\"> Continuar leyendo <span class=\"meta-nav\">&rarr; <\/span><\/a><\/p>\n","protected":false},"author":1,"featured_media":0,"comment_status":"closed","ping_status":"closed","sticky":false,"template":"","format":"standard","meta":[],"categories":[25,12],"tags":[76],"_links":{"self":[{"href":"https:\/\/internatura.org\/blog\/index.php?rest_route=\/wp\/v2\/posts\/3971"}],"collection":[{"href":"https:\/\/internatura.org\/blog\/index.php?rest_route=\/wp\/v2\/posts"}],"about":[{"href":"https:\/\/internatura.org\/blog\/index.php?rest_route=\/wp\/v2\/types\/post"}],"author":[{"embeddable":true,"href":"https:\/\/internatura.org\/blog\/index.php?rest_route=\/wp\/v2\/users\/1"}],"replies":[{"embeddable":true,"href":"https:\/\/internatura.org\/blog\/index.php?rest_route=%2Fwp%2Fv2%2Fcomments&post=3971"}],"version-history":[{"count":38,"href":"https:\/\/internatura.org\/blog\/index.php?rest_route=\/wp\/v2\/posts\/3971\/revisions"}],"predecessor-version":[{"id":4116,"href":"https:\/\/internatura.org\/blog\/index.php?rest_route=\/wp\/v2\/posts\/3971\/revisions\/4116"}],"wp:attachment":[{"href":"https:\/\/internatura.org\/blog\/index.php?rest_route=%2Fwp%2Fv2%2Fmedia&parent=3971"}],"wp:term":[{"taxonomy":"category","embeddable":true,"href":"https:\/\/internatura.org\/blog\/index.php?rest_route=%2Fwp%2Fv2%2Fcategories&post=3971"},{"taxonomy":"post_tag","embeddable":true,"href":"https:\/\/internatura.org\/blog\/index.php?rest_route=%2Fwp%2Fv2%2Ftags&post=3971"}],"curies":[{"name":"wp","href":"https:\/\/api.w.org\/{rel}","templated":true}]}}