{"id":4055,"date":"2015-03-11T22:06:31","date_gmt":"2015-03-11T22:06:31","guid":{"rendered":"http:\/\/www.internatura.org\/blog\/?p=4055"},"modified":"2015-04-06T22:06:40","modified_gmt":"2015-04-06T22:06:40","slug":"duc-petit-nidificant-a-la-marjal-dalmenara-el-11032015","status":"publish","type":"post","link":"https:\/\/internatura.org\/blog\/?p=4055","title":{"rendered":"Duc petit nidificant a la Marjal d&#8217;Almenara &#8211; Quartell 11\/03\/2015"},"content":{"rendered":"<div id=\"attachment_4056\" style=\"width: 160px\" class=\"wp-caption alignleft\"><a href=\"http:\/\/www.internatura.org\/blog\/wp-content\/uploads\/2015\/03\/Buho-chico-g-11-3-2015-IMG_.gif\" rel=\"lightbox\" data-rel=\"lightbox-image-0\" data-rl_title=\"\" data-rl_caption=\"\" title=\"\"><img aria-describedby=\"caption-attachment-4056\" decoding=\"async\" loading=\"lazy\" class=\"wp-image-4056 size-thumbnail\" src=\"http:\/\/www.internatura.org\/blog\/wp-content\/uploads\/2015\/03\/Buho-chico-g-11-3-2015-IMG_-150x150.gif\" alt=\"Buho-chico-g-11-3-2015-IMG_\" width=\"150\" height=\"150\" \/><\/a><p id=\"caption-attachment-4056\" class=\"wp-caption-text\">Duc petit 11\/03\/2015<\/p><\/div>\n<p style=\"text-align: justify;\"><a href=\"http:\/\/www.internatura.org\/blog\/wp-content\/uploads\/2015\/03\/Buho-chico-aaa-11-3-2015-IM.gif\" rel=\"lightbox\" data-rel=\"lightbox-image-1\" data-rl_title=\"\" data-rl_caption=\"\" title=\"\"><img decoding=\"async\" loading=\"lazy\" class=\"alignright wp-image-4063 size-thumbnail\" src=\"http:\/\/www.internatura.org\/blog\/wp-content\/uploads\/2015\/03\/Buho-chico-aaa-11-3-2015-IM-150x150.gif\" alt=\"Buho-chico-aaa-11-3-2015-IM\" width=\"150\" height=\"150\" \/><\/a>El passat 11 de mar\u00e7 del 2015, fent el control normal d&#8217;aus a la marjal d&#8217;Almenara i zona lim\u00edtrofa amb la prov\u00edncia de Val\u00e8ncia, uns amics ornit\u00f2legs que estaven anellant, ens comenten que s&#8217;ha localitzat un niu de Duc petit <em>(<a href=\"http:\/\/www.internatura.org\/aocv\/ficha.php?idesp=195\">Asio otus<\/a><\/em>) amb dues pollets en una zona d&#8217;eucaliptus molt propera al mar.<\/p>\n<p style=\"text-align: justify;\">Despr\u00e9s de fer el cens d&#8217;aus ens acostem a la zona, on trobem a un altre ornit\u00f2leg observant el niu. Ens comenta que el niu va ser localitzat per operaris que estaven fent una poda d&#8217;un grup d&#8217;eucaliptus en una urbanitzaci\u00f3.<\/p>\n<table border=\"0\" align=\"center\">\n<tbody>\n<tr>\n<td align=\"center\">\n<div id=\"attachment_4060\" style=\"width: 160px\" class=\"wp-caption alignleft\"><a href=\"http:\/\/www.internatura.org\/blog\/wp-content\/uploads\/2015\/03\/Buho-chico-a-11-3-2015-IMG_.gif\" rel=\"lightbox\" data-rel=\"lightbox-image-2\" data-rl_title=\"\" data-rl_caption=\"\" title=\"\"><img aria-describedby=\"caption-attachment-4060\" decoding=\"async\" loading=\"lazy\" class=\"wp-image-4060 size-thumbnail\" src=\"http:\/\/www.internatura.org\/blog\/wp-content\/uploads\/2015\/03\/Buho-chico-a-11-3-2015-IMG_-150x150.gif\" alt=\"Buho-chico-a-11-3-2015-IMG_\" width=\"150\" height=\"150\" \/><\/a><p id=\"caption-attachment-4060\" class=\"wp-caption-text\">Niu de garsa amb pollet de Duc petit 11-03-2015<\/p><\/div>\n<div id=\"attachment_4061\" style=\"width: 160px\" class=\"wp-caption alignleft\"><a href=\"http:\/\/www.internatura.org\/blog\/wp-content\/uploads\/2015\/03\/Buho-chico-f-11-3-2015-IMG_.gif\" rel=\"lightbox\" data-rel=\"lightbox-image-3\" data-rl_title=\"\" data-rl_caption=\"\" title=\"\"><img aria-describedby=\"caption-attachment-4061\" decoding=\"async\" loading=\"lazy\" class=\"wp-image-4061 size-thumbnail\" src=\"http:\/\/www.internatura.org\/blog\/wp-content\/uploads\/2015\/03\/Buho-chico-f-11-3-2015-IMG_-150x150.gif\" alt=\"Buho-chico-f-11-3-2015-IMG_\" width=\"150\" height=\"150\" srcset=\"https:\/\/internatura.org\/blog\/wp-content\/uploads\/2015\/03\/Buho-chico-f-11-3-2015-IMG_-150x150.gif 150w, https:\/\/internatura.org\/blog\/wp-content\/uploads\/2015\/03\/Buho-chico-f-11-3-2015-IMG_-300x300.gif 300w\" sizes=\"(max-width: 150px) 100vw, 150px\" \/><\/a><p id=\"caption-attachment-4061\" class=\"wp-caption-text\">Niu amb dos pollet i la femella 11-03-2015<\/p><\/div>\n<p><div id=\"attachment_4087\" style=\"width: 160px\" class=\"wp-caption alignleft\"><a href=\"http:\/\/www.internatura.org\/blog\/wp-content\/uploads\/2015\/03\/Buho-chico-lluis-11-3-2015-.gif\" rel=\"lightbox\" data-rel=\"lightbox-image-4\" data-rl_title=\"\" data-rl_caption=\"\" title=\"\"><img aria-describedby=\"caption-attachment-4087\" decoding=\"async\" loading=\"lazy\" class=\"wp-image-4087 size-thumbnail\" src=\"http:\/\/www.internatura.org\/blog\/wp-content\/uploads\/2015\/03\/Buho-chico-lluis-11-3-2015--150x150.gif\" alt=\"Buho-chico-lluis-11-3-2015-\" width=\"150\" height=\"150\" \/><\/a><p id=\"caption-attachment-4087\" class=\"wp-caption-text\">Membre del GER-EA observant el niu.<\/p><\/div><\/td>\n<\/tr>\n<tr>\n<td>\n<p style=\"text-align: justify;\"><a href=\"http:\/\/www.internatura.org\/blog\/wp-content\/uploads\/2015\/03\/Buho-chico-b-11-3-2015-IMG_.gif\" rel=\"lightbox\" data-rel=\"lightbox-image-5\" data-rl_title=\"\" data-rl_caption=\"\" title=\"\"><img decoding=\"async\" loading=\"lazy\" class=\"alignleft wp-image-4071 size-thumbnail\" src=\"http:\/\/www.internatura.org\/blog\/wp-content\/uploads\/2015\/03\/Buho-chico-b-11-3-2015-IMG_-150x150.gif\" alt=\"Buho-chico-b-11-3-2015-IMG_\" width=\"150\" height=\"150\" \/><\/a>El observem com el niu pertany a una garsa (<em><a href=\"http:\/\/www.internatura.org\/aocv\/ficha.php?idesp=314\">Pica pica<\/a><\/em>), s&#8217;observa la pres\u00e8ncia de dos pollets encara amb plomissol i la\u00a0\u00a0\u00a0\u00a0femella adulta al costat del niu. Estan els tres imm\u00f2bils, obrint molt poc els ulls per observar els nostres moviment. Amb molta prud\u00e8ncia i des de la carretera, mirem amb el telescopi i fem fotos i videoescoping, de les aus.<\/p>\n<p style=\"text-align: justify;\">La localitzaci\u00f3 d&#8217;aquest niu ens ha fet pensar que en altres zones on ha augmentat la poblaci\u00f3 de garses, poden haver instal\u00b7lats altres parelles de Duc petit, en concret es pensa en la zona d&#8217;eucaliptus de la marjal d&#8217;Almenara al costat de la carretera, a la zona de la marjal de Nules &#8211; Borriana o les zones d&#8217;arbres amb nius de garses a la desembocadura del riu Millars.<\/p>\n<p style=\"text-align: justify;\">A la setmana de veure el niu amb els pollets vam tornar a la zona i no vam veure cap exemplar revisant tots els eucaliptus trobant diversos nius m\u00e9s de garsa i colom o tortola. El darrera dia que vam anar a prospectar la zona va ser el 22 de mar\u00e7, sense veure tampoc cap exemplar, encara que port\u00e0vem un parell de dies amb mal temps i pluges intenses, considerem que aix\u00f2 no va fer desapar\u00e8ixer als Ducs.<\/p>\n<p style=\"text-align: justify;\"><a href=\"http:\/\/www.internatura.org\/blog\/wp-content\/uploads\/2015\/03\/Buho-chico-e-11-3-2015-IMG_.gif\" rel=\"lightbox\" data-rel=\"lightbox-image-6\" data-rl_title=\"\" data-rl_caption=\"\" title=\"\"><img decoding=\"async\" loading=\"lazy\" class=\"alignleft wp-image-4069 size-thumbnail\" src=\"http:\/\/www.internatura.org\/blog\/wp-content\/uploads\/2015\/03\/Buho-chico-e-11-3-2015-IMG_-150x150.gif\" alt=\"Buho-chico-e-11-3-2015-IMG_\" width=\"150\" height=\"150\" \/><\/a>El Duc petit\u00a0ha estat una esp\u00e8cie poc estudiada a la prov\u00edncia de Castell\u00f3, especialment a causa del desconeixement de l&#8217;esp\u00e8cie, a l&#8217;escassetat de parelles nidificants, els seus h\u00e0bits nocturns, la seva mimetisme durant les hores del dia i per la manca d&#8217;investigadors d&#8217;aus nocturnes,\u00a0aix\u00f2 ha fet pensar que el nombre de Duc petit\u00a0est\u00e0 limitat per l&#8217;escassetat de nius disponibles d&#8217;altres esp\u00e8cies com els c\u00f2rvid.<\/p>\n<p style=\"text-align: justify;\">En aquest sentit des del GER-EA, fa un parell de d\u00e8cades, vam realitzar un petit estudi dirigit a augmentar la disponibilitat de nius artificials en una zona de l&#8217;Alt Maestrat, en col\u00b7laboraci\u00f3 amb el grup ecologista de Vilafranca (<a href=\"http:\/\/www.internatura.org\/grupos\/gev.html\">GEV<\/a>). A causa de la manca de persones destinades a controlar tots els nius no es va poder fer un seguiment durant diverses temporades de cria, pel que no es va poder treure cap conclusi\u00f3 (<a title=\"Estudio del aumento artificial de los lugares de cr\u00eda del Buho chico (Asio otus) y Alcot\u00e1n (Falco subbuteo) en la Provincia de Castell\u00f3n\" href=\"http:\/\/www.internatura.org\/estudios\/nidoarti.html\" target=\"_blank\">veure estudi<\/a>).<\/p>\n<\/td>\n<td>\n<p style=\"text-align: justify;\"><a href=\"http:\/\/www.internatura.org\/blog\/wp-content\/uploads\/2015\/03\/Buho-chico-f-11-3-2015-IMG_1.gif\" rel=\"lightbox\" data-rel=\"lightbox-image-7\" data-rl_title=\"\" data-rl_caption=\"\" title=\"\"><img decoding=\"async\" loading=\"lazy\" class=\"alignnone wp-image-4070 size-thumbnail\" src=\"http:\/\/www.internatura.org\/blog\/wp-content\/uploads\/2015\/03\/Buho-chico-f-11-3-2015-IMG_1-150x150.gif\" alt=\"Buho-chico-f-11-3-2015-IMG_\" width=\"150\" height=\"150\" srcset=\"https:\/\/internatura.org\/blog\/wp-content\/uploads\/2015\/03\/Buho-chico-f-11-3-2015-IMG_1-150x150.gif 150w, https:\/\/internatura.org\/blog\/wp-content\/uploads\/2015\/03\/Buho-chico-f-11-3-2015-IMG_1-300x300.gif 300w\" sizes=\"(max-width: 150px) 100vw, 150px\" \/><\/a><a href=\"http:\/\/www.internatura.org\/blog\/wp-content\/uploads\/2015\/03\/Buho-chico-d-11-3-2015-IMG_.gif\" rel=\"lightbox\" data-rel=\"lightbox-image-8\" data-rl_title=\"\" data-rl_caption=\"\" title=\"\"><img decoding=\"async\" loading=\"lazy\" class=\" size-thumbnail wp-image-4067 alignnone\" src=\"http:\/\/www.internatura.org\/blog\/wp-content\/uploads\/2015\/03\/Buho-chico-d-11-3-2015-IMG_-150x150.gif\" alt=\"Buho-chico-d-11-3-2015-IMG_\" width=\"150\" height=\"150\" \/><\/a><a href=\"http:\/\/www.internatura.org\/blog\/wp-content\/uploads\/2015\/03\/Buho-chico-c-11-3-2015-IMG_.gif\" rel=\"lightbox\" data-rel=\"lightbox-image-9\" data-rl_title=\"\" data-rl_caption=\"\" title=\"\"><img decoding=\"async\" loading=\"lazy\" class=\" size-thumbnail wp-image-4068 alignnone\" src=\"http:\/\/www.internatura.org\/blog\/wp-content\/uploads\/2015\/03\/Buho-chico-c-11-3-2015-IMG_-150x150.gif\" alt=\"Buho-chico-c-11-3-2015-IMG_\" width=\"150\" height=\"150\" \/><\/a><a href=\"http:\/\/www.internatura.org\/blog\/wp-content\/uploads\/2015\/03\/Buho-chico-11-3-2015-IMG_00.gif\" rel=\"lightbox\" data-rel=\"lightbox-image-10\" data-rl_title=\"\" data-rl_caption=\"\" title=\"\"><img decoding=\"async\" loading=\"lazy\" class=\"alignnone wp-image-4066 size-thumbnail\" src=\"http:\/\/www.internatura.org\/blog\/wp-content\/uploads\/2015\/03\/Buho-chico-11-3-2015-IMG_00-150x150.gif\" alt=\"Buho-chico-11-3-2015-IMG_00\" width=\"150\" height=\"150\" \/><\/a><\/p>\n<\/td>\n<\/tr>\n<tr>\n<td align=\"center\">\n<div id=\"attachment_4078\" style=\"width: 160px\" class=\"wp-caption alignleft\"><a href=\"http:\/\/www.internatura.org\/blog\/wp-content\/uploads\/2015\/03\/Urraca-Millars-24-3-2015IMG.gif\" rel=\"lightbox\" data-rel=\"lightbox-image-11\" data-rl_title=\"\" data-rl_caption=\"\" title=\"\"><img aria-describedby=\"caption-attachment-4078\" decoding=\"async\" loading=\"lazy\" class=\"wp-image-4078 size-thumbnail\" src=\"http:\/\/www.internatura.org\/blog\/wp-content\/uploads\/2015\/03\/Urraca-Millars-24-3-2015IMG-150x150.gif\" alt=\"Urraca-Millars-24-3-2015IMG\" width=\"150\" height=\"150\" \/><\/a><p id=\"caption-attachment-4078\" class=\"wp-caption-text\">Niu de garsa Desembocadura Millars 24-03-2015<\/p><\/div>\n<div id=\"attachment_4079\" style=\"width: 160px\" class=\"wp-caption alignleft\"><a href=\"http:\/\/www.internatura.org\/blog\/wp-content\/uploads\/2015\/03\/Urraca-Millars-a-24-3-2015I.gif\" rel=\"lightbox\" data-rel=\"lightbox-image-12\" data-rl_title=\"\" data-rl_caption=\"\" title=\"\"><img aria-describedby=\"caption-attachment-4079\" decoding=\"async\" loading=\"lazy\" class=\"wp-image-4079 size-thumbnail\" src=\"http:\/\/www.internatura.org\/blog\/wp-content\/uploads\/2015\/03\/Urraca-Millars-a-24-3-2015I-150x150.gif\" alt=\"Urraca-Millars-a-24-3-2015I\" width=\"150\" height=\"150\" \/><\/a><p id=\"caption-attachment-4079\" class=\"wp-caption-text\">Niu de garsa Desembocadura Millars 24-03-2015<\/p><\/div>\n<p><div id=\"attachment_4080\" style=\"width: 160px\" class=\"wp-caption alignleft\"><a href=\"http:\/\/www.internatura.org\/blog\/wp-content\/uploads\/2015\/03\/Urraca-Millars-b-24-3-2015I.gif\" rel=\"lightbox\" data-rel=\"lightbox-image-13\" data-rl_title=\"\" data-rl_caption=\"\" title=\"\"><img aria-describedby=\"caption-attachment-4080\" decoding=\"async\" loading=\"lazy\" class=\"wp-image-4080 size-thumbnail\" src=\"http:\/\/www.internatura.org\/blog\/wp-content\/uploads\/2015\/03\/Urraca-Millars-b-24-3-2015I-150x150.gif\" alt=\"Urraca-Millars-b-24-3-2015I\" width=\"150\" height=\"150\" \/><\/a><p id=\"caption-attachment-4080\" class=\"wp-caption-text\">Niu de garsa Desembocadura Millars 24-03-2015<\/p><\/div><\/td>\n<\/tr>\n<\/tbody>\n<\/table>\n<p style=\"text-align: justify;\">Com el Duc petit\u00a0no construeixen nius, solen utilitzar els d&#8217;altres esp\u00e8cies com la gralla (<em><a href=\"http:\/\/www.internatura.org\/aocv\/ficha.php?idesp=312\">Corvus corone<\/a><\/em>) o garsa. La nidificaci\u00f3 del Duc petit\u00a0a la costa valenciana pot ser m\u00e9s primerenca (febrer-mar\u00e7), que la de la garsa (mar\u00e7-abril), el que els nius de garsa poden ser utilitzats pels Ducs, abans que les garses inici\u00efn el proc\u00e9s reproductiu. Aquesta reproducci\u00f3 primerenca ens ha fet mirar alguns nius de garsa de la zona de la desembocadura del Millars, per\u00f2 de moment no hem localitzat cap cria del\u00a0Duc petit.<\/p>\n<p style=\"text-align: justify;\">\u00c9s interessant comentar que una de les millors zones de cria en el litoral de la Comunitat Valenciana est\u00e0 en El Saler (Val\u00e8ncia), poblaci\u00f3 controlada pels ornitolegs de la zona.<\/p>\n<p style=\"text-align: justify;\"><strong><em>Articles d&#8217;inter\u00e8s:<\/em><\/strong><\/p>\n<ul>\n<li><a title=\"Asio  otus. Duc petit. B\u00faho chico. Banco de datos de Biodiversidad\" href=\"http:\/\/bdb.cma.gva.es\/ficha.asp?id=11583\" target=\"_blank\">http:\/\/bdb.cma.gva.es\/ficha.asp?id=11583<\/a><\/li>\n<li><a title=\"ACTUACIONES PARA EL CONTROL BIOL\u00d3GICO DEL TOPILLO CAMPESINO (Microtus arvalis) EN CASTILLA Y LE\u00d3N POR DEPREDADORES NATURALES \" href=\"http:\/\/www2.uah.es\/master_rest_eco\/Praticas\/proyec_alfonso.pdf\" target=\"_blank\">http:\/\/www2.uah.es\/master_rest_eco\/Praticas\/proyec_alfonso.pdf<\/a><\/li>\n<li><a title=\"RAPACES NOCTURNAS GU\u00cdA PARA LA DETERMINACI\u00d3N DE LA EDAD Y EL SEXO EN LAS ESTRIGIFORMES IB\u00c9RICAS\" href=\"http:\/\/www.takum.es\/wp-content\/descargas\/GuiaRapacesNocturas.pdf\" target=\"_blank\">http:\/\/www.takum.es\/wp-content\/descargas\/GuiaRapacesNocturas.pdf<\/a><\/li>\n<li><a title=\"M\u00e9s cistelles per al mussol banyut a l'Albufera! - \u00a1M\u00e1s cestas para el b\u00faho chico en l'Albufera!\" href=\"http:\/\/www.verkami.com\/projects\/8413-projecte-mussols-2014-reforc-de-l-obila-a-lhorta-de-valencia\/blog\/17407-mes-cistelles-per-al-mussol-banyut-a-l-albufera-mas-cestas-para-el-buho-chico-en-l-albufera\" target=\"_blank\">http:\/\/www.verkami.com\/projects\/8413-projecte-mussols-2014-reforc-de-l-obila-a-lhorta-de-valencia\/blog\/17407-mes-cistelles-per-al-mussol-banyut-a-l-albufera-mas-cestas-para-el-buho-chico-en-l-albufera<\/a><\/li>\n<li><a title=\"Mejora ambiental en bosques islas para gestionar poblaciones de b\u00faho chico (Asio otus)\" href=\"http:\/\/grefa.org\/alfonsopaz\/?p=267\" target=\"_blank\">http:\/\/grefa.org\/alfonsopaz\/?p=267<\/a><\/li>\n<\/ul>\n<p>&nbsp;<\/p>\n<p><iframe loading=\"lazy\" width=\"800\" height=\"450\" src=\"https:\/\/www.youtube.com\/embed\/fVkp3c9AKis?feature=oembed\" frameborder=\"0\" allow=\"autoplay; encrypted-media\" allowfullscreen><\/iframe><\/p>\n","protected":false},"excerpt":{"rendered":"<p>El passat 11 de mar\u00e7 del 2015, fent el control normal d&#8217;aus a la marjal d&#8217;Almenara i zona lim\u00edtrofa amb la prov\u00edncia de Val\u00e8ncia, uns amics ornit\u00f2legs que estaven anellant, ens comenten que s&#8217;ha localitzat un niu de Duc petit (Asio otus) amb dues pollets en una zona d&#8217;eucaliptus molt \u2026 <a class=\"continue-reading-link\" href=\"https:\/\/internatura.org\/blog\/?p=4055\"> Continuar leyendo <span class=\"meta-nav\">&rarr; <\/span><\/a><\/p>\n","protected":false},"author":1,"featured_media":0,"comment_status":"closed","ping_status":"closed","sticky":false,"template":"","format":"standard","meta":[],"categories":[25],"tags":[75],"_links":{"self":[{"href":"https:\/\/internatura.org\/blog\/index.php?rest_route=\/wp\/v2\/posts\/4055"}],"collection":[{"href":"https:\/\/internatura.org\/blog\/index.php?rest_route=\/wp\/v2\/posts"}],"about":[{"href":"https:\/\/internatura.org\/blog\/index.php?rest_route=\/wp\/v2\/types\/post"}],"author":[{"embeddable":true,"href":"https:\/\/internatura.org\/blog\/index.php?rest_route=\/wp\/v2\/users\/1"}],"replies":[{"embeddable":true,"href":"https:\/\/internatura.org\/blog\/index.php?rest_route=%2Fwp%2Fv2%2Fcomments&post=4055"}],"version-history":[{"count":33,"href":"https:\/\/internatura.org\/blog\/index.php?rest_route=\/wp\/v2\/posts\/4055\/revisions"}],"predecessor-version":[{"id":4117,"href":"https:\/\/internatura.org\/blog\/index.php?rest_route=\/wp\/v2\/posts\/4055\/revisions\/4117"}],"wp:attachment":[{"href":"https:\/\/internatura.org\/blog\/index.php?rest_route=%2Fwp%2Fv2%2Fmedia&parent=4055"}],"wp:term":[{"taxonomy":"category","embeddable":true,"href":"https:\/\/internatura.org\/blog\/index.php?rest_route=%2Fwp%2Fv2%2Fcategories&post=4055"},{"taxonomy":"post_tag","embeddable":true,"href":"https:\/\/internatura.org\/blog\/index.php?rest_route=%2Fwp%2Fv2%2Ftags&post=4055"}],"curies":[{"name":"wp","href":"https:\/\/api.w.org\/{rel}","templated":true}]}}