{"id":4132,"date":"2015-04-07T21:12:12","date_gmt":"2015-04-07T21:12:12","guid":{"rendered":"http:\/\/www.internatura.org\/blog\/?p=4132"},"modified":"2015-04-28T21:49:26","modified_gmt":"2015-04-28T21:49:26","slug":"aguila-de-panxa-blanca-controls-realitzats-en-la-reproduccio-marc-abril-2015","status":"publish","type":"post","link":"https:\/\/internatura.org\/blog\/?p=4132","title":{"rendered":"Aguila de panxa blanca. Controls realitzats en la reproducci\u00f3. Mar\u00e7- abril 2015"},"content":{"rendered":"<div id=\"attachment_4137\" style=\"width: 160px\" class=\"wp-caption alignleft\"><a href=\"http:\/\/www.internatura.org\/blog\/wp-content\/uploads\/2015\/04\/Hf-dd-Borriol-nord-29-3-15-.gif\" rel=\"lightbox\" data-rel=\"lightbox-image-0\" data-rl_title=\"\" data-rl_caption=\"\" title=\"\"><img aria-describedby=\"caption-attachment-4137\" decoding=\"async\" loading=\"lazy\" class=\"wp-image-4137 size-thumbnail\" src=\"http:\/\/www.internatura.org\/blog\/wp-content\/uploads\/2015\/04\/Hf-dd-Borriol-nord-29-3-15--150x150.gif\" alt=\"Hf-dd-Borriol-nord-29-3-15-\" width=\"150\" height=\"150\" \/><\/a><p id=\"caption-attachment-4137\" class=\"wp-caption-text\">\u00c2guila de panxa blanca adulta<\/p><\/div>\n<div id=\"attachment_4146\" style=\"width: 160px\" class=\"wp-caption alignleft\"><a href=\"http:\/\/www.internatura.org\/blog\/wp-content\/uploads\/2015\/04\/Hf-Altura-13-3-2015-IMG_02.gif\" rel=\"lightbox\" data-rel=\"lightbox-image-1\" data-rl_title=\"\" data-rl_caption=\"\" title=\"\"><img aria-describedby=\"caption-attachment-4146\" decoding=\"async\" loading=\"lazy\" class=\"wp-image-4146 size-thumbnail\" src=\"http:\/\/www.internatura.org\/blog\/wp-content\/uploads\/2015\/04\/Hf-Altura-13-3-2015-IMG_02-150x150.gif\" alt=\"Hf-Altura-13-3-2015--IMG_02\" width=\"150\" height=\"150\" \/><\/a><p id=\"caption-attachment-4146\" class=\"wp-caption-text\">Niu d&#8217;\u00e0guila abandonat<\/p><\/div>\n<p style=\"text-align: justify;\">Des de mitjans del mes de febrer diferents membres del GER-EA estem realitzant controls continus a les zones de cria d&#8217;\u00e0guila de panxa blanca i \u00e0guila real. L&#8217;objectiu inicial d&#8217;aquests controls s\u00f3n dos, el primer \u00e9s comprovar l&#8217;ocupaci\u00f3 dels territoris per les parelles d&#8217;\u00e0guiles. El segon \u00e9s determinar en qu\u00e8 niu estan realitzant la incubaci\u00f3 i posterior desenvolupament dels polls.<br \/>\nEn aquests moments, les parelles estan ocupant els territoris de l&#8217;any anterior i totes estan en el proc\u00e9s d&#8217;entapissat del niu i incubaci\u00f3 dels ous.<br \/>\nDestaca els canvis de nius que s&#8217;han produ\u00eft en algunes parelles, aspecte que demostra la inestabilitat dels territoris i la possiblement les mol\u00e8sties que s&#8217;estan produint en les zones de cria, especialment per excursionistes o observadors.<\/p>\n<div id=\"attachment_4138\" style=\"width: 160px\" class=\"wp-caption alignleft\"><a href=\"http:\/\/www.internatura.org\/blog\/wp-content\/uploads\/2015\/04\/Hf-Borriol-sud-31-03-15-mas.gif\" rel=\"lightbox\" data-rel=\"lightbox-image-2\" data-rl_title=\"\" data-rl_caption=\"\" title=\"\"><img aria-describedby=\"caption-attachment-4138\" decoding=\"async\" loading=\"lazy\" class=\"wp-image-4138 size-thumbnail\" src=\"http:\/\/www.internatura.org\/blog\/wp-content\/uploads\/2015\/04\/Hf-Borriol-sud-31-03-15-mas-150x150.gif\" alt=\"Hf-Borriol-sud-31-03-15-mas\" width=\"150\" height=\"150\" \/><\/a><p id=\"caption-attachment-4138\" class=\"wp-caption-text\">\u00c0guila de panxa blanca adulta<\/p><\/div>\n<p style=\"text-align: justify;\">Podem alegrar-nos que aquest any dos parella de la S\u00aa d&#8217;Espad\u00e0 han tornat a incubar en territori molt inestable amb reproduccions molt discont\u00ednues, no criant l&#8217;any passat i amb canvi de niu, esperem que el proc\u00e9s reproductiu acabi amb \u00e8xit en ambdues parelles.<\/p>\n<div id=\"attachment_4139\" style=\"width: 160px\" class=\"wp-caption alignleft\"><a href=\"http:\/\/www.internatura.org\/blog\/wp-content\/uploads\/2015\/04\/Les-Santes-21-03-2015IMG_00.gif\" rel=\"lightbox\" data-rel=\"lightbox-image-3\" data-rl_title=\"\" data-rl_caption=\"\" title=\"\"><img aria-describedby=\"caption-attachment-4139\" decoding=\"async\" loading=\"lazy\" class=\"wp-image-4139 size-thumbnail\" src=\"http:\/\/www.internatura.org\/blog\/wp-content\/uploads\/2015\/04\/Les-Santes-21-03-2015IMG_00-150x150.gif\" alt=\"Les-Santes-21-03-2015IMG_00\" width=\"150\" height=\"150\" \/><\/a><p id=\"caption-attachment-4139\" class=\"wp-caption-text\">Observaci\u00f3 d&#8217;\u00e0guiles a dist\u00e0ncia per disminuir les mol\u00e8sties<\/p><\/div>\n<p style=\"text-align: justify;\">La resta de parelles de la prov\u00edncia de Castell\u00f3 estan totes en el mateix per\u00edode d&#8217;incubaci\u00f3, ocupant gaireb\u00e9 totes les zones actives conegudes.<\/p>\n<p style=\"text-align: justify;\">Respecte a l&#8217;\u00e0guila reial sembla que aquest any a la part mitjana i sud de la prov\u00edncia tamb\u00e9 est\u00e0 anant b\u00e9, amb la majoria dels territori ocupats i les \u00e0guiles incubant, detectant que les parelles estan compostes per \u00e0guiles adultes.<\/p>\n<p style=\"text-align: justify;\">Durant el mes d&#8217;abril hem comen\u00e7at a controlar els polls nascuts, que en aquests moments s\u00f3n molt petits, recompte que despr\u00e9s ens serveix per comprovar els polls nascuts i els polls que arriben a volar i determinar la taxa de morts al niu.<\/p>\n<div id=\"attachment_4141\" style=\"width: 160px\" class=\"wp-caption alignleft\"><a href=\"http:\/\/www.internatura.org\/blog\/wp-content\/uploads\/2015\/04\/Hf-17-03-2015-d-BorriolDSCN.gif\" rel=\"lightbox\" data-rel=\"lightbox-image-4\" data-rl_title=\"\" data-rl_caption=\"\" title=\"\"><img aria-describedby=\"caption-attachment-4141\" decoding=\"async\" loading=\"lazy\" class=\"wp-image-4141 size-thumbnail\" src=\"http:\/\/www.internatura.org\/blog\/wp-content\/uploads\/2015\/04\/Hf-17-03-2015-d-BorriolDSCN-150x150.gif\" alt=\"Hf-17-03-2015-d-BorriolDSCN\" width=\"150\" height=\"150\" \/><\/a><p id=\"caption-attachment-4141\" class=\"wp-caption-text\">\u00c0guila de panxa blanca adulta<\/p><\/div>\n<p style=\"text-align: justify;\">El control dels nius de rapinyaires sempre els realitzem a dist\u00e0ncia per evitar en tot el possible les mol\u00e8sties a les \u00e0guiles, cosa que tots els observadofes d&#8217;aus han de tenir present.<\/p>\n<p style=\"text-align: justify;\">Al mateix temps no hem divulgar la ubicaci\u00f3 dels nius a les persones que no tenen inter\u00e8s per aquestes aus, ja que poden d&#8217;una banda augmentar el nombre d&#8217;observadors inespertos i de l&#8217;altra, ser objecte de mort per furtius.<\/p>\n<div id=\"attachment_4144\" style=\"width: 160px\" class=\"wp-caption alignleft\"><a href=\"http:\/\/www.internatura.org\/blog\/wp-content\/uploads\/2015\/04\/Altura-2-03-2015-DSCN6263.gif\" rel=\"lightbox\" data-rel=\"lightbox-image-5\" data-rl_title=\"\" data-rl_caption=\"\" title=\"\"><img aria-describedby=\"caption-attachment-4144\" decoding=\"async\" loading=\"lazy\" class=\"wp-image-4144 size-thumbnail\" src=\"http:\/\/www.internatura.org\/blog\/wp-content\/uploads\/2015\/04\/Altura-2-03-2015-DSCN6263-150x150.gif\" alt=\"Altura-2-03-2015-DSCN6263\" width=\"150\" height=\"150\" \/><\/a><p id=\"caption-attachment-4144\" class=\"wp-caption-text\">Prospectant territoris d&#8217;\u00e0guiles<\/p><\/div>\n<div id=\"attachment_4148\" style=\"width: 160px\" class=\"wp-caption alignleft\"><a href=\"http:\/\/www.internatura.org\/blog\/wp-content\/uploads\/2015\/04\/Hf-Borriol-sud-31-03-15-fem.gif\" rel=\"lightbox\" data-rel=\"lightbox-image-6\" data-rl_title=\"\" data-rl_caption=\"\" title=\"\"><img aria-describedby=\"caption-attachment-4148\" decoding=\"async\" loading=\"lazy\" class=\"wp-image-4148 size-thumbnail\" src=\"http:\/\/www.internatura.org\/blog\/wp-content\/uploads\/2015\/04\/Hf-Borriol-sud-31-03-15-fem-150x150.gif\" alt=\"Hf-Borriol-sud-31-03-15-fem\" width=\"150\" height=\"150\" \/><\/a><p id=\"caption-attachment-4148\" class=\"wp-caption-text\">\u00e0guila amb anella. 31-03-2015<\/p><\/div>\n<p style=\"text-align: justify;\">Un dels problemes que estem valorant \u00e9s la repercussi\u00f3 en el resultat de la nidificaci\u00f3 de la gran quantitat d&#8217;aigua caiguda amb les pluges de final de mar\u00e7. Aspecte que ens preocupa ja que alguns nius de les \u00e0guiles estan molt exposats.<\/p>\n<p style=\"text-align: justify;\">Esperem que les \u00e0guiles segueixin realitzant el proc\u00e9s de reproducci\u00f3 a les m\u00e0ximes garanties.<\/p>\n","protected":false},"excerpt":{"rendered":"<p>Des de mitjans del mes de febrer diferents membres del GER-EA estem realitzant controls continus a les zones de cria d&#8217;\u00e0guila de panxa blanca i \u00e0guila real. L&#8217;objectiu inicial d&#8217;aquests controls s\u00f3n dos, el primer \u00e9s comprovar l&#8217;ocupaci\u00f3 dels territoris per les parelles d&#8217;\u00e0guiles. El segon \u00e9s determinar en qu\u00e8 \u2026 <a class=\"continue-reading-link\" href=\"https:\/\/internatura.org\/blog\/?p=4132\"> Continuar leyendo <span class=\"meta-nav\">&rarr; <\/span><\/a><\/p>\n","protected":false},"author":1,"featured_media":0,"comment_status":"closed","ping_status":"closed","sticky":false,"template":"","format":"standard","meta":[],"categories":[25],"tags":[],"_links":{"self":[{"href":"https:\/\/internatura.org\/blog\/index.php?rest_route=\/wp\/v2\/posts\/4132"}],"collection":[{"href":"https:\/\/internatura.org\/blog\/index.php?rest_route=\/wp\/v2\/posts"}],"about":[{"href":"https:\/\/internatura.org\/blog\/index.php?rest_route=\/wp\/v2\/types\/post"}],"author":[{"embeddable":true,"href":"https:\/\/internatura.org\/blog\/index.php?rest_route=\/wp\/v2\/users\/1"}],"replies":[{"embeddable":true,"href":"https:\/\/internatura.org\/blog\/index.php?rest_route=%2Fwp%2Fv2%2Fcomments&post=4132"}],"version-history":[{"count":10,"href":"https:\/\/internatura.org\/blog\/index.php?rest_route=\/wp\/v2\/posts\/4132\/revisions"}],"predecessor-version":[{"id":4150,"href":"https:\/\/internatura.org\/blog\/index.php?rest_route=\/wp\/v2\/posts\/4132\/revisions\/4150"}],"wp:attachment":[{"href":"https:\/\/internatura.org\/blog\/index.php?rest_route=%2Fwp%2Fv2%2Fmedia&parent=4132"}],"wp:term":[{"taxonomy":"category","embeddable":true,"href":"https:\/\/internatura.org\/blog\/index.php?rest_route=%2Fwp%2Fv2%2Fcategories&post=4132"},{"taxonomy":"post_tag","embeddable":true,"href":"https:\/\/internatura.org\/blog\/index.php?rest_route=%2Fwp%2Fv2%2Ftags&post=4132"}],"curies":[{"name":"wp","href":"https:\/\/api.w.org\/{rel}","templated":true}]}}