{"id":4163,"date":"2015-04-19T22:09:07","date_gmt":"2015-04-19T22:09:07","guid":{"rendered":"http:\/\/www.internatura.org\/blog\/?p=4163"},"modified":"2015-04-28T21:47:01","modified_gmt":"2015-04-28T21:47:01","slug":"aeroport-de-castello-reserva-de-fauna-abril-2015","status":"publish","type":"post","link":"https:\/\/internatura.org\/blog\/?p=4163","title":{"rendered":"Aeroport de Castell\u00f3. Reserva de Fauna. Abril-2015"},"content":{"rendered":"<div id=\"attachment_4185\" style=\"width: 160px\" class=\"wp-caption alignleft\"><a href=\"http:\/\/www.internatura.org\/blog\/wp-content\/uploads\/2015\/04\/Ae-collalba-19-04-2015-IMG_.gif\" rel=\"lightbox\" data-rel=\"lightbox-image-0\" data-rl_title=\"\" data-rl_caption=\"\" title=\"\"><img aria-describedby=\"caption-attachment-4185\" decoding=\"async\" loading=\"lazy\" class=\"wp-image-4185 size-thumbnail\" src=\"http:\/\/www.internatura.org\/blog\/wp-content\/uploads\/2015\/04\/Ae-collalba-19-04-2015-IMG_-150x150.gif\" alt=\"Ae-collalba-19-04-2015-IMG_\" width=\"150\" height=\"150\" \/><\/a><p id=\"caption-attachment-4185\" class=\"wp-caption-text\">C\u00f2lbit gris<\/p><\/div>\n<div id=\"attachment_4175\" style=\"width: 160px\" class=\"wp-caption alignright\"><a href=\"http:\/\/www.internatura.org\/blog\/wp-content\/uploads\/2015\/04\/Ae-milano-negro-a-19-04-201.gif\" rel=\"lightbox\" data-rel=\"lightbox-image-1\" data-rl_title=\"\" data-rl_caption=\"\" title=\"\"><img aria-describedby=\"caption-attachment-4175\" decoding=\"async\" loading=\"lazy\" class=\"wp-image-4175 size-thumbnail\" src=\"http:\/\/www.internatura.org\/blog\/wp-content\/uploads\/2015\/04\/Ae-milano-negro-a-19-04-201-150x150.gif\" alt=\"Ae-milano-negro-a-19-04-201\" width=\"150\" height=\"150\" \/><\/a><p id=\"caption-attachment-4175\" class=\"wp-caption-text\">Mil\u00e0 negre<\/p><\/div>\n<p style=\"text-align: justify;\">El passat 19 d&#8217;abril membres del GER-EA ens desplacem a l&#8217;aeroport de Castell\u00f3 a realitzar el recompte mensual que des de fa anys estem realitzant.<\/p>\n<p>&nbsp;<\/p>\n<p style=\"text-align: justify;\">Aquests recomptes s\u00f3n realitzats durant tot l&#8217;any amb l&#8217;objecte d&#8217;identificar i comptabilitzar diferents esp\u00e8cies d&#8217;aus al llarg dels per\u00edodes: hivernada, migraci\u00f3 prenupcial, nidificaci\u00f3 i migraci\u00f3 postnupcial.<\/p>\n<p style=\"text-align: justify;\">Com<strong> metolodolog\u00eda<\/strong> apuntem:<\/p>\n<div id=\"attachment_4176\" style=\"width: 160px\" class=\"wp-caption alignleft\"><a href=\"http:\/\/www.internatura.org\/blog\/wp-content\/uploads\/2015\/04\/Ae-Milano-real-19-04-2015-I.gif\" rel=\"lightbox\" data-rel=\"lightbox-image-2\" data-rl_title=\"\" data-rl_caption=\"\" title=\"\"><img aria-describedby=\"caption-attachment-4176\" decoding=\"async\" loading=\"lazy\" class=\"wp-image-4176 size-thumbnail\" src=\"http:\/\/www.internatura.org\/blog\/wp-content\/uploads\/2015\/04\/Ae-Milano-real-19-04-2015-I-150x150.gif\" alt=\"Ae-Milano-real-19-04-2015-I\" width=\"150\" height=\"150\" \/><\/a><p id=\"caption-attachment-4176\" class=\"wp-caption-text\">Mil\u00e0 reial<\/p><\/div>\n<p style=\"text-align: justify;\"><a href=\"http:\/\/www.internatura.org\/blog\/wp-content\/uploads\/2015\/04\/Aeroport-19-04-2015-IMG_711.gif\" rel=\"lightbox\" data-rel=\"lightbox-image-3\" data-rl_title=\"\" data-rl_caption=\"\" title=\"\"><img decoding=\"async\" loading=\"lazy\" class=\"alignright wp-image-4165 size-thumbnail\" src=\"http:\/\/www.internatura.org\/blog\/wp-content\/uploads\/2015\/04\/Aeroport-19-04-2015-IMG_711-150x150.gif\" alt=\"Aeroport-19-04-2015-IMG_711\" width=\"150\" height=\"150\" \/><\/a>Els controls es realitzen amb despla\u00e7aments amb cotxe a baixa velocitat (20 &#8211; 30 km.) Per la pista asfaltada que voreja tot l&#8217;aeroport intercalant petites parades d&#8217;uns 10 minuts. A m\u00e9s es fa un recorregut per les pistes no asfaltades que es desplacen pels voltants de l&#8217;aeroport (veure mapa).\u00a0L&#8217;horari m\u00e9s utilitzat es troba entre les 8:00 i les 14:00 h.<\/p>\n<p style=\"text-align: justify;\">L&#8217;objectiu principal, en aquesta ocasi\u00f3, ha estat el comptabilitzar el nombre de esparvers cendrosos que utilitzen aquesta instal\u00b7laci\u00f3.<\/p>\n<div id=\"attachment_4182\" style=\"width: 160px\" class=\"wp-caption alignleft\"><a href=\"http:\/\/www.internatura.org\/blog\/wp-content\/uploads\/2015\/04\/Ae-Ratonero-a-19-04-2015-IM.gif\" rel=\"lightbox\" data-rel=\"lightbox-image-4\" data-rl_title=\"\" data-rl_caption=\"\" title=\"\"><img aria-describedby=\"caption-attachment-4182\" decoding=\"async\" loading=\"lazy\" class=\"wp-image-4182 size-thumbnail\" src=\"http:\/\/www.internatura.org\/blog\/wp-content\/uploads\/2015\/04\/Ae-Ratonero-a-19-04-2015-IM-150x150.gif\" alt=\"Ae-Ratonero-a-19-04-2015-IM\" width=\"150\" height=\"150\" \/><\/a><p id=\"caption-attachment-4182\" class=\"wp-caption-text\">Aligot<\/p><\/div>\n<div id=\"attachment_4181\" style=\"width: 160px\" class=\"wp-caption alignleft\"><a href=\"http:\/\/www.internatura.org\/blog\/wp-content\/uploads\/2015\/04\/Ae-Ratonero-19-04-2015-IMG_.gif\" rel=\"lightbox\" data-rel=\"lightbox-image-5\" data-rl_title=\"\" data-rl_caption=\"\" title=\"\"><img aria-describedby=\"caption-attachment-4181\" decoding=\"async\" loading=\"lazy\" class=\"wp-image-4181 size-thumbnail\" src=\"http:\/\/www.internatura.org\/blog\/wp-content\/uploads\/2015\/04\/Ae-Ratonero-19-04-2015-IMG_-150x150.gif\" alt=\"Ae-Ratonero-19-04-2015-IMG_\" width=\"150\" height=\"150\" \/><\/a><p id=\"caption-attachment-4181\" class=\"wp-caption-text\">Aligot<\/p><\/div>\n<p style=\"text-align: justify;\"><a href=\"http:\/\/www.internatura.org\/blog\/wp-content\/uploads\/2015\/04\/Aeroport-castello-27-04-201.gif\" rel=\"lightbox\" data-rel=\"lightbox-image-6\" data-rl_title=\"\" data-rl_caption=\"\" title=\"\"><img decoding=\"async\" loading=\"lazy\" class=\"alignright wp-image-4171 size-thumbnail\" src=\"http:\/\/www.internatura.org\/blog\/wp-content\/uploads\/2015\/04\/Aeroport-castello-27-04-201-150x150.gif\" alt=\"Aeroport-castello-27-04-201\" width=\"150\" height=\"150\" \/><\/a>Com ja hem comentat en diverses ocasions, l&#8217;aeroport segueix sense ser utilitzat comercialment, nom\u00e9s en un parell d&#8217;ocasions ha estat utilitzat per l&#8217;equip de futbol de Vila-real. Aquesta manca d&#8217;activitat unit a la gran quantitat de conills present durant tot l&#8217;any pot influir en el gran nombre d&#8217;aus rapinyaires de diferents esp\u00e8cies que utilitzen aquesta instal\u00b7laci\u00f3.<\/p>\n<p>&nbsp;<\/p>\n<div id=\"attachment_4177\" style=\"width: 160px\" class=\"wp-caption alignleft\"><a href=\"http:\/\/www.internatura.org\/blog\/wp-content\/uploads\/2015\/04\/Ae-culebre-19-04-15-IMG_695.gif\" rel=\"lightbox\" data-rel=\"lightbox-image-7\" data-rl_title=\"\" data-rl_caption=\"\" title=\"\"><img aria-describedby=\"caption-attachment-4177\" decoding=\"async\" loading=\"lazy\" class=\"wp-image-4177 size-thumbnail\" src=\"http:\/\/www.internatura.org\/blog\/wp-content\/uploads\/2015\/04\/Ae-culebre-19-04-15-IMG_695-150x150.gif\" alt=\"Ae-culebre-19-04-15-IMG_695\" width=\"150\" height=\"150\" \/><\/a><p id=\"caption-attachment-4177\" class=\"wp-caption-text\">\u00c0guila serpetera<\/p><\/div>\n<p>Les <strong>esp\u00e8cies identificades<\/strong> han estat:<\/p>\n<div id=\"attachment_4183\" style=\"width: 160px\" class=\"wp-caption alignright\"><a href=\"http:\/\/www.internatura.org\/blog\/wp-content\/uploads\/2015\/04\/Ae-Ratonero-b-19-04-2015-IM.gif\" rel=\"lightbox\" data-rel=\"lightbox-image-8\" data-rl_title=\"\" data-rl_caption=\"\" title=\"\"><img aria-describedby=\"caption-attachment-4183\" decoding=\"async\" loading=\"lazy\" class=\"wp-image-4183 size-thumbnail\" src=\"http:\/\/www.internatura.org\/blog\/wp-content\/uploads\/2015\/04\/Ae-Ratonero-b-19-04-2015-IM-150x150.gif\" alt=\"Ae-Ratonero-b-19-04-2015-IM\" width=\"150\" height=\"150\" \/><\/a><p id=\"caption-attachment-4183\" class=\"wp-caption-text\">Aligot<\/p><\/div>\n<p>Aguila serpera (<em><a href=\"http:\/\/www.internatura.org\/aocv\/ficha.php?idesp=75\">Circaetus gallicus<\/a><\/em>): 2 ex. 1 amb serp al bec.<br \/>\nXoriguer vulgar (<em><a href=\"http:\/\/www.internatura.org\/aocv\/ficha.php?idesp=84\">Falco tinnunculus<\/a><\/em>): 2 ex.<br \/>\nMil\u00e0 negre (<em><a href=\"http:\/\/www.internatura.org\/aocv\/ficha.php?idesp=67\">Milvus migrans<\/a><\/em>): 1 ex.<br \/>\nMil\u00e0 reial (<em><a href=\"http:\/\/www.internatura.org\/aocv\/ficha.php?idesp=71\">Milvus milvus<\/a><\/em>): 1 ex.<br \/>\nAligot com\u00fa (<em><a href=\"http:\/\/www.internatura.org\/aocv\/ficha.php?idesp=69\">Buteo buteo<\/a><\/em>): 4 ex.<br \/>\nArpellot de marjal (<em><a href=\"http:\/\/www.internatura.org\/aocv\/ficha.php?idesp=76\">Circus aeruginosus<\/a><\/em>): 1 ex. femella.<\/p>\n<p>Garsa (<em><a href=\"http:\/\/www.internatura.org\/aocv\/ficha.php?idesp=314\">Pica pica<\/a><\/em>): 6 ex.<br \/>\nCagam\u00e0necs (<em><a href=\"http:\/\/www.internatura.org\/aocv\/ficha.php?idesp=245\">Saxicola rubicola<\/a><\/em>): 3 ex.<br \/>\nCruixidell (<em><a href=\"http:\/\/www.internatura.org\/aocv\/ficha.php?idesp=352\">Emberiza calandra<\/a><\/em>): 3 ex.<br \/>\nAbellerol (<em><a href=\"http:\/\/www.internatura.org\/aocv\/ficha.php?idesp=203\">Merops apiaster<\/a><\/em>): 7 ex.<br \/>\nCadernera (<em><a href=\"http:\/\/www.internatura.org\/aocv\/ficha.php?idesp=336\">Carduelis carduelis<\/a><\/em>): 6 ex.<br \/>\nGafarr\u00f3 (<em><a href=\"http:\/\/www.internatura.org\/aocv\/ficha.php?idesp=339\">Serinus serinus<\/a><\/em>): 8 ex.<br \/>\nC\u00f2lit gris (<em><a href=\"http:\/\/www.internatura.org\/aocv\/ficha.php?idesp=243\">Oenanthe oenanthe<\/a><\/em>): 1 ex.<br \/>\nCorbs (<em><a href=\"http:\/\/www.internatura.org\/aocv\/ficha.php?idesp=310\">Corvus corax<\/a><\/em>): 12 ex.<br \/>\nOreneta com\u00fa (<em><a href=\"http:\/\/www.internatura.org\/aocv\/ficha.php?idesp=220\">Hirundo rustica<\/a><\/em>): 23 ex.<br \/>\nOreneta cua-rogenca (<em><a href=\"http:\/\/www.internatura.org\/aocv\/ficha.php?idesp=221\">Cecropis daurica<\/a><\/em>): 2 ex.<br \/>\nFalcia (<em><a href=\"http:\/\/www.internatura.org\/aocv\/ficha.php?idesp=201\">Apus apus<\/a><\/em>): 20 ex.<br \/>\nOroneta cua-blanca (<em><a href=\"http:\/\/www.internatura.org\/aocv\/ficha.php?idesp=217\">Delichon urbicum<\/a><\/em>): 2 ex.<\/p>\n<dl id=\"attachment_4178\" class=\"wp-caption alignleft\" style=\"width: 160px;\">\n<dt class=\"wp-caption-dt\"><a href=\"http:\/\/www.internatura.org\/blog\/wp-content\/uploads\/2015\/04\/Ae-Triguero-19-04-15-IMG_72.gif\" rel=\"lightbox\" data-rel=\"lightbox-image-9\" data-rl_title=\"\" data-rl_caption=\"\" title=\"\"><img decoding=\"async\" loading=\"lazy\" class=\"wp-image-4178 size-thumbnail\" src=\"http:\/\/www.internatura.org\/blog\/wp-content\/uploads\/2015\/04\/Ae-Triguero-19-04-15-IMG_72-150x150.gif\" alt=\"Ae-Triguero-19-04-15-IMG_72\" width=\"150\" height=\"150\" \/><\/a><\/dt>\n<dd class=\"wp-caption-dd\">Cruixidell<\/dd>\n<\/dl>\n<dl id=\"attachment_4186\" class=\"wp-caption alignleft\" style=\"width: 160px;\">\n<dt class=\"wp-caption-dt\"><a href=\"http:\/\/www.internatura.org\/blog\/wp-content\/uploads\/2015\/04\/Ae-abellerol-19-04-2015-IMG.gif\" rel=\"lightbox\" data-rel=\"lightbox-image-10\" data-rl_title=\"\" data-rl_caption=\"\" title=\"\"><img decoding=\"async\" loading=\"lazy\" class=\"alignright wp-image-4186 size-thumbnail\" src=\"http:\/\/www.internatura.org\/blog\/wp-content\/uploads\/2015\/04\/Ae-abellerol-19-04-2015-IMG-150x150.gif\" alt=\"Ae-abellerol-19-04-2015-IMG\" width=\"150\" height=\"150\" \/><\/a><\/dt>\n<dd class=\"wp-caption-dd\">Abellerol<\/dd>\n<\/dl>\n<p><a href=\"http:\/\/www.internatura.org\/blog\/wp-content\/uploads\/2015\/04\/Ae-conills-19-04-15-IMG_716.gif\" rel=\"lightbox\" data-rel=\"lightbox-image-11\" data-rl_title=\"\" data-rl_caption=\"\" title=\"\"><img decoding=\"async\" loading=\"lazy\" class=\"alignright wp-image-4179 size-thumbnail\" src=\"http:\/\/www.internatura.org\/blog\/wp-content\/uploads\/2015\/04\/Ae-conills-19-04-15-IMG_716-150x150.gif\" alt=\"Ae-conills-19-04-15-IMG_716\" width=\"150\" height=\"150\" \/><\/a><strong>Mam\u00edfers<\/strong>:<\/p>\n<ul>\n<li>Conill (<em><a href=\"http:\/\/www.internatura.org\/avcs\/ficha.php?idesp=8\">Oryctolagus cuniculus<\/a><\/em>): 63 ex. d&#8217;ells 2 atropellats.<\/li>\n<li>Eri\u00e7\u00f3 (<em><a href=\"http:\/\/www.internatura.org\/avcs\/ficha.php?idesp=1\">Erinaceus europaeus<\/a><\/em>): 1 ex. atropellat.<\/li>\n<li style=\"text-align: justify;\">r\u00e8ptils:<\/li>\n<li style=\"text-align: justify;\">serp verda (<em><a href=\"http:\/\/www.internatura.org\/avcs\/ficha.php?idesp=84\">Malpolon monspessulanus<\/a><\/em>): 1 ex. atrapat per \u00e0guila marcenca.<\/li>\n<\/ul>\n<p style=\"text-align: justify;\">Al final no hem observat cap esparver cendr\u00f3s, per\u00f2 hem comptabilitzat diferents esp\u00e8cies de rapinyaires i aus molt interessants.<\/p>\n<p style=\"text-align: justify;\">\u00a0<a href=\"http:\/\/www.internatura.org\/blog\/wp-content\/uploads\/2015\/04\/Ae-conills-a-19-04-15-IMG_7.gif\" rel=\"lightbox\" data-rel=\"lightbox-image-12\" data-rl_title=\"\" data-rl_caption=\"\" title=\"\"><img decoding=\"async\" loading=\"lazy\" class=\"alignright wp-image-4180 size-thumbnail\" src=\"http:\/\/www.internatura.org\/blog\/wp-content\/uploads\/2015\/04\/Ae-conills-a-19-04-15-IMG_7-150x150.gif\" alt=\"Ae-conills-a-19-04-15-IMG_7\" width=\"150\" height=\"150\" \/><\/a>Comentar que el 27\/04\/2015 els ornit\u00f2legs Pepe Gre\u00f1o i Jordi Miralles de SEO-castell\u00f3, van observar un grup de 8 milans negres, uns 50 voltors (<em><a href=\"http:\/\/www.internatura.org\/aocv\/ficha.php?idesp=73\">Gyps fulvus<\/a><\/em>), 3 \u00e0guiles serpeteres, 2 aligots i 1 \u00e0guila cal\u00e7ada (<em><a href=\"http:\/\/www.internatura.org\/aocv\/ficha.php?idesp=62\">Aquila pennata<\/a><\/em>).<\/p>\n<p style=\"text-align: justify;\"><a href=\"http:\/\/www.internatura.org\/blog\/wp-content\/uploads\/2015\/04\/aeroport-conill-19-4-15-DSC.gif\" rel=\"lightbox\" data-rel=\"lightbox-image-13\" data-rl_title=\"\" data-rl_caption=\"\" title=\"\"><img decoding=\"async\" loading=\"lazy\" class=\"alignleft wp-image-4190 size-thumbnail\" src=\"http:\/\/www.internatura.org\/blog\/wp-content\/uploads\/2015\/04\/aeroport-conill-19-4-15-DSC-150x150.gif\" alt=\"aeroport-conill-19-4-15-DSC\" width=\"150\" height=\"150\" \/><\/a>El que fa d&#8217;aquest lloc un refugi de fauna especialment per a les aus rapinyaires. Sense cap dubte aquesta quantitat i diversitat de rapinyaires est\u00e0 relacionada amb l&#8217;aliment disponible especialment el conill, que \u00e9s capturat o consumit quan \u00e9s atropellat.<\/p>\n<p style=\"text-align: justify;\">\u00a0De fet \u00e9s tan elevat el nombre de conills atropellats que el passat 20 d&#8217;abril m\u00e9s de cinquanta conills atropellats a l&#8217;autovia entre els pobles de Cabanes i Torreblanca.<\/p>\n","protected":false},"excerpt":{"rendered":"<p>El passat 19 d&#8217;abril membres del GER-EA ens desplacem a l&#8217;aeroport de Castell\u00f3 a realitzar el recompte mensual que des de fa anys estem realitzant. &nbsp; Aquests recomptes s\u00f3n realitzats durant tot l&#8217;any amb l&#8217;objecte d&#8217;identificar i comptabilitzar diferents esp\u00e8cies d&#8217;aus al llarg dels per\u00edodes: hivernada, migraci\u00f3 prenupcial, nidificaci\u00f3 i \u2026 <a class=\"continue-reading-link\" href=\"https:\/\/internatura.org\/blog\/?p=4163\"> Continuar leyendo <span class=\"meta-nav\">&rarr; <\/span><\/a><\/p>\n","protected":false},"author":1,"featured_media":0,"comment_status":"closed","ping_status":"closed","sticky":false,"template":"","format":"standard","meta":[],"categories":[25],"tags":[33],"_links":{"self":[{"href":"https:\/\/internatura.org\/blog\/index.php?rest_route=\/wp\/v2\/posts\/4163"}],"collection":[{"href":"https:\/\/internatura.org\/blog\/index.php?rest_route=\/wp\/v2\/posts"}],"about":[{"href":"https:\/\/internatura.org\/blog\/index.php?rest_route=\/wp\/v2\/types\/post"}],"author":[{"embeddable":true,"href":"https:\/\/internatura.org\/blog\/index.php?rest_route=\/wp\/v2\/users\/1"}],"replies":[{"embeddable":true,"href":"https:\/\/internatura.org\/blog\/index.php?rest_route=%2Fwp%2Fv2%2Fcomments&post=4163"}],"version-history":[{"count":19,"href":"https:\/\/internatura.org\/blog\/index.php?rest_route=\/wp\/v2\/posts\/4163\/revisions"}],"predecessor-version":[{"id":4197,"href":"https:\/\/internatura.org\/blog\/index.php?rest_route=\/wp\/v2\/posts\/4163\/revisions\/4197"}],"wp:attachment":[{"href":"https:\/\/internatura.org\/blog\/index.php?rest_route=%2Fwp%2Fv2%2Fmedia&parent=4163"}],"wp:term":[{"taxonomy":"category","embeddable":true,"href":"https:\/\/internatura.org\/blog\/index.php?rest_route=%2Fwp%2Fv2%2Fcategories&post=4163"},{"taxonomy":"post_tag","embeddable":true,"href":"https:\/\/internatura.org\/blog\/index.php?rest_route=%2Fwp%2Fv2%2Ftags&post=4163"}],"curies":[{"name":"wp","href":"https:\/\/api.w.org\/{rel}","templated":true}]}}