{"id":4199,"date":"2015-06-23T16:27:42","date_gmt":"2015-06-23T16:27:42","guid":{"rendered":"http:\/\/www.internatura.org\/blog\/?p=4199"},"modified":"2015-09-13T19:46:13","modified_gmt":"2015-09-13T19:46:13","slug":"control-de-la-reproduccio-daguila-de-panxa-blanca-i-aguila-real-a-castello-maig-juny-2015","status":"publish","type":"post","link":"https:\/\/internatura.org\/blog\/?p=4199","title":{"rendered":"Control de la reproducci\u00f3 d&#8217;\u00e0guila de panxa blanca i \u00e0guila real a Castell\u00f3. Maig-Juny 2015."},"content":{"rendered":"<div id=\"attachment_4248\" style=\"width: 160px\" class=\"wp-caption alignleft\"><a href=\"http:\/\/www.internatura.org\/blog\/wp-content\/uploads\/2015\/06\/Hf-Coves-2polls-c-4-05-15-D.gif\" rel=\"lightbox\" data-rel=\"lightbox-image-0\" data-rl_title=\"\" data-rl_caption=\"\" title=\"\"><img aria-describedby=\"caption-attachment-4248\" decoding=\"async\" loading=\"lazy\" class=\"wp-image-4248 size-thumbnail\" src=\"http:\/\/www.internatura.org\/blog\/wp-content\/uploads\/2015\/06\/Hf-Coves-2polls-c-4-05-15-D-150x150.gif\" alt=\"Hf-Coves-2polls-c-4-05-15-D\" width=\"150\" height=\"150\" \/><\/a><p id=\"caption-attachment-4248\" class=\"wp-caption-text\">\u00c0guila de panxa blanca adulta. Castell\u00f3 4-05-2015<\/p><\/div>\n<div id=\"attachment_4251\" style=\"width: 160px\" class=\"wp-caption alignleft\"><a href=\"http:\/\/www.internatura.org\/blog\/wp-content\/uploads\/2015\/06\/Hf-Irta-e-20-04-15-IMG_.gif\" rel=\"lightbox\" data-rel=\"lightbox-image-1\" data-rl_title=\"\" data-rl_caption=\"\" title=\"\"><img aria-describedby=\"caption-attachment-4251\" decoding=\"async\" loading=\"lazy\" class=\"wp-image-4251 size-thumbnail\" src=\"http:\/\/www.internatura.org\/blog\/wp-content\/uploads\/2015\/06\/Hf-Irta-e-20-04-15-IMG_-150x150.gif\" alt=\"Hf-Irta-e-20-04-15--IMG_\" width=\"150\" height=\"150\" \/><\/a><p id=\"caption-attachment-4251\" class=\"wp-caption-text\">Membres del GER-EA controlant un territori d&#8217;\u00e1guila de panxa blanca. 20-04-2015<\/p><\/div>\n<div id=\"attachment_4252\" style=\"width: 160px\" class=\"wp-caption alignleft\"><a href=\"http:\/\/www.internatura.org\/blog\/wp-content\/uploads\/2015\/06\/Hf-Borriol-sur-14-05-2015-D.gif\" rel=\"lightbox\" data-rel=\"lightbox-image-2\" data-rl_title=\"\" data-rl_caption=\"\" title=\"\"><img aria-describedby=\"caption-attachment-4252\" decoding=\"async\" loading=\"lazy\" class=\"wp-image-4252 size-thumbnail\" src=\"http:\/\/www.internatura.org\/blog\/wp-content\/uploads\/2015\/06\/Hf-Borriol-sur-14-05-2015-D-150x150.gif\" alt=\"Hf-Borriol-sur-14-05-2015-D\" width=\"150\" height=\"150\" \/><\/a><p id=\"caption-attachment-4252\" class=\"wp-caption-text\">Niu abandonat de \u00e0guila de panxa blanca. Castell\u00f3.<\/p><\/div>\n<div id=\"attachment_4249\" style=\"width: 160px\" class=\"wp-caption alignleft\"><a href=\"http:\/\/www.internatura.org\/blog\/wp-content\/uploads\/2015\/06\/Hf-Oropesa-17-05-2015-DSCN9.gif\" rel=\"lightbox\" data-rel=\"lightbox-image-3\" data-rl_title=\"\" data-rl_caption=\"\" title=\"\"><img aria-describedby=\"caption-attachment-4249\" decoding=\"async\" loading=\"lazy\" class=\"wp-image-4249 size-thumbnail\" src=\"http:\/\/www.internatura.org\/blog\/wp-content\/uploads\/2015\/06\/Hf-Oropesa-17-05-2015-DSCN9-150x150.gif\" alt=\"Hf-Oropesa-17-05-2015-DSCN9\" width=\"150\" height=\"150\" \/><\/a><p id=\"caption-attachment-4249\" class=\"wp-caption-text\">Membres del GER-EA controlant un territori d&#8217;\u00e1guila de panxa blanca. 17-05-2015<\/p><\/div>\n<p style=\"text-align: justify;\">Diferents membres del GER-EA i persones individuals, des del mes de febrer s&#8217;estan realitzant prospeccions pels diferents barrancs i muntanyes de les comaques de Castell\u00f3 amb la finalitat de localitzar territoris de cria d&#8217;\u00e0guila de panxa blanca (<em>Aquila fasciata<\/em>) i \u00e0guila real (<em>Aquila chrysaetos<\/em>), entre altres rapinyaires.<\/p>\n<p style=\"text-align: justify;\">Aquesta prospecci\u00f3 s&#8217;ha anat realitzant amb intensitat en els primers mesos per a posteriorment invertir tot l&#8217;esfor\u00e7 en les zones localitzades amb parelles d&#8217;\u00e0guiles nidificants.<\/p>\n<p style=\"text-align: justify;\">L&#8217;esfor\u00e7 ha estat irregular per\u00f2 molt intens en gaireb\u00e9 tota la prov\u00edncia on es localitzen les parelles nidificants d&#8217;\u00e0liga de panxa blanca i en menor mesura en la zona nord-occidental on es localitzen la majoria de les \u00e0guiles reals.<\/p>\n<p style=\"text-align: justify;\"><strong>Els objectius plantejats<\/strong> pel GER-EA per a aquest any han estat diversos:<\/p>\n<p style=\"text-align: justify;\">1.- localitzaci\u00f3 de noves parelles territorials o abandonament de zones de cria.<\/p>\n<p style=\"text-align: justify;\">2.- identificar l&#8217;edat dels adults (inmaturs, subadults i adults) que formen la parella territorial,\u00a0per identificar els recanvis en la composici\u00f3 de la parella i per tant, mort d&#8217;algun membre de la mateixa.<\/p>\n<p style=\"text-align: justify;\">3.- seguir el desenvolupament dels polls en edats avan\u00e7ades.<\/p>\n<p style=\"text-align: justify;\">4.- controlar les zones amb polls per identificar i evitar possible problemes, avisant i informant als <a href=\"http:\/\/agentesmedioambientalesbaixmaestrat.es.tl\/\">agents mediambientals<\/a>, en tal cas.<\/p>\n<p style=\"text-align: justify;\"><strong>\u00c9s important recordar<\/strong> que la nostra actuaci\u00f3 es realitza sobre esp\u00e8cies d&#8217;aus molt sensible i catalogades com a vulnerables el que porta impl\u00edcit una s\u00e8rie de comportaments en el control i seguiment. Aquests comportaments han estat els recomanats per SEO-birdlife, per\u00f2 sobretot <strong>mantenir una dist\u00e0ncia important entre l&#8217;observador i les zones amb nius<\/strong>, minimitzant en tot moment les possible mol\u00e8sties que com a observadors podr\u00edem produir a la parella d&#8217;\u00e0guiles.<\/p>\n<p style=\"text-align: justify;\">I no difonent les zones de nidificaci\u00f3 a gent no sensible o amb esc\u00e0s inter\u00e8s o coneixement en la conservaci\u00f3 de les rapinyaires, ja que poden ser, de manera directa o indirecta, els que poden fer p\u00fablic la ubicaci\u00f3 dels nius a col\u00b7lectius poc respectuosos amb el medi ambient.<\/p>\n<p style=\"text-align: justify;\">Si parlem de l&#8217;\u00e0guila de panxa blanca podem dir que la majoria dels terriorios han estat ocupats per parelles nidificants, sent molt poques les parelles que han fracassat en la p<strong>art centre nord provincial , traient un nombre de polls volanders important.<\/strong><\/p>\n<p style=\"text-align: justify;\">No obstant aix\u00f2, aquestes bones xifres s&#8217;han trencat en<strong> les parelles d&#8217;\u00e0guila cuabarrada localitzades al Parc Natural de la S\u00aa d&#8217;Espad\u00e0, i voltants, on totes les parelles han fracassat<\/strong>. Per primera vegada que el GER-EA realitza controls en aquesta poblaci\u00f3, des de 1982, fa m\u00e9s de trenta anys, mai la totalitat de les parelles de la S\u00aa d&#8217;Espad\u00e0 havien fracassat. De fet fa anys aquesta poblaci\u00f3 d&#8217;\u00e0guiles era una de les m\u00e9s sanes de la Comunitat Valenciana amb cries cont\u00ednues de 2 polls, \u00e9s a partir del 2006 quan aquesta important poblaci\u00f3 inicia el seu descens.<\/p>\n<p style=\"text-align: justify;\">El frac\u00e0s en la nidificaci\u00f3 enguany, ha consistit en la p\u00e8rdua d&#8217;ous al no eclosionar, fins i tot algunes parelles no s&#8217;han arriscat a construir o reparar el niu per criar, i el m\u00e9s alarmant que algunes parelles no les hem vist en els territoris de cria.<\/p>\n<div id=\"attachment_4254\" style=\"width: 160px\" class=\"wp-caption alignleft\"><a href=\"http:\/\/www.internatura.org\/blog\/wp-content\/uploads\/2015\/06\/Hf-Coves-ad-04-05-2015-IMG_.gif\" rel=\"lightbox\" data-rel=\"lightbox-image-4\" data-rl_title=\"\" data-rl_caption=\"\" title=\"\"><img aria-describedby=\"caption-attachment-4254\" decoding=\"async\" loading=\"lazy\" class=\"wp-image-4254 size-thumbnail\" src=\"http:\/\/www.internatura.org\/blog\/wp-content\/uploads\/2015\/06\/Hf-Coves-ad-04-05-2015-IMG_-150x150.gif\" alt=\"Hf-Coves--ad-04-05-2015-IMG_\" width=\"150\" height=\"150\" \/><\/a><p id=\"caption-attachment-4254\" class=\"wp-caption-text\">\u00c0guila de panxa blanca adulta. Castell\u00f3 04-05-2015<\/p><\/div>\n<div id=\"attachment_4259\" style=\"width: 160px\" class=\"wp-caption alignright\"><a href=\"http:\/\/www.internatura.org\/blog\/wp-content\/uploads\/2015\/06\/Hf-Tales-d-10-05-2015-IMG_9.gif\" rel=\"lightbox\" data-rel=\"lightbox-image-5\" data-rl_title=\"\" data-rl_caption=\"\" title=\"\"><img aria-describedby=\"caption-attachment-4259\" decoding=\"async\" loading=\"lazy\" class=\"wp-image-4259 size-thumbnail\" src=\"http:\/\/www.internatura.org\/blog\/wp-content\/uploads\/2015\/06\/Hf-Tales-d-10-05-2015-IMG_9-150x150.gif\" alt=\"Hf-Tales-d-10-05-2015-IMG_9\" width=\"150\" height=\"150\" \/><\/a><p id=\"caption-attachment-4259\" class=\"wp-caption-text\">Membres del GER-EA controlant un territori d&#8217;\u00e1guila de panxa blanca. 10-05-2015<\/p><\/div>\n<p style=\"text-align: justify;\">Considerem que moltes de les advert\u00e8ncia que ha fet el GER-EA durant anys a la Adminstraci\u00f3 i han caigut en sac foradat, ara han pres forma i ja no hi ha temps per esperar m\u00e9s.<\/p>\n<p style=\"text-align: justify;\"><strong>CAL ACTUAR JA\u00a1\u00a1\u00a1\u00a1<\/strong><\/p>\n<p style=\"text-align: justify;\">\u00a0En resum hem controlat\u00a0un total de 22 territoris ocupats i 4 abandonats, dels quals en 17 s&#8217;ha iniciat la nidificaci\u00f3 (ous i polls), sent el nombre total de polls que han arribat a volar de 18. El que ens indica uns par\u00e0metres reproductors de: Productivitat = 0.81 p\/p\/a; \u00c8xit reproductor =1.05 p\/p\/a; Taxa de vol = 1.5 pv\/p\/a. Xifres que es mantenen dins la t\u00f2nica general, encara que nom\u00e9s 6 parelles han arribat a criar dos polls.<\/p>\n","protected":false},"excerpt":{"rendered":"<p>Diferents membres del GER-EA i persones individuals, des del mes de febrer s&#8217;estan realitzant prospeccions pels diferents barrancs i muntanyes de les comaques de Castell\u00f3 amb la finalitat de localitzar territoris de cria d&#8217;\u00e0guila de panxa blanca (Aquila fasciata) i \u00e0guila real (Aquila chrysaetos), entre altres rapinyaires. Aquesta prospecci\u00f3 s&#8217;ha \u2026 <a class=\"continue-reading-link\" href=\"https:\/\/internatura.org\/blog\/?p=4199\"> Continuar leyendo <span class=\"meta-nav\">&rarr; <\/span><\/a><\/p>\n","protected":false},"author":1,"featured_media":0,"comment_status":"closed","ping_status":"closed","sticky":false,"template":"","format":"standard","meta":[],"categories":[7,12],"tags":[16],"_links":{"self":[{"href":"https:\/\/internatura.org\/blog\/index.php?rest_route=\/wp\/v2\/posts\/4199"}],"collection":[{"href":"https:\/\/internatura.org\/blog\/index.php?rest_route=\/wp\/v2\/posts"}],"about":[{"href":"https:\/\/internatura.org\/blog\/index.php?rest_route=\/wp\/v2\/types\/post"}],"author":[{"embeddable":true,"href":"https:\/\/internatura.org\/blog\/index.php?rest_route=\/wp\/v2\/users\/1"}],"replies":[{"embeddable":true,"href":"https:\/\/internatura.org\/blog\/index.php?rest_route=%2Fwp%2Fv2%2Fcomments&post=4199"}],"version-history":[{"count":25,"href":"https:\/\/internatura.org\/blog\/index.php?rest_route=\/wp\/v2\/posts\/4199\/revisions"}],"predecessor-version":[{"id":4373,"href":"https:\/\/internatura.org\/blog\/index.php?rest_route=\/wp\/v2\/posts\/4199\/revisions\/4373"}],"wp:attachment":[{"href":"https:\/\/internatura.org\/blog\/index.php?rest_route=%2Fwp%2Fv2%2Fmedia&parent=4199"}],"wp:term":[{"taxonomy":"category","embeddable":true,"href":"https:\/\/internatura.org\/blog\/index.php?rest_route=%2Fwp%2Fv2%2Fcategories&post=4199"},{"taxonomy":"post_tag","embeddable":true,"href":"https:\/\/internatura.org\/blog\/index.php?rest_route=%2Fwp%2Fv2%2Ftags&post=4199"}],"curies":[{"name":"wp","href":"https:\/\/api.w.org\/{rel}","templated":true}]}}