{"id":4208,"date":"2015-06-23T17:01:29","date_gmt":"2015-06-23T17:01:29","guid":{"rendered":"http:\/\/www.internatura.org\/blog\/?p=4208"},"modified":"2015-09-13T19:40:49","modified_gmt":"2015-09-13T19:40:49","slug":"4208","status":"publish","type":"post","link":"https:\/\/internatura.org\/blog\/?p=4208","title":{"rendered":"CAL ACTUAR JA: LA POBLACI\u00d3 DE L&#8217;AGUILA DE PANXA BLANCA DE LA S \u00aa D&#8217;ESPAD\u00c0 PASSA PER ELS PITJORS MOMENTS DE LA SEVA HIST\u00d2RIA."},"content":{"rendered":"<div id=\"attachment_4221\" style=\"width: 160px\" class=\"wp-caption alignleft\"><a href=\"http:\/\/www.internatura.org\/blog\/wp-content\/uploads\/2015\/06\/Hf-Borriol-30-04-2015-IMG_8.gif\" rel=\"lightbox\" data-rel=\"lightbox-image-0\" data-rl_title=\"\" data-rl_caption=\"\" title=\"\"><img aria-describedby=\"caption-attachment-4221\" decoding=\"async\" loading=\"lazy\" class=\"wp-image-4221 size-thumbnail\" src=\"http:\/\/www.internatura.org\/blog\/wp-content\/uploads\/2015\/06\/Hf-Borriol-30-04-2015-IMG_8-150x150.gif\" alt=\"Hf-Borriol-30-04-2015-IMG_8\" width=\"150\" height=\"150\" \/><\/a><p id=\"caption-attachment-4221\" class=\"wp-caption-text\">\u00c0guila panxa blanca adulta. Castell\u00f3<\/p><\/div>\n<p>&nbsp;<\/p>\n<p style=\"text-align: justify;\">El Grup d&#8217;Estudi i Protecci\u00f3 dels rapinyaires &#8211; Ecologistes en Acci\u00f3 (GER-EA), un any m\u00e9s est\u00e0 realitzant seguiment de les diferents poblacions de rapinyaires a la prov\u00edncia de Castell\u00f3, sent les poblacions d&#8217;\u00e0guila de panxa blanca a la que m\u00e9s esfor\u00e7 s&#8217;inverteix .<br \/>\nL&#8217;\u00e0guila de panxa blanca \u00e9s una de les rapinyaires m\u00e9s amena\u00e7ades d&#8217;Europa, catalogada com a \u00ab<a href=\"http:\/\/www.docv.gva.es\/portal\/ficha_disposicion_pc.jsp?sig=003163\/2013&amp;L=1\">Vulnerable<\/a>\u00bb (anex IV) i les actuacions d&#8217;intervenci\u00f3 han de ser priorit\u00e0ries per als Estats i Comunitats Aut\u00f2nomes que alberguen a l&#8217;esp\u00e8cie.<\/p>\n<div id=\"attachment_4227\" style=\"width: 160px\" class=\"wp-caption alignright\"><a href=\"http:\/\/www.internatura.org\/blog\/wp-content\/uploads\/2015\/06\/Hf-Borriol-adul-bb-30-04-2015-IMG_8.gif\" rel=\"lightbox\" data-rel=\"lightbox-image-1\" data-rl_title=\"\" data-rl_caption=\"\" title=\"\"><img aria-describedby=\"caption-attachment-4227\" decoding=\"async\" loading=\"lazy\" class=\"wp-image-4227 size-thumbnail\" src=\"http:\/\/www.internatura.org\/blog\/wp-content\/uploads\/2015\/06\/Hf-Borriol-adul-bb-30-04-2015-IMG_8-150x150.gif\" alt=\"Hf-Borriol-adul-bb-30-04-2015-IMG_8\" width=\"150\" height=\"150\" \/><\/a><p id=\"caption-attachment-4227\" class=\"wp-caption-text\">Parella d&#8217;\u00e0guiles de panxa blanca 30-04-2015. Castell\u00f3<\/p><\/div>\n<div id=\"attachment_4261\" style=\"width: 160px\" class=\"wp-caption alignright\"><a href=\"http:\/\/www.internatura.org\/blog\/wp-content\/uploads\/2015\/06\/Real-Santes-H-20-06-2015IMG.gif\" rel=\"lightbox\" data-rel=\"lightbox-image-2\" data-rl_title=\"\" data-rl_caption=\"\" title=\"\"><img aria-describedby=\"caption-attachment-4261\" decoding=\"async\" loading=\"lazy\" class=\"wp-image-4261 size-thumbnail\" src=\"http:\/\/www.internatura.org\/blog\/wp-content\/uploads\/2015\/06\/Real-Santes-H-20-06-2015IMG-150x150.gif\" alt=\"Real-Santes-H-20-06-2015IMG\" width=\"150\" height=\"150\" \/><\/a><p id=\"caption-attachment-4261\" class=\"wp-caption-text\">Membres del GER-EA controlant un territori d&#8217;\u00e1guila de panxa blanca. 20-06-2015<\/p><\/div>\n<p style=\"text-align: justify;\">Pr\u00e0cticament finalitzada la temporada de nidificaci\u00f3 d&#8217;aquestes esp\u00e8cies, membres del GER-EA i i altres ornit\u00f2legs\u00a0han detectat que la poblaci\u00f3 d&#8217;\u00e0guila de panxa blanca (<em>Aquila fasciata<\/em>) existent a la S\u00aa d&#8217;Espad\u00e0 i voltants ha fracassat en la seva totalitat.<br \/>\nCap de les parelles territorials ha pogut acabar la nidificaci\u00f3 amb \u00e8xit, algunes parelles han perdut els pollets, altres han fracassat en la incubaci\u00f3 i altres m\u00e9s ni tan sols s&#8217;han aventurat a criar.<br \/>\n<strong>\u00c9s la primera vegada, des que el GER va iniciar els estudis el 1982, que cap de les parelles que mantenen els seus territoris de cria dins del Parc Natural de la S\u00aa d&#8217;Espad\u00e0 i voltants ha arribat a treure cap pollet i algunes parelles han deixat de veure en els territoris de cria .<\/strong><\/p>\n<p style=\"text-align: justify;\">Des d&#8217;antic, la poblaci\u00f3 d&#8217;\u00e0guila de panxa blanca de la S\u00aa d&#8217;Espad\u00e0 ha estat la millor zona de tota la prov\u00edncia de Castell\u00f3, mantenint territoris i reproduccions cont\u00ednues de dos polls anuals per parella. Aix\u00f2 feia que la totalitat de les \u00e0guiles de panxa blanca de Castell\u00f3 es mantinguessin en xifres d&#8217;\u00e8xit reproductor i taxa de vol importants. Per\u00f2 des de l&#8217;any 2006 s&#8217;ha anat observant com, les diferents parelles encara que mantenint territoris, tenen molts problemes per reproduir-se.<\/p>\n<p style=\"text-align: justify;\">La S \u00aa d&#8217;Espad\u00e0 i voltants hi ha un total de unes 8 parelles, cinc d&#8217;elles nidifiando dins dels l\u00edmits del Parc Natural i la resta utilitzen el parc per desplac\u00e9s o alimentar-se.<\/p>\n<p style=\"text-align: justify;\">Els motius d&#8217;ALARMA, que el GER-EA detecta des de fa alguns anys i els ha posat en coneixement de la Conselleria de Medi Ambient els podem resumir en:<\/p>\n<div id=\"attachment_4228\" style=\"width: 160px\" class=\"wp-caption alignleft\"><a href=\"http:\/\/www.internatura.org\/blog\/wp-content\/uploads\/2015\/06\/Hf-Borriol-sud-31-03-15-fem.gif\" rel=\"lightbox\" data-rel=\"lightbox-image-3\" data-rl_title=\"\" data-rl_caption=\"\" title=\"\"><img aria-describedby=\"caption-attachment-4228\" decoding=\"async\" loading=\"lazy\" class=\"wp-image-4228 size-thumbnail\" src=\"http:\/\/www.internatura.org\/blog\/wp-content\/uploads\/2015\/06\/Hf-Borriol-sud-31-03-15-fem-150x150.gif\" alt=\"Hf-Borriol-sud-31-03-15-fem\" width=\"150\" height=\"150\" \/><\/a><p id=\"caption-attachment-4228\" class=\"wp-caption-text\">Adulta anellada aCatalunya, criant a Castell\u00f3 mar\u00e7 2015<\/p><\/div>\n<p style=\"text-align: justify;\">&#8211; <strong>Disminuci\u00f3 del nombre de polls nascuts i que aconsegueixen volar<\/strong>, el que ens pot indicar probablement una manca d&#8217;alimentaci\u00f3 suficient per a l&#8217;\u00e8xit de la nidificaci\u00f3.<br \/>\n&#8211; <strong>Recanvi continu d&#8217;exemplars adults que formen les parelles<\/strong>, el que ens indica una elevada mortalitat d&#8217;adults en aquests territoris i per tant, la inestabilitat de les parelles.<br \/>\n&#8211; <strong>Canvis continus dels llocs de cria, realitzant nius alternatius cada vegada en llocs m\u00e9s degradats<\/strong> i nius m\u00e9s accessibles tant per predadors naturals com per a l&#8217;home. Aquesta conducta ens pot indicar les elevades mol\u00e8sties a les zones de cria o els seus voltants (vies d&#8217;escalada, rutes excursionistes, treballs forestals, observadors, etc.).<\/p>\n<p style=\"text-align: justify;\"><a href=\"http:\/\/www.internatura.org\/blog\/wp-content\/uploads\/2015\/06\/Real-Santes-Hhh-20-06-2015I.gif\" rel=\"lightbox\" data-rel=\"lightbox-image-4\" data-rl_title=\"\" data-rl_caption=\"\" title=\"\"><img decoding=\"async\" loading=\"lazy\" class=\"size-thumbnail wp-image-4225 alignright\" src=\"http:\/\/www.internatura.org\/blog\/wp-content\/uploads\/2015\/06\/Real-Santes-Hhh-20-06-2015I-150x150.gif\" alt=\"Real-Santes-Hhh-20-06-2015I\" width=\"150\" height=\"150\" \/><\/a><br \/>\n&#8211; <strong>Reproduccions espor\u00e0diques o nul\u00b7les en parelles que mantenen territori<\/strong>, indicant les dificultats que estan passant algunes parelles, unint-se diversos problemes al mateix temps.<br \/>\n&#8211; En els \u00faltims anys, una <strong>degradaci\u00f3 total dels territoris<\/strong> des\u00a0de moviments de terra, pistes forestals, incendis, abandonament de camps de cultius, etc.<\/p>\n<div id=\"attachment_4246\" style=\"width: 160px\" class=\"wp-caption alignleft\"><a href=\"http:\/\/www.internatura.org\/blog\/wp-content\/uploads\/2015\/06\/Hf-Plan-Accio-2012.gif\" rel=\"lightbox\" data-rel=\"lightbox-image-5\" data-rl_title=\"\" data-rl_caption=\"\" title=\"\"><img aria-describedby=\"caption-attachment-4246\" decoding=\"async\" loading=\"lazy\" class=\"wp-image-4246 size-thumbnail\" src=\"http:\/\/www.internatura.org\/blog\/wp-content\/uploads\/2015\/06\/Hf-Plan-Accio-2012-150x150.gif\" alt=\"Hf-Plan-Accio-2012\" width=\"150\" height=\"150\" \/><\/a><p id=\"caption-attachment-4246\" class=\"wp-caption-text\">Pla d&#8217;acci\u00f3 directa de protecci\u00f3 del aguila de panxa blanca. GER-EA 2012 a Castell\u00f3.<\/p><\/div>\n<p style=\"text-align: justify;\">El GER-EA, al llarg dels anys ha anat informant anualment a la Conselleria de Medi Ambient fins i tot en alguna ocasi\u00f3 a la Direcci\u00f3 del Parc Natural de la S\u00aa d&#8217;Espad\u00e0, de la situaci\u00f3 que est\u00e0vem observant. Els nostres escrits han caigut en sac foradat. Es contesten de forma evasiva i sense concretar accions a realitzar. Fins i tot van deixar al calaix les sugger\u00e8ncies incloses en el \u00ab<em><strong>Pla d&#8217;Acci\u00f3 de l&#8217;Aguila de panxa blanca a Castell\u00f3 2012<\/strong><\/em>\u00bb que va presentar el GER-EA a la Conselleria en l&#8217;any 2012, quan ja eren evidents els grans problemes de les parelles d&#8217;\u00e0guila de panxa blanca, especialment a la S\u00aa d&#8217;Espad\u00e0 i voltants, per\u00f2 no es va fer ni cas.<\/p>\n<dl id=\"attachment_4233\" class=\"wp-caption alignright\" style=\"width: 160px;\">\n<dt class=\"wp-caption-dt\"><strong><a href=\"http:\/\/www.internatura.org\/blog\/wp-content\/uploads\/2015\/06\/Hf-e-Millars-14-04-2014-IMG.jpg\" rel=\"lightbox\" data-rel=\"lightbox-image-6\" data-rl_title=\"\" data-rl_caption=\"\" title=\"\"><img decoding=\"async\" loading=\"lazy\" class=\"wp-image-4233 size-thumbnail\" src=\"http:\/\/www.internatura.org\/blog\/wp-content\/uploads\/2015\/06\/Hf-e-Millars-14-04-2014-IMG-150x150.jpg\" alt=\"Hf-e-Millars-14-04-2014-IMG\" width=\"150\" height=\"150\" \/><\/a><\/strong><\/dt>\n<dd class=\"wp-caption-dd\">Jove d&#8217;\u00e0guila de panxa blanca. 2014<\/dd>\n<\/dl>\n<div id=\"attachment_4237\" style=\"width: 160px\" class=\"wp-caption alignright\"><a href=\"http:\/\/www.internatura.org\/blog\/wp-content\/uploads\/2015\/06\/Buho-real-a-electro-24-8-13.jpg\" rel=\"lightbox\" data-rel=\"lightbox-image-7\" data-rl_title=\"\" data-rl_caption=\"\" title=\"\"><img aria-describedby=\"caption-attachment-4237\" decoding=\"async\" loading=\"lazy\" class=\"wp-image-4237 size-thumbnail\" src=\"http:\/\/www.internatura.org\/blog\/wp-content\/uploads\/2015\/06\/Buho-real-a-electro-24-8-13-150x150.jpg\" alt=\"Buho-real-a-electro-24-8-13\" width=\"150\" height=\"150\" \/><\/a><p id=\"caption-attachment-4237\" class=\"wp-caption-text\">Rapinyaire electrocutada. Zona al voltant S\u00aa d&#8217;Espad\u00e0 24-08-2013<\/p><\/div>\n<p style=\"text-align: justify;\">Tant els diferents Consellers de la Conselleria de Medi Ambient, com la Direcci\u00f3 General del Medi Natural mai ens han fet cas o han investigat les nostres den\u00fancies, simplement, s&#8217;han limitat a realitzar accions de vigil\u00e0ncia dels nius i poc m\u00e9s. I el m\u00e9s important, mai no han realitzat cap actuaci\u00f3 preventiva per evitar les morts de les \u00e0guiles o l&#8217;elevat frac\u00e0s reproductor.<\/p>\n<p style=\"text-align: justify;\"><strong>El GER-EA creu que<\/strong>:<\/p>\n<ul>\n<li style=\"text-align: justify;\">No podem tenir una l\u00ednia el\u00e8ctrica perillos\u00e0 en un territori d&#8217;\u00e0liga de panxa blanca i esperar que es electrocute una \u00e0guila per rectificar-lo.<\/li>\n<li style=\"text-align: justify;\">No podem esperar que les \u00e0guiles no cri\u00efn o que els pollets es morin al niu per falta d&#8217;aliment, sense realitzar un pla de recuperaci\u00f3 dels preses naturals de les que s&#8217;alimenten les \u00e0guiles.<\/li>\n<li style=\"text-align: justify;\">No podem esperar que matin sistem\u00e0ticament les \u00e0guiles en un territori o municipi sense parlar amb les associacions de ca\u00e7adors o federaci\u00f3 de ca\u00e7a, per atrapar els furtius.<\/li>\n<li style=\"text-align: justify;\">No podem esperar que fracassi una reproducci\u00f3 o s&#8217;abandoni una zona de cria a causa de la realitzaci\u00f3 d&#8217;activitats d&#8217;escalada, sense parlar amb les associacions de muntanyisme, escalada i excursionistes.<\/li>\n<li style=\"text-align: justify;\">No podem esperar que els territoris es vagin abandonant i no actuar per a la seva recuperaci\u00f3, encara que no hagin \u00e0guiles en aquest moment.<\/li>\n<li style=\"text-align: justify;\">No podem esperar que la poblaci\u00f3 local no estigui informada de la import\u00e0ncia de la joia que tenen en els seus termes municipals, a la qual ells han de gaudir i protegir.<\/li>\n<li style=\"text-align: justify;\">No podem esperar que desapareguin les \u00e0guiles per redactar un Pla d&#8217;Acci\u00f3 i Recuperaci\u00f3 de la poblaci\u00f3 d&#8217;\u00e0guila de panxa blanca a Castell\u00f3 i Comunitat Valenciana.<\/li>\n<\/ul>\n<div id=\"attachment_4231\" style=\"width: 160px\" class=\"wp-caption alignleft\"><a href=\"http:\/\/www.internatura.org\/blog\/wp-content\/uploads\/2015\/06\/Llebra-26-12-2013-IMG_1853.jpg\" rel=\"lightbox\" data-rel=\"lightbox-image-8\" data-rl_title=\"\" data-rl_caption=\"\" title=\"\"><img aria-describedby=\"caption-attachment-4231\" decoding=\"async\" loading=\"lazy\" class=\"wp-image-4231 size-thumbnail\" src=\"http:\/\/www.internatura.org\/blog\/wp-content\/uploads\/2015\/06\/Llebra-26-12-2013-IMG_1853-150x150.jpg\" alt=\"Llebra-26-12-2013-IMG_1853\" width=\"150\" height=\"150\" \/><\/a><p id=\"caption-attachment-4231\" class=\"wp-caption-text\">Alimentaci\u00f3 suplement\u00e0ria en una parella d&#8217;\u00e0guiles amb problemes de preses silvestres. Llebra atropellada 26-12-2013<\/p><\/div>\n<div id=\"attachment_4244\" style=\"width: 160px\" class=\"wp-caption alignleft\"><a href=\"http:\/\/www.internatura.org\/blog\/wp-content\/uploads\/2015\/06\/Conills-11-05-2015-DSCN8949.gif\" rel=\"lightbox\" data-rel=\"lightbox-image-9\" data-rl_title=\"\" data-rl_caption=\"\" title=\"\"><img aria-describedby=\"caption-attachment-4244\" decoding=\"async\" loading=\"lazy\" class=\"wp-image-4244 size-thumbnail\" src=\"http:\/\/www.internatura.org\/blog\/wp-content\/uploads\/2015\/06\/Conills-11-05-2015-DSCN8949-150x150.gif\" alt=\"Conills-11-05-2015-DSCN8949\" width=\"150\" height=\"150\" \/><\/a><p id=\"caption-attachment-4244\" class=\"wp-caption-text\">Conills, presa important per a les \u00e0guiles 11-05-2015. Castell\u00f3<\/p><\/div>\n<p style=\"text-align: justify;\">El GER-EA considera que \u00e9s absurd seguir en aquesta situaci\u00f3. El tema de l&#8217;\u00e0guila de panxa blanca hauria de ser ja prioritari per a l&#8217;Administraci\u00f3 i <strong>emprendre accions de baix cost a curt i mig termini per disminuir la mortalitat d&#8217;\u00e0guiles adultes i el frac\u00e0s reproductor<\/strong>.<\/p>\n<p style=\"text-align: justify;\">Considerem que\u00a0\u00e9s molt important i que s&#8217;hauria de fer un <strong>Pla d&#8217;Acci\u00f3 individualitzat<\/strong> per a cada territori i parella reproductora, identificant problemes de falta d&#8217;aliment, persecucions, morts directes, morts de l\u00ednies el\u00e8ctriques o basses de reg o mol\u00e8sties de qualsevol tipus, ja que no totes les parelles i els seus territoris s\u00f3n iguals. Aix\u00ed com <strong>emprendre accions preventives de cost baix<\/strong> per evitar la degradaci\u00f3 dels territoris de cria, disminuir la mortalitat, augmentar l&#8217;alimentaci\u00f3 per a les \u00e0guiles, rectificar les torretes el\u00e8ctriques a les zones de cria i alimentaci\u00f3, prohibir l&#8217;escalada en les penyes amb nius, informar la poblaci\u00f3 local de la import\u00e0ncia de les \u00e0guiles i la seva delicada situaci\u00f3, etc ..<\/p>\n<table border=\"0\" width=\"100%\" cellspacing=\"0\" cellpadding=\"0\">\n<tbody>\n<tr>\n<td valign=\"top\">\n<table border=\"0\" width=\"100%\" cellspacing=\"0\" cellpadding=\"0\">\n<tbody>\n<tr>\n<td>\n<table border=\"0\" width=\"98%\" cellspacing=\"0\" cellpadding=\"1\" align=\"center\" bgcolor=\"#cccccc\">\n<tbody>\n<tr>\n<td>\n<table style=\"height: 109px;\" border=\"0\" width=\"490\" cellspacing=\"0\" cellpadding=\"1\" bgcolor=\"#efefef\">\n<tbody>\n<tr bgcolor=\"#ffffff\">\n<td colspan=\"2\">\n<div class=\"msg\" style=\"text-align: center;\">Al maig del 2012 es va presentar davant la consellera de Medi Ambient el Pla d&#8217;acci\u00f3 de l&#8217;\u00e0guila de panxa blanca a Castell\u00f3, a causa dels grans problemes que estava passant la poblaci\u00f3 d&#8217;\u00e0guiles. En no fer cap cas l&#8217;Administraci\u00f3, el juliol del 2015 es torna a presentar a la nova Consellera de Medi Ambient de la Generalitat Valenciana.<\/div>\n<div class=\"msg\" style=\"text-align: center;\"><\/div>\n<div class=\"msg\" style=\"text-align: center;\"><strong>\u00c9S URGENT ACTUAR JA<\/strong><\/div>\n<div class=\"msg\" style=\"text-align: center;\"><\/div>\n<h3 class=\"msg\" style=\"text-align: center;\"><em><strong><a href=\"http:\/\/www.internatura.org\/docs\/AGUILA_PERDICERA_EN_CASTELLON-Plan_de_accion.pdf\">Pla d&#8217;Acci\u00f3 de l&#8217;Aguila de panxa blanca a Castell\u00f3<\/a><\/strong><\/em><\/h3>\n<div class=\"msg\"><span style=\"color: #550055;\"><br \/>\n<\/span><\/div>\n<div class=\"msg\"><\/div>\n<\/td>\n<\/tr>\n<\/tbody>\n<\/table>\n<\/td>\n<\/tr>\n<\/tbody>\n<\/table>\n<\/td>\n<\/tr>\n<\/tbody>\n<\/table>\n<\/td>\n<\/tr>\n<\/tbody>\n<\/table>\n<p style=\"text-align: justify;\"><strong>Informaci\u00f3 d&#8217;inter\u00e8s:<\/strong><\/p>\n<ul>\n<li><a href=\"http:\/\/www.internatura.org\/aocv\/docs\/Hf_situacion_en_CS_2005.pdf\">http:\/\/www.internatura.org\/aocv\/docs\/Hf_situacion_en_CS_2005.pdf<\/a><\/li>\n<li><a href=\"http:\/\/www.ub.edu\/aligaperdiguera\/EEAPcat\/images\/ENDESA_Perdicera.pdf\">http:\/\/www.ub.edu\/aligaperdiguera\/EEAPcat\/images\/ENDESA_Perdicera.pdf<\/a><\/li>\n<li><a href=\"http:\/\/doe.gobex.es\/pdfs\/doe\/2015\/1070o\/15050146.pdf\">http:\/\/doe.gobex.es\/pdfs\/doe\/2015\/1070o\/15050146.pdf<\/a><\/li>\n<\/ul>\n","protected":false},"excerpt":{"rendered":"<p>&nbsp; El Grup d&#8217;Estudi i Protecci\u00f3 dels rapinyaires &#8211; Ecologistes en Acci\u00f3 (GER-EA), un any m\u00e9s est\u00e0 realitzant seguiment de les diferents poblacions de rapinyaires a la prov\u00edncia de Castell\u00f3, sent les poblacions d&#8217;\u00e0guila de panxa blanca a la que m\u00e9s esfor\u00e7 s&#8217;inverteix . L&#8217;\u00e0guila de panxa blanca \u00e9s una \u2026 <a class=\"continue-reading-link\" href=\"https:\/\/internatura.org\/blog\/?p=4208\"> Continuar leyendo <span class=\"meta-nav\">&rarr; <\/span><\/a><\/p>\n","protected":false},"author":1,"featured_media":0,"comment_status":"closed","ping_status":"closed","sticky":false,"template":"","format":"standard","meta":[],"categories":[12],"tags":[],"_links":{"self":[{"href":"https:\/\/internatura.org\/blog\/index.php?rest_route=\/wp\/v2\/posts\/4208"}],"collection":[{"href":"https:\/\/internatura.org\/blog\/index.php?rest_route=\/wp\/v2\/posts"}],"about":[{"href":"https:\/\/internatura.org\/blog\/index.php?rest_route=\/wp\/v2\/types\/post"}],"author":[{"embeddable":true,"href":"https:\/\/internatura.org\/blog\/index.php?rest_route=\/wp\/v2\/users\/1"}],"replies":[{"embeddable":true,"href":"https:\/\/internatura.org\/blog\/index.php?rest_route=%2Fwp%2Fv2%2Fcomments&post=4208"}],"version-history":[{"count":45,"href":"https:\/\/internatura.org\/blog\/index.php?rest_route=\/wp\/v2\/posts\/4208\/revisions"}],"predecessor-version":[{"id":4371,"href":"https:\/\/internatura.org\/blog\/index.php?rest_route=\/wp\/v2\/posts\/4208\/revisions\/4371"}],"wp:attachment":[{"href":"https:\/\/internatura.org\/blog\/index.php?rest_route=%2Fwp%2Fv2%2Fmedia&parent=4208"}],"wp:term":[{"taxonomy":"category","embeddable":true,"href":"https:\/\/internatura.org\/blog\/index.php?rest_route=%2Fwp%2Fv2%2Fcategories&post=4208"},{"taxonomy":"post_tag","embeddable":true,"href":"https:\/\/internatura.org\/blog\/index.php?rest_route=%2Fwp%2Fv2%2Ftags&post=4208"}],"curies":[{"name":"wp","href":"https:\/\/api.w.org\/{rel}","templated":true}]}}