{"id":4282,"date":"2015-07-04T20:07:05","date_gmt":"2015-07-04T20:07:05","guid":{"rendered":"http:\/\/www.internatura.org\/blog\/?p=4282"},"modified":"2016-01-12T17:37:38","modified_gmt":"2016-01-12T17:37:38","slug":"cens-daus-marines-al-port-de-borriana-juliol-2015","status":"publish","type":"post","link":"https:\/\/internatura.org\/blog\/?p=4282","title":{"rendered":"Cens d&#8217;aus marines al Port de Borriana, 04 juliol 2015"},"content":{"rendered":"<div id=\"attachment_4288\" style=\"width: 160px\" class=\"wp-caption alignleft\"><a href=\"http:\/\/www.internatura.org\/blog\/wp-content\/uploads\/2015\/07\/RAM-julio-4-07-2015-IMG_351.gif\" rel=\"lightbox\" data-rel=\"lightbox-image-0\" data-rl_title=\"\" data-rl_caption=\"\" title=\"\"><img aria-describedby=\"caption-attachment-4288\" decoding=\"async\" loading=\"lazy\" class=\"wp-image-4288 size-thumbnail\" src=\"http:\/\/www.internatura.org\/blog\/wp-content\/uploads\/2015\/07\/RAM-julio-4-07-2015-IMG_351-150x150.gif\" alt=\"RAM-julio-4-07-2015-IMG_351\" width=\"150\" height=\"150\" \/><\/a><p id=\"caption-attachment-4288\" class=\"wp-caption-text\">Jos\u00e9, Marta i Lluis en plena feina 4-7-15<\/p><\/div>\n<p><a href=\"http:\/\/www.internatura.org\/blog\/wp-content\/uploads\/2015\/07\/RAM-julio-a-4-07-2015-IMG_3.gif\" rel=\"lightbox\" data-rel=\"lightbox-image-1\" data-rl_title=\"\" data-rl_caption=\"\" title=\"\"><img decoding=\"async\" loading=\"lazy\" class=\"alignright wp-image-4299 size-thumbnail\" src=\"http:\/\/www.internatura.org\/blog\/wp-content\/uploads\/2015\/07\/RAM-julio-a-4-07-2015-IMG_3-150x150.gif\" alt=\"RAM-julio-a-4-07-2015-IMG_3\" width=\"150\" height=\"150\" \/><\/a><\/p>\n<p>Un nou control del GER-EA d&#8217;aus marines al port de Borriana, dins el projecte RAM a nivell peninsular.<\/p>\n<p>Com \u00e9s norma durant els mesos d&#8217;estiu s\u00f3n poc els albiraments tant del nombre d&#8217;aus com de la diversitat d&#8217;esp\u00e8cies observades.<\/p>\n<p>&nbsp;<\/p>\n<p>&nbsp;<\/p>\n<p><a href=\"http:\/\/www.internatura.org\/blog\/wp-content\/uploads\/2015\/07\/Charan-pat-bb-jove-4-7-15-I.gif\" rel=\"lightbox\" data-rel=\"lightbox-image-2\" data-rl_title=\"\" data-rl_caption=\"\" title=\"\"><img decoding=\"async\" loading=\"lazy\" class=\"alignright wp-image-4290 size-thumbnail\" src=\"http:\/\/www.internatura.org\/blog\/wp-content\/uploads\/2015\/07\/Charan-pat-bb-jove-4-7-15-I-150x150.gif\" alt=\"Charan-pat-bb-jove-4-7-15-I\" width=\"150\" height=\"150\" \/><\/a>Els resultats del cens ha estat:<\/p>\n<p>Lloc: Port de Borriana.<\/p>\n<p>Data: 04\/07\/2015<\/p>\n<p>Hora: 7:30 a 10: 30h.<br \/>\nMeteroro: Mar en calma, assolellat amb algun n\u00favol que ens excepte mat\u00ed. Brisa suau del N. Visibilitat molt bona.<br \/>\nObservadors: Juan Luis Bort, Josep Bort, Marta Iba\u00f1ez i Jose Dur\u00e1n<br \/>\nObservacions:<\/p>\n<ul>\n<li>Mascarell (<em><a href=\"http:\/\/www.internatura.org\/aocv\/ficha.php?idesp=12\">Morus bassanus<\/a><\/em>): 22 ex. (18 joves i 4 indeterm per\u00f2 foscos) tots al sud. Grup m\u00e0xim de 4 ex.<\/li>\n<li>Corba marina emplomallada (<em><a href=\"http:\/\/www.internatura.org\/aocv\/ficha.php?idesp=14\">Phalacrocorax aristotelis<\/a><\/em>): 3 ex. al s.<\/li>\n<li>Xatrac d&#8217;albufera (<em><a href=\"http:\/\/www.internatura.org\/aocv\/ficha.php?idesp=177\">Sterna hirundo<\/a><\/em>): 2 ex. (Possiblement m\u00e9s joves) al N.<\/li>\n<li>Xatrac bec-llarg (<em><a href=\"http:\/\/www.internatura.org\/aocv\/ficha.php?idesp=172\">Sterna sandvicensis<\/a><\/em>): 264 ex. tots al N, molts eren joves demanant menjar als adults.<\/li>\n<li>Gavina corsa (<em><a href=\"http:\/\/www.internatura.org\/aocv\/ficha.php?idesp=166\">Larus audouinii<\/a><\/em>): 58 (42 a platja i port)<\/li>\n<li>Gavinot argentat mediterrani (<em><a href=\"http:\/\/www.internatura.org\/aocv\/ficha.php?idesp=157\">Larus michahellis<\/a><\/em>): 204 (a platja i port)<\/li>\n<li>Gavina vulgar (<em><a href=\"http:\/\/www.internatura.org\/aocv\/ficha.php?idesp=160\">Chroicocephalus ridibundus<\/a><\/em>): 2 ex. al N.<\/li>\n<li>Agr\u00f3 blau (<em><a href=\"http:\/\/www.internatura.org\/aocv\/ficha.php?idesp=20\">Ardea cinerea<\/a><\/em>): 1 al S.<\/li>\n<\/ul>\n<p>Destaca la gran quantitat de xatracs becllargs que es desplacen amb els jovens al Nord, el que podria haver fet passar desapercebuts alguns xatracs d&#8217;albufera.<\/p>\n<dl id=\"attachment_4291\" class=\"wp-caption alignleft\" style=\"width: 160px;\">\n<dt class=\"wp-caption-dt\"><a href=\"http:\/\/www.internatura.org\/blog\/wp-content\/uploads\/2015\/07\/Charan-pat-a-jove-4-7-15-IMG_.gif\" rel=\"lightbox\" data-rel=\"lightbox-image-3\" data-rl_title=\"\" data-rl_caption=\"\" title=\"\"><img decoding=\"async\" loading=\"lazy\" class=\"wp-image-4291 size-thumbnail\" src=\"http:\/\/www.internatura.org\/blog\/wp-content\/uploads\/2015\/07\/Charan-pat-a-jove-4-7-15-IMG_-150x150.gif\" alt=\"Charan-pat-a-jove-4-7-15-IMG_\" width=\"150\" height=\"150\" \/><\/a><\/dt>\n<dd class=\"wp-caption-dd\">Xatrac bec-llarg 4-7-15. Jove<\/dd>\n<\/dl>\n<dl id=\"attachment_4292\" class=\"wp-caption alignleft\" style=\"width: 160px;\">\n<dt class=\"wp-caption-dt\"><a href=\"http:\/\/www.internatura.org\/blog\/wp-content\/uploads\/2015\/07\/Charan-pat-jove-4-7-15-IMG_.gif\" rel=\"lightbox\" data-rel=\"lightbox-image-4\" data-rl_title=\"\" data-rl_caption=\"\" title=\"\"><img decoding=\"async\" loading=\"lazy\" class=\"wp-image-4292 size-thumbnail\" src=\"http:\/\/www.internatura.org\/blog\/wp-content\/uploads\/2015\/07\/Charan-pat-jove-4-7-15-IMG_-150x150.gif\" alt=\"Charan-pat-jove-4-7-15\" width=\"150\" height=\"150\" \/><\/a><\/dt>\n<dd class=\"wp-caption-dd\">Xatrac bec-llarg 4-7-15. Jove<\/dd>\n<\/dl>\n<div id=\"attachment_4294\" style=\"width: 160px\" class=\"wp-caption alignleft\"><a href=\"http:\/\/www.internatura.org\/blog\/wp-content\/uploads\/2015\/07\/Charan-pat-adult-4-7-15-IMG.gif\" rel=\"lightbox\" data-rel=\"lightbox-image-5\" data-rl_title=\"\" data-rl_caption=\"\" title=\"\"><img aria-describedby=\"caption-attachment-4294\" decoding=\"async\" loading=\"lazy\" class=\"wp-image-4294 size-thumbnail\" src=\"http:\/\/www.internatura.org\/blog\/wp-content\/uploads\/2015\/07\/Charan-pat-adult-4-7-15-IMG-150x150.gif\" alt=\"Charan-pat-adult-4-7-15-IMG\" width=\"150\" height=\"150\" \/><\/a><p id=\"caption-attachment-4294\" class=\"wp-caption-text\">Xatrac bec-llarg 4-7-15. Adult<\/p><\/div>\n<div id=\"attachment_4293\" style=\"width: 160px\" class=\"wp-caption alignleft\"><a href=\"http:\/\/www.internatura.org\/blog\/wp-content\/uploads\/2015\/07\/Charran-comun-4-7-15-IMG_47.gif\" rel=\"lightbox\" data-rel=\"lightbox-image-6\" data-rl_title=\"\" data-rl_caption=\"\" title=\"\"><img aria-describedby=\"caption-attachment-4293\" decoding=\"async\" loading=\"lazy\" class=\"wp-image-4293 size-thumbnail\" src=\"http:\/\/www.internatura.org\/blog\/wp-content\/uploads\/2015\/07\/Charran-comun-4-7-15-IMG_47-150x150.gif\" alt=\"Charran-comun-4-7-15-IMG_47\" width=\"150\" height=\"150\" \/><\/a><p id=\"caption-attachment-4293\" class=\"wp-caption-text\">Xatrac d&#8217;albufera 4-7-15<\/p><\/div>\n","protected":false},"excerpt":{"rendered":"<p>Un nou control del GER-EA d&#8217;aus marines al port de Borriana, dins el projecte RAM a nivell peninsular. Com \u00e9s norma durant els mesos d&#8217;estiu s\u00f3n poc els albiraments tant del nombre d&#8217;aus com de la diversitat d&#8217;esp\u00e8cies observades. &nbsp; &nbsp; Els resultats del cens ha estat: Lloc: Port de \u2026 <a class=\"continue-reading-link\" href=\"https:\/\/internatura.org\/blog\/?p=4282\"> Continuar leyendo <span class=\"meta-nav\">&rarr; <\/span><\/a><\/p>\n","protected":false},"author":1,"featured_media":0,"comment_status":"closed","ping_status":"closed","sticky":false,"template":"","format":"standard","meta":[],"categories":[7,5],"tags":[],"_links":{"self":[{"href":"https:\/\/internatura.org\/blog\/index.php?rest_route=\/wp\/v2\/posts\/4282"}],"collection":[{"href":"https:\/\/internatura.org\/blog\/index.php?rest_route=\/wp\/v2\/posts"}],"about":[{"href":"https:\/\/internatura.org\/blog\/index.php?rest_route=\/wp\/v2\/types\/post"}],"author":[{"embeddable":true,"href":"https:\/\/internatura.org\/blog\/index.php?rest_route=\/wp\/v2\/users\/1"}],"replies":[{"embeddable":true,"href":"https:\/\/internatura.org\/blog\/index.php?rest_route=%2Fwp%2Fv2%2Fcomments&post=4282"}],"version-history":[{"count":17,"href":"https:\/\/internatura.org\/blog\/index.php?rest_route=\/wp\/v2\/posts\/4282\/revisions"}],"predecessor-version":[{"id":4369,"href":"https:\/\/internatura.org\/blog\/index.php?rest_route=\/wp\/v2\/posts\/4282\/revisions\/4369"}],"wp:attachment":[{"href":"https:\/\/internatura.org\/blog\/index.php?rest_route=%2Fwp%2Fv2%2Fmedia&parent=4282"}],"wp:term":[{"taxonomy":"category","embeddable":true,"href":"https:\/\/internatura.org\/blog\/index.php?rest_route=%2Fwp%2Fv2%2Fcategories&post=4282"},{"taxonomy":"post_tag","embeddable":true,"href":"https:\/\/internatura.org\/blog\/index.php?rest_route=%2Fwp%2Fv2%2Ftags&post=4282"}],"curies":[{"name":"wp","href":"https:\/\/api.w.org\/{rel}","templated":true}]}}