{"id":4303,"date":"2015-07-06T20:27:31","date_gmt":"2015-07-06T20:27:31","guid":{"rendered":"http:\/\/www.internatura.org\/blog\/?p=4303"},"modified":"2016-01-12T17:36:30","modified_gmt":"2016-01-12T17:36:30","slug":"leducacio-ambiental-un-pilar-basic-en-les-actuacions-del-ger-ea-activitats-al-mas-de-noguera","status":"publish","type":"post","link":"https:\/\/internatura.org\/blog\/?p=4303","title":{"rendered":"L&#8217;educaci\u00f3 ambiental un pilar b\u00e0sic en les actuacions del GER-EA. Activitats al Mas de Noguera"},"content":{"rendered":"<p style=\"text-align: justify;\"><a href=\"http:\/\/www.internatura.org\/blog\/wp-content\/uploads\/2015\/07\/Mas-hh-6-7-2015-IMG_3563.gif\" rel=\"lightbox\" data-rel=\"lightbox-image-0\" data-rl_title=\"\" data-rl_caption=\"\" title=\"\"><img decoding=\"async\" loading=\"lazy\" class=\"alignleft size-thumbnail wp-image-4304\" src=\"http:\/\/www.internatura.org\/blog\/wp-content\/uploads\/2015\/07\/Mas-hh-6-7-2015-IMG_3563-150x150.gif\" alt=\"Mas-hh-6-7-2015-IMG_3563\" width=\"150\" height=\"150\" \/><\/a><\/p>\n<p style=\"text-align: justify;\"><a href=\"http:\/\/www.internatura.org\/blog\/wp-content\/uploads\/2015\/07\/Mas-g-6-7-2015-IMG_3563.gif\" rel=\"lightbox\" data-rel=\"lightbox-image-1\" data-rl_title=\"\" data-rl_caption=\"\" title=\"\"><img decoding=\"async\" loading=\"lazy\" class=\"alignright wp-image-4327 size-thumbnail\" src=\"http:\/\/www.internatura.org\/blog\/wp-content\/uploads\/2015\/07\/Mas-g-6-7-2015-IMG_3563-150x150.gif\" alt=\"Mas-g-6-7-2015-IMG_3563\" width=\"150\" height=\"150\" \/><\/a>El passat 6 juliol 2015 membres del GER-EA van realitzar diferents activitats d&#8217;educaci\u00f3 ambiental en el <a href=\"http:\/\/www.masdenoguera.coop\/val\/index.php\">Mas de Noguera<\/a> a Caudiel.<\/p>\n<p style=\"text-align: justify;\">Les activitats es van centrar dins el programa d&#8217;educaci\u00f3 ambiental que fa al Mas, i organitzat per una part pel propi personal del Mas i per Ecologistes d&#8217;Acci\u00f3 del Pa\u00eds Valenci\u00e0 amb el lema \u00ab<em>Gaudint la Terra<\/em>\u00ab, dins de les IV Col\u00f2nies d&#8217;Estiu que s&#8217;organitza cada any.\u00a0<a href=\"http:\/\/www.internatura.org\/blog\/wp-content\/uploads\/2015\/07\/Mas-6-07-2015-cartell.gif\" rel=\"lightbox\" data-rel=\"lightbox-image-2\" data-rl_title=\"\" data-rl_caption=\"\" title=\"\"><img decoding=\"async\" loading=\"lazy\" class=\"alignleft size-thumbnail wp-image-4323\" src=\"http:\/\/www.internatura.org\/blog\/wp-content\/uploads\/2015\/07\/Mas-6-07-2015-cartell-150x150.gif\" alt=\"Mas-6-07-2015-cartell\" width=\"150\" height=\"150\" \/><\/a><\/p>\n<p style=\"text-align: justify;\">Els membres del GER-EA que ens desplacem van ser Lid\u00f3n, Juan Luis, Sergi i Josep, despla\u00e7ant des de Vila-real.<\/p>\n<p style=\"text-align: justify;\"><a href=\"http:\/\/www.internatura.org\/blog\/wp-content\/uploads\/2015\/07\/Mas-b-6-7-2015-IMG_3563.gif\" rel=\"lightbox\" data-rel=\"lightbox-image-3\" data-rl_title=\"\" data-rl_caption=\"\" title=\"\"><img decoding=\"async\" loading=\"lazy\" class=\"size-thumbnail wp-image-4320 alignright\" src=\"http:\/\/www.internatura.org\/blog\/wp-content\/uploads\/2015\/07\/Mas-b-6-7-2015-IMG_3563-150x150.gif\" alt=\"Mas-b-6-7-2015-IMG_3563\" width=\"150\" height=\"150\" \/><\/a><\/p>\n<p style=\"text-align: justify;\">Les activitats programades constaven de dues parts, una xarrada sobre les aus rapinyaires i el medi ambient anomenada \u00ab<em>La Nit, aix\u00f2 tan fosc i tan viu<\/em>\u00ab, on es descriu algunes de les esp\u00e8cies de rapinyaires noturns, mam\u00edfers i insectes que utilitzen la nit per sortir dels seus caus i alimentar-se. \u00a0<a href=\"http:\/\/www.internatura.org\/blog\/wp-content\/uploads\/2015\/07\/Mas-h-6-7-2015-IMG_3563.gif\" rel=\"lightbox\" data-rel=\"lightbox-image-4\" data-rl_title=\"\" data-rl_caption=\"\" title=\"\"><img decoding=\"async\" loading=\"lazy\" class=\"alignleft size-thumbnail wp-image-4321\" src=\"http:\/\/www.internatura.org\/blog\/wp-content\/uploads\/2015\/07\/Mas-h-6-7-2015-IMG_3563-150x150.gif\" alt=\"Mas-h-6-7-2015-IMG_3563\" width=\"150\" height=\"150\" \/><\/a><\/p>\n<p style=\"text-align: justify;\">Despr\u00e9s de la xarrada i amb un magn\u00edfic sopar, es va desenvolupar la segona activitat del GER-EA, una excursi\u00f3 nocturna per a identificar els animals de la nit. \u00a0<a href=\"http:\/\/www.internatura.org\/blog\/wp-content\/uploads\/2015\/07\/Mas-heeh-6-7-2015-IMG_3563.gif\" rel=\"lightbox\" data-rel=\"lightbox-image-5\" data-rl_title=\"\" data-rl_caption=\"\" title=\"\"><img decoding=\"async\" loading=\"lazy\" class=\"size-thumbnail wp-image-4333 alignright\" src=\"http:\/\/www.internatura.org\/blog\/wp-content\/uploads\/2015\/07\/Mas-heeh-6-7-2015-IMG_3563-150x150.gif\" alt=\"Mas-heeh-6-7-2015-IMG_3563\" width=\"150\" height=\"150\" \/><\/a><a href=\"http:\/\/www.internatura.org\/blog\/wp-content\/uploads\/2015\/07\/Mas-a-6-7-2015-IMG_3563.gif\" rel=\"lightbox\" data-rel=\"lightbox-image-6\" data-rl_title=\"\" data-rl_caption=\"\" title=\"\"><img decoding=\"async\" loading=\"lazy\" class=\"size-thumbnail wp-image-4322 alignright\" src=\"http:\/\/www.internatura.org\/blog\/wp-content\/uploads\/2015\/07\/Mas-a-6-7-2015-IMG_3563-150x150.gif\" alt=\"Mas-a-6-7-2015-IMG_3563\" width=\"150\" height=\"150\" \/><\/a><\/p>\n<p style=\"text-align: justify;\">El grup de xiquets, aproximadament 55, els dividim en dos, per l&#8217;itinerari i uns amb menor edat fins als 11 anys i un altre de m\u00e9s edat de 12 a 14 anys.<\/p>\n<p style=\"text-align: justify;\"><a href=\"http:\/\/www.internatura.org\/blog\/wp-content\/uploads\/2015\/07\/Mas-er-6-7-2015-IMG_3563.gif\" rel=\"lightbox\" data-rel=\"lightbox-image-7\" data-rl_title=\"\" data-rl_caption=\"\" title=\"\"><img decoding=\"async\" loading=\"lazy\" class=\"alignleft size-thumbnail wp-image-4336\" src=\"http:\/\/www.internatura.org\/blog\/wp-content\/uploads\/2015\/07\/Mas-er-6-7-2015-IMG_3563-150x150.gif\" alt=\"Mas-er-6-7-2015-IMG_3563\" width=\"150\" height=\"150\" \/><\/a>El grup dels xicotets van ser condu\u00efts per Lid\u00f3n i Josep, per una zona propera al Mas de Noguera, amb un tra\u00e7at molt suau i que es desenvolupava per uns conreus de sec\u00e0, per unes basses per al bestiar i per una pineda.<\/p>\n<p style=\"text-align: justify;\"><a href=\"http:\/\/www.internatura.org\/blog\/wp-content\/uploads\/2015\/07\/Mas-c-6-7-2015-IMG_3563.gif\" rel=\"lightbox\" data-rel=\"lightbox-image-8\" data-rl_title=\"\" data-rl_caption=\"\" title=\"\"><img decoding=\"async\" loading=\"lazy\" class=\"size-thumbnail wp-image-4325 alignright\" src=\"http:\/\/www.internatura.org\/blog\/wp-content\/uploads\/2015\/07\/Mas-c-6-7-2015-IMG_3563-150x150.gif\" alt=\"Mas-c-6-7-2015-IMG_3563\" width=\"150\" height=\"150\" \/><\/a><\/p>\n<p style=\"text-align: justify;\"><span style=\"color: #000000;\">El grup dels majors van ser condu\u00efts per Juan Lluis i Sergi, l&#8217;itinerari tra\u00e7at era molt m\u00e9s llarg i amb un tra\u00e7at amb pendents fins a l&#8217;arribada a un cim, travessant zona de cultiu de sec\u00e0, zona de matoll mediterrani i pineda. \u00a0<\/span><\/p>\n<p style=\"text-align: justify;\">La durada dels itinerari va ser al voltant de 2 h., en elles es van realitzar diferents parades per escoltar els animals de la nit, com era l\u00f2gic no es va sentir cap rapinyaire nocturn ni enganyapastors, per\u00f2 si van poder sentir els grills i en les basses les granotes.<\/p>\n<p style=\"text-align: justify;\"><a href=\"http:\/\/www.internatura.org\/blog\/wp-content\/uploads\/2015\/07\/Mas-f-6-7-2015-IMG_3563.gif\" rel=\"lightbox\" data-rel=\"lightbox-image-9\" data-rl_title=\"\" data-rl_caption=\"\" title=\"\"><img decoding=\"async\" loading=\"lazy\" class=\"alignleft size-thumbnail wp-image-4329\" src=\"http:\/\/www.internatura.org\/blog\/wp-content\/uploads\/2015\/07\/Mas-f-6-7-2015-IMG_3563-150x150.gif\" alt=\"Mas-f-6-7-2015-IMG_3563\" width=\"150\" height=\"150\" \/><\/a><\/p>\n<p style=\"text-align: justify;\"><a href=\"http:\/\/www.internatura.org\/blog\/wp-content\/uploads\/2015\/07\/Mas-e-6-7-2015-IMG_3563.gif\" rel=\"lightbox\" data-rel=\"lightbox-image-10\" data-rl_title=\"\" data-rl_caption=\"\" title=\"\"><img decoding=\"async\" loading=\"lazy\" class=\"alignleft size-thumbnail wp-image-4330\" src=\"http:\/\/www.internatura.org\/blog\/wp-content\/uploads\/2015\/07\/Mas-e-6-7-2015-IMG_3563-150x150.gif\" alt=\"Mas-e-6-7-2015-IMG_3563\" width=\"150\" height=\"150\" \/><\/a><\/p>\n<p style=\"text-align: justify;\"><a href=\"http:\/\/www.internatura.org\/blog\/wp-content\/uploads\/2015\/07\/Mas-6-7-2015-IMG_3563.gif\" rel=\"lightbox\" data-rel=\"lightbox-image-11\" data-rl_title=\"\" data-rl_caption=\"\" title=\"\"><img decoding=\"async\" loading=\"lazy\" class=\"alignleft size-thumbnail wp-image-4326\" src=\"http:\/\/www.internatura.org\/blog\/wp-content\/uploads\/2015\/07\/Mas-6-7-2015-IMG_3563-150x150.gif\" alt=\"Mas-6-7-2015-IMG_3563\" width=\"150\" height=\"150\" \/><\/a><\/p>\n<p>&nbsp;<\/p>\n<p>&nbsp;<\/p>\n<p>Per a m\u00e9s fotos:\u00a0<a href=\"https:\/\/drive.google.com\/folderview?id=0B3FWEuLFwZLhfmh3a1lYNk42Vm42OURQeTQ5VndVTzRaMUs0OFJWanBGLUwteUhYeTk2ZDg&amp;usp=sharing_eid\" target=\"_blank\">Mas-Noguera_2015<\/a><\/p>\n<p style=\"text-align: justify;\">Despr\u00e9s d&#8217;una jornada molt divertida i interessant ens tornem a Vila-real. En llevar apareix la not\u00edcia que per causa d&#8217;un llamp, en els voltants del Mas de Noguera i prop de l&#8217;itinerari que vam fer amb els m\u00e9s xicotets, s&#8217;inicia un incendi al terme que Mont\u00e1n que avan\u00e7a en direcci\u00f3 al Mas, havent de evacuar els xiquets i portar-los al poliesportiu del poble de Jerica. Alli van romandre tres dies fins que el perill de l&#8217;incendi va desapar\u00e8ixer, per\u00f2 van ser aprofitats pels monitors del Mas per fer distintes activitats i tallers. Un final trist per\u00f2 real, que no sabem si hi haur\u00e0 deixat empremta en els xiquets, en veure el foc i la destrucci\u00f3 del medi ambient tan a prop.<\/p>\n<p style=\"text-align: justify;\"><img decoding=\"async\" src=\"https:\/\/pbs.twimg.com\/media\/CJZlSRVWcAAYwND.jpg\" alt=\"\" \/><\/p>\n<p>https:\/\/www.facebook.com\/mas.denoguera?fref=ts<\/p>\n<p>https:\/\/www.facebook.com\/mas.denoguera<\/p>\n<p><a href=\"https:\/\/twitter.com\/ecologistespv\" target=\"_blank\">@ecologistespv<\/a><\/p>\n<div><a href=\"https:\/\/twitter.com\/Educacion_eco\" target=\"_blank\">@Educacion_eco<\/a><\/div>\n<p>&nbsp;<\/p>\n","protected":false},"excerpt":{"rendered":"<p>El passat 6 juliol 2015 membres del GER-EA van realitzar diferents activitats d&#8217;educaci\u00f3 ambiental en el Mas de Noguera a Caudiel. Les activitats es van centrar dins el programa d&#8217;educaci\u00f3 ambiental que fa al Mas, i organitzat per una part pel propi personal del Mas i per Ecologistes d&#8217;Acci\u00f3 del \u2026 <a class=\"continue-reading-link\" href=\"https:\/\/internatura.org\/blog\/?p=4303\"> Continuar leyendo <span class=\"meta-nav\">&rarr; <\/span><\/a><\/p>\n","protected":false},"author":1,"featured_media":0,"comment_status":"closed","ping_status":"closed","sticky":false,"template":"","format":"standard","meta":[],"categories":[40],"tags":[88,48],"_links":{"self":[{"href":"https:\/\/internatura.org\/blog\/index.php?rest_route=\/wp\/v2\/posts\/4303"}],"collection":[{"href":"https:\/\/internatura.org\/blog\/index.php?rest_route=\/wp\/v2\/posts"}],"about":[{"href":"https:\/\/internatura.org\/blog\/index.php?rest_route=\/wp\/v2\/types\/post"}],"author":[{"embeddable":true,"href":"https:\/\/internatura.org\/blog\/index.php?rest_route=\/wp\/v2\/users\/1"}],"replies":[{"embeddable":true,"href":"https:\/\/internatura.org\/blog\/index.php?rest_route=%2Fwp%2Fv2%2Fcomments&post=4303"}],"version-history":[{"count":25,"href":"https:\/\/internatura.org\/blog\/index.php?rest_route=\/wp\/v2\/posts\/4303\/revisions"}],"predecessor-version":[{"id":4368,"href":"https:\/\/internatura.org\/blog\/index.php?rest_route=\/wp\/v2\/posts\/4303\/revisions\/4368"}],"wp:attachment":[{"href":"https:\/\/internatura.org\/blog\/index.php?rest_route=%2Fwp%2Fv2%2Fmedia&parent=4303"}],"wp:term":[{"taxonomy":"category","embeddable":true,"href":"https:\/\/internatura.org\/blog\/index.php?rest_route=%2Fwp%2Fv2%2Fcategories&post=4303"},{"taxonomy":"post_tag","embeddable":true,"href":"https:\/\/internatura.org\/blog\/index.php?rest_route=%2Fwp%2Fv2%2Ftags&post=4303"}],"curies":[{"name":"wp","href":"https:\/\/api.w.org\/{rel}","templated":true}]}}