{"id":4389,"date":"2015-07-25T11:15:51","date_gmt":"2015-07-25T11:15:51","guid":{"rendered":"http:\/\/www.internatura.org\/blog\/?p=4389"},"modified":"2016-01-12T17:38:17","modified_gmt":"2016-01-12T17:38:17","slug":"ultims-controls-de-voltor-comu-a-lalt-millars-juliol-2015","status":"publish","type":"post","link":"https:\/\/internatura.org\/blog\/?p=4389","title":{"rendered":"\u00daltims controls de voltor com\u00fa a l&#8217;Alt Millars. Juliol-2015"},"content":{"rendered":"<div id=\"attachment_4394\" style=\"width: 160px\" class=\"wp-caption alignleft\"><a href=\"http:\/\/www.internatura.org\/blog\/wp-content\/uploads\/2015\/09\/Voltor-Turmell-8-01-201.jpg\" rel=\"lightbox\" data-rel=\"lightbox-image-0\" data-rl_title=\"\" data-rl_caption=\"\" title=\"\"><img aria-describedby=\"caption-attachment-4394\" decoding=\"async\" loading=\"lazy\" class=\"wp-image-4394 size-thumbnail\" src=\"http:\/\/www.internatura.org\/blog\/wp-content\/uploads\/2015\/09\/Voltor-Turmell-8-01-201-150x150.jpg\" alt=\"Voltor-Turmell--8-01-201\" width=\"150\" height=\"150\" \/><\/a><p id=\"caption-attachment-4394\" class=\"wp-caption-text\">Adult<\/p><\/div>\n<div id=\"attachment_4393\" style=\"width: 160px\" class=\"wp-caption alignright\"><a href=\"http:\/\/www.internatura.org\/blog\/wp-content\/uploads\/2015\/09\/Voltor-a-P8F-22-12-2014-gro.jpg\" rel=\"lightbox\" data-rel=\"lightbox-image-1\" data-rl_title=\"\" data-rl_caption=\"\" title=\"\"><img aria-describedby=\"caption-attachment-4393\" decoding=\"async\" loading=\"lazy\" class=\"wp-image-4393 size-thumbnail\" src=\"http:\/\/www.internatura.org\/blog\/wp-content\/uploads\/2015\/09\/Voltor-a-P8F-22-12-2014-gro-150x150.jpg\" alt=\"Voltor-a-P8F-22-12-2014-gro\" width=\"150\" height=\"150\" \/><\/a><p id=\"caption-attachment-4393\" class=\"wp-caption-text\">Voltorera<\/p><\/div>\n<p style=\"text-align: justify;\">Durant el mes de juliol diferents membres del GER-EA ens desplacem a la comarca de l&#8217;Alt Millars, per fer els \u00faltims controls en algunes col\u00f2nies de voltors per determinar l&#8217;aband\u00f3 del niu pels polls nascuts aquest any.<\/p>\n<p style=\"text-align: justify;\">En aquests controls trobem for\u00e7a polls, encara en el niu, esperant que els pares els portessin aliment.<\/p>\n<div id=\"attachment_4396\" style=\"width: 160px\" class=\"wp-caption alignleft\"><a href=\"http:\/\/www.internatura.org\/blog\/wp-content\/uploads\/2015\/09\/Voltor-pollo-a-25-7-2015-IM.jpg\" rel=\"lightbox\" data-rel=\"lightbox-image-2\" data-rl_title=\"\" data-rl_caption=\"\" title=\"\"><img aria-describedby=\"caption-attachment-4396\" decoding=\"async\" loading=\"lazy\" class=\"wp-image-4396 size-thumbnail\" src=\"http:\/\/www.internatura.org\/blog\/wp-content\/uploads\/2015\/09\/Voltor-pollo-a-25-7-2015-IM-150x150.jpg\" alt=\"Voltor-pollo-a-25-7-2015-IM\" width=\"150\" height=\"150\" \/><\/a><p id=\"caption-attachment-4396\" class=\"wp-caption-text\">Adults donant de menjar a un polls al niu. 25\/07\/2015<\/p><\/div>\n<p style=\"text-align: justify;\">Els polls estan totalment desenvolupats realitzant moviments de les ales cont\u00ednuament, apropant a la vora del niu fins i tot despla\u00e7ant-se per lleixes properes als nius, que en ocasions pens\u00e0vem que anaven a llan\u00e7ar-se al buit i ser testimonis del primer vol, per\u00f2 no vam tenir sort.<\/p>\n<div id=\"attachment_4395\" style=\"width: 160px\" class=\"wp-caption alignright\"><a href=\"http:\/\/www.internatura.org\/blog\/wp-content\/uploads\/2015\/09\/Voltor-pollo-25-7-2015-IMG_.jpg\" rel=\"lightbox\" data-rel=\"lightbox-image-3\" data-rl_title=\"\" data-rl_caption=\"\" title=\"\"><img aria-describedby=\"caption-attachment-4395\" decoding=\"async\" loading=\"lazy\" class=\"wp-image-4395 size-thumbnail\" src=\"http:\/\/www.internatura.org\/blog\/wp-content\/uploads\/2015\/09\/Voltor-pollo-25-7-2015-IMG_-150x150.jpg\" alt=\"Voltor-pollo-25-7-2015-IMG_\" width=\"150\" height=\"150\" \/><\/a><p id=\"caption-attachment-4395\" class=\"wp-caption-text\">Polls a punt de saltar del niu 25\/07\/2015<\/p><\/div>\n<p style=\"text-align: justify;\">Aquests polls molt desenvolupats es poden diferenciar f\u00e0cilment dels voltors adults o immadurs, per les caracter\u00edstiques del plomatge, molt m\u00e9s fosc en els polls i sobretot per la gorgera o collaret, sent en els polls i joves de color marr\u00f3 i estructura de plomes , mentre en els adults \u00e9s blanc i plomes en forma de filaments.<\/p>\n<div id=\"attachment_4397\" style=\"width: 160px\" class=\"wp-caption alignleft\"><a href=\"http:\/\/www.internatura.org\/blog\/wp-content\/uploads\/2015\/09\/Voltor-c-21-11-2014-Almenar.jpg\" rel=\"lightbox\" data-rel=\"lightbox-image-4\" data-rl_title=\"\" data-rl_caption=\"\" title=\"\"><img aria-describedby=\"caption-attachment-4397\" decoding=\"async\" loading=\"lazy\" class=\"wp-image-4397 size-thumbnail\" src=\"http:\/\/www.internatura.org\/blog\/wp-content\/uploads\/2015\/09\/Voltor-c-21-11-2014-Almenar-150x150.jpg\" alt=\"Voltor-c-21-11-2014-Almenar\" width=\"150\" height=\"150\" \/><\/a><p id=\"caption-attachment-4397\" class=\"wp-caption-text\">Jove volander collar marr\u00f3<\/p><\/div>\n<p style=\"text-align: justify;\">Dels polls observats al niu considerem que estan tots a punt d&#8217;abandonar el niu, calculem sobre uns 120 dies quan s\u00f3n capa\u00e7os per aixecar el vol.<\/p>\n<div id=\"attachment_4401\" style=\"width: 160px\" class=\"wp-caption alignright\"><a href=\"http:\/\/www.internatura.org\/blog\/wp-content\/uploads\/2015\/09\/Buitre-b-29-12-2012IMG_4492.jpg\" rel=\"lightbox\" data-rel=\"lightbox-image-5\" data-rl_title=\"\" data-rl_caption=\"\" title=\"\"><img aria-describedby=\"caption-attachment-4401\" decoding=\"async\" loading=\"lazy\" class=\"wp-image-4401 size-thumbnail\" src=\"http:\/\/www.internatura.org\/blog\/wp-content\/uploads\/2015\/09\/Buitre-b-29-12-2012IMG_4492-150x150.jpg\" alt=\"Buitre-b-29-12-2012IMG_4492\" width=\"150\" height=\"150\" \/><\/a><p id=\"caption-attachment-4401\" class=\"wp-caption-text\">Adult amb collar blanc.<\/p><\/div>\n<p style=\"text-align: justify;\">Recordem que en aquest tipus de controls de nidificaci\u00f3 d&#8217;esp\u00e8cies protegides, hem d&#8217;extremar al m\u00e0xim les actituds. Preferint mantenir dist\u00e0ncies llargues per no molestar les rapinyaires, de fet, aquests controls sempre es fan amb telescopis i les fotos amb la t\u00e8cnica de digiscoping (acoblament d&#8217;una c\u00e0mera de fotos al telescopi), la qualitat de les imatges no \u00e9s \u00f2ptima, per\u00f2 les mol\u00e8sties a les aus s\u00f3n nul\u00b7les.<\/p>\n<div id=\"attachment_4403\" style=\"width: 160px\" class=\"wp-caption alignleft\"><a href=\"http:\/\/www.internatura.org\/blog\/wp-content\/uploads\/2015\/09\/Voltor-tallat-25-7-2015-IM.jpg\" rel=\"lightbox\" data-rel=\"lightbox-image-6\" data-rl_title=\"\" data-rl_caption=\"\" title=\"\"><img aria-describedby=\"caption-attachment-4403\" decoding=\"async\" loading=\"lazy\" class=\"wp-image-4403 size-thumbnail\" src=\"http:\/\/www.internatura.org\/blog\/wp-content\/uploads\/2015\/09\/Voltor-tallat-25-7-2015-IM-150x150.jpg\" alt=\"Voltor--tallat-25-7-2015-IM\" width=\"150\" height=\"150\" \/><\/a><p id=\"caption-attachment-4403\" class=\"wp-caption-text\">Sempre cal estar lluny dels nius amb polls. Utilitzar telescopis.<\/p><\/div>\n<div id=\"attachment_4405\" style=\"width: 160px\" class=\"wp-caption alignleft\"><a href=\"http:\/\/www.internatura.org\/blog\/wp-content\/uploads\/2015\/09\/Voltor-a-tallat-25-7-2015-I.jpg\" rel=\"lightbox\" data-rel=\"lightbox-image-7\" data-rl_title=\"\" data-rl_caption=\"\" title=\"\"><img aria-describedby=\"caption-attachment-4405\" decoding=\"async\" loading=\"lazy\" class=\"wp-image-4405 size-thumbnail\" src=\"http:\/\/www.internatura.org\/blog\/wp-content\/uploads\/2015\/09\/Voltor-a-tallat-25-7-2015-I-150x150.jpg\" alt=\"Voltor-a-tallat-25-7-2015-I\" width=\"150\" height=\"150\" \/><\/a><p id=\"caption-attachment-4405\" class=\"wp-caption-text\">T\u00e9cnica digiscoping<\/p><\/div>\n<p style=\"text-align: justify;\">Alhora, aquests controls de reproducci\u00f3 sempre han de realitzar-se quan els polls s\u00f3n grans, per evitar l&#8217;aband\u00f3 dels mateixos pels pares.<\/p>\n<div id=\"attachment_4408\" style=\"width: 160px\" class=\"wp-caption alignleft\"><a href=\"http:\/\/www.internatura.org\/blog\/wp-content\/uploads\/2015\/09\/Buitre-L01-groga26-05-2014-.jpg\" rel=\"lightbox\" data-rel=\"lightbox-image-8\" data-rl_title=\"\" data-rl_caption=\"\" title=\"\"><img aria-describedby=\"caption-attachment-4408\" decoding=\"async\" loading=\"lazy\" class=\"wp-image-4408 size-thumbnail\" src=\"http:\/\/www.internatura.org\/blog\/wp-content\/uploads\/2015\/09\/Buitre-L01-groga26-05-2014--150x150.jpg\" alt=\"Buitre-L01-groga26-05-2014-\" width=\"150\" height=\"150\" \/><\/a><p id=\"caption-attachment-4408\" class=\"wp-caption-text\">Adul amb marca AM[LO1]-M 26\/05\/2014<\/p><\/div>\n<div id=\"attachment_4418\" style=\"width: 160px\" class=\"wp-caption alignleft\"><a href=\"http:\/\/www.internatura.org\/blog\/wp-content\/uploads\/2015\/09\/Voltor-groc-a-L01-Terol-8-8.gif\" rel=\"lightbox\" data-rel=\"lightbox-image-9\" data-rl_title=\"\" data-rl_caption=\"\" title=\"\"><img aria-describedby=\"caption-attachment-4418\" decoding=\"async\" loading=\"lazy\" class=\"wp-image-4418 size-thumbnail\" src=\"http:\/\/www.internatura.org\/blog\/wp-content\/uploads\/2015\/09\/Voltor-groc-a-L01-Terol-8-8-150x150.gif\" alt=\"Voltor-groc-a-L01-Terol-8-8-2015\" width=\"150\" height=\"150\" \/><\/a><p id=\"caption-attachment-4418\" class=\"wp-caption-text\">Voltor alimentant-se en l&#8217;abocador de Teruel 08\/08\/2015<\/p><\/div>\n<p>Alhora, aquests controls a les voltoreres, ens serveixen per identificar voltors amb marques alars. Identificant d&#8217;una banda, la proced\u00e8ncia de l&#8217;individu, els moviments d&#8217;aquest, aix\u00ed com si s&#8217;ha establert com a reproductor a Castell\u00f3, lloc d&#8217;alimentaci\u00f3, entre d&#8217;altres aspectes.<\/p>\n<p><div id=\"attachment_4409\" style=\"width: 160px\" class=\"wp-caption alignleft\"><a href=\"http:\/\/www.internatura.org\/blog\/wp-content\/uploads\/2015\/09\/Voltor-P6M-24-03-2014-IMG_3.jpg\" rel=\"lightbox\" data-rel=\"lightbox-image-10\" data-rl_title=\"\" data-rl_caption=\"\" title=\"\"><img aria-describedby=\"caption-attachment-4409\" decoding=\"async\" loading=\"lazy\" class=\"wp-image-4409 size-thumbnail\" src=\"http:\/\/www.internatura.org\/blog\/wp-content\/uploads\/2015\/09\/Voltor-P6M-24-03-2014-IMG_3-150x150.jpg\" alt=\"Voltor-P6M-24-03-2014-IMG_3\" width=\"150\" height=\"150\" \/><\/a><p id=\"caption-attachment-4409\" class=\"wp-caption-text\">Adult amb marca AM[P6M]-M<\/p><\/div>Alguns dels moviments d&#8217;aquests individus, es poden veure a la nostra p\u00e0gina d&#8217;anellament en <a href=\"http:\/\/www.internatura.org\/aocv\/\">l&#8217;anuari ornitol\u00f2gic de la Comunitat Valenciana<\/a>\u00a0. Ex. \u00a0voltors amb marques:\u00a0<a href=\"http:\/\/www.internatura.org\/aocv\/anillas_verficha.php?back=pub&amp;id=2008&amp;especie=73\">AM[LO1]-M<\/a>\u00a0;\u00a0<a href=\"http:\/\/www.internatura.org\/aocv\/anillas_verficha.php?back=pub&amp;id=1959&amp;especie=73\">AM[P6M]-M<\/a><\/p>\n<p>M\u00e9s informaci\u00f3:<\/p>\n<p><a href=\"http:\/\/www.seo.org\/wp-content\/uploads\/2012\/04\/30_buitre_leonado.pdf\">Censo buitre leonado en Espa\u00f1a 2008.<\/a><\/p>\n<p><a href=\"http:\/\/bdb.cma.gva.es\/ficha.asp?id=12357\">Censo de buitre com\u00fan en la Comunidad Valenciana 2011.<\/a><\/p>\n<p><a href=\"https:\/\/www.youtube.com\/watch?v=6nl2zV1ufyQ\" data-rel=\"lightbox-video-0\">El buitre leonado en Castell\u00f3n (v\u00eddeo)<\/a><\/p>\n","protected":false},"excerpt":{"rendered":"<p>Durant el mes de juliol diferents membres del GER-EA ens desplacem a la comarca de l&#8217;Alt Millars, per fer els \u00faltims controls en algunes col\u00f2nies de voltors per determinar l&#8217;aband\u00f3 del niu pels polls nascuts aquest any. En aquests controls trobem for\u00e7a polls, encara en el niu, esperant que els \u2026 <a class=\"continue-reading-link\" href=\"https:\/\/internatura.org\/blog\/?p=4389\"> Continuar leyendo <span class=\"meta-nav\">&rarr; <\/span><\/a><\/p>\n","protected":false},"author":1,"featured_media":0,"comment_status":"closed","ping_status":"closed","sticky":false,"template":"","format":"standard","meta":[],"categories":[7,25],"tags":[],"_links":{"self":[{"href":"https:\/\/internatura.org\/blog\/index.php?rest_route=\/wp\/v2\/posts\/4389"}],"collection":[{"href":"https:\/\/internatura.org\/blog\/index.php?rest_route=\/wp\/v2\/posts"}],"about":[{"href":"https:\/\/internatura.org\/blog\/index.php?rest_route=\/wp\/v2\/types\/post"}],"author":[{"embeddable":true,"href":"https:\/\/internatura.org\/blog\/index.php?rest_route=\/wp\/v2\/users\/1"}],"replies":[{"embeddable":true,"href":"https:\/\/internatura.org\/blog\/index.php?rest_route=%2Fwp%2Fv2%2Fcomments&post=4389"}],"version-history":[{"count":21,"href":"https:\/\/internatura.org\/blog\/index.php?rest_route=\/wp\/v2\/posts\/4389\/revisions"}],"predecessor-version":[{"id":4391,"href":"https:\/\/internatura.org\/blog\/index.php?rest_route=\/wp\/v2\/posts\/4389\/revisions\/4391"}],"wp:attachment":[{"href":"https:\/\/internatura.org\/blog\/index.php?rest_route=%2Fwp%2Fv2%2Fmedia&parent=4389"}],"wp:term":[{"taxonomy":"category","embeddable":true,"href":"https:\/\/internatura.org\/blog\/index.php?rest_route=%2Fwp%2Fv2%2Fcategories&post=4389"},{"taxonomy":"post_tag","embeddable":true,"href":"https:\/\/internatura.org\/blog\/index.php?rest_route=%2Fwp%2Fv2%2Ftags&post=4389"}],"curies":[{"name":"wp","href":"https:\/\/api.w.org\/{rel}","templated":true}]}}