{"id":4438,"date":"2015-07-14T18:59:55","date_gmt":"2015-07-14T18:59:55","guid":{"rendered":"http:\/\/www.internatura.org\/blog\/?p=4438"},"modified":"2016-01-12T17:39:17","modified_gmt":"2016-01-12T17:39:17","slug":"educacio-ambiental-al-termet-juliol-2015","status":"publish","type":"post","link":"https:\/\/internatura.org\/blog\/?p=4438","title":{"rendered":"Educaci\u00f3 ambiental al Termet. Itinerari nocturn. Juliol-2015."},"content":{"rendered":"<p style=\"text-align: justify;\"><a href=\"http:\/\/www.internatura.org\/blog\/wp-content\/uploads\/2015\/10\/Termet-b-14-07-2015-IMG_367.gif\" rel=\"lightbox\" data-rel=\"lightbox-image-0\" data-rl_title=\"\" data-rl_caption=\"\" title=\"\"><br \/>\n<img decoding=\"async\" loading=\"lazy\" class=\"size-thumbnail wp-image-4442 alignright\" src=\"http:\/\/www.internatura.org\/blog\/wp-content\/uploads\/2015\/10\/Termet-b-14-07-2015-IMG_367-150x150.gif\" alt=\"Termet-b-14-07-2015-IMG_367\" width=\"150\" height=\"150\" \/><\/a><a href=\"http:\/\/www.internatura.org\/blog\/wp-content\/uploads\/2015\/10\/Mussol-23-06-2015-fosc-IMG_.jpg\" rel=\"lightbox\" data-rel=\"lightbox-image-1\" data-rl_title=\"\" data-rl_caption=\"\" title=\"\"><img decoding=\"async\" loading=\"lazy\" class=\"alignright wp-image-4444 size-thumbnail\" src=\"http:\/\/www.internatura.org\/blog\/wp-content\/uploads\/2015\/10\/Mussol-23-06-2015-fosc-IMG_-150x150.jpg\" alt=\"Mussol-23-06-2015-fosc-IMG_\" width=\"150\" height=\"150\" \/><\/a>Membres del GER-EA segueixen amb les activitats d&#8217;educaci\u00f3 ambiental, aquesta vegada a la zona del Termet a Vila-real. L&#8217;activitat, com anys anteriors, aquesta dins de les activitats de l&#8217;Estiu al Termet.<br \/>\nLa nostra activitat va ser realitzada despr\u00e9s de l&#8217;activitat del Grup Au sobre identificaci\u00f3 de f\u00f2ssils, impartida per Joan Castany.<\/p>\n<div id=\"attachment_4441\" style=\"width: 160px\" class=\"wp-caption alignleft\"><a href=\"http:\/\/www.internatura.org\/blog\/wp-content\/uploads\/2015\/10\/Termet-14-07-2015-IMG_3679.gif\" rel=\"lightbox\" data-rel=\"lightbox-image-2\" data-rl_title=\"\" data-rl_caption=\"\" title=\"\"><img aria-describedby=\"caption-attachment-4441\" decoding=\"async\" loading=\"lazy\" class=\"wp-image-4441 size-thumbnail\" src=\"http:\/\/www.internatura.org\/blog\/wp-content\/uploads\/2015\/10\/Termet-14-07-2015-IMG_3679-150x150.gif\" alt=\"Termet-14-07-2015-IMG_3679\" width=\"150\" height=\"150\" \/><\/a><p id=\"caption-attachment-4441\" class=\"wp-caption-text\">Membres del GER i Grup Au<\/p><\/div>\n<div id=\"attachment_4450\" style=\"width: 160px\" class=\"wp-caption alignleft\"><a href=\"http:\/\/www.internatura.org\/blog\/wp-content\/uploads\/2015\/10\/Termet-h-14-07-2015-IMG_367.gif\" rel=\"lightbox\" data-rel=\"lightbox-image-3\" data-rl_title=\"\" data-rl_caption=\"\" title=\"\"><img aria-describedby=\"caption-attachment-4450\" decoding=\"async\" loading=\"lazy\" class=\"wp-image-4450 size-thumbnail\" src=\"http:\/\/www.internatura.org\/blog\/wp-content\/uploads\/2015\/10\/Termet-h-14-07-2015-IMG_367-150x150.gif\" alt=\"Termet-h-14-07-2015-IMG_367\" width=\"150\" height=\"150\" \/><\/a><p id=\"caption-attachment-4450\" class=\"wp-caption-text\">Riu Millars. Termet<\/p><\/div>\n<p style=\"text-align: justify;\">L&#8217;activitat va consistir en la realitzaci\u00f3 d&#8217;un passeig nocturn per diferents zones del Termet (Ermita de Vila-real), en aquest passeig es van realitzar diferents estacions d&#8217;escolta per identificar, per mitj\u00e0 del cant, aus nocturnes com el xot, mussol com\u00fa, \u00f2liba comuna o duc. A les riba del riu Millars, es van identificar pels cants o sons, amfibis com la granota comuna, insectes com el grill a la vora del riu Millars. A m\u00e9s de crustacis com el cranc americ\u00e0, localitzats en les petites s\u00e8quies a la vora del riu.<br \/>\n<a href=\"http:\/\/www.internatura.org\/blog\/wp-content\/uploads\/2015\/10\/Termet-d-14-07-2015-IMG_367.gif\" rel=\"lightbox\" data-rel=\"lightbox-image-4\" data-rl_title=\"\" data-rl_caption=\"\" title=\"\"><img decoding=\"async\" loading=\"lazy\" class=\"size-thumbnail wp-image-4448 alignright\" src=\"http:\/\/www.internatura.org\/blog\/wp-content\/uploads\/2015\/10\/Termet-d-14-07-2015-IMG_367-150x150.gif\" alt=\"Termet-d-14-07-2015-IMG_367\" width=\"150\" height=\"150\" \/><\/a><br \/>\nPer acabar el passeig Josep Carda, bi\u00f2leg, ens va delectar amb les <img decoding=\"async\" loading=\"lazy\" class=\"alignleft size-thumbnail wp-image-4446\" src=\"http:\/\/www.internatura.org\/blog\/wp-content\/uploads\/2015\/10\/Termet-c-14-07-2015-IMG_367-150x150.gif\" alt=\"Termet-c-14-07-2015-IMG_367\" width=\"150\" height=\"150\" \/>diverses explicacions durant l&#8217;itinerari, sobre la fauna amb activitat nocturna, mentre membres del GER (Lid\u00f3n Badenes, Juan Lluis Bort, Sergi Marz\u00e0 i Josep Bort), van ser els responsables de les explicacions de les rapinyaires nocturnes.<br \/>\nFinalment, es va aprofitar l&#8217;itinerari i el cel ser\u00e8 perqu\u00e8 es realitzessin identificacions d&#8217;estrelles, constel\u00b7lacions i planetes.<br \/>\nUn itinerari que la gent i especialment els nens, gaudeixen amb les llanternes i aprenen aspectes que no es donen en les classes de les escoles.<\/p>\n<p style=\"text-align: justify;\"><a href=\"http:\/\/www.internatura.org\/blog\/wp-content\/uploads\/2015\/10\/Termet-e-14-07-2015-IMG_367.gif\" rel=\"lightbox\" data-rel=\"lightbox-image-5\" data-rl_title=\"\" data-rl_caption=\"\" title=\"\"><img decoding=\"async\" loading=\"lazy\" class=\"size-thumbnail wp-image-4449 alignright\" src=\"http:\/\/www.internatura.org\/blog\/wp-content\/uploads\/2015\/10\/Termet-e-14-07-2015-IMG_367-150x150.gif\" alt=\"Termet-e-14-07-2015-IMG_367\" width=\"150\" height=\"150\" \/><\/a><img decoding=\"async\" loading=\"lazy\" class=\"size-thumbnail wp-image-4452 alignright\" src=\"http:\/\/www.internatura.org\/blog\/wp-content\/uploads\/2015\/10\/Termet-g-14-07-2015-IMG_367-150x150.gif\" alt=\"Termet-g-14-07-2015-IMG_367\" width=\"150\" height=\"150\" \/><a href=\"http:\/\/www.internatura.org\/blog\/wp-content\/uploads\/2015\/10\/Termet-f-14-07-2015-IMG_367.gif\" rel=\"lightbox\" data-rel=\"lightbox-image-6\" data-rl_title=\"\" data-rl_caption=\"\" title=\"\"><img decoding=\"async\" loading=\"lazy\" class=\"size-thumbnail wp-image-4451 alignright\" src=\"http:\/\/www.internatura.org\/blog\/wp-content\/uploads\/2015\/10\/Termet-f-14-07-2015-IMG_367-150x150.gif\" alt=\"Termet-f-14-07-2015-IMG_367\" width=\"150\" height=\"150\" \/><\/a>Una vetllada molt interessant dins de l&#8217;Educaci\u00f3 ambiental que el GER-EA, intenta potenciar en totes les \u00e8poques de l&#8217;any, perqu\u00e8 els adults i nens coneguin, aprenguin i protegeixquen el medi ambient.<\/p>\n","protected":false},"excerpt":{"rendered":"<p>Membres del GER-EA segueixen amb les activitats d&#8217;educaci\u00f3 ambiental, aquesta vegada a la zona del Termet a Vila-real. L&#8217;activitat, com anys anteriors, aquesta dins de les activitats de l&#8217;Estiu al Termet. La nostra activitat va ser realitzada despr\u00e9s de l&#8217;activitat del Grup Au sobre identificaci\u00f3 de f\u00f2ssils, impartida per Joan \u2026 <a class=\"continue-reading-link\" href=\"https:\/\/internatura.org\/blog\/?p=4438\"> Continuar leyendo <span class=\"meta-nav\">&rarr; <\/span><\/a><\/p>\n","protected":false},"author":1,"featured_media":0,"comment_status":"closed","ping_status":"closed","sticky":false,"template":"","format":"standard","meta":[],"categories":[69,40],"tags":[41],"_links":{"self":[{"href":"https:\/\/internatura.org\/blog\/index.php?rest_route=\/wp\/v2\/posts\/4438"}],"collection":[{"href":"https:\/\/internatura.org\/blog\/index.php?rest_route=\/wp\/v2\/posts"}],"about":[{"href":"https:\/\/internatura.org\/blog\/index.php?rest_route=\/wp\/v2\/types\/post"}],"author":[{"embeddable":true,"href":"https:\/\/internatura.org\/blog\/index.php?rest_route=\/wp\/v2\/users\/1"}],"replies":[{"embeddable":true,"href":"https:\/\/internatura.org\/blog\/index.php?rest_route=%2Fwp%2Fv2%2Fcomments&post=4438"}],"version-history":[{"count":10,"href":"https:\/\/internatura.org\/blog\/index.php?rest_route=\/wp\/v2\/posts\/4438\/revisions"}],"predecessor-version":[{"id":4910,"href":"https:\/\/internatura.org\/blog\/index.php?rest_route=\/wp\/v2\/posts\/4438\/revisions\/4910"}],"wp:attachment":[{"href":"https:\/\/internatura.org\/blog\/index.php?rest_route=%2Fwp%2Fv2%2Fmedia&parent=4438"}],"wp:term":[{"taxonomy":"category","embeddable":true,"href":"https:\/\/internatura.org\/blog\/index.php?rest_route=%2Fwp%2Fv2%2Fcategories&post=4438"},{"taxonomy":"post_tag","embeddable":true,"href":"https:\/\/internatura.org\/blog\/index.php?rest_route=%2Fwp%2Fv2%2Ftags&post=4438"}],"curies":[{"name":"wp","href":"https:\/\/api.w.org\/{rel}","templated":true}]}}