{"id":4455,"date":"2015-08-02T19:40:05","date_gmt":"2015-08-02T19:40:05","guid":{"rendered":"http:\/\/www.internatura.org\/blog\/?p=4455"},"modified":"2016-01-12T17:39:41","modified_gmt":"2016-01-12T17:39:41","slug":"halcon-de-eleonor-agosto-2015","status":"publish","type":"post","link":"https:\/\/internatura.org\/blog\/?p=4455","title":{"rendered":"Falc\u00f3 de la reina (Falco eleonorae). Agost 2015"},"content":{"rendered":"<p style=\"text-align: justify;\"><a href=\"http:\/\/www.internatura.org\/blog\/wp-content\/uploads\/2015\/10\/Eleonor-e-01-08-2015-IMG_59.gif\" rel=\"lightbox\" data-rel=\"lightbox-image-0\" data-rl_title=\"\" data-rl_caption=\"\" title=\"\"><img decoding=\"async\" loading=\"lazy\" class=\"alignleft size-thumbnail wp-image-4457\" src=\"http:\/\/www.internatura.org\/blog\/wp-content\/uploads\/2015\/10\/Eleonor-e-01-08-2015-IMG_59-150x150.gif\" alt=\"Eleonor-e-01-08-2015-IMG_59\" width=\"150\" height=\"150\" \/><\/a><img decoding=\"async\" loading=\"lazy\" class=\"size-thumbnail wp-image-4459 alignright\" src=\"http:\/\/www.internatura.org\/blog\/wp-content\/uploads\/2015\/10\/Eleonor-01-08-2015-IMG_5939-150x150.gif\" alt=\"Eleonor-01-08-2015-IMG_5939\" width=\"150\" height=\"150\" \/>El 2 d&#8217;agost ens traslladem al terme de Cabanes i de la Pobla de Tornersa, amb la intenci\u00f3 d&#8217;observar els \u00faltim falcons de la reina (<em><a href=\"http:\/\/www.internatura.org\/aocv\/ficha.php?idesp=81\">Falco eleonorae<\/a><\/em>) que des de final de juny s&#8217;observen a la zona. Ens traslladem diversos membres del GER-EA amb el dubte de poder observar algun, ja que aquest any ens hem acostat molt tard.<\/p>\n<p style=\"text-align: justify;\">Arribem a la zona a les 20 h., encara amb molta llum, buscant per diferents zones que sabem que es mouen per\u00f2 res, cap falc\u00f3 per enlloc. Van passant els minuts i la moral es va baixant fins que comen\u00e7a a fer-se de nit, les 21 h. i sense veure res. Per\u00f2 a les 21:15 h. en una zona propera a la Pobla detectem a un falc\u00f3, al moment dos, tres, quatre, fins a sis junts. L&#8217;emoci\u00f3 es va apoderar de nosaltres i ens dirigim en cotxe fins a aquesta zona, aparcant al costat de la benzinera.<br \/>\n<img decoding=\"async\" loading=\"lazy\" class=\"size-thumbnail wp-image-4462 alignright\" src=\"http:\/\/www.internatura.org\/blog\/wp-content\/uploads\/2015\/10\/Eleonor-b-01-08-2015-IMG_59-150x150.gif\" alt=\"Eleonor-b-01-08-2015-IMG_59\" width=\"150\" height=\"150\" \/>\u00a0<img decoding=\"async\" loading=\"lazy\" class=\"alignleft size-thumbnail wp-image-4460\" src=\"http:\/\/www.internatura.org\/blog\/wp-content\/uploads\/2015\/10\/Eleonor-aa-01-08-2015-IMG_5-150x150.gif\" alt=\"Eleonor-aa-01-08-2015-IMG_5\" width=\"150\" height=\"150\" \/>All\u00ed estaven amb vol de captura d&#8217;insectes en vol, una vegada i una altra, t\u00e8cnica de ca\u00e7a que ens recorda als falconets (<em><a href=\"http:\/\/www.internatura.org\/aocv\/ficha.php?idesp=86\">Falco subbuteo<\/a><\/em>) fins i tot a les muixetes (<em><a href=\"http:\/\/www.internatura.org\/aocv\/ficha.php?idesp=84\">Falco tinnunculus<\/a><\/em>) quan cacen en vol. Al moment van apareixent, ja gaireb\u00e9 de nit, i s&#8217;amplia l&#8217;\u00e0rea de campeig i ca\u00e7a.<\/p>\n<p style=\"text-align: justify;\">On estem ja no n&#8217;hi ha cap, de nou vam pujar al cotxe ia buscar-los una mica m\u00e9s al nord, all\u00e0 estaven, la zona de sempre, sobre les pinedes de pi maritim (<em>Pinus pinaster<\/em>) de la zona.<\/p>\n<p style=\"text-align: justify;\"><a href=\"http:\/\/www.internatura.org\/blog\/wp-content\/uploads\/2015\/10\/Eleonor-a-01-08-2015-IMG_59.gif\" rel=\"lightbox\" data-rel=\"lightbox-image-1\" data-rl_title=\"\" data-rl_caption=\"\" title=\"\"><img decoding=\"async\" loading=\"lazy\" class=\"size-thumbnail wp-image-4461 alignright\" src=\"http:\/\/www.internatura.org\/blog\/wp-content\/uploads\/2015\/10\/Eleonor-a-01-08-2015-IMG_59-150x150.gif\" alt=\"Eleonor-a-01-08-2015-IMG_59\" width=\"150\" height=\"150\" \/><\/a>A les 21h. apareix el 1r falc\u00f3, al moment altres dos, tres, quatre, fins a sis junts, ca\u00e7ant el l&#8217;aire. A les 21: 15h. ja eren 12 els que comptem ia les 21:30, un grup de 9 al moment es van ajuntar fins a 13 en el mateix camp visual, i altres separats. No sabem els que havien en total per\u00f2 considerams que al voltant de 20 falcons. Entre les 21:30 i 21:45 h. van anar desapareixent tots cap al SE, quedant sol 3 que van aguantar fins a les 21:55 h., per\u00f2 a les 22:15 . A les 22: 30h. ens anem molt satisfets ja que pensaven no veure cap.<a href=\"http:\/\/www.internatura.org\/blog\/wp-content\/uploads\/2015\/10\/Eleonor-aaa-01-08-2015-IMG_.gif\" rel=\"lightbox\" data-rel=\"lightbox-image-2\" data-rl_title=\"\" data-rl_caption=\"\" title=\"\"><img decoding=\"async\" loading=\"lazy\" class=\"alignleft size-thumbnail wp-image-4463\" src=\"http:\/\/www.internatura.org\/blog\/wp-content\/uploads\/2015\/10\/Eleonor-aaa-01-08-2015-IMG_-150x150.gif\" alt=\"Eleonor-aaa-01-08-2015-IMG_\" width=\"150\" height=\"150\" \/><\/a> <a href=\"http:\/\/www.internatura.org\/blog\/wp-content\/uploads\/2015\/10\/Eleonor-bb-01-08-2015-IMG_5.gif\" rel=\"lightbox\" data-rel=\"lightbox-image-3\" data-rl_title=\"\" data-rl_caption=\"\" title=\"\"><img decoding=\"async\" loading=\"lazy\" class=\"alignleft size-thumbnail wp-image-4464\" src=\"http:\/\/www.internatura.org\/blog\/wp-content\/uploads\/2015\/10\/Eleonor-bb-01-08-2015-IMG_5-150x150.gif\" alt=\"Eleonor-bb-01-08-2015-IMG_5\" width=\"150\" height=\"150\" \/><\/a> <a href=\"http:\/\/www.internatura.org\/blog\/wp-content\/uploads\/2015\/10\/Eleonor-bbb-01-08-2015-IMG_.gif\" rel=\"lightbox\" data-rel=\"lightbox-image-4\" data-rl_title=\"\" data-rl_caption=\"\" title=\"\"><img decoding=\"async\" loading=\"lazy\" class=\"alignleft size-thumbnail wp-image-4465\" src=\"http:\/\/www.internatura.org\/blog\/wp-content\/uploads\/2015\/10\/Eleonor-bbb-01-08-2015-IMG_-150x150.gif\" alt=\"Eleonor-bbb-01-08-2015-IMG_\" width=\"150\" height=\"150\" \/><\/a> <a href=\"http:\/\/www.internatura.org\/blog\/wp-content\/uploads\/2015\/10\/Eleonor-dd-01-08-2015-IMG_5.gif\" rel=\"lightbox\" data-rel=\"lightbox-image-5\" data-rl_title=\"\" data-rl_caption=\"\" title=\"\"><img decoding=\"async\" loading=\"lazy\" class=\"alignleft size-thumbnail wp-image-4466\" src=\"http:\/\/www.internatura.org\/blog\/wp-content\/uploads\/2015\/10\/Eleonor-dd-01-08-2015-IMG_5-150x150.gif\" alt=\"Eleonor-dd-01-08-2015-IMG_5\" width=\"150\" height=\"150\" \/><\/a> <a href=\"http:\/\/www.internatura.org\/blog\/wp-content\/uploads\/2015\/10\/Eleonor-f-01-08-2015-IMG_59.gif\" rel=\"lightbox\" data-rel=\"lightbox-image-6\" data-rl_title=\"\" data-rl_caption=\"\" title=\"\"><img decoding=\"async\" loading=\"lazy\" class=\"alignleft size-thumbnail wp-image-4467\" src=\"http:\/\/www.internatura.org\/blog\/wp-content\/uploads\/2015\/10\/Eleonor-f-01-08-2015-IMG_59-150x150.gif\" alt=\"Eleonor-f-01-08-2015-IMG_59\" width=\"150\" height=\"150\" srcset=\"https:\/\/internatura.org\/blog\/wp-content\/uploads\/2015\/10\/Eleonor-f-01-08-2015-IMG_59-150x150.gif 150w, https:\/\/internatura.org\/blog\/wp-content\/uploads\/2015\/10\/Eleonor-f-01-08-2015-IMG_59-298x300.gif 298w, https:\/\/internatura.org\/blog\/wp-content\/uploads\/2015\/10\/Eleonor-f-01-08-2015-IMG_59-149x150.gif 149w\" sizes=\"(max-width: 150px) 100vw, 150px\" \/><\/a><\/p>\n<p style=\"text-align: justify;\">\u00a0<a href=\"http:\/\/www.internatura.org\/blog\/wp-content\/uploads\/2015\/10\/Eleonor-ccc-01-08-2015-IMG_.gif\" rel=\"lightbox\" data-rel=\"lightbox-image-7\" data-rl_title=\"\" data-rl_caption=\"\" title=\"\"><img decoding=\"async\" loading=\"lazy\" class=\"alignleft size-thumbnail wp-image-4468\" src=\"http:\/\/www.internatura.org\/blog\/wp-content\/uploads\/2015\/10\/Eleonor-ccc-01-08-2015-IMG_-150x150.gif\" alt=\"Eleonor-ccc-01-08-2015-IMG_\" width=\"150\" height=\"150\" \/><\/a> <a href=\"http:\/\/www.internatura.org\/blog\/wp-content\/uploads\/2015\/10\/Eleonor-f-01-08-2015-IMG_591.gif\" rel=\"lightbox\" data-rel=\"lightbox-image-8\" data-rl_title=\"\" data-rl_caption=\"\" title=\"\"><img decoding=\"async\" loading=\"lazy\" class=\"alignleft size-thumbnail wp-image-4469\" src=\"http:\/\/www.internatura.org\/blog\/wp-content\/uploads\/2015\/10\/Eleonor-f-01-08-2015-IMG_591-150x150.gif\" alt=\"Eleonor-f-01-08-2015-IMG_59\" width=\"150\" height=\"150\" srcset=\"https:\/\/internatura.org\/blog\/wp-content\/uploads\/2015\/10\/Eleonor-f-01-08-2015-IMG_591-150x150.gif 150w, https:\/\/internatura.org\/blog\/wp-content\/uploads\/2015\/10\/Eleonor-f-01-08-2015-IMG_591-298x300.gif 298w, https:\/\/internatura.org\/blog\/wp-content\/uploads\/2015\/10\/Eleonor-f-01-08-2015-IMG_591-149x150.gif 149w\" sizes=\"(max-width: 150px) 100vw, 150px\" \/><\/a><\/p>\n","protected":false},"excerpt":{"rendered":"<p>El 2 d&#8217;agost ens traslladem al terme de Cabanes i de la Pobla de Tornersa, amb la intenci\u00f3 d&#8217;observar els \u00faltim falcons de la reina (Falco eleonorae) que des de final de juny s&#8217;observen a la zona. Ens traslladem diversos membres del GER-EA amb el dubte de poder observar algun, \u2026 <a class=\"continue-reading-link\" href=\"https:\/\/internatura.org\/blog\/?p=4455\"> Continuar leyendo <span class=\"meta-nav\">&rarr; <\/span><\/a><\/p>\n","protected":false},"author":1,"featured_media":0,"comment_status":"closed","ping_status":"closed","sticky":false,"template":"","format":"standard","meta":[],"categories":[7,25],"tags":[],"_links":{"self":[{"href":"https:\/\/internatura.org\/blog\/index.php?rest_route=\/wp\/v2\/posts\/4455"}],"collection":[{"href":"https:\/\/internatura.org\/blog\/index.php?rest_route=\/wp\/v2\/posts"}],"about":[{"href":"https:\/\/internatura.org\/blog\/index.php?rest_route=\/wp\/v2\/types\/post"}],"author":[{"embeddable":true,"href":"https:\/\/internatura.org\/blog\/index.php?rest_route=\/wp\/v2\/users\/1"}],"replies":[{"embeddable":true,"href":"https:\/\/internatura.org\/blog\/index.php?rest_route=%2Fwp%2Fv2%2Fcomments&post=4455"}],"version-history":[{"count":11,"href":"https:\/\/internatura.org\/blog\/index.php?rest_route=\/wp\/v2\/posts\/4455\/revisions"}],"predecessor-version":[{"id":4592,"href":"https:\/\/internatura.org\/blog\/index.php?rest_route=\/wp\/v2\/posts\/4455\/revisions\/4592"}],"wp:attachment":[{"href":"https:\/\/internatura.org\/blog\/index.php?rest_route=%2Fwp%2Fv2%2Fmedia&parent=4455"}],"wp:term":[{"taxonomy":"category","embeddable":true,"href":"https:\/\/internatura.org\/blog\/index.php?rest_route=%2Fwp%2Fv2%2Fcategories&post=4455"},{"taxonomy":"post_tag","embeddable":true,"href":"https:\/\/internatura.org\/blog\/index.php?rest_route=%2Fwp%2Fv2%2Ftags&post=4455"}],"curies":[{"name":"wp","href":"https:\/\/api.w.org\/{rel}","templated":true}]}}