{"id":4478,"date":"2015-08-15T21:41:46","date_gmt":"2015-08-15T21:41:46","guid":{"rendered":"http:\/\/www.internatura.org\/blog\/?p=4478"},"modified":"2016-01-12T17:40:50","modified_gmt":"2016-01-12T17:40:50","slug":"control-de-migracio-postnupcial-agost-2015","status":"publish","type":"post","link":"https:\/\/internatura.org\/blog\/?p=4478","title":{"rendered":"Control de migraci\u00f3 postnupcial. Agost 2015"},"content":{"rendered":"<p style=\"text-align: justify;\"><a href=\"http:\/\/www.internatura.org\/blog\/wp-content\/uploads\/2015\/10\/Abellerol-2IMG_0221-e1444941609582.jpg\" rel=\"lightbox\" data-rel=\"lightbox-image-0\" data-rl_title=\"\" data-rl_caption=\"\" title=\"\"><img decoding=\"async\" loading=\"lazy\" class=\"alignleft wp-image-4482 size-thumbnail\" src=\"http:\/\/www.internatura.org\/blog\/wp-content\/uploads\/2015\/10\/Abellerol-2IMG_0221-150x150.jpg\" alt=\"Abellerol-2IMG_0221\" width=\"150\" height=\"150\" \/><\/a> <a href=\"http:\/\/www.internatura.org\/blog\/wp-content\/uploads\/2015\/10\/La-e-Punta-agost-2015-IMG_9.gif\" rel=\"lightbox\" data-rel=\"lightbox-image-1\" data-rl_title=\"\" data-rl_caption=\"\" title=\"\"><img decoding=\"async\" loading=\"lazy\" class=\"size-thumbnail wp-image-4486 alignright\" src=\"http:\/\/www.internatura.org\/blog\/wp-content\/uploads\/2015\/10\/La-e-Punta-agost-2015-IMG_9-150x150.gif\" alt=\"La-e-Punta-agost-2015-IMG_9\" width=\"150\" height=\"150\" \/><\/a>Dins del projecte \u00ab<strong><em>XARXA DE SEGUIMENT DE LA MIGRACI\u00d3 EN LA COMUNITAT VALENCIANA<\/em><\/strong>\u00ab, el GER-ea al costat d&#8217;altres organitzacions (SVO, APNAL, Au d&#8217;anellament) i persones particulars, vam comen\u00e7ar la campanya de cens\u00a0i recompte d&#8217;aus rapinyaires i planadores en els seus despla\u00e7aments\u00a0postnupcials cap al continent afric\u00e0. El GER-EA, porta\u00a0col\u00b7laborant 4 anys amb els diferents grups que se situen al llarg\u00a0de la Comunitat Valenciana.<\/p>\n<p style=\"text-align: justify;\"><a href=\"http:\/\/www.internatura.org\/blog\/wp-content\/uploads\/2015\/10\/Culebrera-a-27-8-2015-IMG_1.gif\" rel=\"lightbox\" data-rel=\"lightbox-image-2\" data-rl_title=\"\" data-rl_caption=\"\" title=\"\"><img decoding=\"async\" loading=\"lazy\" class=\"alignright wp-image-4487 size-thumbnail\" src=\"http:\/\/www.internatura.org\/blog\/wp-content\/uploads\/2015\/10\/Culebrera-a-27-8-2015-IMG_1-150x150.gif\" alt=\"Culebrera-a-27-8-2015-IMG_1\" width=\"150\" height=\"150\" srcset=\"https:\/\/internatura.org\/blog\/wp-content\/uploads\/2015\/10\/Culebrera-a-27-8-2015-IMG_1-150x150.gif 150w, https:\/\/internatura.org\/blog\/wp-content\/uploads\/2015\/10\/Culebrera-a-27-8-2015-IMG_1-300x297.gif 300w\" sizes=\"(max-width: 150px) 100vw, 150px\" \/><\/a><img decoding=\"async\" loading=\"lazy\" class=\"alignleft size-thumbnail wp-image-4485\" src=\"http:\/\/www.internatura.org\/blog\/wp-content\/uploads\/2015\/10\/Culebrera-a-15-08-15-IMG_94-150x150.gif\" alt=\"Culebrera-a-15-08-15-IMG_94\" width=\"150\" height=\"150\" srcset=\"https:\/\/internatura.org\/blog\/wp-content\/uploads\/2015\/10\/Culebrera-a-15-08-15-IMG_94-150x150.gif 150w, https:\/\/internatura.org\/blog\/wp-content\/uploads\/2015\/10\/Culebrera-a-15-08-15-IMG_94-149x150.gif 149w\" sizes=\"(max-width: 150px) 100vw, 150px\" \/>Com sempre la nostra estaci\u00f3 d&#8217;observaci\u00f3 \u00e9s a la zona coneguda\u00a0com \u00abLa Punta\u00bb en el terme municipal de la Vall d&#8217;Uix\u00f3, montanyeta\u00a0entre la S\u00aa d&#8217;Espad\u00e0 i la marjal de la Llosa i Almenara.<\/p>\n<p style=\"text-align: justify;\">La metodologia utilitzada \u00e9s la mateixa que en anys anteriors, el cens va des del 15 d&#8217;agost fins al 30 d&#8217;octubre. El cens consisteix b\u00e0sicament en la comptabilitzaci\u00f3 de les esp\u00e8cies observades i el nom d&#8217;aus detectades. Durant 3 hores i\u00a0normalment entre les 10:00 i 13:00 h. a l&#8217;estiu i des de les 11:00 a\u00a0els 14: 00h. a la tardor.<\/p>\n<p style=\"text-align: justify;\">A continuaci\u00f3 us passem els resultats dels primers censos que hem realitzat en el mes d&#8217;agost.<\/p>\n<p style=\"text-align: justify;\">PUNT DE L&#8217;OBSERVATORI \u00abLA PUNTA\u00bb A T.M. LA VALL D&#8217;UIX\u00d3.<br \/>\nLLOC OBSERVACI\u00d3:<\/p>\n<p style=\"text-align: justify;\">Coordenades: Latitud: 39\u00ba 48 &#8216;15,7746&#8217; &#8216;\/ longitud: 0\u00ba 12&#8217; 6,357 \u00bb W<\/p>\n<p>DIA: 15 \/ AGOST \/ 2015<br \/>\nHORA: DE 11 A 14 H.<br \/>\nMETEROLO: Dia ennuvolat amb vent nul, brisa a partir de les 13 h. del NE, visibilitat: bona<br \/>\nOBSERVADORS: Josep Bort<\/p>\n<ul>\n<li>Rapinyaires:<br \/>\nArpellot cendr\u00f3s (<em><a href=\"http:\/\/Circus pygargus\">Circus pygargus<\/a><\/em>): 1 jove; 1 femella<br \/>\nArpellot de marjal (<em><a href=\"http:\/\/Circus aeruginosus\">Circus aeruginosus<\/a><\/em>): 5 femella \/ jov; 1 mascle inmaturo<br \/>\nMuixeta (<a href=\"http:\/\/www.internatura.org\/aocv\/ficha.php?idesp=84\">Falco tinnunculus<\/a>): 11 ex. (d&#8217;ells 5 en grup)<br \/>\n\u00c0guila cal\u00e7ada (<a href=\"http:\/\/Aquila pennata\">Aquila pennatus<\/a>): 3 ex. Fase clara<br \/>\n\u00c0guila serpera (<a href=\"http:\/\/www.internatura.org\/aocv\/ficha.php?idesp=75\">Circaetus gallicus<\/a>): 3 (possible locals, una a Te)<\/li>\n<li><a href=\"http:\/\/www.internatura.org\/blog\/wp-content\/uploads\/2015\/10\/Culebrera-Millars-3-08-15-I.gif\" rel=\"lightbox\" data-rel=\"lightbox-image-3\" data-rl_title=\"\" data-rl_caption=\"\" title=\"\"><img decoding=\"async\" loading=\"lazy\" class=\"size-thumbnail wp-image-4488 alignright\" src=\"http:\/\/www.internatura.org\/blog\/wp-content\/uploads\/2015\/10\/Culebrera-Millars-3-08-15-I-150x150.gif\" alt=\"Culebrera-Millars-3-08-15-I\" width=\"150\" height=\"150\" \/><\/a><a href=\"http:\/\/www.internatura.org\/blog\/wp-content\/uploads\/2015\/10\/Cenizo-jove-b15-08-15IMG_91.gif\" rel=\"lightbox\" data-rel=\"lightbox-image-4\" data-rl_title=\"\" data-rl_caption=\"\" title=\"\"><img decoding=\"async\" loading=\"lazy\" class=\"size-thumbnail wp-image-4489 alignright\" src=\"http:\/\/www.internatura.org\/blog\/wp-content\/uploads\/2015\/10\/Cenizo-jove-b15-08-15IMG_91-150x150.gif\" alt=\"Cenizo-jove-b15-08-15IMG_91\" width=\"150\" height=\"150\" \/><\/a><a href=\"http:\/\/www.internatura.org\/blog\/wp-content\/uploads\/2015\/10\/Lagunero-b-15-08-15-IMG_924.gif\" rel=\"lightbox\" data-rel=\"lightbox-image-5\" data-rl_title=\"\" data-rl_caption=\"\" title=\"\"><img decoding=\"async\" loading=\"lazy\" class=\"size-thumbnail wp-image-4490 alignright\" src=\"http:\/\/www.internatura.org\/blog\/wp-content\/uploads\/2015\/10\/Lagunero-b-15-08-15-IMG_924-150x150.gif\" alt=\"Lagunero-b-15-08-15-IMG_924\" width=\"150\" height=\"150\" \/><\/a><br \/>\nAltres aus:<br \/>\nOreneta \u00a0(<a href=\"http:\/\/www.internatura.org\/aocv\/ficha.php?idesp=220\">Hirundo rustica<\/a>): 32 ex.<br \/>\nOreneta cuablanca (<a href=\"http:\/\/www.internatura.org\/aocv\/ficha.php?idesp=217\">Delichon urbicum<\/a>): 43 ex.<br \/>\nFalcia (<a href=\"http:\/\/www.internatura.org\/aocv\/ficha.php?idesp=201\">Apus apus<\/a>): 1.804 ex.<br \/>\nPapamosques gris (<a href=\"http:\/\/www.internatura.org\/aocv\/ficha.php?idesp=238\">Muscicapa striata<\/a>): 2 ex.<br \/>\nCapsot (<a href=\"http:\/\/www.internatura.org\/aocv\/ficha.php?idesp=308\">Lanius senator<\/a>) 1 ex.<br \/>\nAbellerol (<a href=\"http:\/\/www.internatura.org\/aocv\/ficha.php?idesp=203\">Merops apiaster<\/a>): 21 ex.<br \/>\nCavaller (<a href=\"http:\/\/www.internatura.org\/aocv\/ficha.php?idesp=204\">Coracias garrulus<\/a>): 1 volant i posada a Te<br \/>\nCadernera(<a href=\"http:\/\/www.internatura.org\/aocv\/ficha.php?idesp=336\">Carduelis carduelis<\/a>) 6 ex.<br \/>\nGarsa (<a href=\"http:\/\/www.internatura.org\/aocv\/ficha.php?idesp=314\">Pica pica<\/a>): 2 ex.<\/li>\n<\/ul>\n<p><a href=\"http:\/\/www.internatura.org\/blog\/wp-content\/uploads\/2015\/10\/Carraca-a-15-08-15-IMG_9404.gif\" rel=\"lightbox\" data-rel=\"lightbox-image-6\" data-rl_title=\"\" data-rl_caption=\"\" title=\"\"><img decoding=\"async\" loading=\"lazy\" class=\"alignleft size-thumbnail wp-image-4491\" src=\"http:\/\/www.internatura.org\/blog\/wp-content\/uploads\/2015\/10\/Carraca-a-15-08-15-IMG_9404-150x150.gif\" alt=\"Carraca-a-15-08-15-IMG_9404\" width=\"150\" height=\"150\" \/><\/a><a href=\"http:\/\/www.internatura.org\/blog\/wp-content\/uploads\/2015\/10\/Carraca-15-08-15-DSCN0016.gif\" rel=\"lightbox\" data-rel=\"lightbox-image-7\" data-rl_title=\"\" data-rl_caption=\"\" title=\"\"><img decoding=\"async\" loading=\"lazy\" class=\"alignleft size-thumbnail wp-image-4492\" src=\"http:\/\/www.internatura.org\/blog\/wp-content\/uploads\/2015\/10\/Carraca-15-08-15-DSCN0016-150x150.gif\" alt=\"Carraca-15-08-15-DSCN0016\" width=\"150\" height=\"150\" \/><\/a><\/p>\n<p style=\"text-align: justify;\"><strong>Comentaris:<\/strong><br \/>\nEl m\u00e9s destacat del mat\u00ed ha estat la quantitat de falciots que han anat passant a \u00faltima hora de la jornada, m\u00e9s de MIL.<br \/>\nDe la mateixa manera no m&#8217;esperava veure tantes rapinyaires ja en moviment de migraci\u00f3 clar.<br \/>\nTant el nombre d&#8217;\u00e0guiles cal\u00e7ada com el de culebreras pot ser 2 ex. En cada cas per repetici\u00f3. 1 cal\u00e7ada amb vol actiu a una al\u00e7ada considerable cap al N. Aquestes dues esp\u00e8cies hem de considerar en aquest moment com a locals, per la proximitat de la S\u00aa d&#8217;Espad\u00e0 on nidifiquen, i la migraci\u00f3 d&#8217;aquestes esp\u00e8cies \u00e9s al setembre \/ octubre.<br \/>\nAltres esp\u00e8cies en migraci\u00f3 activa com els esparvers cendrosos i marjal eren d&#8217;esperar. No els xoriguers que van passar m\u00e9s dels esperats i un grup de 5 ex.<br \/>\nLa Carraca va ser tota una sorpresa, en pujar al lloc d&#8217;observaci\u00f3, volant i posada en un cable des del qual es tirava a terra, a per insectes?<\/p>\n","protected":false},"excerpt":{"rendered":"<p>Dins del projecte \u00abXARXA DE SEGUIMENT DE LA MIGRACI\u00d3 EN LA COMUNITAT VALENCIANA\u00ab, el GER-ea al costat d&#8217;altres organitzacions (SVO, APNAL, Au d&#8217;anellament) i persones particulars, vam comen\u00e7ar la campanya de cens\u00a0i recompte d&#8217;aus rapinyaires i planadores en els seus despla\u00e7aments\u00a0postnupcials cap al continent afric\u00e0. El GER-EA, porta\u00a0col\u00b7laborant 4 anys \u2026 <a class=\"continue-reading-link\" href=\"https:\/\/internatura.org\/blog\/?p=4478\"> Continuar leyendo <span class=\"meta-nav\">&rarr; <\/span><\/a><\/p>\n","protected":false},"author":1,"featured_media":0,"comment_status":"closed","ping_status":"closed","sticky":false,"template":"","format":"standard","meta":[],"categories":[7,89],"tags":[],"_links":{"self":[{"href":"https:\/\/internatura.org\/blog\/index.php?rest_route=\/wp\/v2\/posts\/4478"}],"collection":[{"href":"https:\/\/internatura.org\/blog\/index.php?rest_route=\/wp\/v2\/posts"}],"about":[{"href":"https:\/\/internatura.org\/blog\/index.php?rest_route=\/wp\/v2\/types\/post"}],"author":[{"embeddable":true,"href":"https:\/\/internatura.org\/blog\/index.php?rest_route=\/wp\/v2\/users\/1"}],"replies":[{"embeddable":true,"href":"https:\/\/internatura.org\/blog\/index.php?rest_route=%2Fwp%2Fv2%2Fcomments&post=4478"}],"version-history":[{"count":10,"href":"https:\/\/internatura.org\/blog\/index.php?rest_route=\/wp\/v2\/posts\/4478\/revisions"}],"predecessor-version":[{"id":4586,"href":"https:\/\/internatura.org\/blog\/index.php?rest_route=\/wp\/v2\/posts\/4478\/revisions\/4586"}],"wp:attachment":[{"href":"https:\/\/internatura.org\/blog\/index.php?rest_route=%2Fwp%2Fv2%2Fmedia&parent=4478"}],"wp:term":[{"taxonomy":"category","embeddable":true,"href":"https:\/\/internatura.org\/blog\/index.php?rest_route=%2Fwp%2Fv2%2Fcategories&post=4478"},{"taxonomy":"post_tag","embeddable":true,"href":"https:\/\/internatura.org\/blog\/index.php?rest_route=%2Fwp%2Fv2%2Ftags&post=4478"}],"curies":[{"name":"wp","href":"https:\/\/api.w.org\/{rel}","templated":true}]}}