{"id":4496,"date":"2015-08-09T17:37:02","date_gmt":"2015-08-09T17:37:02","guid":{"rendered":"http:\/\/www.internatura.org\/blog\/?p=4496"},"modified":"2016-01-12T17:40:14","modified_gmt":"2016-01-12T17:40:14","slug":"viaje-a-cedrilla-y-teruel-del-7-al-9-de-agost-2015","status":"publish","type":"post","link":"https:\/\/internatura.org\/blog\/?p=4496","title":{"rendered":"Viatge a Cedrillas i Terol. Del 7 al 9 de agost-2015"},"content":{"rendered":"<div id=\"attachment_4498\" style=\"width: 160px\" class=\"wp-caption alignleft\"><a href=\"http:\/\/www.internatura.org\/blog\/wp-content\/uploads\/2015\/10\/Alimoche-Cedrillas-7-8-15-I.gif\" rel=\"lightbox\" data-rel=\"lightbox-image-0\" data-rl_title=\"\" data-rl_caption=\"\" title=\"\"><img aria-describedby=\"caption-attachment-4498\" decoding=\"async\" loading=\"lazy\" class=\"wp-image-4498 size-thumbnail\" src=\"http:\/\/www.internatura.org\/blog\/wp-content\/uploads\/2015\/10\/Alimoche-Cedrillas-7-8-15-I-150x150.gif\" alt=\"Alimoche-Cedrillas-7-8-15-I\" width=\"150\" height=\"150\" \/><\/a><p id=\"caption-attachment-4498\" class=\"wp-caption-text\">Aufrany<\/p><\/div>\n<div id=\"attachment_4525\" style=\"width: 160px\" class=\"wp-caption alignleft\"><a href=\"http:\/\/www.internatura.org\/blog\/wp-content\/uploads\/2015\/10\/Voltor-b-groc-61P-9-08-15-.gif\" rel=\"lightbox\" data-rel=\"lightbox-image-1\" data-rl_title=\"\" data-rl_caption=\"\" title=\"\"><img aria-describedby=\"caption-attachment-4525\" decoding=\"async\" loading=\"lazy\" class=\"wp-image-4525 size-thumbnail\" src=\"http:\/\/www.internatura.org\/blog\/wp-content\/uploads\/2015\/10\/Voltor-b-groc-61P-9-08-15--150x150.gif\" alt=\"Voltor-b-groc-61P--9-08-15-\" width=\"150\" height=\"150\" \/><\/a><p id=\"caption-attachment-4525\" class=\"wp-caption-text\">Voltor com\u00fa<\/p><\/div>\n<div id=\"attachment_4511\" style=\"width: 160px\" class=\"wp-caption alignleft\"><a href=\"http:\/\/www.internatura.org\/blog\/wp-content\/uploads\/2015\/10\/Cal\u00e7a-7-08-15-Cedrillas-IMG.gif\" rel=\"lightbox\" data-rel=\"lightbox-image-2\" data-rl_title=\"\" data-rl_caption=\"\" title=\"\"><img aria-describedby=\"caption-attachment-4511\" decoding=\"async\" loading=\"lazy\" class=\"wp-image-4511 size-thumbnail\" src=\"http:\/\/www.internatura.org\/blog\/wp-content\/uploads\/2015\/10\/Cal\u00e7a-7-08-15-Cedrillas-IMG-150x150.gif\" alt=\"Cal\u00e7a-7-08-15-Cedrillas-IMG\" width=\"150\" height=\"150\" \/><\/a><p id=\"caption-attachment-4511\" class=\"wp-caption-text\">\u00e0guila cal\u00e7ada<\/p><\/div>\n<div id=\"attachment_4512\" style=\"width: 160px\" class=\"wp-caption alignleft\"><a href=\"http:\/\/www.internatura.org\/blog\/wp-content\/uploads\/2015\/10\/Elanio-f-7-8-15-Cedrillas-I.gif\" rel=\"lightbox\" data-rel=\"lightbox-image-3\" data-rl_title=\"\" data-rl_caption=\"\" title=\"\"><img aria-describedby=\"caption-attachment-4512\" decoding=\"async\" loading=\"lazy\" class=\"wp-image-4512 size-thumbnail\" src=\"http:\/\/www.internatura.org\/blog\/wp-content\/uploads\/2015\/10\/Elanio-f-7-8-15-Cedrillas-I-150x150.gif\" alt=\"Elanio-f-7-8-15-Cedrillas-I\" width=\"150\" height=\"150\" \/><\/a><p id=\"caption-attachment-4512\" class=\"wp-caption-text\">Esparver d&#8217;espatlles negres<\/p><\/div>\n<div id=\"attachment_4548\" style=\"width: 160px\" class=\"wp-caption aligncenter\"><a href=\"http:\/\/www.internatura.org\/blog\/wp-content\/uploads\/2015\/10\/Cenizo-jove-a-7-8-15-Cedril.gif\" rel=\"lightbox\" data-rel=\"lightbox-image-4\" data-rl_title=\"\" data-rl_caption=\"\" title=\"\"><img aria-describedby=\"caption-attachment-4548\" decoding=\"async\" loading=\"lazy\" class=\"wp-image-4548 size-thumbnail\" src=\"http:\/\/www.internatura.org\/blog\/wp-content\/uploads\/2015\/10\/Cenizo-jove-a-7-8-15-Cedril-150x150.gif\" alt=\"Cenizo-jove-a-7-8-15-Cedril\" width=\"150\" height=\"150\" \/><\/a><p id=\"caption-attachment-4548\" class=\"wp-caption-text\">Arpellot cendr\u00f3s jove<\/p><\/div>\n<p style=\"text-align: justify;\"><a href=\"http:\/\/www.internatura.org\/blog\/wp-content\/uploads\/2015\/10\/Voltor-groc-JVJ-7-8-15-Cedr.gif\" rel=\"lightbox\" data-rel=\"lightbox-image-5\" data-rl_title=\"\" data-rl_caption=\"\" title=\"\"><img decoding=\"async\" loading=\"lazy\" class=\"alignleft wp-image-4502 size-thumbnail\" src=\"http:\/\/www.internatura.org\/blog\/wp-content\/uploads\/2015\/10\/Voltor-groc-JVJ-7-8-15-Cedr-150x150.gif\" alt=\"Voltor-groc-JVJ-7-8-15-Cedr\" width=\"150\" height=\"150\" \/><\/a><a href=\"http:\/\/www.internatura.org\/blog\/wp-content\/uploads\/2015\/10\/Voltor-arbre-8-8-15-IMG_733.gif\" rel=\"lightbox\" data-rel=\"lightbox-image-6\" data-rl_title=\"\" data-rl_caption=\"\" title=\"\"><img decoding=\"async\" loading=\"lazy\" class=\"size-thumbnail wp-image-4500 alignright\" src=\"http:\/\/www.internatura.org\/blog\/wp-content\/uploads\/2015\/10\/Voltor-arbre-8-8-15-IMG_733-150x150.gif\" alt=\"Voltor-arbre-8-8-15-IMG_733\" width=\"150\" height=\"150\" \/><\/a>El cap de setmana del membres del GER-EA es va despla\u00e7ar a la poblaci\u00f3 de Cedrillas per observar diverses rapinyaires carronyera. En concret, el viatge es programo per a l&#8217;observaci\u00f3 d&#8217;aufrany (<em><a href=\"http:\/\/www.internatura.org\/aocv\/ficha.php?idesp=72\">Neophron percnopterus<\/a><\/em>).<br \/>\nA la zona vam estar des del 7 al 9 d&#8217;agost, segons indicacions del nostre amic Juanvi Capella arribem al menjador de voltors proper a la poblaci\u00f3 de Cadrillas.<\/p>\n<p>Amb mal temps, en arribar vam poder veure des de la carretera un aufrany adult amb un tros d&#8217;aliment al bec. Gr\u00e0cies a aquesta au vam poder arribar fins al mateix menjador, per\u00f2 la sorpresa va ser que estava abandonat, nom\u00e9s un parell d&#8217;ossos secs i poc m\u00e9s. <a href=\"http:\/\/www.internatura.org\/blog\/wp-content\/uploads\/2015\/10\/Menjador-Cedrillas-8-8-15-I.gif\" rel=\"lightbox\" data-rel=\"lightbox-image-7\" data-rl_title=\"\" data-rl_caption=\"\" title=\"\"><img decoding=\"async\" loading=\"lazy\" class=\"alignleft size-thumbnail wp-image-4499\" src=\"http:\/\/www.internatura.org\/blog\/wp-content\/uploads\/2015\/10\/Menjador-Cedrillas-8-8-15-I-150x150.gif\" alt=\"Menjador-Cedrillas-8-8-15-I\" width=\"150\" height=\"150\" \/><\/a><img decoding=\"async\" loading=\"lazy\" class=\"size-thumbnail wp-image-4506 alignright\" src=\"http:\/\/www.internatura.org\/blog\/wp-content\/uploads\/2015\/10\/Voltor-arbre-b-8-8-15-IMG_7-150x150.gif\" alt=\"Voltor-arbre-b-8-8-15-IMG_7\" width=\"150\" height=\"150\" \/>Tot i aix\u00ed en les mediacions del menjadores vam poder gaudir de diversos exemplars de voltor com\u00fa (<em><a href=\"http:\/\/www.internatura.org\/aocv\/ficha.php?idesp=73\">Gyps fulvus<\/a><\/em>), alguns posats a terra, per\u00f2 tamb\u00e9 en pins secs.<br \/>\nDes alli ens dirigim a altres ubicacions possibles de veure aufrany, per\u00f2 res de res. Si vam poder observar altres rapinyaires com muixeta (<em><a href=\"http:\/\/www.internatura.org\/aocv\/ficha.php?idesp=84\">Falco tinnunculus<\/a><\/em>), \u00e0guila cal\u00e7ada (<em><a href=\"http:\/\/www.internatura.org\/aocv\/ficha.php?idesp=62\">Aquila pennata<\/a><\/em>), aligot com\u00fa (<em><a href=\"http:\/\/www.internatura.org\/aocv\/ficha.php?idesp=69\">Buteo buteo<\/a><\/em>) i diversos Arpellot cendr\u00f3s (<em><a href=\"http:\/\/www.internatura.org\/aocv\/ficha.php?idesp=60\">Circus pygargus<\/a><\/em>), destacant els joves que han nascut aquest any.<\/p>\n<div id=\"attachment_4521\" style=\"width: 160px\" class=\"wp-caption aligncenter\"><a href=\"http:\/\/www.internatura.org\/blog\/wp-content\/uploads\/2015\/10\/Elanio-ff-7-8-15-Cedrillas-.gif\" rel=\"lightbox\" data-rel=\"lightbox-image-8\" data-rl_title=\"\" data-rl_caption=\"\" title=\"\"><img aria-describedby=\"caption-attachment-4521\" decoding=\"async\" loading=\"lazy\" class=\"wp-image-4521 size-thumbnail\" src=\"http:\/\/www.internatura.org\/blog\/wp-content\/uploads\/2015\/10\/Elanio-ff-7-8-15-Cedrillas--150x150.gif\" alt=\"Elanio-ff-7-8-15-Cedrillas-\" width=\"150\" height=\"150\" \/><\/a><p id=\"caption-attachment-4521\" class=\"wp-caption-text\">Esparver d&#8217;espatlles negres<\/p><\/div>\n<p style=\"text-align: justify;\">Durant els tres dies vam tornar al menjador per\u00f2 en cap ocasi\u00f3 vam poder veure m\u00e9s aufranys, encara que en una ocasi\u00f3 vam poder gaudir d&#8217;una petita rapinyaire, el Esparver d&#8217;espatlles negres (<em><a href=\"http:\/\/www.internatura.org\/aocv\/ficha.php?idesp=79\">Elanus caeruleus<\/a><\/em>), un exemplar adult.<\/p>\n<div id=\"attachment_4507\" style=\"width: 160px\" class=\"wp-caption alignleft\"><a href=\"http:\/\/www.internatura.org\/blog\/wp-content\/uploads\/2015\/10\/Mila-bbb-negre-8-8-2015-IMG.gif\" rel=\"lightbox\" data-rel=\"lightbox-image-9\" data-rl_title=\"\" data-rl_caption=\"\" title=\"\"><img aria-describedby=\"caption-attachment-4507\" decoding=\"async\" loading=\"lazy\" class=\"wp-image-4507 size-thumbnail\" src=\"http:\/\/www.internatura.org\/blog\/wp-content\/uploads\/2015\/10\/Mila-bbb-negre-8-8-2015-IMG-150x150.gif\" alt=\"Mila-bbb-negre-8-8-2015-IMG\" width=\"150\" height=\"150\" \/><\/a><p id=\"caption-attachment-4507\" class=\"wp-caption-text\">Mil\u00e0 negre<\/p><\/div>\n<div id=\"attachment_4508\" style=\"width: 160px\" class=\"wp-caption alignleft\"><a href=\"http:\/\/www.internatura.org\/blog\/wp-content\/uploads\/2015\/10\/Mila-real-8-08-2015-IMG_715.gif\" rel=\"lightbox\" data-rel=\"lightbox-image-10\" data-rl_title=\"\" data-rl_caption=\"\" title=\"\"><img aria-describedby=\"caption-attachment-4508\" decoding=\"async\" loading=\"lazy\" class=\"wp-image-4508 size-thumbnail\" src=\"http:\/\/www.internatura.org\/blog\/wp-content\/uploads\/2015\/10\/Mila-real-8-08-2015-IMG_715-150x150.gif\" alt=\"Mila-real-8-08-2015-IMG_715\" width=\"150\" height=\"150\" \/><\/a><p id=\"caption-attachment-4508\" class=\"wp-caption-text\">Mil\u00e0 reial<\/p><\/div>\n<div id=\"attachment_4547\" style=\"width: 160px\" class=\"wp-caption alignleft\"><a href=\"http:\/\/www.internatura.org\/blog\/wp-content\/uploads\/2015\/10\/Voltor-corbs-8-8-15-IMG_817.gif\" rel=\"lightbox\" data-rel=\"lightbox-image-11\" data-rl_title=\"\" data-rl_caption=\"\" title=\"\"><img aria-describedby=\"caption-attachment-4547\" decoding=\"async\" loading=\"lazy\" class=\"wp-image-4547 size-thumbnail\" src=\"http:\/\/www.internatura.org\/blog\/wp-content\/uploads\/2015\/10\/Voltor-corbs-8-8-15-IMG_817-150x150.gif\" alt=\"Voltor-corbs-8-8-15-IMG_817\" width=\"150\" height=\"150\" \/><\/a><p id=\"caption-attachment-4547\" class=\"wp-caption-text\">Corbs i voltors<\/p><\/div>\n<div id=\"attachment_4509\" style=\"width: 160px\" class=\"wp-caption aligncenter\"><a href=\"http:\/\/www.internatura.org\/blog\/wp-content\/uploads\/2015\/10\/Mila-Te-8-8-15-IMG_4444.gif\" rel=\"lightbox\" data-rel=\"lightbox-image-12\" data-rl_title=\"\" data-rl_caption=\"\" title=\"\"><img aria-describedby=\"caption-attachment-4509\" decoding=\"async\" loading=\"lazy\" class=\"wp-image-4509 size-thumbnail\" src=\"http:\/\/www.internatura.org\/blog\/wp-content\/uploads\/2015\/10\/Mila-Te-8-8-15-IMG_4444-150x150.gif\" alt=\"Mila-Te-8-8-15-IMG_4444\" width=\"150\" height=\"150\" \/><\/a><p id=\"caption-attachment-4509\" class=\"wp-caption-text\">Mil\u00e0 negre<\/p><\/div>\n<p style=\"text-align: justify;\">El que canvi els nostres plans i ens vam ficar de ple en localitzar altres zones amb rapinyaires.<br \/>\nAnant cap a Cedrillas des de Terol passem per l&#8217;abocador d&#8217;aquesta poblaci\u00f3. Des de la carretera vam poder veure diversos milans negres i voltors sobrevolant la carretera.<br \/>\nLocalitzem l&#8217;abocador i ens dirigim cap ell, observant gran quantitat de milans negres (<em><a href=\"http:\/\/www.internatura.org\/aocv\/ficha.php?idesp=67\">Milvus migrans<\/a><\/em>), alguns milans reals (<em><a href=\"http:\/\/www.internatura.org\/aocv\/ficha.php?idesp=71\">Milvus milvus<\/a><\/em>), desenes de corbs i sobretot un gran grup de voltor com\u00fa, que es distribu\u00efen or tota la zona.<br \/>\nIntentem apropar-nos a l&#8217;abocador per\u00f2 amb l&#8217;olor i amb que estaven treballant nom\u00e9s vam poder fer-ho des d&#8217;una carretera propera, per\u00f2 suficient per muntar el telescopi i gaudir de les diverses rapinyaires.<\/p>\n<p style=\"text-align: justify;\">El m\u00e9s destacat era veure com els voltors lleonats rebuscaven per les escombraries, trencant les borses per accedir al seu interior, mentre tant els milans negres i els corbs esperaven el seu tornAl mateix temps altres competidors van apar\u00e8ixer a la zona tres gossos petits i dos grans que competien per les escombraries amb els voltors.<\/p>\n<p style=\"text-align: justify;\"><a href=\"http:\/\/www.internatura.org\/blog\/wp-content\/uploads\/2015\/10\/Voltor-c-Terol-8-8-15-IMG_7.gif\" rel=\"lightbox\" data-rel=\"lightbox-image-13\" data-rl_title=\"\" data-rl_caption=\"\" title=\"\"><img decoding=\"async\" loading=\"lazy\" class=\"size-thumbnail wp-image-4539 alignright\" src=\"http:\/\/www.internatura.org\/blog\/wp-content\/uploads\/2015\/10\/Voltor-c-Terol-8-8-15-IMG_7-150x150.gif\" alt=\"Voltor-c-Terol-8-8-15-IMG_7\" width=\"150\" height=\"150\" \/><\/a><a href=\"http:\/\/www.internatura.org\/blog\/wp-content\/uploads\/2015\/10\/Voltor-Terol-8-8-15-IMG_786.gif\" rel=\"lightbox\" data-rel=\"lightbox-image-14\" data-rl_title=\"\" data-rl_caption=\"\" title=\"\"><img decoding=\"async\" loading=\"lazy\" class=\"size-thumbnail wp-image-4540 alignright\" src=\"http:\/\/www.internatura.org\/blog\/wp-content\/uploads\/2015\/10\/Voltor-Terol-8-8-15-IMG_786-150x150.gif\" alt=\"Voltor-Terol-8-8-15-IMG_786\" width=\"150\" height=\"150\" \/><\/a><br \/>\n<a href=\"http:\/\/www.internatura.org\/blog\/wp-content\/uploads\/2015\/10\/Voltor-b-Terol-8-8-15-IMG_71.gif\" rel=\"lightbox\" data-rel=\"lightbox-image-15\" data-rl_title=\"\" data-rl_caption=\"\" title=\"\"><img decoding=\"async\" loading=\"lazy\" class=\"size-thumbnail wp-image-4541 alignright\" src=\"http:\/\/www.internatura.org\/blog\/wp-content\/uploads\/2015\/10\/Voltor-b-Terol-8-8-15-IMG_71-150x150.gif\" alt=\"Voltor-b-Terol-8-8-15-IMG_7\" width=\"150\" height=\"150\" \/><\/a>Despr\u00e9s d&#8217;alimentar entre les restes d&#8217;escombraries, els voltors agafen el vol i es posen en els monticles propers amb les alar obertes, realment un espectacle impressionant per a uns observadors i apassionats amants de les aus rapinyaires.<\/p>\n<p style=\"text-align: justify;\"><a href=\"http:\/\/www.internatura.org\/blog\/wp-content\/uploads\/2015\/10\/Voltor-gg-Terol-8-8-15-IMG_.gif\" rel=\"lightbox\" data-rel=\"lightbox-image-16\" data-rl_title=\"\" data-rl_caption=\"\" title=\"\"><img decoding=\"async\" loading=\"lazy\" class=\"size-thumbnail wp-image-4543 alignleft\" src=\"http:\/\/www.internatura.org\/blog\/wp-content\/uploads\/2015\/10\/Voltor-gg-Terol-8-8-15-IMG_-150x150.gif\" alt=\"Voltor-gg-Terol-8-8-15-IMG_\" width=\"150\" height=\"150\" \/><\/a><\/p>\n<p style=\"text-align: justify;\"><a href=\"http:\/\/www.internatura.org\/blog\/wp-content\/uploads\/2015\/10\/Voltor-hh-Terol-8-8-15-IMG_.gif\" rel=\"lightbox\" data-rel=\"lightbox-image-17\" data-rl_title=\"\" data-rl_caption=\"\" title=\"\"><img decoding=\"async\" loading=\"lazy\" class=\"alignleft size-thumbnail wp-image-4542\" src=\"http:\/\/www.internatura.org\/blog\/wp-content\/uploads\/2015\/10\/Voltor-hh-Terol-8-8-15-IMG_-150x150.gif\" alt=\"Voltor-hh-Terol-8-8-15-IMG_\" width=\"150\" height=\"150\" \/><\/a><\/p>\n<p style=\"text-align: justify;\"><a href=\"http:\/\/www.internatura.org\/blog\/wp-content\/uploads\/2015\/10\/Voltor-ffff-Terol-8-8-15-IM.gif\" rel=\"lightbox\" data-rel=\"lightbox-image-18\" data-rl_title=\"\" data-rl_caption=\"\" title=\"\"><img decoding=\"async\" loading=\"lazy\" class=\"alignleft size-thumbnail wp-image-4513\" src=\"http:\/\/www.internatura.org\/blog\/wp-content\/uploads\/2015\/10\/Voltor-ffff-Terol-8-8-15-IM-150x150.gif\" alt=\"Voltor-ffff-Terol-8-8-15-IM\" width=\"150\" height=\"150\" \/><\/a><\/p>\n","protected":false},"excerpt":{"rendered":"<p>El cap de setmana del membres del GER-EA es va despla\u00e7ar a la poblaci\u00f3 de Cedrillas per observar diverses rapinyaires carronyera. En concret, el viatge es programo per a l&#8217;observaci\u00f3 d&#8217;aufrany (Neophron percnopterus). A la zona vam estar des del 7 al 9 d&#8217;agost, segons indicacions del nostre amic Juanvi \u2026 <a class=\"continue-reading-link\" href=\"https:\/\/internatura.org\/blog\/?p=4496\"> Continuar leyendo <span class=\"meta-nav\">&rarr; <\/span><\/a><\/p>\n","protected":false},"author":1,"featured_media":0,"comment_status":"closed","ping_status":"closed","sticky":false,"template":"","format":"standard","meta":[],"categories":[25],"tags":[],"_links":{"self":[{"href":"https:\/\/internatura.org\/blog\/index.php?rest_route=\/wp\/v2\/posts\/4496"}],"collection":[{"href":"https:\/\/internatura.org\/blog\/index.php?rest_route=\/wp\/v2\/posts"}],"about":[{"href":"https:\/\/internatura.org\/blog\/index.php?rest_route=\/wp\/v2\/types\/post"}],"author":[{"embeddable":true,"href":"https:\/\/internatura.org\/blog\/index.php?rest_route=\/wp\/v2\/users\/1"}],"replies":[{"embeddable":true,"href":"https:\/\/internatura.org\/blog\/index.php?rest_route=%2Fwp%2Fv2%2Fcomments&post=4496"}],"version-history":[{"count":19,"href":"https:\/\/internatura.org\/blog\/index.php?rest_route=\/wp\/v2\/posts\/4496\/revisions"}],"predecessor-version":[{"id":4911,"href":"https:\/\/internatura.org\/blog\/index.php?rest_route=\/wp\/v2\/posts\/4496\/revisions\/4911"}],"wp:attachment":[{"href":"https:\/\/internatura.org\/blog\/index.php?rest_route=%2Fwp%2Fv2%2Fmedia&parent=4496"}],"wp:term":[{"taxonomy":"category","embeddable":true,"href":"https:\/\/internatura.org\/blog\/index.php?rest_route=%2Fwp%2Fv2%2Fcategories&post=4496"},{"taxonomy":"post_tag","embeddable":true,"href":"https:\/\/internatura.org\/blog\/index.php?rest_route=%2Fwp%2Fv2%2Ftags&post=4496"}],"curies":[{"name":"wp","href":"https:\/\/api.w.org\/{rel}","templated":true}]}}