{"id":4523,"date":"2015-08-09T18:28:12","date_gmt":"2015-08-09T18:28:12","guid":{"rendered":"http:\/\/www.internatura.org\/blog\/?p=4523"},"modified":"2016-01-12T17:42:03","modified_gmt":"2016-01-12T17:42:03","slug":"voltors-amb-marques-alars-a-labocador-de-terol-07-09-agost-2015","status":"publish","type":"post","link":"https:\/\/internatura.org\/blog\/?p=4523","title":{"rendered":"Voltors amb marques alars a l&#8217;abocador de Terol 07-09 agost 2015"},"content":{"rendered":"<p style=\"text-align: justify;\"><a href=\"http:\/\/www.internatura.org\/blog\/wp-content\/uploads\/2015\/10\/Voltor-groc-a-L01-Terol-8-8.gif\" rel=\"lightbox\" data-rel=\"lightbox-image-0\" data-rl_title=\"\" data-rl_caption=\"\" title=\"\"><img decoding=\"async\" loading=\"lazy\" class=\"alignleft wp-image-4530 size-thumbnail\" src=\"http:\/\/www.internatura.org\/blog\/wp-content\/uploads\/2015\/10\/Voltor-groc-a-L01-Terol-8-8-150x150.gif\" alt=\"Voltor-groc-a-L01-Terol-8-8\" width=\"150\" height=\"150\" \/><\/a><a href=\"http:\/\/www.internatura.org\/blog\/wp-content\/uploads\/2015\/10\/Voltor-a-Terol-8-8-15-IMG_7.gif\" rel=\"lightbox\" data-rel=\"lightbox-image-1\" data-rl_title=\"\" data-rl_caption=\"\" title=\"\"><img decoding=\"async\" loading=\"lazy\" class=\"alignright wp-image-4528 size-thumbnail\" src=\"http:\/\/www.internatura.org\/blog\/wp-content\/uploads\/2015\/10\/Voltor-a-Terol-8-8-15-IMG_7-150x150.gif\" alt=\"Voltor-a-Terol-8-8-15-IMG_7\" width=\"150\" height=\"150\" \/><\/a>Durant el primer cap de setmana d&#8217;agost, ens desplacem a la localitat de Cedrillas i voltants de Terol.<\/p>\n<p style=\"text-align: justify;\">Despr\u00e9s d&#8217;estar per diferents zones, localitzem l&#8217;escombriaire de Terol, on observem desenes de milans negres, algun mil\u00e0 reial, desenes de corbs i uns dos-cents voltors comuns, alimentant-se de les restes humanes.<\/p>\n<p style=\"text-align: justify;\">El m\u00e9s curi\u00f3s va ser veure els voltors barallant per aconseguir atrapar alguna resta dins de les bosses d&#8217;escombraries, alguna cosa realment impactant ja que no hav\u00edem vist aquest fet amb tanta intensitat.<\/p>\n<p style=\"text-align: justify;\"><a href=\"http:\/\/www.internatura.org\/blog\/wp-content\/uploads\/2015\/10\/Voltor-groc-C7U-8-08-15-Te.gif\" rel=\"lightbox\" data-rel=\"lightbox-image-2\" data-rl_title=\"\" data-rl_caption=\"\" title=\"\"><img decoding=\"async\" loading=\"lazy\" class=\"alignright wp-image-4531 size-thumbnail\" src=\"http:\/\/www.internatura.org\/blog\/wp-content\/uploads\/2015\/10\/Voltor-groc-C7U-8-08-15-Te-150x150.gif\" alt=\"Voltor-groc-C7U--8-08-15-Te\" width=\"150\" height=\"150\" \/><\/a><a href=\"http:\/\/www.internatura.org\/blog\/wp-content\/uploads\/2015\/10\/Voltor-groc-a-C8M-8-08-15-.gif\" rel=\"lightbox\" data-rel=\"lightbox-image-3\" data-rl_title=\"\" data-rl_caption=\"\" title=\"\"><img decoding=\"async\" loading=\"lazy\" class=\"alignleft wp-image-4529 size-thumbnail\" src=\"http:\/\/www.internatura.org\/blog\/wp-content\/uploads\/2015\/10\/Voltor-groc-a-C8M-8-08-15--150x150.gif\" alt=\"Voltor-groc-a-C8M--8-08-15-\" width=\"150\" height=\"150\" \/><\/a>Per\u00f2 el que m\u00e9s ens va sorprendre va ser veure que molts dels voltors presentaven marques alars i anelles, totes de color groc.<\/p>\n<p style=\"text-align: justify;\">Intentem des de lluny fotografiar els voltors marcats amb la t\u00e8cnica del digiscopy (m\u00e0quina de fotos acoblada al telescopi) per identificar la seva proced\u00e8ncia.<\/p>\n<p style=\"text-align: justify;\">Les lectures efectuades van ser:<\/p>\n<p style=\"text-align: justify;\"><strong>Menjador de Cedrillas<\/strong>: latitud: 40\u00ba 25 &#8216;27.346 \u00abN; longitud: 0\u00ba 51&#8217; 17.892\u00bb W<\/p>\n<p><a href=\"http:\/\/www.internatura.org\/blog\/wp-content\/uploads\/2015\/10\/Voltor-61P-a-09-08-15-Terol1.gif\" rel=\"lightbox\" data-rel=\"lightbox-image-4\" data-rl_title=\"\" data-rl_caption=\"\" title=\"\"><img decoding=\"async\" loading=\"lazy\" class=\"alignright wp-image-4537 size-thumbnail\" src=\"http:\/\/www.internatura.org\/blog\/wp-content\/uploads\/2015\/10\/Voltor-61P-a-09-08-15-Terol1-150x150.gif\" alt=\"Voltor-61P-a-09-08-15-Terol\" width=\"150\" height=\"150\" \/><\/a>Marca alar groga:<a href=\"http:\/\/AM[JVJ]-M\"> [JVJ]<\/a>. (d\u00eda 08\/08\/2015)<\/p>\n<p><strong>Abocador de Terol<\/strong>: latitud: 40\u00ba 22 &#8216;5.8764 \u00abN; longitud: -1\u00ba 3&#8217; 44.1612 W<\/p>\n<p>Marques alar i anella que han perdut les marques: Totes grogues.<\/p>\n<ul>\n<li><a href=\"http:\/\/AM[L1M]-M\">[L1M]<\/a> (marca alar);<\/li>\n<li>[HCM] (nom\u00e9s anella);<\/li>\n<li><a href=\"http:\/\/AM[C8M]-M\">[C8M]<\/a> (alar);<\/li>\n<li><a href=\"http:\/\/AM[P6L]-M\">[P6L]<\/a> (alar);<\/li>\n<li>[C7U]\u00a0<a href=\"http:\/\/www.internatura.org\/blog\/wp-content\/uploads\/2015\/10\/Voltor-groc-L01-Terol-8-8-1.gif\" rel=\"lightbox\" data-rel=\"lightbox-image-5\" data-rl_title=\"\" data-rl_caption=\"\" title=\"\"><img decoding=\"async\" loading=\"lazy\" class=\"alignright wp-image-4536 size-thumbnail\" src=\"http:\/\/www.internatura.org\/blog\/wp-content\/uploads\/2015\/10\/Voltor-groc-L01-Terol-8-8-1-150x150.gif\" alt=\"Voltor-groc-L01-Terol-8-8-1\" width=\"150\" height=\"150\" \/><\/a>(alar);<\/li>\n<li><a href=\"http:\/\/AM[L01]-M\">[L01] <\/a>(alar);\u00a0d\u00eda 08\/08\/2015;<\/li>\n<li><a href=\"http:\/\/AM[61P]-M\">[61P]<\/a>; d\u00eda 09\/08\/2015<\/li>\n<\/ul>\n<p>&nbsp;<\/p>\n<p>&nbsp;<\/p>\n","protected":false},"excerpt":{"rendered":"<p>Durant el primer cap de setmana d&#8217;agost, ens desplacem a la localitat de Cedrillas i voltants de Terol. Despr\u00e9s d&#8217;estar per diferents zones, localitzem l&#8217;escombriaire de Terol, on observem desenes de milans negres, algun mil\u00e0 reial, desenes de corbs i uns dos-cents voltors comuns, alimentant-se de les restes humanes. El \u2026 <a class=\"continue-reading-link\" href=\"https:\/\/internatura.org\/blog\/?p=4523\"> Continuar leyendo <span class=\"meta-nav\">&rarr; <\/span><\/a><\/p>\n","protected":false},"author":1,"featured_media":0,"comment_status":"closed","ping_status":"closed","sticky":false,"template":"","format":"standard","meta":[],"categories":[25],"tags":[],"_links":{"self":[{"href":"https:\/\/internatura.org\/blog\/index.php?rest_route=\/wp\/v2\/posts\/4523"}],"collection":[{"href":"https:\/\/internatura.org\/blog\/index.php?rest_route=\/wp\/v2\/posts"}],"about":[{"href":"https:\/\/internatura.org\/blog\/index.php?rest_route=\/wp\/v2\/types\/post"}],"author":[{"embeddable":true,"href":"https:\/\/internatura.org\/blog\/index.php?rest_route=\/wp\/v2\/users\/1"}],"replies":[{"embeddable":true,"href":"https:\/\/internatura.org\/blog\/index.php?rest_route=%2Fwp%2Fv2%2Fcomments&post=4523"}],"version-history":[{"count":12,"href":"https:\/\/internatura.org\/blog\/index.php?rest_route=\/wp\/v2\/posts\/4523\/revisions"}],"predecessor-version":[{"id":4580,"href":"https:\/\/internatura.org\/blog\/index.php?rest_route=\/wp\/v2\/posts\/4523\/revisions\/4580"}],"wp:attachment":[{"href":"https:\/\/internatura.org\/blog\/index.php?rest_route=%2Fwp%2Fv2%2Fmedia&parent=4523"}],"wp:term":[{"taxonomy":"category","embeddable":true,"href":"https:\/\/internatura.org\/blog\/index.php?rest_route=%2Fwp%2Fv2%2Fcategories&post=4523"},{"taxonomy":"post_tag","embeddable":true,"href":"https:\/\/internatura.org\/blog\/index.php?rest_route=%2Fwp%2Fv2%2Ftags&post=4523"}],"curies":[{"name":"wp","href":"https:\/\/api.w.org\/{rel}","templated":true}]}}