{"id":4552,"date":"2015-09-30T20:40:04","date_gmt":"2015-09-30T20:40:04","guid":{"rendered":"http:\/\/www.internatura.org\/blog\/?p=4552"},"modified":"2016-01-12T17:41:34","modified_gmt":"2016-01-12T17:41:34","slug":"controls-migracio-postnupcial-daus-a-la-punta-a-la-vall-duixo-septembre-2015","status":"publish","type":"post","link":"https:\/\/internatura.org\/blog\/?p=4552","title":{"rendered":"Controls migraci\u00f3 postnupcial d&#8217;aus a La Punta a la Vall d&#8217;Uix\u00f3 &#8211; septembre-2015"},"content":{"rendered":"<div id=\"attachment_4559\" style=\"width: 160px\" class=\"wp-caption alignleft\"><a href=\"http:\/\/www.internatura.org\/blog\/wp-content\/uploads\/2015\/10\/Aguil-lagunero-24-09-15-IMG.jpg\" rel=\"lightbox\" data-rel=\"lightbox-image-0\" data-rl_title=\"\" data-rl_caption=\"\" title=\"\"><img aria-describedby=\"caption-attachment-4559\" decoding=\"async\" loading=\"lazy\" class=\"wp-image-4559 size-thumbnail\" src=\"http:\/\/www.internatura.org\/blog\/wp-content\/uploads\/2015\/10\/Aguil-lagunero-24-09-15-IMG-150x150.jpg\" alt=\"Aguil-lagunero-24-09-15-IMG\" width=\"150\" height=\"150\" \/><\/a><p id=\"caption-attachment-4559\" class=\"wp-caption-text\">Arpellot de marjal jove<\/p><\/div>\n<div id=\"attachment_4560\" style=\"width: 160px\" class=\"wp-caption alignleft\"><a href=\"http:\/\/www.internatura.org\/blog\/wp-content\/uploads\/2015\/10\/Abejero-a-16-9-15-IMG_0809.gif\" rel=\"lightbox\" data-rel=\"lightbox-image-1\" data-rl_title=\"\" data-rl_caption=\"\" title=\"\"><img aria-describedby=\"caption-attachment-4560\" decoding=\"async\" loading=\"lazy\" class=\"wp-image-4560 size-thumbnail\" src=\"http:\/\/www.internatura.org\/blog\/wp-content\/uploads\/2015\/10\/Abejero-a-16-9-15-IMG_0809-150x150.gif\" alt=\"Abejero-a-16-9-15-IMG_0809\" width=\"150\" height=\"150\" \/><\/a><p id=\"caption-attachment-4560\" class=\"wp-caption-text\">Pilot<\/p><\/div>\n<div id=\"attachment_4567\" style=\"width: 160px\" class=\"wp-caption alignleft\"><a href=\"http:\/\/www.internatura.org\/blog\/wp-content\/uploads\/2015\/10\/Gavilan-8-10-15-IMG_7266.gif\" rel=\"lightbox\" data-rel=\"lightbox-image-2\" data-rl_title=\"\" data-rl_caption=\"\" title=\"\"><img aria-describedby=\"caption-attachment-4567\" decoding=\"async\" loading=\"lazy\" class=\"wp-image-4567 size-thumbnail\" src=\"http:\/\/www.internatura.org\/blog\/wp-content\/uploads\/2015\/10\/Gavilan-8-10-15-IMG_7266-150x150.gif\" alt=\"Gavilan-8-10-15-IMG_7266\" width=\"150\" height=\"150\" \/><\/a><p id=\"caption-attachment-4567\" class=\"wp-caption-text\">Esparver<\/p><\/div>\n<div id=\"attachment_4568\" style=\"width: 160px\" class=\"wp-caption alignleft\"><a href=\"http:\/\/www.internatura.org\/blog\/wp-content\/uploads\/2015\/10\/Cernicalo-18-10-15-IMG_3636.gif\" rel=\"lightbox\" data-rel=\"lightbox-image-3\" data-rl_title=\"\" data-rl_caption=\"\" title=\"\"><img aria-describedby=\"caption-attachment-4568\" decoding=\"async\" loading=\"lazy\" class=\"wp-image-4568 size-thumbnail\" src=\"http:\/\/www.internatura.org\/blog\/wp-content\/uploads\/2015\/10\/Cernicalo-18-10-15-IMG_3636-150x150.gif\" alt=\"Cernicalo-18-10-15-IMG_3636\" width=\"150\" height=\"150\" \/><\/a><p id=\"caption-attachment-4568\" class=\"wp-caption-text\">Mixeta<\/p><\/div>\n<div id=\"attachment_4561\" style=\"width: 160px\" class=\"wp-caption aligncenter\"><a href=\"http:\/\/www.internatura.org\/blog\/wp-content\/uploads\/2015\/10\/Abejero-d-16-9-15-IMG_0809.gif\" rel=\"lightbox\" data-rel=\"lightbox-image-4\" data-rl_title=\"\" data-rl_caption=\"\" title=\"\"><img aria-describedby=\"caption-attachment-4561\" decoding=\"async\" loading=\"lazy\" class=\"wp-image-4561 size-thumbnail\" src=\"http:\/\/www.internatura.org\/blog\/wp-content\/uploads\/2015\/10\/Abejero-d-16-9-15-IMG_0809-150x150.gif\" alt=\"Abejero-d-16-9-15-IMG_0809\" width=\"150\" height=\"150\" \/><\/a><p id=\"caption-attachment-4561\" class=\"wp-caption-text\">Pilot<\/p><\/div>\n<p style=\"text-align: justify;\">Durant tot el mes de setembre seguim fent els controls de la migraci\u00f3 d&#8217;aus rapinyaires a la nostra estaci\u00f3 de control situada a La Punta a la Vall d&#8217;Uix\u00f3.<\/p>\n<p style=\"text-align: justify;\">Durant aquest mes hem realitzat 13 jornades amb horaris compresos entre les 10 h. a les 14 h.<\/p>\n<div id=\"attachment_4562\" style=\"width: 160px\" class=\"wp-caption aligncenter\"><a href=\"http:\/\/www.internatura.org\/blog\/wp-content\/uploads\/2015\/10\/Agu-a-cenizo-9-09-2015-IMG_.gif\" rel=\"lightbox\" data-rel=\"lightbox-image-5\" data-rl_title=\"\" data-rl_caption=\"\" title=\"\"><img aria-describedby=\"caption-attachment-4562\" decoding=\"async\" loading=\"lazy\" class=\"wp-image-4562 size-thumbnail\" src=\"http:\/\/www.internatura.org\/blog\/wp-content\/uploads\/2015\/10\/Agu-a-cenizo-9-09-2015-IMG_-150x150.gif\" alt=\"Agu-a-cenizo-9-09-2015-IMG_\" width=\"150\" height=\"150\" \/><\/a><p id=\"caption-attachment-4562\" class=\"wp-caption-text\">Arpellot cendr\u00f3s<\/p><\/div>\n<p style=\"text-align: justify;\">El resum de les aus rapinyaires comptabilitzades \u00e9s:<\/p>\n<p style=\"text-align: justify;\">Arpellot de marjal (<em><a href=\"http:\/\/www.internatura.org\/aocv\/ficha.php?idesp=76\">Circus aeruginosus<\/a><\/em>): 106 ex.<br \/>\nArpellot cendr\u00f3s (<em><a href=\"http:\/\/www.internatura.org\/aocv\/ficha.php?idesp=60\">Circus pygargus<\/a><\/em>): 14 ex.<br \/>\nMuixeta (<em><a href=\"http:\/\/www.internatura.org\/aocv\/ficha.php?idesp=84\">Falco tinnunculus<\/a><\/em>): 148 ex.<br \/>\nAguila cal\u00e7ada (<em><a href=\"http:\/\/www.internatura.org\/aocv\/ficha.php?idesp=62\">Aquila pennata<\/a><\/em>):51 ex.<br \/>\nEsparver (<em><a href=\"http:\/\/www.internatura.org\/aocv\/ficha.php?idesp=66\">Accipiter nisus<\/a><\/em>): 106 ex.<br \/>\nPilot (<em><a href=\"http:\/\/www.internatura.org\/aocv\/ficha.php?idesp=70\">Pernis apivorus<\/a><\/em>): 144 ex.<br \/>\nFalconet (<em><a href=\"http:\/\/www.internatura.org\/aocv\/ficha.php?idesp=86\">Falco subbuteo<\/a><\/em>): 14 ex.<br \/>\nAguila pescadora (<em><a href=\"http:\/\/www.internatura.org\/aocv\/ficha.php?idesp=77\">Pandion haliaetus<\/a><\/em>): 11 ex.<br \/>\nAligot com\u00fa (<em><a href=\"http:\/\/www.internatura.org\/aocv\/ficha.php?idesp=69\">Buteo buteo<\/a><\/em>): 8 ex.<br \/>\n\u00c0guila serpera (<em><a href=\"http:\/\/www.internatura.org\/aocv\/ficha.php?idesp=75\">Circaetus gallicus<\/a><\/em>): 23 ex.<br \/>\nAstor (<em><a href=\"http:\/\/www.internatura.org\/aocv\/ficha.php?idesp=59\">Accipiter gentilis<\/a><\/em>): 1 ex.<br \/>\nFalc\u00f3 pelegr\u00ed (<em><a href=\"http:\/\/www.internatura.org\/aocv\/ficha.php?idesp=80\">Falco peregrinus<\/a><\/em>): 2 ex.<br \/>\nFalc\u00f3 de la reina (<em><a href=\"http:\/\/www.internatura.org\/aocv\/ficha.php?idesp=81\">Falco eleonorae<\/a><\/em>): 2 ex.<br \/>\nMil\u00e0 negre (<em><a href=\"http:\/\/www.internatura.org\/aocv\/ficha.php?idesp=67\">Milvus migrans<\/a><\/em>): 12 ex.<\/p>\n<div id=\"attachment_4564\" style=\"width: 160px\" class=\"wp-caption alignleft\"><a href=\"http:\/\/www.internatura.org\/blog\/wp-content\/uploads\/2015\/10\/Milareal-3-9-15-IMG_8788.gif\" rel=\"lightbox\" data-rel=\"lightbox-image-6\" data-rl_title=\"\" data-rl_caption=\"\" title=\"\"><img aria-describedby=\"caption-attachment-4564\" decoding=\"async\" loading=\"lazy\" class=\"wp-image-4564 size-thumbnail\" src=\"http:\/\/www.internatura.org\/blog\/wp-content\/uploads\/2015\/10\/Milareal-3-9-15-IMG_8788-150x150.gif\" alt=\"Milareal-3-9-15-IMG_8788\" width=\"150\" height=\"150\" \/><\/a><p id=\"caption-attachment-4564\" class=\"wp-caption-text\">Mil\u00e0 negre<\/p><\/div>\n<div id=\"attachment_4563\" style=\"width: 160px\" class=\"wp-caption alignleft\"><a href=\"http:\/\/www.internatura.org\/blog\/wp-content\/uploads\/2015\/10\/Pescadora-d-25-09-2015IMG_6.jpg\" rel=\"lightbox\" data-rel=\"lightbox-image-7\" data-rl_title=\"\" data-rl_caption=\"\" title=\"\"><img aria-describedby=\"caption-attachment-4563\" decoding=\"async\" loading=\"lazy\" class=\"wp-image-4563 size-thumbnail\" src=\"http:\/\/www.internatura.org\/blog\/wp-content\/uploads\/2015\/10\/Pescadora-d-25-09-2015IMG_6-150x150.jpg\" alt=\"Pescadora-d-25-09-2015IMG_6\" width=\"150\" height=\"150\" \/><\/a><p id=\"caption-attachment-4563\" class=\"wp-caption-text\">Aguila pescadora<\/p><\/div>\n<div id=\"attachment_4565\" style=\"width: 160px\" class=\"wp-caption alignleft\"><a href=\"http:\/\/www.internatura.org\/blog\/wp-content\/uploads\/2015\/10\/Culebrera-17-9-2015-IMG_130.gif\" rel=\"lightbox\" data-rel=\"lightbox-image-8\" data-rl_title=\"\" data-rl_caption=\"\" title=\"\"><img aria-describedby=\"caption-attachment-4565\" decoding=\"async\" loading=\"lazy\" class=\"wp-image-4565 size-thumbnail\" src=\"http:\/\/www.internatura.org\/blog\/wp-content\/uploads\/2015\/10\/Culebrera-17-9-2015-IMG_130-150x150.gif\" alt=\"Culebrera-17-9-2015-IMG_130\" width=\"150\" height=\"150\" \/><\/a><p id=\"caption-attachment-4565\" class=\"wp-caption-text\">\u00c0guila serpera<\/p><\/div>\n<div id=\"attachment_4566\" style=\"width: 160px\" class=\"wp-caption alignleft\"><a href=\"http:\/\/www.internatura.org\/blog\/wp-content\/uploads\/2015\/10\/Alcotan-24-09-2015-IMG_2408.jpg\" rel=\"lightbox\" data-rel=\"lightbox-image-9\" data-rl_title=\"\" data-rl_caption=\"\" title=\"\"><img aria-describedby=\"caption-attachment-4566\" decoding=\"async\" loading=\"lazy\" class=\"wp-image-4566 size-thumbnail\" src=\"http:\/\/www.internatura.org\/blog\/wp-content\/uploads\/2015\/10\/Alcotan-24-09-2015-IMG_2408-150x150.jpg\" alt=\"Alcotan-24-09-2015-IMG_2408\" width=\"150\" height=\"150\" \/><\/a><p id=\"caption-attachment-4566\" class=\"wp-caption-text\">Falconet<\/p><\/div>\n<div id=\"attachment_4569\" style=\"width: 160px\" class=\"wp-caption aligncenter\"><a href=\"http:\/\/www.internatura.org\/blog\/wp-content\/uploads\/2015\/10\/Falco-peregrinus-14-9-2015I.gif\" rel=\"lightbox\" data-rel=\"lightbox-image-10\" data-rl_title=\"\" data-rl_caption=\"\" title=\"\"><img aria-describedby=\"caption-attachment-4569\" decoding=\"async\" loading=\"lazy\" class=\"wp-image-4569 size-thumbnail\" src=\"http:\/\/www.internatura.org\/blog\/wp-content\/uploads\/2015\/10\/Falco-peregrinus-14-9-2015I-150x150.gif\" alt=\"Falco-peregrinus-14-9-2015I\" width=\"150\" height=\"150\" \/><\/a><p id=\"caption-attachment-4569\" class=\"wp-caption-text\">Falc\u00f3 pelegr\u00ed<\/p><\/div>\n<p style=\"text-align: justify;\">En total hem observat 642 rapinyaires, destacant la muixeta i el pilot, seguit per l&#8217;esparver i l&#8217;arpella de marjal, tots ells amb m\u00e9s de cent individus observats de cada esp\u00e8cie durant aquest mes de setembre.<\/p>\n","protected":false},"excerpt":{"rendered":"<p>Durant tot el mes de setembre seguim fent els controls de la migraci\u00f3 d&#8217;aus rapinyaires a la nostra estaci\u00f3 de control situada a La Punta a la Vall d&#8217;Uix\u00f3. Durant aquest mes hem realitzat 13 jornades amb horaris compresos entre les 10 h. a les 14 h. El resum de \u2026 <a class=\"continue-reading-link\" href=\"https:\/\/internatura.org\/blog\/?p=4552\"> Continuar leyendo <span class=\"meta-nav\">&rarr; <\/span><\/a><\/p>\n","protected":false},"author":1,"featured_media":0,"comment_status":"closed","ping_status":"closed","sticky":false,"template":"","format":"standard","meta":[],"categories":[7,89],"tags":[],"_links":{"self":[{"href":"https:\/\/internatura.org\/blog\/index.php?rest_route=\/wp\/v2\/posts\/4552"}],"collection":[{"href":"https:\/\/internatura.org\/blog\/index.php?rest_route=\/wp\/v2\/posts"}],"about":[{"href":"https:\/\/internatura.org\/blog\/index.php?rest_route=\/wp\/v2\/types\/post"}],"author":[{"embeddable":true,"href":"https:\/\/internatura.org\/blog\/index.php?rest_route=\/wp\/v2\/users\/1"}],"replies":[{"embeddable":true,"href":"https:\/\/internatura.org\/blog\/index.php?rest_route=%2Fwp%2Fv2%2Fcomments&post=4552"}],"version-history":[{"count":13,"href":"https:\/\/internatura.org\/blog\/index.php?rest_route=\/wp\/v2\/posts\/4552\/revisions"}],"predecessor-version":[{"id":4576,"href":"https:\/\/internatura.org\/blog\/index.php?rest_route=\/wp\/v2\/posts\/4552\/revisions\/4576"}],"wp:attachment":[{"href":"https:\/\/internatura.org\/blog\/index.php?rest_route=%2Fwp%2Fv2%2Fmedia&parent=4552"}],"wp:term":[{"taxonomy":"category","embeddable":true,"href":"https:\/\/internatura.org\/blog\/index.php?rest_route=%2Fwp%2Fv2%2Fcategories&post=4552"},{"taxonomy":"post_tag","embeddable":true,"href":"https:\/\/internatura.org\/blog\/index.php?rest_route=%2Fwp%2Fv2%2Ftags&post=4552"}],"curies":[{"name":"wp","href":"https:\/\/api.w.org\/{rel}","templated":true}]}}