{"id":4594,"date":"2015-09-06T19:10:31","date_gmt":"2015-09-06T19:10:31","guid":{"rendered":"http:\/\/www.internatura.org\/blog\/?p=4594"},"modified":"2016-01-12T17:35:46","modified_gmt":"2016-01-12T17:35:46","slug":"trencalos-viatge-als-pirineus-del-1-al-6-septiembre-2015","status":"publish","type":"post","link":"https:\/\/internatura.org\/blog\/?p=4594","title":{"rendered":"Trencal\u00f2s. Viatge als Pirineus del 1 al 6 septiembre 2015"},"content":{"rendered":"<p style=\"text-align: justify;\"><a href=\"http:\/\/www.internatura.org\/blog\/wp-content\/uploads\/2015\/11\/Pirineus-4-9-15-IMG_9254.jpg\" rel=\"lightbox\" data-rel=\"lightbox-image-0\" data-rl_title=\"\" data-rl_caption=\"\" title=\"\"><img decoding=\"async\" loading=\"lazy\" class=\"alignleft size-thumbnail wp-image-4602\" src=\"http:\/\/www.internatura.org\/blog\/wp-content\/uploads\/2015\/11\/Pirineus-4-9-15-IMG_9254-150x150.jpg\" alt=\"Pirineus-4-9-15-IMG_9254\" width=\"150\" height=\"150\" \/><\/a><a href=\"http:\/\/www.internatura.org\/blog\/wp-content\/uploads\/2015\/11\/Pirineus-1-09-2015-1.jpg\" rel=\"lightbox\" data-rel=\"lightbox-image-1\" data-rl_title=\"\" data-rl_caption=\"\" title=\"\"><img decoding=\"async\" loading=\"lazy\" class=\"alignleft size-thumbnail wp-image-4608\" src=\"http:\/\/www.internatura.org\/blog\/wp-content\/uploads\/2015\/11\/Pirineus-1-09-2015-1-150x150.jpg\" alt=\"Pirineus-1-09-2015-1\" width=\"150\" height=\"150\" \/><\/a>La primera setmana de setembre 2015 ens desplacem al <strong>Pirineu Aragon\u00e8s<\/strong>, per localitzar zones de tr\u00e0fec del trencal\u00f2s (<em><a href=\"http:\/\/www.internatura.org\/aocv\/ficha.php?idesp=392\">Gypaetus barbatus<\/a><\/em>), e<strong>l rapinyaire m\u00e9s gran d&#8217;Europa i l&#8217;\u00fanica au oste\u00f2fag del m\u00f3n.<\/strong><a href=\"http:\/\/www.internatura.org\/blog\/wp-content\/uploads\/2015\/11\/Quebranta-d-2-9-15-IMG_9388.gif\" rel=\"lightbox\" data-rel=\"lightbox-image-2\" data-rl_title=\"\" data-rl_caption=\"\" title=\"\"><img decoding=\"async\" loading=\"lazy\" class=\"alignleft size-thumbnail wp-image-4595\" src=\"http:\/\/www.internatura.org\/blog\/wp-content\/uploads\/2015\/11\/Quebranta-d-2-9-15-IMG_9388-150x150.gif\" alt=\"Quebranta-d-2-9-15-IMG_9388\" width=\"150\" height=\"150\" \/><\/a><\/p>\n<p style=\"text-align: justify;\">Despr\u00e9s de buscar informaci\u00f3 dels millors llocs per veure les aus, ens vam decidir per acampar a la poblaci\u00f3 d&#8217;Ainsa (Huesca), camping Pe\u00f1a Monta\u00f1esa.<\/p>\n<p style=\"text-align: justify;\">Durant tota la setmana ens desplacem per diferents punts de la part m\u00e9s oriental del Parc d&#8217;Ordesa, tant dins com fora dels l\u00edmits del parc, aix\u00ed com amb l\u00edmit amb Fran\u00e7a.<\/p>\n<p style=\"text-align: justify;\">El temps que ens va acompanyar va ser molt variant, des de dies assolellats amb nits molt plujoses, fins dies amb una boira que no deixava veure a 5 metres. Tot i aix\u00ed les nostres ganes eren tantes que en cap moment va ser un element que ens va limitar les sortides al camp.\u00a0<a href=\"http:\/\/www.internatura.org\/blog\/wp-content\/uploads\/2015\/11\/Pirineus-1-09-2015-IMG_5312.jpg\" rel=\"lightbox\" data-rel=\"lightbox-image-3\" data-rl_title=\"\" data-rl_caption=\"\" title=\"\"><img decoding=\"async\" loading=\"lazy\" class=\"alignleft size-thumbnail wp-image-4605\" src=\"http:\/\/www.internatura.org\/blog\/wp-content\/uploads\/2015\/11\/Pirineus-1-09-2015-IMG_5312-150x150.jpg\" alt=\"Pirineus-1-09-2015-IMG_5312\" width=\"150\" height=\"150\" \/><\/a>\u00a0<a href=\"http:\/\/www.internatura.org\/blog\/wp-content\/uploads\/2015\/11\/Pirineus-01-09-15-IMG_5160.jpg\" rel=\"lightbox\" data-rel=\"lightbox-image-4\" data-rl_title=\"\" data-rl_caption=\"\" title=\"\"><img decoding=\"async\" loading=\"lazy\" class=\"alignleft size-thumbnail wp-image-4606\" src=\"http:\/\/www.internatura.org\/blog\/wp-content\/uploads\/2015\/11\/Pirineus-01-09-15-IMG_5160-150x150.jpg\" alt=\"Pirineus-01-09-15-IMG_5160\" width=\"150\" height=\"150\" \/><\/a><\/p>\n<p style=\"text-align: justify;\">El primer dia ens desplacem per la zona coneguda com <strong>El Ca\u00f1\u00f3n de Aisclo<\/strong>, la ruta anava per la vora del riu, on vam poder observar quantitat de faigs centenaris, algunes d&#8217;elles amb m\u00e9s de 300 anys. Veient l&#8217;ermita de sant \u00darbez i la<strong> Vall de Vi\u00f3<\/strong>.\u00a0Realitzem diverses rutes per aquesta zona, gaudint de la quantitat d&#8217;aigua que porten els barrancs i les impressionants parets i boscos, gaudint del vol de diversos voltors (<em><a href=\"http:\/\/www.internatura.org\/aocv\/ficha.php?idesp=73\">Gyps fulvus<\/a><\/em>) i milopa (<em><a href=\"http:\/\/www.internatura.org\/aocv\/ficha.php?idesp=72\">Neophron percnopterus<\/a><\/em>), aix\u00ed com altres petites aus i un parell de corbs (<em><a href=\"http:\/\/www.internatura.org\/aocv\/ficha.php?idesp=310\">Corvus corax<\/a><\/em>).\u00a0<a href=\"http:\/\/www.internatura.org\/blog\/wp-content\/uploads\/2015\/11\/Voltor-a-01-09-2015-IMG_173.jpg\" rel=\"lightbox\" data-rel=\"lightbox-image-5\" data-rl_title=\"\" data-rl_caption=\"\" title=\"\"><img decoding=\"async\" loading=\"lazy\" class=\"alignleft size-thumbnail wp-image-4612\" src=\"http:\/\/www.internatura.org\/blog\/wp-content\/uploads\/2015\/11\/Voltor-a-01-09-2015-IMG_173-150x150.jpg\" alt=\"Voltor-a-01-09-2015-IMG_173\" width=\"150\" height=\"150\" \/><\/a><a href=\"http:\/\/www.internatura.org\/blog\/wp-content\/uploads\/2015\/11\/Alimoche-b-1-9-2015-Pirineu.jpg\" rel=\"lightbox\" data-rel=\"lightbox-image-6\" data-rl_title=\"\" data-rl_caption=\"\" title=\"\"><img decoding=\"async\" loading=\"lazy\" class=\"alignleft size-thumbnail wp-image-4611\" src=\"http:\/\/www.internatura.org\/blog\/wp-content\/uploads\/2015\/11\/Alimoche-b-1-9-2015-Pirineu-150x150.jpg\" alt=\"Alimoche-b-1-9-2015-Pirineu\" width=\"150\" height=\"150\" \/><\/a><\/p>\n<p style=\"text-align: justify;\">\u00a0Amb la frustraci\u00f3 de no veure cap trencal\u00f2s, l&#8217;endem\u00e0 ens diriguimos als coneguts <strong>Miradors de Revilla<\/strong>, passant prop de la poblaci\u00f3 de Tella on es localitza la cova dels \u00d3ssos carvernicoles. Des alli vam arribar als miradors de Revilla, un passeig de 30 minuts des de l&#8217;aparcament fins al mirador. La pres\u00e8ncia de la gent en aquests miradors molt abundants intentant veure el trencal\u00f2s. Un cop all\u00e0 i sobre les muntanyes properes comencem a veure, al lluny, un parell de trencal\u00f2s, uns puntets al cel, l&#8217;emoci\u00f3 incre\u00efble per fi veiem a la rapinyaire m\u00e9s gran d&#8217;Europa.\u00a0<a href=\"http:\/\/www.internatura.org\/blog\/wp-content\/uploads\/2015\/11\/Quebra-Revilla-2-9-2015-IMG.jpg\" rel=\"lightbox\" data-rel=\"lightbox-image-7\" data-rl_title=\"\" data-rl_caption=\"\" title=\"\"><img decoding=\"async\" loading=\"lazy\" class=\"alignleft size-thumbnail wp-image-4617\" src=\"http:\/\/www.internatura.org\/blog\/wp-content\/uploads\/2015\/11\/Quebra-Revilla-2-9-2015-IMG-150x150.jpg\" alt=\"Quebra-Revilla-2-9-2015-IMG\" width=\"150\" height=\"150\" \/><\/a><\/p>\n<p style=\"text-align: justify;\"><a href=\"http:\/\/www.internatura.org\/blog\/wp-content\/uploads\/2015\/11\/Quebrantahuesos-RevillaIMG_.jpg\" rel=\"lightbox\" data-rel=\"lightbox-image-8\" data-rl_title=\"\" data-rl_caption=\"\" title=\"\"><img decoding=\"async\" loading=\"lazy\" class=\"alignleft size-thumbnail wp-image-4614\" src=\"http:\/\/www.internatura.org\/blog\/wp-content\/uploads\/2015\/11\/Quebrantahuesos-RevillaIMG_-150x150.jpg\" alt=\"Quebrantahuesos-RevillaIMG_\" width=\"150\" height=\"150\" \/><\/a><a href=\"http:\/\/www.internatura.org\/blog\/wp-content\/uploads\/2015\/11\/Quebranta-b-2-9-15-IMG_9388.gif\" rel=\"lightbox\" data-rel=\"lightbox-image-9\" data-rl_title=\"\" data-rl_caption=\"\" title=\"\"><img decoding=\"async\" loading=\"lazy\" class=\"alignleft size-thumbnail wp-image-4613\" src=\"http:\/\/www.internatura.org\/blog\/wp-content\/uploads\/2015\/11\/Quebranta-b-2-9-15-IMG_9388-150x150.gif\" alt=\"Quebranta-b-2-9-15-IMG_9388\" width=\"150\" height=\"150\" \/><\/a><a href=\"http:\/\/www.internatura.org\/blog\/wp-content\/uploads\/2015\/11\/Quebranta-jov-5-9-15-IMG_93.jpg\" rel=\"lightbox\" data-rel=\"lightbox-image-10\" data-rl_title=\"\" data-rl_caption=\"\" title=\"\"><img decoding=\"async\" loading=\"lazy\" class=\"alignleft size-thumbnail wp-image-4615\" src=\"http:\/\/www.internatura.org\/blog\/wp-content\/uploads\/2015\/11\/Quebranta-jov-5-9-15-IMG_93-150x150.jpg\" alt=\"Quebranta-jov-5-9-15-IMG_93\" width=\"150\" height=\"150\" \/><\/a><br \/>\nLes persones alli present i de diferents parts d&#8217;Espanya a m\u00e9s d&#8217;anglesos i alemanys, tots bojos per aconseguir el millor lloc al mirador. Al moment es posa a ploure i la gent comen\u00e7a a anar-se&#8217;n, mentre nosaltres no renunciem a veure alg\u00fa m\u00e9s a prop. Al moment Lid\u00f3n s&#8217;observa un trencal\u00f2s que saltant del tallat, es dirigeix \u200b\u200bcap a nosaltres, cicleando davant dels nostres prism\u00e0tics, \u00a1\u00a1\u00a1\u00a1\u00a1INCREIBLE\u00a1\u00a1\u00a1, per fi veiem un trencal\u00f2s adult davant de nosaltres, l&#8217;emoci\u00f3 indescriptible, vam intentar fer-li un munt de fotos mentre es va elevant i es allunyant, cosa que vam poder aconseguir.\u00a0<a href=\"http:\/\/www.internatura.org\/blog\/wp-content\/uploads\/2015\/11\/Pirineus-5-9-15-IMG_5635.jpg\" rel=\"lightbox\" data-rel=\"lightbox-image-11\" data-rl_title=\"\" data-rl_caption=\"\" title=\"\"><img decoding=\"async\" loading=\"lazy\" class=\"alignleft size-thumbnail wp-image-4644\" src=\"http:\/\/www.internatura.org\/blog\/wp-content\/uploads\/2015\/11\/Pirineus-5-9-15-IMG_5635-150x150.jpg\" alt=\"Pirineus-5-9-15-IMG_5635\" width=\"150\" height=\"150\" \/><\/a><a href=\"http:\/\/www.internatura.org\/blog\/wp-content\/uploads\/2015\/11\/Escuain-3-9-15-IMG_5419.jpg\" rel=\"lightbox\" data-rel=\"lightbox-image-12\" data-rl_title=\"\" data-rl_caption=\"\" title=\"\"><img decoding=\"async\" loading=\"lazy\" class=\"alignleft size-thumbnail wp-image-4645\" src=\"http:\/\/www.internatura.org\/blog\/wp-content\/uploads\/2015\/11\/Escuain-3-9-15-IMG_5419-150x150.jpg\" alt=\"Escuain-3-9-15-IMG_5419\" width=\"150\" height=\"150\" \/><\/a><\/p>\n<p style=\"text-align: justify;\">\u00a0Despr\u00e9s d&#8217;una nit plovent intensament, ens aixequem amb la il\u00b7lusi\u00f3 de veure altres quebrantahesos encara que el temps no ens acompany\u00e9s. Aquest cop i despr\u00e9s d&#8217;informar-nos un ornit\u00f2leg de Bilbao, que trobem en els miradors de Revilla, ens diriguimos cap a la <strong>Garganta de Escua\u00edn<\/strong>, pr\u00e0cticament enfront d&#8217;on vam estar el dia anterior i v\u00e8iem alguns trencal\u00f2s volant a la llunyania.<a href=\"http:\/\/www.internatura.org\/blog\/wp-content\/uploads\/2015\/11\/Quebranta-lk-5-09-2015I.gif\" rel=\"lightbox\" data-rel=\"lightbox-image-13\" data-rl_title=\"\" data-rl_caption=\"\" title=\"\"><img decoding=\"async\" loading=\"lazy\" class=\"alignleft size-thumbnail wp-image-4623\" src=\"http:\/\/www.internatura.org\/blog\/wp-content\/uploads\/2015\/11\/Quebranta-lk-5-09-2015I-150x150.gif\" alt=\"Quebranta-lk-5-09-2015I\" width=\"150\" height=\"150\" \/><\/a><\/p>\n<p style=\"text-align: justify;\">Estant parlant amb un dels guardes del parc, ens va dir que a la zona alta hi havia un menjador de trencal\u00f2s, on havien col\u00b7locat menjar fa un parell de dies i segur que pod\u00edem veure algunes rapinyaires, fins i tot ens va dir que per la zona s&#8217;acostava un \u00e0guila real. Nom\u00e9s un impediment, hi havia una ruta ascendent de 1:30 h.\u00a0<a href=\"http:\/\/www.internatura.org\/blog\/wp-content\/uploads\/2015\/11\/Pirineus-3-9-15-IMG_5502.jpg\" rel=\"lightbox\" data-rel=\"lightbox-image-14\" data-rl_title=\"\" data-rl_caption=\"\" title=\"\"><img decoding=\"async\" loading=\"lazy\" class=\"alignleft size-thumbnail wp-image-4625\" src=\"http:\/\/www.internatura.org\/blog\/wp-content\/uploads\/2015\/11\/Pirineus-3-9-15-IMG_5502-150x150.jpg\" alt=\"Pirineus-3-9-15-IMG_5502\" width=\"150\" height=\"150\" \/><\/a><br \/>\nMotxilla a l&#8217;esquena, telescopi, tr\u00edpode, c\u00e0meres i cap amunt, sense mirar enrere. El cam\u00ed es va fer llarg i pesat, nom\u00e9s millorant pel magn\u00edfic paisatge, i altres aus de mida petita que anaven apareixent i desapareixent. En arribar gaireb\u00e9 a dalt, vam comen\u00e7ar a veure trencal\u00f2s de diferents edats i per diferents banda, intentem localitzar el menjador per\u00f2 res, nom\u00e9s al final i seguint als voltors localitzem el menjador que est\u00e0 al costat de la pista.\u00a0<a href=\"http:\/\/www.internatura.org\/blog\/wp-content\/uploads\/2015\/11\/Quebranta-3-9-15-IMG_9197.jpg\" rel=\"lightbox\" data-rel=\"lightbox-image-15\" data-rl_title=\"\" data-rl_caption=\"\" title=\"\"><img decoding=\"async\" loading=\"lazy\" class=\"alignleft size-thumbnail wp-image-4630\" src=\"http:\/\/www.internatura.org\/blog\/wp-content\/uploads\/2015\/11\/Quebranta-3-9-15-IMG_9197-150x150.jpg\" alt=\"Quebranta-3-9-15-IMG_9197\" width=\"150\" height=\"150\" \/><\/a><a href=\"http:\/\/www.internatura.org\/blog\/wp-content\/uploads\/2015\/11\/Quebrantahueso-ad-jov-3-9-2.gif\" rel=\"lightbox\" data-rel=\"lightbox-image-16\" data-rl_title=\"\" data-rl_caption=\"\" title=\"\"><img decoding=\"async\" loading=\"lazy\" class=\"alignleft size-thumbnail wp-image-4627\" src=\"http:\/\/www.internatura.org\/blog\/wp-content\/uploads\/2015\/11\/Quebrantahueso-ad-jov-3-9-2-150x150.gif\" alt=\"Quebrantahueso-ad-jov-3-9-2\" width=\"150\" height=\"150\" \/><\/a><a href=\"http:\/\/www.internatura.org\/blog\/wp-content\/uploads\/2015\/11\/Quebran-Alimo-3-9-15-IMG_92.gif\" rel=\"lightbox\" data-rel=\"lightbox-image-17\" data-rl_title=\"\" data-rl_caption=\"\" title=\"\"><img decoding=\"async\" loading=\"lazy\" class=\"alignleft size-thumbnail wp-image-4626\" src=\"http:\/\/www.internatura.org\/blog\/wp-content\/uploads\/2015\/11\/Quebran-Alimo-3-9-15-IMG_92-150x150.gif\" alt=\"Quebran-Alimo-3-9-15-IMG_92\" width=\"150\" height=\"150\" \/><\/a><\/p>\n<p>Un cop localitzat el menjador\u00a0ens dirigim a l&#8217;observatori, els guardes ens havien dit que no ens acost\u00e9ssim al menjador per no molestar els rapinyaires, la pluja fa pres\u00e8ncia, refugiant-nos en l&#8217;observatori. Vam muntar el telescopi, ja que el menjador aquesta lluny i nom\u00e9s es pot veure amb tele. Estant all\u00e0 observem com van posant els trencal\u00f2s de diferents edats, agafen trossos de potes de xai traganseles sense cap problema. A m\u00e9s alguns despr\u00e9s de empassar-se la pota agafen el vol amb una altra en les urpes i se&#8217;n van.\u00a0<a href=\"http:\/\/www.internatura.org\/blog\/wp-content\/uploads\/2015\/11\/Quebranta-jove-2-09-2015IMG.gif\" rel=\"lightbox\" data-rel=\"lightbox-image-18\" data-rl_title=\"\" data-rl_caption=\"\" title=\"\"><img decoding=\"async\" loading=\"lazy\" class=\"alignleft size-thumbnail wp-image-4632\" src=\"http:\/\/www.internatura.org\/blog\/wp-content\/uploads\/2015\/11\/Quebranta-jove-2-09-2015IMG-150x150.gif\" alt=\"Quebranta-jove-2-09-2015IMG\" width=\"150\" height=\"150\" \/><\/a><a href=\"http:\/\/www.internatura.org\/blog\/wp-content\/uploads\/2015\/11\/Quebranta-imnafr-3-9-15-IMG.gif\" rel=\"lightbox\" data-rel=\"lightbox-image-19\" data-rl_title=\"\" data-rl_caption=\"\" title=\"\"><img decoding=\"async\" loading=\"lazy\" class=\"alignleft size-thumbnail wp-image-4633\" src=\"http:\/\/www.internatura.org\/blog\/wp-content\/uploads\/2015\/11\/Quebranta-imnafr-3-9-15-IMG-150x150.gif\" alt=\"Quebranta-imnafr-3-9-15-IMG\" width=\"150\" height=\"150\" \/><\/a><a href=\"http:\/\/www.internatura.org\/blog\/wp-content\/uploads\/2015\/11\/Quebranta-3-9-15-IMG_9388.gif\" rel=\"lightbox\" data-rel=\"lightbox-image-20\" data-rl_title=\"\" data-rl_caption=\"\" title=\"\"><img decoding=\"async\" loading=\"lazy\" class=\"alignleft size-thumbnail wp-image-4629\" src=\"http:\/\/www.internatura.org\/blog\/wp-content\/uploads\/2015\/11\/Quebranta-3-9-15-IMG_9388-150x150.gif\" alt=\"Quebranta-3-9-15-IMG_9388\" width=\"150\" height=\"150\" \/><\/a><\/p>\n<p>Estant alli altres rapinyaires vam poder observar des del falc\u00f3 pelegr\u00ed (<em><a href=\"http:\/\/www.internatura.org\/aocv\/ficha.php?idesp=80\">Falco peregrinus<\/a><\/em>), un \u00e0guila real (<em><a href=\"http:\/\/www.internatura.org\/aocv\/ficha.php?idesp=64\">Aquila chrysaetos<\/a><\/em>), voltor com\u00fa, Milota, corbs, fins i tot petits mam\u00edfers carn\u00edvors com la guineu (<em><a href=\"http:\/\/www.internatura.org\/avcs\/ficha.php?idesp=20\">Vulpes vulpes<\/a><\/em>).\u00a0<a href=\"http:\/\/www.internatura.org\/blog\/wp-content\/uploads\/2015\/11\/Falco-3-9-15-IMG_0581.jpg\" rel=\"lightbox\" data-rel=\"lightbox-image-21\" data-rl_title=\"\" data-rl_caption=\"\" title=\"\"><img decoding=\"async\" loading=\"lazy\" class=\"alignleft size-thumbnail wp-image-4636\" src=\"http:\/\/www.internatura.org\/blog\/wp-content\/uploads\/2015\/11\/Falco-3-9-15-IMG_0581-150x150.jpg\" alt=\"Falco-3-9-15-IMG_0581\" width=\"150\" height=\"150\" \/><\/a><\/p>\n<p>L&#8217;endem\u00e0 la pluja es va fer torrencial, impossible tornar a cap lloc, aprofitant el dia per despla\u00e7ar-nos a Fran\u00e7a, tot i que la boira era impressionant, ens desplacem per diferents llogarets prenent un caf\u00e8 en un bar petit per\u00f2 super acollidor, despr\u00e9s a diferents pobles del Pirineu i tornar al c\u00e0mping.<\/p>\n<p style=\"text-align: justify;\">Ja amb tot just un parell de dies per davant, al mat\u00ed seg\u00fcent apareix el sol i vam decidir tornar a la Garganta de Escua\u00edn, pujar carregats com uns muls cap al menjador de trencal\u00f2s a veure si per fi no ens plovia i pod\u00edem disfrutar de les aus . Aquest cop durant la pujada vam gaudir de la quantitat de bolets, fongs, molses i l\u00edquens que apareixien pel bosc de pi negre, pi roig, matolls de boix grand\u00edssims, ia la part m\u00e9s alta de la pres\u00e8ncia de cavalls i vaques.<a href=\"http:\/\/www.internatura.org\/blog\/wp-content\/uploads\/2015\/11\/Caballs-c-03-09-2015-IMG_54.jpg\" rel=\"lightbox\" data-rel=\"lightbox-image-22\" data-rl_title=\"\" data-rl_caption=\"\" title=\"\"><img decoding=\"async\" loading=\"lazy\" class=\"alignleft size-thumbnail wp-image-4639\" src=\"http:\/\/www.internatura.org\/blog\/wp-content\/uploads\/2015\/11\/Caballs-c-03-09-2015-IMG_54-150x150.jpg\" alt=\"Caballs-c-03-09-2015-IMG_54\" width=\"150\" height=\"150\" \/><\/a><a href=\"http:\/\/www.internatura.org\/blog\/wp-content\/uploads\/2015\/11\/Caballs-b-03-09-2015-IMG_54.jpg\" rel=\"lightbox\" data-rel=\"lightbox-image-23\" data-rl_title=\"\" data-rl_caption=\"\" title=\"\"><img decoding=\"async\" loading=\"lazy\" class=\"alignleft size-thumbnail wp-image-4641\" src=\"http:\/\/www.internatura.org\/blog\/wp-content\/uploads\/2015\/11\/Caballs-b-03-09-2015-IMG_54-150x150.jpg\" alt=\"Caballs-b-03-09-2015-IMG_54\" width=\"150\" height=\"150\" \/><\/a><a href=\"http:\/\/www.internatura.org\/blog\/wp-content\/uploads\/2015\/11\/Pirineu-vaques-3-9-15-IMG_.jpg\" rel=\"lightbox\" data-rel=\"lightbox-image-24\" data-rl_title=\"\" data-rl_caption=\"\" title=\"\"><img decoding=\"async\" loading=\"lazy\" class=\"alignleft size-thumbnail wp-image-4642\" src=\"http:\/\/www.internatura.org\/blog\/wp-content\/uploads\/2015\/11\/Pirineu-vaques-3-9-15-IMG_-150x150.jpg\" alt=\"Pirineu-vaques-3-9-15--IMG_\" width=\"150\" height=\"150\" \/><\/a><\/p>\n<p style=\"text-align: justify;\">Aquesta vegada el nombre de trencal\u00f2s havia disminu\u00eft enormement, algun exemplar volava sobre la menjadora i es deixava anar. Ens acostem al menjador, veient que no hi havia cap resta d&#8217;os ni potes de xai, el que feia que no haguessin rapinyaires necr\u00f3fafas a la zona, de tant en tant alguns voltors volaven per\u00f2 a no aver res desapareixien.<\/p>\n<p style=\"text-align: justify;\"><a href=\"http:\/\/www.internatura.org\/blog\/wp-content\/uploads\/2015\/11\/Pirineus-a-3-9-15-IMG_5502.jpg\" rel=\"lightbox\" data-rel=\"lightbox-image-25\" data-rl_title=\"\" data-rl_caption=\"\" title=\"\"><img decoding=\"async\" loading=\"lazy\" class=\"alignleft size-thumbnail wp-image-4637\" src=\"http:\/\/www.internatura.org\/blog\/wp-content\/uploads\/2015\/11\/Pirineus-a-3-9-15-IMG_5502-150x150.jpg\" alt=\"Pirineus-a-3-9-15-IMG_5502\" width=\"150\" height=\"150\" \/><\/a><a href=\"http:\/\/www.internatura.org\/blog\/wp-content\/uploads\/2015\/11\/Pirineus-b-3-9-15-IMG_5502.jpg\" rel=\"lightbox\" data-rel=\"lightbox-image-26\" data-rl_title=\"\" data-rl_caption=\"\" title=\"\"><img decoding=\"async\" loading=\"lazy\" class=\"alignleft size-thumbnail wp-image-4638\" src=\"http:\/\/www.internatura.org\/blog\/wp-content\/uploads\/2015\/11\/Pirineus-b-3-9-15-IMG_5502-150x150.jpg\" alt=\"Pirineus-b-3-9-15-IMG_5502\" width=\"150\" height=\"150\" \/><\/a><a href=\"http:\/\/www.internatura.org\/blog\/wp-content\/uploads\/2015\/11\/Zorro-b-3-9-15IMG_9056.gif\" rel=\"lightbox\" data-rel=\"lightbox-image-27\" data-rl_title=\"\" data-rl_caption=\"\" title=\"\"><img decoding=\"async\" loading=\"lazy\" class=\"alignleft size-thumbnail wp-image-4640\" src=\"http:\/\/www.internatura.org\/blog\/wp-content\/uploads\/2015\/11\/Zorro-b-3-9-15IMG_9056-150x150.gif\" alt=\"Zorro-b-3-9-15IMG_9056\" width=\"150\" height=\"150\" \/><\/a><\/p>\n<p style=\"text-align: justify;\"><a href=\"http:\/\/www.internatura.org\/blog\/wp-content\/uploads\/2015\/11\/Hongo-IMG_5650.jpg\" rel=\"lightbox\" data-rel=\"lightbox-image-28\" data-rl_title=\"\" data-rl_caption=\"\" title=\"\"><img decoding=\"async\" loading=\"lazy\" class=\"alignleft size-thumbnail wp-image-4649\" src=\"http:\/\/www.internatura.org\/blog\/wp-content\/uploads\/2015\/11\/Hongo-IMG_5650-150x150.jpg\" alt=\"Hongo-IMG_5650\" width=\"150\" height=\"150\" \/><\/a><a href=\"http:\/\/www.internatura.org\/blog\/wp-content\/uploads\/2015\/11\/Rovello-IMG_5662.jpg\" rel=\"lightbox\" data-rel=\"lightbox-image-29\" data-rl_title=\"\" data-rl_caption=\"\" title=\"\"><img decoding=\"async\" loading=\"lazy\" class=\"alignleft size-thumbnail wp-image-4650\" src=\"http:\/\/www.internatura.org\/blog\/wp-content\/uploads\/2015\/11\/Rovello-IMG_5662-150x150.jpg\" alt=\"Rovello-IMG_5662\" width=\"150\" height=\"150\" \/><\/a>L&#8217;\u00faltim dia ens dediquem a veure el poble d&#8217;A\u00ednsa, la fira que hi havia i <strong>l&#8217;Eco Museu de fauna pirinenca,<\/strong> gestionat per la <a href=\"http:\/\/www.quebrantahuesos.org\/htm\/es\/lafcq\/lafundacion.htm\">Fundaci\u00f3 per la Conservaci\u00f3 del Trencal\u00f2s <\/a>(FCQ).<br \/>\nLa monitora d&#8217;aquest centre ens va explicar les diferents estances del museu, ens va passar un v\u00eddeo sobre la vida als Pirineus i ens va explicar la difer\u00e8ncia de les diferents rapinyaires, urpes, plomes, ensenyant diferents rapinyaires de Duc, Aligot aligots, mil\u00e0 negre, i \u00e0guiles marcenques, que per una o altra forma no han pogut ser rehabilitades per ser de nou retornades al medi natural, a causa de trets i col\u00b7lisions. Aquestes rapinyaires estan destinada a un programade cria en captivitat.\u00a0<a href=\"http:\/\/www.internatura.org\/blog\/wp-content\/uploads\/2015\/11\/Eco-Museo-IMG_5714.jpg\" rel=\"lightbox\" data-rel=\"lightbox-image-30\" data-rl_title=\"\" data-rl_caption=\"\" title=\"\"><img decoding=\"async\" loading=\"lazy\" class=\"alignleft size-thumbnail wp-image-4652\" src=\"http:\/\/www.internatura.org\/blog\/wp-content\/uploads\/2015\/11\/Eco-Museo-IMG_5714-150x150.jpg\" alt=\"Eco-Museo-IMG_5714\" width=\"150\" height=\"150\" \/><\/a><\/p>\n<p style=\"text-align: justify;\">Un viatge molt enriquidor i meravell\u00f3s, per fi vam poder gaudir de la rapinyaire m\u00e9s gran d&#8217;Europa.<a href=\"http:\/\/www.internatura.org\/blog\/wp-content\/uploads\/2015\/11\/Eco-a-Museo-IMG_5714.jpg\" rel=\"lightbox\" data-rel=\"lightbox-image-31\" data-rl_title=\"\" data-rl_caption=\"\" title=\"\"><img decoding=\"async\" loading=\"lazy\" class=\"alignleft size-thumbnail wp-image-4653\" src=\"http:\/\/www.internatura.org\/blog\/wp-content\/uploads\/2015\/11\/Eco-a-Museo-IMG_5714-150x150.jpg\" alt=\"Eco-a-Museo-IMG_5714\" width=\"150\" height=\"150\" \/><\/a><a href=\"http:\/\/www.internatura.org\/blog\/wp-content\/uploads\/2015\/11\/Eco-b-Museo-IMG_5714.jpg\" rel=\"lightbox\" data-rel=\"lightbox-image-32\" data-rl_title=\"\" data-rl_caption=\"\" title=\"\"><img decoding=\"async\" loading=\"lazy\" class=\"alignleft size-thumbnail wp-image-4654\" src=\"http:\/\/www.internatura.org\/blog\/wp-content\/uploads\/2015\/11\/Eco-b-Museo-IMG_5714-150x150.jpg\" alt=\"Eco-b-Museo-IMG_5714\" width=\"150\" height=\"150\" \/><\/a><a href=\"http:\/\/www.internatura.org\/blog\/wp-content\/uploads\/2015\/11\/Eco-c-Museo-IMG_5714.jpg\" rel=\"lightbox\" data-rel=\"lightbox-image-33\" data-rl_title=\"\" data-rl_caption=\"\" title=\"\"><img decoding=\"async\" loading=\"lazy\" class=\"alignleft size-thumbnail wp-image-4655\" src=\"http:\/\/www.internatura.org\/blog\/wp-content\/uploads\/2015\/11\/Eco-c-Museo-IMG_5714-150x150.jpg\" alt=\"Eco-c-Museo-IMG_5714\" width=\"150\" height=\"150\" \/><\/a><\/p>\n","protected":false},"excerpt":{"rendered":"<p>La primera setmana de setembre 2015 ens desplacem al Pirineu Aragon\u00e8s, per localitzar zones de tr\u00e0fec del trencal\u00f2s (Gypaetus barbatus), el rapinyaire m\u00e9s gran d&#8217;Europa i l&#8217;\u00fanica au oste\u00f2fag del m\u00f3n. Despr\u00e9s de buscar informaci\u00f3 dels millors llocs per veure les aus, ens vam decidir per acampar a la poblaci\u00f3 \u2026 <a class=\"continue-reading-link\" href=\"https:\/\/internatura.org\/blog\/?p=4594\"> Continuar leyendo <span class=\"meta-nav\">&rarr; <\/span><\/a><\/p>\n","protected":false},"author":1,"featured_media":0,"comment_status":"closed","ping_status":"closed","sticky":false,"template":"","format":"standard","meta":[],"categories":[25],"tags":[91,90],"_links":{"self":[{"href":"https:\/\/internatura.org\/blog\/index.php?rest_route=\/wp\/v2\/posts\/4594"}],"collection":[{"href":"https:\/\/internatura.org\/blog\/index.php?rest_route=\/wp\/v2\/posts"}],"about":[{"href":"https:\/\/internatura.org\/blog\/index.php?rest_route=\/wp\/v2\/types\/post"}],"author":[{"embeddable":true,"href":"https:\/\/internatura.org\/blog\/index.php?rest_route=\/wp\/v2\/users\/1"}],"replies":[{"embeddable":true,"href":"https:\/\/internatura.org\/blog\/index.php?rest_route=%2Fwp%2Fv2%2Fcomments&post=4594"}],"version-history":[{"count":32,"href":"https:\/\/internatura.org\/blog\/index.php?rest_route=\/wp\/v2\/posts\/4594\/revisions"}],"predecessor-version":[{"id":4821,"href":"https:\/\/internatura.org\/blog\/index.php?rest_route=\/wp\/v2\/posts\/4594\/revisions\/4821"}],"wp:attachment":[{"href":"https:\/\/internatura.org\/blog\/index.php?rest_route=%2Fwp%2Fv2%2Fmedia&parent=4594"}],"wp:term":[{"taxonomy":"category","embeddable":true,"href":"https:\/\/internatura.org\/blog\/index.php?rest_route=%2Fwp%2Fv2%2Fcategories&post=4594"},{"taxonomy":"post_tag","embeddable":true,"href":"https:\/\/internatura.org\/blog\/index.php?rest_route=%2Fwp%2Fv2%2Ftags&post=4594"}],"curies":[{"name":"wp","href":"https:\/\/api.w.org\/{rel}","templated":true}]}}