{"id":472,"date":"2012-02-17T21:35:11","date_gmt":"2012-02-17T20:35:11","guid":{"rendered":"http:\/\/www.internatura.org\/blog\/?p=472"},"modified":"2014-11-11T08:18:59","modified_gmt":"2014-11-11T08:18:59","slug":"observacions-al-barranc-del-castell-de-castro-17022012","status":"publish","type":"post","link":"https:\/\/internatura.org\/blog\/?p=472","title":{"rendered":"Observacions al barranc del Castell de Castro. 17\/02\/2012"},"content":{"rendered":"<p style=\"text-align: justify;\">S&#8217;ha aprofitat el mat\u00ed per realitzar un petit passeig pel barranc del Castell de Castro a Alfondeguilla. Aquest barranc es un dels millors de l&#8217;S\u00aa d&#8217;Espad\u00e0, on podem observar les enormes sureres, present en les vessants, troban alguns punts amb pi blanc (<em>Pinus halepensi<\/em>s) i pi pinaster (<em>Pinus pinaster)<\/em>.<\/p>\n<p style=\"text-align: center;\"><a href=\"http:\/\/www.internatura.org\/blog\/wp-content\/uploads\/2012\/02\/Alfon-17-02-2012DSCF5097.jpg\" rel=\"lightbox\" data-rel=\"lightbox-image-0\" data-rl_title=\"\" data-rl_caption=\"\"><img decoding=\"async\" loading=\"lazy\" title=\"\" src=\"http:\/\/www.internatura.org\/blog\/wp-content\/uploads\/2012\/02\/Alfon-17-02-2012DSCF5097.jpg\" alt=\"\" width=\"136\" height=\"161\" \/><\/a> \u00a0\u00a0 <a href=\"http:\/\/www.internatura.org\/blog\/wp-content\/uploads\/2012\/02\/Alfon-17-02-2012IMG_5862.jpg\" rel=\"lightbox\" data-rel=\"lightbox-image-1\" data-rl_title=\"\" data-rl_caption=\"\"><img decoding=\"async\" loading=\"lazy\" title=\"\" src=\"http:\/\/www.internatura.org\/blog\/wp-content\/uploads\/2012\/02\/Alfon-17-02-2012IMG_5862.jpg\" alt=\"\" width=\"122\" height=\"179\" \/><\/a> \u00a0\u00a0 <a href=\"http:\/\/www.internatura.org\/blog\/wp-content\/uploads\/2012\/02\/Alfon-17-02-2012-IMG_6001.jpg\" rel=\"lightbox\" data-rel=\"lightbox-image-2\" data-rl_title=\"\" data-rl_caption=\"\"><img decoding=\"async\" loading=\"lazy\" title=\"\" src=\"http:\/\/www.internatura.org\/blog\/wp-content\/uploads\/2012\/02\/Alfon-17-02-2012-IMG_6001.jpg\" alt=\"\" width=\"105\" height=\"156\" \/><\/a>\u00a0\u00a0\u00a0 <a href=\"http:\/\/www.internatura.org\/blog\/wp-content\/uploads\/2012\/02\/Alfon-17-02-2012-DSCF5132.jpg\" rel=\"lightbox\" data-rel=\"lightbox-image-3\" data-rl_title=\"\" data-rl_caption=\"\"><img decoding=\"async\" loading=\"lazy\" title=\"\" src=\"http:\/\/www.internatura.org\/blog\/wp-content\/uploads\/2012\/02\/Alfon-17-02-2012-DSCF5132.jpg\" alt=\"\" width=\"171\" height=\"115\" \/><\/a><\/p>\n<p style=\"text-align: center;\"><a href=\"http:\/\/www.internatura.org\/blog\/wp-content\/uploads\/2012\/02\/Alfon-17-02-2012-DSCF5143.jpg\" rel=\"lightbox\" data-rel=\"lightbox-image-4\" data-rl_title=\"\" data-rl_caption=\"\"><img decoding=\"async\" loading=\"lazy\" title=\"\" src=\"http:\/\/www.internatura.org\/blog\/wp-content\/uploads\/2012\/02\/Alfon-17-02-2012-DSCF5143.jpg\" alt=\"\" width=\"133\" height=\"178\" \/><\/a> \u00a0\u00a0<a href=\"http:\/\/www.internatura.org\/blog\/wp-content\/uploads\/2012\/02\/Alfon-17-02-2012-DSCF52011.jpg\" rel=\"lightbox\" data-rel=\"lightbox-image-5\" data-rl_title=\"\" data-rl_caption=\"\"><img decoding=\"async\" loading=\"lazy\" title=\"\" src=\"http:\/\/www.internatura.org\/blog\/wp-content\/uploads\/2012\/02\/Alfon-17-02-2012-DSCF52011.jpg\" alt=\"\" width=\"156\" height=\"136\" \/><\/a> \u00a0 <a href=\"http:\/\/www.internatura.org\/blog\/wp-content\/uploads\/2012\/02\/Alfon-17-02-2012-DSCF5131.jpg\" rel=\"lightbox\" data-rel=\"lightbox-image-6\" data-rl_title=\"\" data-rl_caption=\"\"><img decoding=\"async\" loading=\"lazy\" title=\"\" src=\"http:\/\/www.internatura.org\/blog\/wp-content\/uploads\/2012\/02\/Alfon-17-02-2012-DSCF5131.jpg\" alt=\"\" width=\"129\" height=\"120\" \/><\/a><\/p>\n<div id=\"gt-res-content\" style=\"text-align: center;\">\n<h5 dir=\"ltr\"><em>Algunes panor\u00e0miques del barranc, amb el castell de Castro al fons. Destaquen els boscos de sureres, la vegetaci\u00f3 mediterr\u00e0nia, cultius abandonats i algunes construccions humanes.<\/em><\/h5>\n<\/div>\n<h4 style=\"text-align: center;\"><em><br \/>\n<\/em><\/h4>\n<p style=\"text-align: justify;\">Un dia assolellat amb gran quantitat de petites aus per tot arreu, cultius, punts d&#8217;aigua, bosc i matoll.<\/p>\n<p style=\"text-align: justify;\">Les observacions registrades han estat:<\/p>\n<table width=\"160\" border=\"0\" cellspacing=\"0\" cellpadding=\"0\">\n<colgroup>\n<col span=\"2\" width=\"80\" \/> <\/colgroup>\n<tbody>\n<tr>\n<td width=\"80\" height=\"17\"><em>Turdus philomelos<\/em><\/td>\n<td width=\"80\">17<\/td>\n<\/tr>\n<tr>\n<td height=\"17\"><em>Phoenicurus ochruros<\/em><\/td>\n<td>3<\/td>\n<\/tr>\n<tr>\n<td height=\"17\"><em>Fringilla coelebs<\/em><\/td>\n<td>18<\/td>\n<\/tr>\n<tr>\n<td height=\"17\"><em>Parus major<\/em><\/td>\n<td>1<\/td>\n<\/tr>\n<tr>\n<td height=\"17\"><em>Erithacus rubecula<\/em><\/td>\n<td>13<\/td>\n<\/tr>\n<tr>\n<td height=\"17\"><em>Serinus serinus<\/em><\/td>\n<td>20<\/td>\n<\/tr>\n<tr>\n<td height=\"17\"><em>Columba palumbus<\/em><\/td>\n<td>2<\/td>\n<\/tr>\n<tr>\n<td height=\"17\"><em>Accipiter nisus<\/em><\/td>\n<td>1<\/td>\n<\/tr>\n<tr>\n<td height=\"17\"><em>Corvus corax<\/em><\/td>\n<td>2<\/td>\n<\/tr>\n<tr>\n<td height=\"17\"><em>Turdus merula<\/em><\/td>\n<td>4<\/td>\n<\/tr>\n<tr>\n<td height=\"17\"><em>Alectoris rufa<\/em><\/td>\n<td>4<\/td>\n<\/tr>\n<tr>\n<td height=\"17\"><em>Garrulus glandarius<\/em><\/td>\n<td>1<\/td>\n<\/tr>\n<tr>\n<td height=\"17\"><em>Picus viridis<\/em><\/td>\n<td>2<\/td>\n<\/tr>\n<tr>\n<td height=\"17\"><em>Aegithalos caudatus<\/em><\/td>\n<td>6<\/td>\n<\/tr>\n<tr>\n<td height=\"17\"><em>Sylvia melanocephala<\/em><\/td>\n<td>3<\/td>\n<\/tr>\n<tr>\n<td height=\"17\"><em>Sylvia atricapilla<\/em><\/td>\n<td>4<\/td>\n<\/tr>\n<tr>\n<td height=\"17\"><em>Carduelis chloris<\/em><\/td>\n<td>1<\/td>\n<\/tr>\n<tr>\n<td height=\"17\"><em>Hieraaetus fasciatus<\/em><\/td>\n<td><\/td>\n<\/tr>\n<tr>\n<td height=\"17\"><em>Prunella modularis<\/em><\/td>\n<td>1<\/td>\n<\/tr>\n<\/tbody>\n<\/table>\n<p style=\"text-align: justify;\">Ens ha sorpr\u00e8s la gran quantitat de tords, sobretot al principi del barranc on es localitzen els conreus i els punts d&#8217;aigua. Al mateix temps gran quantitat dels preciosos pit-rojos i busqueretes de casquet.<\/p>\n<p><a href=\"http:\/\/www.internatura.org\/blog\/wp-content\/uploads\/2012\/02\/Alfon-acent-17-02-2012-IMG_.jpg\" rel=\"lightbox\" data-rel=\"lightbox-image-7\" data-rl_title=\"\" data-rl_caption=\"\"><img decoding=\"async\" loading=\"lazy\" title=\"\" src=\"http:\/\/www.internatura.org\/blog\/wp-content\/uploads\/2012\/02\/Alfon-acent-17-02-2012-IMG_.jpg\" alt=\"\" width=\"158\" height=\"106\" \/><\/a> \u00a0\u00a0 <a href=\"http:\/\/www.internatura.org\/blog\/wp-content\/uploads\/2012\/02\/Alfon-cua-roja-17-02-2012IM.jpg\" rel=\"lightbox\" data-rel=\"lightbox-image-8\" data-rl_title=\"\" data-rl_caption=\"\"><img decoding=\"async\" loading=\"lazy\" title=\"\" src=\"http:\/\/www.internatura.org\/blog\/wp-content\/uploads\/2012\/02\/Alfon-cua-roja-17-02-2012IM.jpg\" alt=\"\" width=\"160\" height=\"150\" \/><\/a> \u00a0 <a href=\"http:\/\/www.internatura.org\/blog\/wp-content\/uploads\/2012\/02\/Alfon-gafar-17-02-2012IMG_6.jpg\" rel=\"lightbox\" data-rel=\"lightbox-image-9\" data-rl_title=\"\" data-rl_caption=\"\"><img decoding=\"async\" loading=\"lazy\" title=\"\" src=\"http:\/\/www.internatura.org\/blog\/wp-content\/uploads\/2012\/02\/Alfon-gafar-17-02-2012IMG_6.jpg\" alt=\"\" width=\"165\" height=\"133\" \/><\/a><\/p>\n<h5><em>\u00a0\u00a0\u00a0\u00a0\u00a0 \u00a0\u00a0<a href=\"http:\/\/www.internatura.org\/aocv\/ficha.php?idesp=233\"> Rossarda\u00a0<\/a>\u00a0\u00a0\u00a0\u00a0\u00a0\u00a0\u00a0\u00a0\u00a0\u00a0\u00a0\u00a0\u00a0\u00a0\u00a0\u00a0\u00a0\u00a0\u00a0\u00a0\u00a0\u00a0\u00a0\u00a0\u00a0\u00a0\u00a0\u00a0\u00a0\u00a0\u00a0\u00a0\u00a0\u00a0\u00a0\u00a0\u00a0\u00a0\u00a0\u00a0\u00a0\u00a0\u00a0\u00a0\u00a0\u00a0\u00a0\u00a0\u00a0\u00a0\u00a0\u00a0 Cua-roja\u00a0\u00a0\u00a0\u00a0\u00a0\u00a0\u00a0\u00a0\u00a0\u00a0\u00a0\u00a0\u00a0\u00a0\u00a0\u00a0\u00a0\u00a0\u00a0\u00a0\u00a0\u00a0\u00a0\u00a0\u00a0\u00a0\u00a0\u00a0\u00a0\u00a0 Gafarr\u00f3<\/em><\/h5>\n<p>&nbsp;<\/p>\n<p style=\"text-align: right;\"><a href=\"http:\/\/www.internatura.org\/blog\/wp-content\/uploads\/2012\/02\/Alfon-curru-17-02-2012-IMG_.jpg\" rel=\"lightbox\" data-rel=\"lightbox-image-10\" data-rl_title=\"\" data-rl_caption=\"\"><img decoding=\"async\" loading=\"lazy\" title=\"\" src=\"http:\/\/www.internatura.org\/blog\/wp-content\/uploads\/2012\/02\/Alfon-curru-17-02-2012-IMG_.jpg\" alt=\"\" width=\"142\" height=\"131\" \/><\/a> \u00a0\u00a0 <a href=\"http:\/\/www.internatura.org\/blog\/wp-content\/uploads\/2012\/02\/Alfon-perdiu-17-02-2012-IMG.jpg\" rel=\"lightbox\" data-rel=\"lightbox-image-11\" data-rl_title=\"\" data-rl_caption=\"\"><img decoding=\"async\" loading=\"lazy\" title=\"\" src=\"http:\/\/www.internatura.org\/blog\/wp-content\/uploads\/2012\/02\/Alfon-perdiu-17-02-2012-IMG.jpg\" alt=\"\" width=\"163\" height=\"181\" \/><\/a> \u00a0\u00a0 <a href=\"http:\/\/www.internatura.org\/blog\/wp-content\/uploads\/2012\/02\/Alfon-Mito-17-02-2012-IMG_5.jpg\" rel=\"lightbox\" data-rel=\"lightbox-image-12\" data-rl_title=\"\" data-rl_caption=\"\"><img decoding=\"async\" loading=\"lazy\" title=\"\" src=\"http:\/\/www.internatura.org\/blog\/wp-content\/uploads\/2012\/02\/Alfon-Mito-17-02-2012-IMG_5.jpg\" alt=\"\" width=\"142\" height=\"150\" \/><\/a><\/p>\n<h5>\u00a0\u00a0\u00a0\u00a0\u00a0\u00a0\u00a0\u00a0\u00a0\u00a0\u00a0\u00a0\u00a0\u00a0\u00a0\u00a0\u00a0\u00a0\u00a0\u00a0\u00a0\u00a0\u00a0\u00a0\u00a0\u00a0\u00a0\u00a0\u00a0\u00a0\u00a0\u00a0\u00a0\u00a0\u00a0\u00a0\u00a0\u00a0\u00a0\u00a0\u00a0\u00a0\u00a0\u00a0\u00a0\u00a0 \u00a0 \u00a0 \u00a0 \u00a0 \u00a0 \u00a0 \u00a0 \u00a0 \u00a0\u00a0\u00a0<em> Busquereta de casquet \u00a0\u00a0\u00a0\u00a0\u00a0\u00a0\u00a0 \u00a0 \u00a0 \u00a0 \u00a0 Perdiu comuna\u00a0\u00a0\u00a0\u00a0\u00a0\u00a0\u00a0\u00a0\u00a0\u00a0\u00a0\u00a0\u00a0 \u00a0 \u00a0 \u00a0\u00a0 \u00a0 \u00a0 \u00a0 \u00a0 \u00a0 Senyoreta<\/em><\/h5>\n<p><a href=\"http:\/\/www.internatura.org\/blog\/wp-content\/uploads\/2012\/02\/Alfon-17-02-2012IMG_5873.jpg\" rel=\"lightbox\" data-rel=\"lightbox-image-13\" data-rl_title=\"\" data-rl_caption=\"\"><img decoding=\"async\" loading=\"lazy\" title=\"\" src=\"http:\/\/www.internatura.org\/blog\/wp-content\/uploads\/2012\/02\/Alfon-17-02-2012IMG_5873.jpg\" alt=\"\" width=\"115\" height=\"128\" \/><\/a>\u00a0<a href=\"http:\/\/www.internatura.org\/blog\/wp-content\/uploads\/2012\/02\/Alfon-erica-17-2-2012IMG_59.jpg\" rel=\"lightbox\" data-rel=\"lightbox-image-14\" data-rl_title=\"\" data-rl_caption=\"\"><img decoding=\"async\" loading=\"lazy\" title=\"\" src=\"http:\/\/www.internatura.org\/blog\/wp-content\/uploads\/2012\/02\/Alfon-erica-17-2-2012IMG_59.jpg\" alt=\"\" width=\"215\" height=\"343\" \/><\/a> <a href=\"http:\/\/www.internatura.org\/blog\/wp-content\/uploads\/2012\/02\/Alfon-pit-rojet-17-02-2012I.jpg\" rel=\"lightbox\" data-rel=\"lightbox-image-15\" data-rl_title=\"\" data-rl_caption=\"\"><img decoding=\"async\" loading=\"lazy\" title=\"\" src=\"http:\/\/www.internatura.org\/blog\/wp-content\/uploads\/2012\/02\/Alfon-pit-rojet-17-02-2012I.jpg\" alt=\"\" width=\"205\" height=\"131\" \/><\/a><\/p>\n<h5>\u00a0<em><a href=\"http:\/\/www.granadanatural.com\/ficha_fauna.php?cod=158\"> <em>Pararge aegeria \u00a0 <\/em>\u00a0<\/a> \u00a0 \u00a0 \u00a0 \u00a0 \u00a0\u00a0\u00a0\u00a0\u00a0\u00a0\u00a0\u00a0\u00a0\u00a0\u00a0\u00a0\u00a0\u00a0\u00a0\u00a0\u00a0\u00a0\u00a0\u00a0\u00a0\u00a0\u00a0\u00a0\u00a0\u00a0\u00a0\u00a0 Cepell\u00a0\u00a0\u00a0\u00a0\u00a0\u00a0\u00a0\u00a0\u00a0\u00a0\u00a0\u00a0\u00a0\u00a0\u00a0\u00a0\u00a0\u00a0\u00a0\u00a0\u00a0\u00a0\u00a0\u00a0\u00a0\u00a0\u00a0\u00a0\u00a0\u00a0\u00a0\u00a0\u00a0\u00a0\u00a0\u00a0\u00a0\u00a0\u00a0\u00a0\u00a0\u00a0\u00a0\u00a0\u00a0\u00a0\u00a0\u00a0 <em>Pit-roig<br \/>\n<\/em><\/em><\/h5>\n<p style=\"text-align: justify;\">Les principals agressions al medi que ens criden l&#8217;atenci\u00f3 s\u00f3n diverses, per\u00f2 potser la construcci\u00f3 permanent de pistes forestals amb l&#8217;eliminaci\u00f3 de sureres, pot ser la principal, ja que facilita l&#8217;entrada als racons m\u00e9s interiors del barranc. La sobrecaza, especialment de senglar, pr\u00e0ctica que es realitza durant totes les \u00e8poques de l&#8217;any, provocant la mort d&#8217;esp\u00e8cies en perill com les rapinyaires. Fins i tot la construcci\u00f3 de vies d&#8217;escalada i les sendes per a excursionistes, poden comprometre a esp\u00e8cies animals realment escasses. Finalment el furtivisme, com la ca\u00e7a amb ceps, xarxes, lliga, etc .. afecten directament a les petites aus.<\/p>\n","protected":false},"excerpt":{"rendered":"<p>S&#8217;ha aprofitat el mat\u00ed per realitzar un petit passeig pel barranc del Castell de Castro a Alfondeguilla. Aquest barranc es un dels millors de l&#8217;S\u00aa d&#8217;Espad\u00e0, on podem observar les enormes sureres, present en les vessants, troban alguns punts amb pi blanc (Pinus halepensis) i pi pinaster (Pinus pinaster). \u00a0\u00a0 \u2026 <a class=\"continue-reading-link\" href=\"https:\/\/internatura.org\/blog\/?p=472\"> Continuar leyendo <span class=\"meta-nav\">&rarr; <\/span><\/a><\/p>\n","protected":false},"author":1,"featured_media":0,"comment_status":"closed","ping_status":"closed","sticky":false,"template":"","format":"standard","meta":[],"categories":[25],"tags":[26],"_links":{"self":[{"href":"https:\/\/internatura.org\/blog\/index.php?rest_route=\/wp\/v2\/posts\/472"}],"collection":[{"href":"https:\/\/internatura.org\/blog\/index.php?rest_route=\/wp\/v2\/posts"}],"about":[{"href":"https:\/\/internatura.org\/blog\/index.php?rest_route=\/wp\/v2\/types\/post"}],"author":[{"embeddable":true,"href":"https:\/\/internatura.org\/blog\/index.php?rest_route=\/wp\/v2\/users\/1"}],"replies":[{"embeddable":true,"href":"https:\/\/internatura.org\/blog\/index.php?rest_route=%2Fwp%2Fv2%2Fcomments&post=472"}],"version-history":[{"count":32,"href":"https:\/\/internatura.org\/blog\/index.php?rest_route=\/wp\/v2\/posts\/472\/revisions"}],"predecessor-version":[{"id":3395,"href":"https:\/\/internatura.org\/blog\/index.php?rest_route=\/wp\/v2\/posts\/472\/revisions\/3395"}],"wp:attachment":[{"href":"https:\/\/internatura.org\/blog\/index.php?rest_route=%2Fwp%2Fv2%2Fmedia&parent=472"}],"wp:term":[{"taxonomy":"category","embeddable":true,"href":"https:\/\/internatura.org\/blog\/index.php?rest_route=%2Fwp%2Fv2%2Fcategories&post=472"},{"taxonomy":"post_tag","embeddable":true,"href":"https:\/\/internatura.org\/blog\/index.php?rest_route=%2Fwp%2Fv2%2Ftags&post=472"}],"curies":[{"name":"wp","href":"https:\/\/api.w.org\/{rel}","templated":true}]}}