{"id":4757,"date":"2015-09-07T16:32:46","date_gmt":"2015-09-07T16:32:46","guid":{"rendered":"http:\/\/www.internatura.org\/blog\/?p=4757"},"modified":"2016-01-12T17:43:38","modified_gmt":"2016-01-12T17:43:38","slug":"trencaos-al-pirineu-aragones-el-ger-observa-exemplars-marcats-sep-2015","status":"publish","type":"post","link":"https:\/\/internatura.org\/blog\/?p=4757","title":{"rendered":"Trencal\u00f2s al Pirineu aragones. El GER observa exemplars marcats. Sep-2015"},"content":{"rendered":"<p style=\"text-align: justify;\"><a href=\"http:\/\/www.internatura.org\/blog\/wp-content\/uploads\/2015\/11\/Quebra-ad-verdes-3-09-15-IM.gif\" rel=\"lightbox\" data-rel=\"lightbox-image-0\" data-rl_title=\"\" data-rl_caption=\"\" title=\"\"><img decoding=\"async\" loading=\"lazy\" class=\"alignleft size-thumbnail wp-image-4764\" src=\"http:\/\/www.internatura.org\/blog\/wp-content\/uploads\/2015\/11\/Quebra-ad-verdes-3-09-15-IM-150x150.gif\" alt=\"Quebra-ad-verdes-3-09-15-IM\" width=\"150\" height=\"150\" \/><\/a>En el viatge de setembre on observem diferents exemplars de trencal\u00f3s al Pirineu aragones, localitzem diversos aus amb marques alares de diferents colors.<\/p>\n<p style=\"text-align: justify;\">Aquests exemplars intentem d&#8217;una banda identificar l&#8217;edat en el camp i en segon lloc veure l&#8217;edat real mitjan\u00e7ant la informaci\u00f3 que ens proporcionaven les marques alares per a determinar el desfasament entre l&#8217;observaci\u00f3 directa i la de l&#8217;anella.<\/p>\n<p style=\"text-align: justify;\">La zona de localitzaci\u00f3 de les aus es van realitzar en la \u00abGarganta de Escua\u00edn\u00bb, prop d&#8217;un menjador d&#8217;aus carronyeres.<\/p>\n<p style=\"text-align: justify;\">A continuaci\u00f3 relacionem les aus amb marques alares i la informaci\u00f3 aconseguida per a cada exemplar proporcionada per la <a href=\"http:\/\/www.quebrantahuesos.org\/htm\/es\/elquebrantahuesos\/seguimiento.htm\">Fundaci\u00f3 per la Conservaci\u00f3 del Trencal\u00f2s<\/a> (FCQ).<\/p>\n<p style=\"text-align: justify;\">1.- Trencal\u00f2s,\u00a0conegut amb el nom de <a href=\"http:\/\/www.quebrantahuesos.org\/htm\/es\/elquebrantahuesos\/control?zone=pub&amp;sec=quebra&amp;pag=ver&amp;loc=es&amp;tp=1&amp;est=OK_&amp;id=159\">Belisa<\/a>, presenta marques alares de color blanc en ala dreta i verd en ala esquerra. Ambdues marques amb les n\u00famero<strong> [01]<\/strong>.\u00a0Marcat de pollastre en el niu al maig 2014, actualment t\u00e9 <strong>1 any<\/strong>.<\/p>\n<p style=\"text-align: justify;\"><a href=\"http:\/\/www.internatura.org\/blog\/wp-content\/uploads\/2015\/11\/Quebranta-aa-jove-3-9-15-IMG.gif\" rel=\"lightbox\" data-rel=\"lightbox-image-1\" data-rl_title=\"\" data-rl_caption=\"\" title=\"\"><img decoding=\"async\" loading=\"lazy\" class=\"alignleft size-thumbnail wp-image-4765\" src=\"http:\/\/www.internatura.org\/blog\/wp-content\/uploads\/2015\/11\/Quebranta-aa-jove-3-9-15-IMG-150x150.gif\" alt=\"Quebranta-aa-jove-3-9-15-IMG\" width=\"150\" height=\"150\" \/><\/a><\/p>\n<p style=\"text-align: justify;\"><a href=\"http:\/\/www.internatura.org\/blog\/wp-content\/uploads\/2015\/11\/Quebranta-a-jove-3-9-15-IMG_9.gif\" rel=\"lightbox\" data-rel=\"lightbox-image-2\" data-rl_title=\"\" data-rl_caption=\"\" title=\"\"><img decoding=\"async\" loading=\"lazy\" class=\"alignleft size-thumbnail wp-image-4766\" src=\"http:\/\/www.internatura.org\/blog\/wp-content\/uploads\/2015\/11\/Quebranta-a-jove-3-9-15-IMG_9-150x150.gif\" alt=\"Quebranta-a-jove-3-9-15-IMG_9\" width=\"150\" height=\"150\" \/><\/a><\/p>\n<p>&nbsp;<\/p>\n<p style=\"text-align: justify;\">2.- Trencal\u00f2s\u00a0amb el nom de <a href=\"http:\/\/www.quebrantahuesos.org\/htm\/es\/elquebrantahuesos\/control?zone=pub&amp;sec=quebra&amp;pag=ver&amp;loc=es&amp;tp=1&amp;est=OK_&amp;id=152\">Marta<\/a>, presenta les marques alares de color roig en ala dreta i marca verda en ala esquerra, amb els d\u00edgits<strong> [N1N]<\/strong>. Marcat al maig del 2013 amb menys d&#8217;un any d&#8217;edat. En l&#8217;actualitat t\u00e9 <strong>2 anys de vida<\/strong>.\u00a0<a href=\"http:\/\/www.internatura.org\/blog\/wp-content\/uploads\/2015\/11\/Quebranta-a-Inmatu-2-09-201.gif\" rel=\"lightbox\" data-rel=\"lightbox-image-3\" data-rl_title=\"\" data-rl_caption=\"\" title=\"\"><img decoding=\"async\" loading=\"lazy\" class=\"alignleft size-thumbnail wp-image-4781\" src=\"http:\/\/www.internatura.org\/blog\/wp-content\/uploads\/2015\/11\/Quebranta-a-Inmatu-2-09-201-150x150.gif\" alt=\"Quebranta-a-Inmatu-2-09-201\" width=\"150\" height=\"150\" \/><\/a><\/p>\n<p style=\"text-align: justify;\"><a href=\"http:\/\/www.internatura.org\/blog\/wp-content\/uploads\/2015\/11\/Quebranta-a-jove-3-9-15-IMG.gif\" rel=\"lightbox\" data-rel=\"lightbox-image-4\" data-rl_title=\"\" data-rl_caption=\"\" title=\"\"><img decoding=\"async\" loading=\"lazy\" class=\"size-thumbnail wp-image-4777 alignleft\" src=\"http:\/\/www.internatura.org\/blog\/wp-content\/uploads\/2015\/11\/Quebranta-a-jove-3-9-15-IMG-150x150.gif\" alt=\"Quebranta-a-jove-3-9-15-IMG\" width=\"150\" height=\"150\" \/><\/a><\/p>\n<p style=\"text-align: justify;\">3.- Trencal\u00f2s,\u00a0anomenat <a href=\"http:\/\/www.quebrantahuesos.org\/htm\/es\/elquebrantahuesos\/control?zone=pub&amp;sec=quebra&amp;pag=ver&amp;loc=es&amp;tp=1&amp;est=OK_&amp;id=147\">Maladeta<\/a> presenta les marques alares de color verd en ala dreta i groga en ala esquerra, amb els d\u00edgits <strong>[N1A]<\/strong>. Marcat al maig del 2012 amb menys d&#8217;un any d&#8217;edat, presentant en l&#8217;actualitat <strong>3 anys de vida<\/strong>.<\/p>\n<p style=\"text-align: justify;\"><a href=\"http:\/\/www.internatura.org\/blog\/wp-content\/uploads\/2015\/11\/Quebranta-lo-Inmatu-2-09-20.gif\" rel=\"lightbox\" data-rel=\"lightbox-image-5\" data-rl_title=\"\" data-rl_caption=\"\" title=\"\"><img decoding=\"async\" loading=\"lazy\" class=\"alignleft size-thumbnail wp-image-4772\" src=\"http:\/\/www.internatura.org\/blog\/wp-content\/uploads\/2015\/11\/Quebranta-lo-Inmatu-2-09-20-150x150.gif\" alt=\"Quebranta-lo-Inmatu-2-09-20\" width=\"150\" height=\"150\" \/><\/a><\/p>\n<p>&nbsp;<\/p>\n<p><a href=\"http:\/\/www.internatura.org\/blog\/wp-content\/uploads\/2015\/11\/Quebranta-b-jove-2-9-15-IMG.gif\" rel=\"lightbox\" data-rel=\"lightbox-image-6\" data-rl_title=\"\" data-rl_caption=\"\" title=\"\"><img decoding=\"async\" loading=\"lazy\" class=\"alignleft size-thumbnail wp-image-4783\" src=\"http:\/\/www.internatura.org\/blog\/wp-content\/uploads\/2015\/11\/Quebranta-b-jove-2-9-15-IMG-150x150.gif\" alt=\"Quebranta-b-jove-2-9-15-IMG\" width=\"150\" height=\"150\" \/><\/a><\/p>\n<p>&nbsp;<\/p>\n<p>&nbsp;<\/p>\n<p>&nbsp;<\/p>\n<p>&nbsp;<\/p>\n<p>4.- Trencal\u00f2s,\u00a0amb nom <a href=\"http:\/\/www.quebrantahuesos.org\/htm\/es\/elquebrantahuesos\/control?zone=pub&amp;sec=quebra&amp;pag=ver&amp;loc=es&amp;tp=1&amp;est=OK_&amp;id=113\">A\u00ednsa<\/a> i amb marques verdes clar en ambdues ales. Marcat a l&#8217;octubre 2009, amb menys d&#8217;un any d&#8217;edat. En l&#8217;actualitat t\u00e9 <strong>6 anys de vida<\/strong>. \u00a0<a href=\"http:\/\/www.internatura.org\/blog\/wp-content\/uploads\/2015\/11\/Quebra-aaad-verdes-3-09-15-.gif\" rel=\"lightbox\" data-rel=\"lightbox-image-7\" data-rl_title=\"\" data-rl_caption=\"\" title=\"\"><img decoding=\"async\" loading=\"lazy\" class=\"alignleft size-thumbnail wp-image-4786\" src=\"http:\/\/www.internatura.org\/blog\/wp-content\/uploads\/2015\/11\/Quebra-aaad-verdes-3-09-15--150x150.gif\" alt=\"Quebra-aaad-verdes-3-09-15-\" width=\"150\" height=\"150\" \/><\/a><\/p>\n<p>&nbsp;<\/p>\n<p>&nbsp;<\/p>\n<p>&nbsp;<\/p>\n<p>Per a m\u00e9s informaci\u00f3 de marques alars en trencal\u00f2s es pot consultar en les l\u00e0mines seg\u00fcents: Gobern d&#8217;Arag\u00f3:\u00a0<a href=\"http:\/\/www.quebrantahuesos.org\/media\/uploads\/quebrantas\/pdf\/Quebrantahuesos_vivos.pdf\">Vius<\/a>\u00a0;\u00a0<a href=\"http:\/\/www.quebrantahuesos.org\/media\/uploads\/quebrantas\/pdf\/Quebrantahuesos_muertos.pdf\">Morts<\/a>\u00a0;\u00a0<a href=\"http:\/\/www.quebrantahuesos.org\/media\/uploads\/quebrantas\/pdf\/Quebrantahuesos_desaparecidos.pdf\">Sense informaci\u00f3<\/a>.<\/p>\n<p>Tamb\u00e9 en aquesta zona vam poder veure un voltor amb marca alar <strong>[MX1].<\/strong>\u00a0<a href=\"http:\/\/www.internatura.org\/blog\/wp-content\/uploads\/2015\/11\/Quebra-adul-3-9-2015-IMG_54.gif\" rel=\"lightbox\" data-rel=\"lightbox-image-8\" data-rl_title=\"\" data-rl_caption=\"\" title=\"\"><img decoding=\"async\" loading=\"lazy\" class=\"alignleft size-thumbnail wp-image-4797\" src=\"http:\/\/www.internatura.org\/blog\/wp-content\/uploads\/2015\/11\/Quebra-adul-3-9-2015-IMG_54-150x150.gif\" alt=\"Quebra-adul-3-9-2015-IMG_54\" width=\"150\" height=\"150\" \/><\/a><\/p>\n<p><a href=\"http:\/\/www.internatura.org\/blog\/wp-content\/uploads\/2015\/11\/Buitre-MX1-Pirine-3-09-2015.gif\" rel=\"lightbox\" data-rel=\"lightbox-image-9\" data-rl_title=\"\" data-rl_caption=\"\" title=\"\"><img decoding=\"async\" loading=\"lazy\" class=\"alignleft wp-image-4796 size-thumbnail\" src=\"http:\/\/www.internatura.org\/blog\/wp-content\/uploads\/2015\/11\/Buitre-MX1-Pirine-3-09-2015-150x150.gif\" alt=\"Buitre-MX1-Pirine-3-09-2015\" width=\"150\" height=\"150\" \/><\/a><\/p>\n<p>&nbsp;<\/p>\n<p>&nbsp;<\/p>\n<p>&nbsp;<\/p>\n<p>&nbsp;<\/p>\n<p>&nbsp;<\/p>\n","protected":false},"excerpt":{"rendered":"<p>En el viatge de setembre on observem diferents exemplars de trencal\u00f3s al Pirineu aragones, localitzem diversos aus amb marques alares de diferents colors. Aquests exemplars intentem d&#8217;una banda identificar l&#8217;edat en el camp i en segon lloc veure l&#8217;edat real mitjan\u00e7ant la informaci\u00f3 que ens proporcionaven les marques alares per \u2026 <a class=\"continue-reading-link\" href=\"https:\/\/internatura.org\/blog\/?p=4757\"> Continuar leyendo <span class=\"meta-nav\">&rarr; <\/span><\/a><\/p>\n","protected":false},"author":1,"featured_media":0,"comment_status":"closed","ping_status":"closed","sticky":false,"template":"","format":"standard","meta":[],"categories":[25],"tags":[91,90],"_links":{"self":[{"href":"https:\/\/internatura.org\/blog\/index.php?rest_route=\/wp\/v2\/posts\/4757"}],"collection":[{"href":"https:\/\/internatura.org\/blog\/index.php?rest_route=\/wp\/v2\/posts"}],"about":[{"href":"https:\/\/internatura.org\/blog\/index.php?rest_route=\/wp\/v2\/types\/post"}],"author":[{"embeddable":true,"href":"https:\/\/internatura.org\/blog\/index.php?rest_route=\/wp\/v2\/users\/1"}],"replies":[{"embeddable":true,"href":"https:\/\/internatura.org\/blog\/index.php?rest_route=%2Fwp%2Fv2%2Fcomments&post=4757"}],"version-history":[{"count":29,"href":"https:\/\/internatura.org\/blog\/index.php?rest_route=\/wp\/v2\/posts\/4757\/revisions"}],"predecessor-version":[{"id":4798,"href":"https:\/\/internatura.org\/blog\/index.php?rest_route=\/wp\/v2\/posts\/4757\/revisions\/4798"}],"wp:attachment":[{"href":"https:\/\/internatura.org\/blog\/index.php?rest_route=%2Fwp%2Fv2%2Fmedia&parent=4757"}],"wp:term":[{"taxonomy":"category","embeddable":true,"href":"https:\/\/internatura.org\/blog\/index.php?rest_route=%2Fwp%2Fv2%2Fcategories&post=4757"},{"taxonomy":"post_tag","embeddable":true,"href":"https:\/\/internatura.org\/blog\/index.php?rest_route=%2Fwp%2Fv2%2Ftags&post=4757"}],"curies":[{"name":"wp","href":"https:\/\/api.w.org\/{rel}","templated":true}]}}