{"id":4799,"date":"2015-10-04T18:24:46","date_gmt":"2015-10-04T18:24:46","guid":{"rendered":"http:\/\/www.internatura.org\/blog\/?p=4799"},"modified":"2016-02-07T15:50:52","modified_gmt":"2016-02-07T15:50:52","slug":"dia-mundial-de-les-aus-4-i-5-octubre-2015","status":"publish","type":"post","link":"https:\/\/internatura.org\/blog\/?p=4799","title":{"rendered":"Dia Mundial de les Aus, 3 i 4 octubre 2015"},"content":{"rendered":"<p style=\"text-align: justify;\"><a href=\"http:\/\/www.internatura.org\/blog\/wp-content\/uploads\/2014\/01\/Poster_Dia_de_les_aus2-4.jpg\" rel=\"lightbox\" data-rel=\"lightbox-image-0\" data-rl_title=\"\" data-rl_caption=\"\" title=\"\"><img decoding=\"async\" loading=\"lazy\" class=\"alignleft size-thumbnail wp-image-4427\" src=\"http:\/\/www.internatura.org\/blog\/wp-content\/uploads\/2014\/01\/Poster_Dia_de_les_aus2-4-150x150.jpg\" alt=\"Poster_Dia_de_les_aus2-(4)\" width=\"150\" height=\"150\" \/><\/a><a href=\"http:\/\/www.internatura.org\/blog\/wp-content\/uploads\/2015\/11\/d\u00eda-de-las-aves-definitivo.jpg\" rel=\"lightbox\" data-rel=\"lightbox-image-1\" data-rl_title=\"\" data-rl_caption=\"\" title=\"\"><img decoding=\"async\" loading=\"lazy\" class=\"size-thumbnail wp-image-4810 alignright\" src=\"http:\/\/www.internatura.org\/blog\/wp-content\/uploads\/2015\/11\/d\u00eda-de-las-aves-definitivo-150x150.jpg\" alt=\"d\u00eda-de-las-aves-definitivo\" width=\"150\" height=\"150\" \/><\/a>El GER al costat d&#8217;altres grups mediambientals (APNAL-EA i SEO-castell\u00f3) han organitzat una s\u00e8rie d&#8217;actes per a celebrar el Dia Mundial de les Aus.<br \/>\nEn aquesta ocasi\u00f3 s&#8217;han definits actuacions per al dissabte 3, aprofitant l&#8217;activitat i censos mensuals de la RAM (cens d&#8217;aus i mam\u00edfers marins).<\/p>\n<p style=\"text-align: justify;\">Per al diumenge les activitats han estat en dos grups, a primera hora de la dem\u00e0 identificaci\u00f3 d&#8217;aus urbanes en l&#8217;Etany de Nules, i a mitjan mat\u00ed ens pugem a les muntanyes de la S\u00aa d&#8217;Espad\u00e0 per a censar les aus rapaces migrat\u00f2ries.<\/p>\n<p style=\"text-align: justify;\">Seguidament us passem les observacions realitzades <strong>el dissabte en el cens d&#8217;aus marines<\/strong>:<\/p>\n<p style=\"text-align: justify;\"><a href=\"http:\/\/www.internatura.org\/blog\/wp-content\/uploads\/2015\/11\/Dia-Aus-4-10-15-IMG_6224.jpg\" rel=\"lightbox\" data-rel=\"lightbox-image-2\" data-rl_title=\"\" data-rl_caption=\"\" title=\"\"><img decoding=\"async\" loading=\"lazy\" class=\"aligncenter wp-image-4803 size-medium\" src=\"http:\/\/www.internatura.org\/blog\/wp-content\/uploads\/2015\/11\/Dia-Aus-4-10-15-IMG_6224-300x213.jpg\" alt=\"Dia-Aus-4-10-15-IMG_6224\" width=\"300\" height=\"213\" srcset=\"https:\/\/internatura.org\/blog\/wp-content\/uploads\/2015\/11\/Dia-Aus-4-10-15-IMG_6224-300x213.jpg 300w, https:\/\/internatura.org\/blog\/wp-content\/uploads\/2015\/11\/Dia-Aus-4-10-15-IMG_6224-211x150.jpg 211w, https:\/\/internatura.org\/blog\/wp-content\/uploads\/2015\/11\/Dia-Aus-4-10-15-IMG_6224-150x107.jpg 150w, https:\/\/internatura.org\/blog\/wp-content\/uploads\/2015\/11\/Dia-Aus-4-10-15-IMG_6224.jpg 1000w\" sizes=\"(max-width: 300px) 100vw, 300px\" \/><\/a>Observadors: Juan Luis Bort, Carlos Esquerre, Nicolas Esquerre, Fernando Conde, Franc Carmona, M\u00aa Carmen Rodenas, Marta Iba\u00f1ez, Jose Duren i Josep Bort.<\/p>\n<p style=\"text-align: justify;\">\n<p style=\"text-align: justify;\">Meteor: Nuvol\u00f3s, vent nul, visibilitat bona, boira a l&#8217;horitz\u00f3, mar en calma.<\/p>\n<p style=\"text-align: justify;\"><a href=\"http:\/\/www.internatura.org\/blog\/wp-content\/uploads\/2015\/11\/Charran-pati-27-10-15-DSCN0.jpg\" rel=\"lightbox\" data-rel=\"lightbox-image-3\" data-rl_title=\"\" data-rl_caption=\"\" title=\"\"><img decoding=\"async\" loading=\"lazy\" class=\"size-thumbnail wp-image-4812 alignright\" src=\"http:\/\/www.internatura.org\/blog\/wp-content\/uploads\/2015\/11\/Charran-pati-27-10-15-DSCN0-150x150.jpg\" alt=\"Charran-pati-27-10-15-DSCN0\" width=\"150\" height=\"150\" \/><\/a>Observacions:<\/p>\n<ul>\n<li style=\"text-align: justify;\">Gavina Corsa: 48 ex. anelles [52M], [BB4L],<\/li>\n<li style=\"text-align: justify;\">Gavinot argentat mediterrani: 257 ex.<\/li>\n<li>Gavinot fosc: 7 ex.<\/li>\n<li>Gavina vulgar: 137 ex.<\/li>\n<li>Xatrac bec-llarg: 16 ex.<\/li>\n<li>Corba marina emplomallada: 1 ex.<\/li>\n<li>Corba marina grossa: 95 ex.<\/li>\n<li>Picaport: 92 ex.<\/li>\n<li>Agr\u00f3 blau: 2 ex.<\/li>\n<li>Altres aus:<\/li>\n<li>Arpellot de marjal: 21 ex. (2 mascles)<\/li>\n<li>Arpellot cendr\u00f3s: 1 jove.<\/li>\n<li>Falc\u00f3 pelegr\u00ed: 1 ex.<\/li>\n<li>Muixeta: 2 ex.<\/li>\n<li>Falconet: 5 ex.<\/li>\n<li>Blauet: 1 ex.<\/li>\n<li>Oreneta: 35 ex.<\/li>\n<\/ul>\n<p><strong><a href=\"http:\/\/www.internatura.org\/blog\/wp-content\/uploads\/2015\/11\/Dia-Aus-d-4-10-15-IMG_6266.jpg\" rel=\"lightbox\" data-rel=\"lightbox-image-4\" data-rl_title=\"\" data-rl_caption=\"\" title=\"\"><img decoding=\"async\" loading=\"lazy\" class=\"size-thumbnail wp-image-4808 alignright\" src=\"http:\/\/www.internatura.org\/blog\/wp-content\/uploads\/2015\/11\/Dia-Aus-d-4-10-15-IMG_6266-150x150.jpg\" alt=\"Dia-Aus-d-4-10-15-IMG_6266\" width=\"150\" height=\"150\" \/><\/a><\/strong><strong>El diumenge \u00a04 d&#8217;octubre 2015<\/strong> a les\u00a09:30 anem al Estany de Nules. En aquet lloc es reunixen unes 20 persones per a identificar aus urbanes i realitzar un passeig des de l&#8217;Estany de Nules a Mascarell i tornar, passant per diferents h\u00e0bitats, visitant els b\u00fanquers, almacen de taronges i el poble emmurallat de Mascarell.<\/p>\n<p>Un altre petit grup ens dirigim a la Punta a veure Migraci\u00f3 de rapinyaire des de les 11:00 a les 14:00<\/p>\n<p><a href=\"http:\/\/www.internatura.org\/blog\/wp-content\/uploads\/2015\/11\/Dia-Aus-a-4-10-15-IMG_6266.jpg\" rel=\"lightbox\" data-rel=\"lightbox-image-5\" data-rl_title=\"\" data-rl_caption=\"\" title=\"\"><img decoding=\"async\" loading=\"lazy\" class=\"aligncenter wp-image-4807 size-medium\" src=\"http:\/\/www.internatura.org\/blog\/wp-content\/uploads\/2015\/11\/Dia-Aus-a-4-10-15-IMG_6266-300x165.jpg\" alt=\"Dia-Aus-a-4-10-15-IMG_6266\" width=\"300\" height=\"165\" srcset=\"https:\/\/internatura.org\/blog\/wp-content\/uploads\/2015\/11\/Dia-Aus-a-4-10-15-IMG_6266-300x165.jpg 300w, https:\/\/internatura.org\/blog\/wp-content\/uploads\/2015\/11\/Dia-Aus-a-4-10-15-IMG_6266-1024x562.jpg 1024w, https:\/\/internatura.org\/blog\/wp-content\/uploads\/2015\/11\/Dia-Aus-a-4-10-15-IMG_6266-250x137.jpg 250w, https:\/\/internatura.org\/blog\/wp-content\/uploads\/2015\/11\/Dia-Aus-a-4-10-15-IMG_6266-150x82.jpg 150w, https:\/\/internatura.org\/blog\/wp-content\/uploads\/2015\/11\/Dia-Aus-a-4-10-15-IMG_6266.jpg 1500w\" sizes=\"(max-width: 300px) 100vw, 300px\" \/><\/a>En aquest punt arribem: Juan Luis Bort, Carlos Izquierdo, Nicolas Izquierdo, Nuria Izquierdo, Marta Iba\u00f1ez, Jose Duran, Lid\u00f3n Badenes, Serg\u00ed Marza, Didac Marza i Josep Bort.<\/p>\n<p><a href=\"http:\/\/www.internatura.org\/blog\/wp-content\/uploads\/2015\/11\/Dia-Aus-hhh-4-10-15-IMG_6266.jpg\" rel=\"lightbox\" data-rel=\"lightbox-image-6\" data-rl_title=\"\" data-rl_caption=\"\" title=\"\"><img decoding=\"async\" loading=\"lazy\" class=\"size-thumbnail wp-image-4814 alignright\" src=\"http:\/\/www.internatura.org\/blog\/wp-content\/uploads\/2015\/11\/Dia-Aus-hhh-4-10-15-IMG_6266-150x150.jpg\" alt=\"Dia-Aus-hhh-4-10-15-IMG_6266\" width=\"150\" height=\"150\" \/><\/a><a href=\"http:\/\/www.internatura.org\/blog\/wp-content\/uploads\/2015\/11\/Dia-Aus-hh-4-10-15-IMG_6266.jpg\" rel=\"lightbox\" data-rel=\"lightbox-image-7\" data-rl_title=\"\" data-rl_caption=\"\" title=\"\"><img decoding=\"async\" loading=\"lazy\" class=\"size-thumbnail wp-image-4806 alignright\" src=\"http:\/\/www.internatura.org\/blog\/wp-content\/uploads\/2015\/11\/Dia-Aus-hh-4-10-15-IMG_6266-150x150.jpg\" alt=\"Dia-Aus-hh-4-10-15-IMG_6266\" width=\"150\" height=\"150\" \/><\/a>El dia ennuvolat amb vent nul i visibilitat bona.<\/p>\n<p>Observacions:<\/p>\n<ul>\n<li>Esparver: 14 ex.<\/li>\n<li>Muixeta: 12 ex.<\/li>\n<li>Falconet: 1 ex.<\/li>\n<li>Pilot: 14 ex.<\/li>\n<li>Aligot com\u00fa: 3 ex.<\/li>\n<li>Arpellot de marjal: 6 ex.<\/li>\n<li>Aguila cal\u00e7ada: 1 de morf clar.<\/li>\n<li>Altres aus:<\/li>\n<li>Falcia de panxa blanca: 35 ex.<\/li>\n<li>Oreneta: 142 ex.<\/li>\n<li>Oroneta cua-rogenca: 2 ex.<\/li>\n<li>Oroneta cua-blanca: 142 ex.<\/li>\n<li>Estornell negre: 15 ex.<\/li>\n<li>Agr\u00f3 blau: 4 ex.<\/li>\n<\/ul>\n<p><a href=\"http:\/\/www.internatura.org\/blog\/wp-content\/uploads\/2015\/11\/Dia-Falcia-real-4-10-15-IMG.jpg\" rel=\"lightbox\" data-rel=\"lightbox-image-8\" data-rl_title=\"\" data-rl_caption=\"\" title=\"\"><img decoding=\"async\" loading=\"lazy\" class=\"size-thumbnail wp-image-4816 alignright\" src=\"http:\/\/www.internatura.org\/blog\/wp-content\/uploads\/2015\/11\/Dia-Falcia-real-4-10-15-IMG-150x150.jpg\" alt=\"Dia-Falcia-real-4-10-15-IMG\" width=\"150\" height=\"150\" \/><\/a><a href=\"http:\/\/www.internatura.org\/blog\/wp-content\/uploads\/2015\/11\/Ratonero-a-05-10-2014-IMG_6.jpg\" rel=\"lightbox\" data-rel=\"lightbox-image-9\" data-rl_title=\"\" data-rl_caption=\"\" title=\"\"><img decoding=\"async\" loading=\"lazy\" class=\"size-thumbnail wp-image-4817 alignright\" src=\"http:\/\/www.internatura.org\/blog\/wp-content\/uploads\/2015\/11\/Ratonero-a-05-10-2014-IMG_6-150x150.jpg\" alt=\"Ratonero-a-05-10-2014-IMG_6\" width=\"150\" height=\"150\" \/><\/a>Per a portar el diumenge amb menys carrega els nostres companys van preparar un esmorzar a for\u00e7a de truita de cre\u00eflla, pa amb tom\u00e0quet, coca de verdura, etc..<\/p>\n<p><a href=\"https:\/\/goo.gl\/photos\/iMHVhGBLrsRDxhN79\">Algunes fotos m\u00e9s.<\/a><\/p>\n<p>Gr\u00e0cies a a\u00e7\u00f2 tots els assistents entre el telescopi i prism\u00e0tic van poder gaudir d&#8217;una bona jornada de migraci\u00f3 d&#8217;aus.<\/p>\n","protected":false},"excerpt":{"rendered":"<p>El GER al costat d&#8217;altres grups mediambientals (APNAL-EA i SEO-castell\u00f3) han organitzat una s\u00e8rie d&#8217;actes per a celebrar el Dia Mundial de les Aus. En aquesta ocasi\u00f3 s&#8217;han definits actuacions per al dissabte 3, aprofitant l&#8217;activitat i censos mensuals de la RAM (cens d&#8217;aus i mam\u00edfers marins). Per al diumenge \u2026 <a class=\"continue-reading-link\" href=\"https:\/\/internatura.org\/blog\/?p=4799\"> Continuar leyendo <span class=\"meta-nav\">&rarr; <\/span><\/a><\/p>\n","protected":false},"author":1,"featured_media":0,"comment_status":"closed","ping_status":"closed","sticky":false,"template":"","format":"standard","meta":[],"categories":[69,5],"tags":[],"_links":{"self":[{"href":"https:\/\/internatura.org\/blog\/index.php?rest_route=\/wp\/v2\/posts\/4799"}],"collection":[{"href":"https:\/\/internatura.org\/blog\/index.php?rest_route=\/wp\/v2\/posts"}],"about":[{"href":"https:\/\/internatura.org\/blog\/index.php?rest_route=\/wp\/v2\/types\/post"}],"author":[{"embeddable":true,"href":"https:\/\/internatura.org\/blog\/index.php?rest_route=\/wp\/v2\/users\/1"}],"replies":[{"embeddable":true,"href":"https:\/\/internatura.org\/blog\/index.php?rest_route=%2Fwp%2Fv2%2Fcomments&post=4799"}],"version-history":[{"count":12,"href":"https:\/\/internatura.org\/blog\/index.php?rest_route=\/wp\/v2\/posts\/4799\/revisions"}],"predecessor-version":[{"id":5081,"href":"https:\/\/internatura.org\/blog\/index.php?rest_route=\/wp\/v2\/posts\/4799\/revisions\/5081"}],"wp:attachment":[{"href":"https:\/\/internatura.org\/blog\/index.php?rest_route=%2Fwp%2Fv2%2Fmedia&parent=4799"}],"wp:term":[{"taxonomy":"category","embeddable":true,"href":"https:\/\/internatura.org\/blog\/index.php?rest_route=%2Fwp%2Fv2%2Fcategories&post=4799"},{"taxonomy":"post_tag","embeddable":true,"href":"https:\/\/internatura.org\/blog\/index.php?rest_route=%2Fwp%2Fv2%2Ftags&post=4799"}],"curies":[{"name":"wp","href":"https:\/\/api.w.org\/{rel}","templated":true}]}}