{"id":4846,"date":"2015-11-05T12:50:56","date_gmt":"2015-11-05T12:50:56","guid":{"rendered":"http:\/\/www.internatura.org\/blog\/?p=4846"},"modified":"2016-01-12T17:45:45","modified_gmt":"2016-01-12T17:45:45","slug":"anuari-ornitologic-comunitat-valenciana-aocv","status":"publish","type":"post","link":"https:\/\/internatura.org\/blog\/?p=4846","title":{"rendered":"Anuari ornitol\u00f2gic Comunitat Valenciana (AOCV)."},"content":{"rendered":"<p>Els diferents grups naturalistes (Ecologistes en Acci\u00f3, APNAL, SVO, SEO BirdLife, GER, Grup Au) i persones individuals de la Comunitat Valenciana han editat el volum n\u00fam XIV referent a l&#8217;any 2011.<\/p>\n<p><a href=\"http:\/\/www.internatura.org\/aocv\/anuario_2011_CV.pdf\"><img decoding=\"async\" class=\"alignleft\" src=\"http:\/\/www.internatura.org\/aocv\/images\/anuario2011.jpg\" alt=\"Anuario_CV_2011\" \/><\/a>\u00a0<a href=\"http:\/\/www.internatura.org\/aocv\/anuario_2011_CV.pdf\">Anuari ornitol\u00f2gic CV 2011<\/a><br \/>\nAl mateix temps us animem a col\u00b7laborar amb l&#8217;edici\u00f3 d&#8217;un volum doble que fa a les cites dels anys 2012 i 2013, podent col\u00b7locar les cites fins a final de gener.<\/p>\n<p><a href=\"http:\/\/www.internatura.org\/aocv\/\">\u00a0http:\/\/www.internatura.org\/aocv\/<\/a><\/p>\n<p><a href=\"http:\/\/www.internatura.org\/blog\/wp-content\/uploads\/2015\/12\/RAM-a-12-12-2015-IMG_7788.jpg\" rel=\"lightbox\" data-rel=\"lightbox-image-0\" data-rl_title=\"\" data-rl_caption=\"\" title=\"\"><img decoding=\"async\" loading=\"lazy\" class=\"size-thumbnail wp-image-4851 alignright\" src=\"http:\/\/www.internatura.org\/blog\/wp-content\/uploads\/2015\/12\/RAM-a-12-12-2015-IMG_7788-150x150.jpg\" alt=\"RAM-a-12-12-2015-IMG_7788\" width=\"150\" height=\"150\" \/><\/a>Esperem que us sigui d&#8217;inter\u00e8s i podeu observar com es distribueixen les diferents esp\u00e8cies d&#8217;aus per tota la Comunitat Valenciana.<\/p>\n","protected":false},"excerpt":{"rendered":"<p>Els diferents grups naturalistes (Ecologistes en Acci\u00f3, APNAL, SVO, SEO BirdLife, GER, Grup Au) i persones individuals de la Comunitat Valenciana han editat el volum n\u00fam XIV referent a l&#8217;any 2011. \u00a0Anuari ornitol\u00f2gic CV 2011 Al mateix temps us animem a col\u00b7laborar amb l&#8217;edici\u00f3 d&#8217;un volum doble que fa a \u2026 <a class=\"continue-reading-link\" href=\"https:\/\/internatura.org\/blog\/?p=4846\"> Continuar leyendo <span class=\"meta-nav\">&rarr; <\/span><\/a><\/p>\n","protected":false},"author":1,"featured_media":0,"comment_status":"closed","ping_status":"closed","sticky":false,"template":"","format":"standard","meta":[],"categories":[7,25],"tags":[93,92],"_links":{"self":[{"href":"https:\/\/internatura.org\/blog\/index.php?rest_route=\/wp\/v2\/posts\/4846"}],"collection":[{"href":"https:\/\/internatura.org\/blog\/index.php?rest_route=\/wp\/v2\/posts"}],"about":[{"href":"https:\/\/internatura.org\/blog\/index.php?rest_route=\/wp\/v2\/types\/post"}],"author":[{"embeddable":true,"href":"https:\/\/internatura.org\/blog\/index.php?rest_route=\/wp\/v2\/users\/1"}],"replies":[{"embeddable":true,"href":"https:\/\/internatura.org\/blog\/index.php?rest_route=%2Fwp%2Fv2%2Fcomments&post=4846"}],"version-history":[{"count":6,"href":"https:\/\/internatura.org\/blog\/index.php?rest_route=\/wp\/v2\/posts\/4846\/revisions"}],"predecessor-version":[{"id":4912,"href":"https:\/\/internatura.org\/blog\/index.php?rest_route=\/wp\/v2\/posts\/4846\/revisions\/4912"}],"wp:attachment":[{"href":"https:\/\/internatura.org\/blog\/index.php?rest_route=%2Fwp%2Fv2%2Fmedia&parent=4846"}],"wp:term":[{"taxonomy":"category","embeddable":true,"href":"https:\/\/internatura.org\/blog\/index.php?rest_route=%2Fwp%2Fv2%2Fcategories&post=4846"},{"taxonomy":"post_tag","embeddable":true,"href":"https:\/\/internatura.org\/blog\/index.php?rest_route=%2Fwp%2Fv2%2Ftags&post=4846"}],"curies":[{"name":"wp","href":"https:\/\/api.w.org\/{rel}","templated":true}]}}