{"id":4855,"date":"2015-12-12T18:12:25","date_gmt":"2015-12-12T18:12:25","guid":{"rendered":"http:\/\/www.internatura.org\/blog\/?p=4855"},"modified":"2016-01-12T18:05:53","modified_gmt":"2016-01-12T18:05:53","slug":"cens-docells-marins-i-mamifers-marins-al-far-de-borriana-desembre-2015","status":"publish","type":"post","link":"https:\/\/internatura.org\/blog\/?p=4855","title":{"rendered":"Cens d&#8217;ocells marins i mam\u00edfers marins al far de Borriana. Desembre-2015"},"content":{"rendered":"<div id=\"attachment_4865\" style=\"width: 160px\" class=\"wp-caption alignleft\"><a href=\"http:\/\/www.internatura.org\/blog\/wp-content\/uploads\/2016\/01\/RAM-12-12-2015-IMG_7788.jpg\" rel=\"lightbox\" data-rel=\"lightbox-image-0\" data-rl_title=\"\" data-rl_caption=\"\" title=\"\"><img aria-describedby=\"caption-attachment-4865\" decoding=\"async\" loading=\"lazy\" class=\"wp-image-4865 size-thumbnail\" src=\"http:\/\/www.internatura.org\/blog\/wp-content\/uploads\/2016\/01\/RAM-12-12-2015-IMG_7788-150x150.jpg\" alt=\"RAM-12-12-2015-IMG_7788\" width=\"150\" height=\"150\" \/><\/a><p id=\"caption-attachment-4865\" class=\"wp-caption-text\">Marta Iba\u00f1ez i Jordi Miralles<\/p><\/div>\n<p style=\"text-align: justify;\"><a href=\"http:\/\/www.internatura.org\/blog\/wp-content\/uploads\/2016\/01\/Pardelas-12-12-2015-IMG_239.jpg\" rel=\"lightbox\" data-rel=\"lightbox-image-1\" data-rl_title=\"\" data-rl_caption=\"\" title=\"\"><img decoding=\"async\" loading=\"lazy\" class=\"alignright wp-image-4867 size-thumbnail\" src=\"http:\/\/www.internatura.org\/blog\/wp-content\/uploads\/2016\/01\/Pardelas-12-12-2015-IMG_239-150x150.jpg\" alt=\"Pardelas-12-12-2015-IMG_239\" width=\"150\" height=\"150\" \/><\/a>Un mes m\u00e9s situats a punt de tocar l&#8217;aigua en el far de Borriana preparats amb els telescopis i prism\u00e0tics per observar al m\u00e0xim nombre d&#8217;aus i mam\u00edfers marins en els seus despla\u00e7aments per la Mediterr\u00e0nia.<\/p>\n<p style=\"text-align: justify;\">Aquesta sessi\u00f3 sota un grup de n\u00favols que no deixaven veure el sol, ens dispos\u00e0vem a passar un mat\u00ed molt interessant tot i que semblava esgotadora.<\/p>\n<p style=\"text-align: justify;\">Us passem les dades de les observacions realitzades.<\/p>\n<p style=\"text-align: justify;\">Data: 2015.12.12 de 8:30 a 11:30 h.<\/p>\n<p style=\"text-align: justify;\">Observadors: Marta Iba\u00f1ez, Jordi Miralles i Josep Bort.<\/p>\n<p style=\"text-align: justify;\">Meteor: Nuvol\u00f3s amb vent nul o lleugera brisa del N, visibilitat molt bona.<\/p>\n<p style=\"text-align: justify;\"><strong>Observacions:<\/strong><\/p>\n<p><a href=\"http:\/\/www.internatura.org\/blog\/wp-content\/uploads\/2016\/01\/Pardelas-a-12-12-2015-IMG_2.jpg\" rel=\"lightbox\" data-rel=\"lightbox-image-2\" data-rl_title=\"\" data-rl_caption=\"\" title=\"\"><img decoding=\"async\" loading=\"lazy\" class=\"alignleft wp-image-4868 size-thumbnail\" src=\"http:\/\/www.internatura.org\/blog\/wp-content\/uploads\/2016\/01\/Pardelas-a-12-12-2015-IMG_2-150x150.jpg\" alt=\"Pardelas-a-12-12-2015-IMG_2\" width=\"150\" height=\"150\" \/><\/a><\/p>\n<p><a href=\"http:\/\/www.internatura.org\/blog\/wp-content\/uploads\/2016\/01\/Pardelas-b-12-12-2015-IMG_2.jpg\" rel=\"lightbox\" data-rel=\"lightbox-image-3\" data-rl_title=\"\" data-rl_caption=\"\" title=\"\"><img decoding=\"async\" loading=\"lazy\" class=\"alignnone wp-image-4869 size-thumbnail\" src=\"http:\/\/www.internatura.org\/blog\/wp-content\/uploads\/2016\/01\/Pardelas-b-12-12-2015-IMG_2-150x150.jpg\" alt=\"Pardelas-b-12-12-2015-IMG_2\" width=\"150\" height=\"150\" \/><\/a><a href=\"http:\/\/www.internatura.org\/blog\/wp-content\/uploads\/2016\/01\/Pardelas-c-12-12-2015-IMG_2.jpg\" rel=\"lightbox\" data-rel=\"lightbox-image-4\" data-rl_title=\"\" data-rl_caption=\"\" title=\"\"><img decoding=\"async\" loading=\"lazy\" class=\"alignleft wp-image-4870 size-thumbnail\" src=\"http:\/\/www.internatura.org\/blog\/wp-content\/uploads\/2016\/01\/Pardelas-c-12-12-2015-IMG_2-150x150.jpg\" alt=\"Pardelas-c-12-12-2015-IMG_2\" width=\"150\" height=\"150\" \/><\/a><\/p>\n<ul>\n<li style=\"text-align: justify;\">Baldriga balear (<a href=\"http:\/\/www.internatura.org\/aocv\/ficha.php?idesp=8\">Puffinus mauretanicus<\/a>): 5322 ex. totes la s.<\/li>\n<li style=\"text-align: justify;\">Baldriga mediterr\u00e0nia (<a href=\"http:\/\/www.internatura.org\/aocv\/ficha.php?idesp=380\">Puffinus yelkouan<\/a>): 1 possible indv. anava en solitari i despr\u00e9s es va unir a b\u00e0ndol de baldriga balear.<\/li>\n<li style=\"text-align: justify;\">Corba marina grossa (<a href=\"http:\/\/www.internatura.org\/aocv\/ficha.php?idesp=13\">Phalacrocorax carbo<\/a>): 168 a s.<\/li>\n<li style=\"text-align: justify;\">G. capnegra (<a href=\"http:\/\/Larus melanocephalus\">Larus melanocephalus<\/a>): 34 ex. al n.<\/li>\n<li style=\"text-align: justify;\">G. vulgar (<a href=\"http:\/\/Chroicocephalus ridibundus\">Chroicocephalus ridibundus<\/a>): 91 ex.<\/li>\n<li style=\"text-align: justify;\">G. corsa (<a href=\"http:\/\/Larus audouinii\">Larus audouinii<\/a>): 8 al n.<\/li>\n<li style=\"text-align: justify;\">Gavinot argentat mediterrani (<a href=\"http:\/\/Larus michahellis\">Larus michahellis<\/a>): 188 ex. (platja i ort)<\/li>\n<li style=\"text-align: justify;\">Gavinot fosc (<a href=\"http:\/\/Larus fuscus\">Larus fuscus<\/a>): 27 ex.<\/li>\n<li style=\"text-align: justify;\">Remena-rocs (<a href=\"http:\/\/www.internatura.org\/aocv\/ficha.php?idesp=125\">Arenaria interpres<\/a>): 4 ex. al s.<\/li>\n<li>Territ fosc (<a href=\"http:\/\/www.internatura.org\/aocv\/ficha.php?idesp=140\">Calidris maritima<\/a>): 1 ex. en espig\u00f3.<\/li>\n<li style=\"text-align: justify;\">Blauet (<a href=\"http:\/\/Alcedo atthis\">Alcedo atthis<\/a>): 1 ex. en espig\u00f3.<\/li>\n<li style=\"text-align: justify;\">Cua-roja fumada (<a href=\"http:\/\/Phoenicurus ochruros\">Phoenicurus ochruros<\/a>): 2 ex.<\/li>\n<li style=\"text-align: justify;\">Cadernera (<a href=\"http:\/\/Carduelis carduelis\">Carduelis carduelis<\/a>): 4 ex.<\/li>\n<li style=\"text-align: justify;\">Titeta (<a href=\"http:\/\/Anthus pratensis\">Anthus pratensis<\/a>): 8 a platja.<\/li>\n<li style=\"text-align: justify;\">Verderol (<a href=\"http:\/\/Chloris chloris\">Chloris chloris<\/a>): 6 ex. a platja.<\/li>\n<li style=\"text-align: justify;\">Per si \u00e9s d&#8217;inter\u00e8s. En el mateix lloc el 2015.12.11 a la tarda:<\/li>\n<li style=\"text-align: justify;\">Gavina de tres dits (<a href=\"http:\/\/www.internatura.org\/aocv\/ficha.php?idesp=155\">Rissa tridactyla<\/a>): 1 ex. jove<\/li>\n<li style=\"text-align: justify;\">Mascarell (<a href=\"http:\/\/www.internatura.org\/aocv\/ficha.php?idesp=12\">Morus bassanus<\/a>): 3 ad.<\/li>\n<\/ul>\n<div id=\"attachment_4863\" style=\"width: 160px\" class=\"wp-caption alignleft\"><a href=\"http:\/\/www.internatura.org\/blog\/wp-content\/uploads\/2016\/01\/Correlimos-oscu-b-13-12-201.jpg\" rel=\"lightbox\" data-rel=\"lightbox-image-5\" data-rl_title=\"\" data-rl_caption=\"\" title=\"\"><img aria-describedby=\"caption-attachment-4863\" decoding=\"async\" loading=\"lazy\" class=\"wp-image-4863 size-thumbnail\" src=\"http:\/\/www.internatura.org\/blog\/wp-content\/uploads\/2016\/01\/Correlimos-oscu-b-13-12-201-150x150.jpg\" alt=\"Correlimos-oscu-b-13-12-201\" width=\"150\" height=\"150\" \/><\/a><p id=\"caption-attachment-4863\" class=\"wp-caption-text\">Territ fosc<\/p><\/div>\n<div id=\"attachment_4864\" style=\"width: 160px\" class=\"wp-caption alignright\"><a href=\"http:\/\/www.internatura.org\/blog\/wp-content\/uploads\/2016\/01\/Alcatraz-11-12-2015-IMG_222.jpg\" rel=\"lightbox\" data-rel=\"lightbox-image-6\" data-rl_title=\"\" data-rl_caption=\"\" title=\"\"><img aria-describedby=\"caption-attachment-4864\" decoding=\"async\" loading=\"lazy\" class=\"wp-image-4864 size-thumbnail\" src=\"http:\/\/www.internatura.org\/blog\/wp-content\/uploads\/2016\/01\/Alcatraz-11-12-2015-IMG_222-150x150.jpg\" alt=\"Alcatraz-11-12-2015-IMG_222\" width=\"150\" height=\"150\" \/><\/a><p id=\"caption-attachment-4864\" class=\"wp-caption-text\">Mascarel<\/p><\/div>\n<p style=\"text-align: justify;\"><a href=\"http:\/\/www.internatura.org\/blog\/wp-content\/uploads\/2016\/01\/Correlimos-oscu-a-13-12-201.jpg\" rel=\"lightbox\" data-rel=\"lightbox-image-7\" data-rl_title=\"\" data-rl_caption=\"\" title=\"\"><img decoding=\"async\" loading=\"lazy\" class=\"alignleft wp-image-4862 size-thumbnail\" src=\"http:\/\/www.internatura.org\/blog\/wp-content\/uploads\/2016\/01\/Correlimos-oscu-a-13-12-201-150x150.jpg\" alt=\"Correlimos-oscu-a-13-12-201\" width=\"150\" height=\"150\" \/><\/a>Acabat l&#8217;horari de la RAM, ens vam anar sense mirar enrere, ja que les baldrigues balears seguien passant, de manera que altres centenars hagu\u00e9ssim comptats si ens vam quedar una estona m\u00e9s.<\/p>\n<p style=\"text-align: justify;\">Un dia interessant.<\/p>\n<p>&nbsp;<\/p>\n<p style=\"text-align: justify;\">Per a m\u00e9s informaci\u00f3 d&#8217;aquest tipus de cens, es pot consultar a:<\/p>\n<ul>\n<li><span style=\"color: #2672ec; font-size: medium;\"><span style=\"font-family: arial, sans-serif;\">RAM\u00a0blog:\u00a0<a href=\"http:\/\/redavesmarinas.blogspot.com.es\/\" target=\"_blank\">http:\/\/<wbr \/>redavesmarinas.blogspot.com.<wbr \/>es\/<\/a><\/span><\/span><\/li>\n<li><span style=\"color: #2672ec; font-size: medium;\"><span style=\"font-family: arial, sans-serif;\">RAM-Trektellen:\u00a0<\/span><a href=\"http:\/\/www.trektellen.nl\/default.asp?taal=5&amp;land=6\" target=\"_blank\" rel=\"nofollow\">http:\/\/www.<wbr \/>trektellen.nl\/default.asp?<wbr \/>taal=5&amp;land=6<\/a><\/span><\/li>\n<li><span style=\"font-family: arial, sans-serif;\">Ficha de recogida de datos en:\u00a0<\/span><span style=\"font-family: arial, sans-serif;\"><u><a href=\"http:\/\/redavesmarinas.blogspot.com.es\/p\/blog-page_9719.html\" target=\"_blank\">http:\/\/redavesmarinas.<wbr \/>blogspot.com.es\/p\/blog-page_<wbr \/>9719.html<\/a><\/u><\/span><\/li>\n<\/ul>\n","protected":false},"excerpt":{"rendered":"<p>Un mes m\u00e9s situats a punt de tocar l&#8217;aigua en el far de Borriana preparats amb els telescopis i prism\u00e0tics per observar al m\u00e0xim nombre d&#8217;aus i mam\u00edfers marins en els seus despla\u00e7aments per la Mediterr\u00e0nia. Aquesta sessi\u00f3 sota un grup de n\u00favols que no deixaven veure el sol, ens \u2026 <a class=\"continue-reading-link\" href=\"https:\/\/internatura.org\/blog\/?p=4855\"> Continuar leyendo <span class=\"meta-nav\">&rarr; <\/span><\/a><\/p>\n","protected":false},"author":1,"featured_media":0,"comment_status":"closed","ping_status":"closed","sticky":false,"template":"","format":"standard","meta":[],"categories":[7],"tags":[87],"_links":{"self":[{"href":"https:\/\/internatura.org\/blog\/index.php?rest_route=\/wp\/v2\/posts\/4855"}],"collection":[{"href":"https:\/\/internatura.org\/blog\/index.php?rest_route=\/wp\/v2\/posts"}],"about":[{"href":"https:\/\/internatura.org\/blog\/index.php?rest_route=\/wp\/v2\/types\/post"}],"author":[{"embeddable":true,"href":"https:\/\/internatura.org\/blog\/index.php?rest_route=\/wp\/v2\/users\/1"}],"replies":[{"embeddable":true,"href":"https:\/\/internatura.org\/blog\/index.php?rest_route=%2Fwp%2Fv2%2Fcomments&post=4855"}],"version-history":[{"count":19,"href":"https:\/\/internatura.org\/blog\/index.php?rest_route=\/wp\/v2\/posts\/4855\/revisions"}],"predecessor-version":[{"id":4918,"href":"https:\/\/internatura.org\/blog\/index.php?rest_route=\/wp\/v2\/posts\/4855\/revisions\/4918"}],"wp:attachment":[{"href":"https:\/\/internatura.org\/blog\/index.php?rest_route=%2Fwp%2Fv2%2Fmedia&parent=4855"}],"wp:term":[{"taxonomy":"category","embeddable":true,"href":"https:\/\/internatura.org\/blog\/index.php?rest_route=%2Fwp%2Fv2%2Fcategories&post=4855"},{"taxonomy":"post_tag","embeddable":true,"href":"https:\/\/internatura.org\/blog\/index.php?rest_route=%2Fwp%2Fv2%2Ftags&post=4855"}],"curies":[{"name":"wp","href":"https:\/\/api.w.org\/{rel}","templated":true}]}}